{"id":3139,"date":"2010-08-26T10:59:50","date_gmt":"2010-08-26T09:59:50","guid":{"rendered":"http:\/\/lyonelkaufmann.ch\/histoire\/2010\/08\/26\/en-ludovia-pascal-et-virginie-portrait-minute\/"},"modified":"2010-08-26T10:59:50","modified_gmt":"2010-08-26T09:59:50","slug":"en-ludovia-pascal-et-virginie-portrait-minute","status":"publish","type":"post","link":"https:\/\/lyonelkaufmann.ch\/Blog\/2010\/08\/26\/en-ludovia-pascal-et-virginie-portrait-minute\/","title":{"rendered":"En Ludovia : Pascal et Virginie (portrait minute)"},"content":{"rendered":"<p><b>Ludovia est aussi le lieu des rencontres et \u00e9changes informels et l&rsquo;occasion pour moi de r\u00e9aliser un portrait minute de Pascal et Virginie.<\/b><\/p>\n<p>Pascal et Virginie sont des formateurs tice. Ils interviennent \u00e0 l&rsquo;\u00e9cole primaire dans le cadre du projet num\u00e9rique destin\u00e9 aux \u00e9coles rurales. Ils y accompagnent les enseignants dans leur choix et l&rsquo;int\u00e9gration de diff\u00e9rents outils pr\u00f4n\u00e9s par l&rsquo;institution. Ainsi en a-t-il \u00e9t\u00e9 pour les classes mobiles et le TBI (tableau blanc interactif).<br \/>\nLeur action se caract\u00e9rise par un fort pragmatisme non d\u00e9nu\u00e9 d&rsquo;ambition p\u00e9dagogique. Ils sont centr\u00e9s sur les acteurs afin que ceux-ci utilisent ensuite les outils introduits en classe.<br \/>\nDans le cadre des outils du web 2.0, ils ont ainsi pass\u00e9 un premier temps \u00e0 tester et \u00e0 observer plusieurs solutions avant d&rsquo;en proposer un nombre limit\u00e9 aux enseignant-e-s. Leurs crit\u00e8res de choix principaux vont dans le sens de la facilit\u00e9 d&rsquo;appropriation de l&rsquo;outil et dans sa p\u00e9rennit\u00e9 (durabilit\u00e9). En effet, il ne sert \u00e0 rien de proposer un service qui aura disparu six mois ou une ann\u00e9e apr\u00e8s.<br \/>\nActuellement ils ont retenus trois services web 2.0 qu&rsquo;ils proposent aux enseignant-e-s:<br \/>\n&#8211; Netvibes<br \/>\n&#8211; Diigo<br \/>\n&#8211; Tumblr.<\/p>\n<p>Mon heureuse surprise est constitu\u00e9e par tumblr. que j&rsquo;appr\u00e9cie particuli\u00e8rement et qui propose une plate-forme de blogs tr\u00e8s simple \u00e0 mettre en oeuvre. Certainement que son adaptation \u00e0 d&rsquo;autres langues que l&rsquo;anglais, dont le fran\u00e7ais, a jou\u00e9 son r\u00f4le dans ce choix.<\/p>\n","protected":false},"excerpt":{"rendered":"<p>Ludovia est aussi le lieu des rencontres et \u00e9changes informels et l&rsquo;occasion pour moi de r\u00e9aliser un portrait minute de Pascal et Virginie. Pascal et Virginie sont des formateurs tice. Ils interviennent \u00e0 l&rsquo;\u00e9cole primaire dans le cadre du projet num\u00e9rique destin\u00e9 aux \u00e9coles rurales. Ils y accompagnent les enseignants dans leur choix et l&rsquo;int\u00e9gration [&hellip;]<\/p>\n","protected":false},"author":1,"featured_media":14680,"comment_status":"open","ping_status":"open","sticky":false,"template":"","format":"standard","meta":{"_import_markdown_pro_load_document_selector":0,"_import_markdown_pro_submit_text_textarea":"","_genesis_hide_title":false,"_genesis_hide_breadcrumbs":false,"_genesis_hide_singular_image":false,"_genesis_hide_footer_widgets":false,"_genesis_custom_body_class":"","_genesis_custom_post_class":"","_genesis_layout":"","jetpack_post_was_ever_published":false,"_jetpack_newsletter_access":"","_jetpack_dont_email_post_to_subs":false,"_jetpack_newsletter_tier_id":0,"_jetpack_memberships_contains_paywalled_content":false,"_jetpack_memberships_contains_paid_content":false,"activitypub_content_warning":"","activitypub_content_visibility":"","activitypub_max_image_attachments":3,"activitypub_interaction_policy_quote":"anyone","activitypub_status":"","footnotes":"","jetpack_publicize_message":"","jetpack_publicize_feature_enabled":true,"jetpack_social_post_already_shared":true,"jetpack_social_options":{"image_generator_settings":{"template":"fullscreen","default_image_id":0,"font":"","enabled":false},"version":2}},"categories":[2],"tags":[],"class_list":{"0":"post-3139","1":"post","2":"type-post","3":"status-publish","4":"format-standard","5":"has-post-thumbnail","7":"category-histoire-2","8":"entry"},"jetpack_publicize_connections":[],"featured_image_src":"https:\/\/i0.wp.com\/lyonelkaufmann.ch\/Blog\/wp-content\/uploads\/2015\/03\/blogcafe1.jpg?resize=600%2C400&ssl=1","featured_image_src_square":"https:\/\/i0.wp.com\/lyonelkaufmann.ch\/Blog\/wp-content\/uploads\/2015\/03\/blogcafe1.jpg?resize=600%2C600&ssl=1","author_info":{"display_name":"Lyonel Kaufmann","author_link":"https:\/\/lyonelkaufmann.ch\/Blog\/author\/lyonelk\/"},"jetpack_featured_media_url":"https:\/\/i0.wp.com\/lyonelkaufmann.ch\/Blog\/wp-content\/uploads\/2015\/03\/blogcafe1.jpg?fit=1024%2C683&ssl=1","jetpack_sharing_enabled":true,"jetpack_shortlink":"https:\/\/wp.me\/p1qtF4-OD","jetpack-related-posts":[{"id":7409,"url":"https:\/\/lyonelkaufmann.ch\/Blog\/2013\/08\/28\/ludovia2013-ma-journee-du-mardi-27-aout-2013\/","url_meta":{"origin":3139,"position":0},"title":"#Ludovia2013 : ma journ\u00e9e du mardi 27 ao\u00fbt 2013","author":"Lyonel Kaufmann","date":"28 ao\u00fbt 2013","format":false,"excerpt":"Le rythme soutenu de Ludovia me laisse peu de temps pour un article de fond. Je vous propose donc en attendant le compte-rendu en photos de ma journ\u00e9e. Au lever de ce mardi, le temps est plut\u00f4t maussade, mais la bonne humeur r\u00e8gne au petit d\u00e9jeuner. Vue depuis la chambre\u2026","rel":"","context":"Dans &quot;histoire&quot;","block_context":{"text":"histoire","link":"https:\/\/lyonelkaufmann.ch\/Blog\/category\/histoire-2\/"},"img":{"alt_text":"","src":"https:\/\/i0.wp.com\/lyonelkaufmann.ch\/Blog\/wp-content\/uploads\/2015\/03\/20130828-141647.jpg?fit=800%2C600&ssl=1&resize=350%2C200","width":350,"height":200,"srcset":"https:\/\/i0.wp.com\/lyonelkaufmann.ch\/Blog\/wp-content\/uploads\/2015\/03\/20130828-141647.jpg?fit=800%2C600&ssl=1&resize=350%2C200 1x, https:\/\/i0.wp.com\/lyonelkaufmann.ch\/Blog\/wp-content\/uploads\/2015\/03\/20130828-141647.jpg?fit=800%2C600&ssl=1&resize=525%2C300 1.5x, https:\/\/i0.wp.com\/lyonelkaufmann.ch\/Blog\/wp-content\/uploads\/2015\/03\/20130828-141647.jpg?fit=800%2C600&ssl=1&resize=700%2C400 2x"},"classes":[]},{"id":3136,"url":"https:\/\/lyonelkaufmann.ch\/Blog\/2010\/08\/26\/en-ludovia-me-deuxieme-journee-25-aout\/","url_meta":{"origin":3139,"position":1},"title":"En Ludovia : ma deuxi\u00e8me journ\u00e9e (25 ao\u00fbt)","author":"Lyonel Kaufmann","date":"26 ao\u00fbt 2010","format":false,"excerpt":"En ce deuxi\u00e8me jour, je suis entr\u00e9 dans la classe dans le cadre du colloque scientifique \"Interactions\/Interactivit\u00e9s\" pour y observer les interactions entre \u00e9l\u00e8ves et professeurs (interactions) et entre humains et machines (interactivit\u00e9). Vieil habitu\u00e9 de ces dispositifs en FLE (Fran\u00e7ais langue \u00e9trang\u00e8re), le linguiste Fran\u00e7ois Mangenot nous a rappel\u00e9\u2026","rel":"","context":"Dans &quot;histoire&quot;","block_context":{"text":"histoire","link":"https:\/\/lyonelkaufmann.ch\/Blog\/category\/histoire-2\/"},"img":{"alt_text":"","src":"https:\/\/i0.wp.com\/lyonelkaufmann.ch\/Blog\/wp-content\/uploads\/2015\/03\/blogcafe1.jpg?fit=1024%2C683&ssl=1&resize=350%2C200","width":350,"height":200,"srcset":"https:\/\/i0.wp.com\/lyonelkaufmann.ch\/Blog\/wp-content\/uploads\/2015\/03\/blogcafe1.jpg?fit=1024%2C683&ssl=1&resize=350%2C200 1x, https:\/\/i0.wp.com\/lyonelkaufmann.ch\/Blog\/wp-content\/uploads\/2015\/03\/blogcafe1.jpg?fit=1024%2C683&ssl=1&resize=525%2C300 1.5x, https:\/\/i0.wp.com\/lyonelkaufmann.ch\/Blog\/wp-content\/uploads\/2015\/03\/blogcafe1.jpg?fit=1024%2C683&ssl=1&resize=700%2C400 2x"},"classes":[]},{"id":4006,"url":"https:\/\/lyonelkaufmann.ch\/Blog\/2011\/09\/02\/ludovia-2011-tous-nomades\/","url_meta":{"origin":3139,"position":2},"title":"Ludovia 2011 : Tous nomades ?","author":"Lyonel Kaufmann","date":"2 septembre 2011","format":false,"excerpt":"Les nomades n\u2019ont pas d\u2019histoire, ils n\u2019ont qu\u2019une g\u00e9ographie. Jean Duvignaud ((Pour une esquisse du nomade)) L'int\u00e9gration (ou non) des outils num\u00e9riques mobiles et sociaux \u00e0 l'\u00e9cole est-elle un nouveau champ de tensions ou la r\u00e9activation sous d'autres formes de tensions ancestrales entre nomades et s\u00e9dentaires? A moins que cette\u2026","rel":"","context":"Dans &quot;histoire&quot;","block_context":{"text":"histoire","link":"https:\/\/lyonelkaufmann.ch\/Blog\/category\/histoire-2\/"},"img":{"alt_text":"","src":"https:\/\/i0.wp.com\/lyonelkaufmann.ch\/Blog\/wp-content\/uploads\/2015\/03\/nomade_sedentaire.jpg?fit=600%2C370&ssl=1&resize=350%2C200","width":350,"height":200,"srcset":"https:\/\/i0.wp.com\/lyonelkaufmann.ch\/Blog\/wp-content\/uploads\/2015\/03\/nomade_sedentaire.jpg?fit=600%2C370&ssl=1&resize=350%2C200 1x, https:\/\/i0.wp.com\/lyonelkaufmann.ch\/Blog\/wp-content\/uploads\/2015\/03\/nomade_sedentaire.jpg?fit=600%2C370&ssl=1&resize=525%2C300 1.5x"},"classes":[]},{"id":4072,"url":"https:\/\/lyonelkaufmann.ch\/Blog\/2011\/09\/09\/3eme-table-ronde-les-tablettes-numeriques-le-futur-cartable-numerique\/","url_meta":{"origin":3139,"position":3},"title":"Ludovia 2011 : Table Ronde \u00abLes tablettes num\u00e9riques, le futur cartable num\u00e9rique\u00bb?","author":"Lyonel Kaufmann","date":"9 septembre 2011","format":false,"excerpt":"Cette table-ronde de Ludovia consistait en un retour d'exp\u00e9rience sur les premi\u00e8res exp\u00e9rimentations sur Tablettes et Netbooks au sein des \u00e9tablissements. Les th\u00e8mes abord\u00e9s \u00e9taient les suivants : fiabilit\u00e9 des mat\u00e9riels, adaptation au contexte de l\u2019\u00e9tablissement, \u00e9volutions envisag\u00e9es, le point sur le contenu et les ressources disponibles\u2026 Cet article synth\u00e9tise\u2026","rel":"","context":"Dans &quot;histoire&quot;","block_context":{"text":"histoire","link":"https:\/\/lyonelkaufmann.ch\/Blog\/category\/histoire-2\/"},"img":{"alt_text":"","src":"https:\/\/i0.wp.com\/lyonelkaufmann.ch\/Blog\/wp-content\/uploads\/2015\/03\/blogcafe1.jpg?fit=1024%2C683&ssl=1&resize=350%2C200","width":350,"height":200,"srcset":"https:\/\/i0.wp.com\/lyonelkaufmann.ch\/Blog\/wp-content\/uploads\/2015\/03\/blogcafe1.jpg?fit=1024%2C683&ssl=1&resize=350%2C200 1x, https:\/\/i0.wp.com\/lyonelkaufmann.ch\/Blog\/wp-content\/uploads\/2015\/03\/blogcafe1.jpg?fit=1024%2C683&ssl=1&resize=525%2C300 1.5x, https:\/\/i0.wp.com\/lyonelkaufmann.ch\/Blog\/wp-content\/uploads\/2015\/03\/blogcafe1.jpg?fit=1024%2C683&ssl=1&resize=700%2C400 2x"},"classes":[]},{"id":7177,"url":"https:\/\/lyonelkaufmann.ch\/Blog\/2013\/06\/23\/revue-de-presse-refonder-lecole-ou-la-flipper-ludovia-magazine\/","url_meta":{"origin":3139,"position":4},"title":"Revue de presse : Refonder l\u2019\u00e9cole ou la flipper ? | Ludovia Magazine","author":"Lyonel Kaufmann","date":"23 juin 2013","format":false,"excerpt":"Bien que pratiqu\u00e9e depuis longtemps par des pionniers, le concept, ou en tout cas l\u2019appellation de Flipped Classrooms, est apparu vers 2007 quand deux enseignants en chimie dans l\u2019\u00e9quivalent de notre niveau secondaire, Jonathan Bergman et Aaron Sams, ont d\u00e9couvert le potentiel de vid\u00e9os (PowerPoint comment\u00e9s, Screencast, Podcast \u2026) pour\u2026","rel":"","context":"Dans &quot;histoire&quot;","block_context":{"text":"histoire","link":"https:\/\/lyonelkaufmann.ch\/Blog\/category\/histoire-2\/"},"img":{"alt_text":"","src":"https:\/\/i0.wp.com\/lyonelkaufmann.ch\/Blog\/wp-content\/uploads\/2015\/03\/blogcafe1.jpg?fit=1024%2C683&ssl=1&resize=350%2C200","width":350,"height":200,"srcset":"https:\/\/i0.wp.com\/lyonelkaufmann.ch\/Blog\/wp-content\/uploads\/2015\/03\/blogcafe1.jpg?fit=1024%2C683&ssl=1&resize=350%2C200 1x, https:\/\/i0.wp.com\/lyonelkaufmann.ch\/Blog\/wp-content\/uploads\/2015\/03\/blogcafe1.jpg?fit=1024%2C683&ssl=1&resize=525%2C300 1.5x, https:\/\/i0.wp.com\/lyonelkaufmann.ch\/Blog\/wp-content\/uploads\/2015\/03\/blogcafe1.jpg?fit=1024%2C683&ssl=1&resize=700%2C400 2x"},"classes":[]},{"id":9961,"url":"https:\/\/lyonelkaufmann.ch\/Blog\/2013\/06\/23\/revue-de-presse-refonder-lecole-ou-la-flipper-ludovia-magazine-2\/","url_meta":{"origin":3139,"position":5},"title":"Revue de presse : Refonder l\u2019\u00e9cole ou la flipper ? | Ludovia Magazine","author":"Lyonel Kaufmann","date":"23 juin 2013","format":false,"excerpt":"Bien que pratiqu\u00e9e depuis longtemps par des pionniers, le concept, ou en tout cas l\u2019appellation de Flipped Classrooms, est apparu vers 2007 quand deux enseignants en chimie dans l\u2019\u00e9quivalent de notre niveau secondaire, Jonathan Bergman et Aaron Sams, ont d\u00e9couvert le potentiel de vid\u00e9os (PowerPoint comment\u00e9s, Screencast, Podcast \u2026) pour\u2026","rel":"","context":"Dans &quot;L'Expresso&quot;","block_context":{"text":"L'Expresso","link":"https:\/\/lyonelkaufmann.ch\/Blog\/category\/breves\/"},"img":{"alt_text":"","src":"https:\/\/i0.wp.com\/lyonelkaufmann.ch\/Blog\/wp-content\/uploads\/2015\/03\/blogcafe1.jpg?fit=1024%2C683&ssl=1&resize=350%2C200","width":350,"height":200,"srcset":"https:\/\/i0.wp.com\/lyonelkaufmann.ch\/Blog\/wp-content\/uploads\/2015\/03\/blogcafe1.jpg?fit=1024%2C683&ssl=1&resize=350%2C200 1x, https:\/\/i0.wp.com\/lyonelkaufmann.ch\/Blog\/wp-content\/uploads\/2015\/03\/blogcafe1.jpg?fit=1024%2C683&ssl=1&resize=525%2C300 1.5x, https:\/\/i0.wp.com\/lyonelkaufmann.ch\/Blog\/wp-content\/uploads\/2015\/03\/blogcafe1.jpg?fit=1024%2C683&ssl=1&resize=700%2C400 2x"},"classes":[]}],"jetpack_likes_enabled":true,"_links":{"self":[{"href":"https:\/\/lyonelkaufmann.ch\/Blog\/wp-json\/wp\/v2\/posts\/3139","targetHints":{"allow":["GET"]}}],"collection":[{"href":"https:\/\/lyonelkaufmann.ch\/Blog\/wp-json\/wp\/v2\/posts"}],"about":[{"href":"https:\/\/lyonelkaufmann.ch\/Blog\/wp-json\/wp\/v2\/types\/post"}],"author":[{"embeddable":true,"href":"https:\/\/lyonelkaufmann.ch\/Blog\/wp-json\/wp\/v2\/users\/1"}],"replies":[{"embeddable":true,"href":"https:\/\/lyonelkaufmann.ch\/Blog\/wp-json\/wp\/v2\/comments?post=3139"}],"version-history":[{"count":0,"href":"https:\/\/lyonelkaufmann.ch\/Blog\/wp-json\/wp\/v2\/posts\/3139\/revisions"}],"wp:featuredmedia":[{"embeddable":true,"href":"https:\/\/lyonelkaufmann.ch\/Blog\/wp-json\/wp\/v2\/media\/14680"}],"wp:attachment":[{"href":"https:\/\/lyonelkaufmann.ch\/Blog\/wp-json\/wp\/v2\/media?parent=3139"}],"wp:term":[{"taxonomy":"category","embeddable":true,"href":"https:\/\/lyonelkaufmann.ch\/Blog\/wp-json\/wp\/v2\/categories?post=3139"},{"taxonomy":"post_tag","embeddable":true,"href":"https:\/\/lyonelkaufmann.ch\/Blog\/wp-json\/wp\/v2\/tags?post=3139"}],"curies":[{"name":"wp","href":"https:\/\/api.w.org\/{rel}","templated":true}]}}