{"id":3294,"date":"2010-05-19T11:51:07","date_gmt":"2010-05-19T09:51:07","guid":{"rendered":"https:\/\/lyonelkaufmann.ch\/Blog\/?p=3294"},"modified":"2010-05-19T11:51:07","modified_gmt":"2010-05-19T09:51:07","slug":"flickr-photo-download-p012599-jpg","status":"publish","type":"post","link":"https:\/\/lyonelkaufmann.ch\/Blog\/2010\/05\/19\/flickr-photo-download-p012599-jpg\/","title":{"rendered":"Photos Normandie"},"content":{"rendered":"<p><strong>En clin d&rsquo;oeil au film Robin des Bois et pour R\u00e9my Besson -sans oublier Patrick Peccatte\u2014 suite \u00e0 notre \u00e9change sur Facebook\u2026<\/strong><\/p>\n<p style=\"text-align:center;\"><strong><a href=\"https:\/\/i0.wp.com\/lyonelkaufmann.ch\/Blog\/wp-content\/uploads\/2010\/05\/4269438584_4953fe427f.jpg\"><img data-recalc-dims=\"1\" loading=\"lazy\" decoding=\"async\" class=\"aligncenter size-full wp-image-3295\" src=\"https:\/\/i0.wp.com\/lyonelkaufmann.ch\/Blog\/wp-content\/uploads\/2010\/05\/4269438584_4953fe427f.jpg?resize=450%2C316\" alt=\"\" width=\"450\" height=\"316\" \/><\/a><br \/>\n<\/strong><\/p>\n<p style=\"text-align:left;\">La photo a tr\u00e8s certainement \u00e0 Weymouth Portland Harbour \u00e0 l&#8217;embarquement d\u00e9but juin 1944. Robert Capa a fait des photos semblables au m\u00eame endroit \u00e0 la m\u00eame \u00e9poque voir ici:<a href=\"www.flickr.com\/photos\/mlq\/4269315786\/\" target=\"_blank\"> www.flickr.com\/photos\/mlq\/4269315786\/<\/a><\/p>\n<p><a href=\"http:\/\/www.flickr.com\/photos\/photosnormandie\/4269438584\/sizes\/m\/in\/faves-lyonelkaufmann\/\"><img data-recalc-dims=\"1\" decoding=\"async\" src=\"https:\/\/i0.wp.com\/lyonelkaufmann.ch\/Blog\/wp-content\/uploads\/2010\/05\/somerights20.gif\" alt=\"\" \/><\/a> <a href=\"http:\/\/www.flickr.com\/photos\/photosnormandie\/\" target=\"_blank\">PhotosNormandie<\/a> (droits r\u00e9serv\u00e9s)<\/p>\n<p><a href=\"http:\/\/www.flickr.com\/photos\/photosnormandie\/4269438584\/sizes\/m\/in\/faves-lyonelkaufmann\/\">Flickr Photo Download: p012599.jpg<\/a>.<\/p>\n","protected":false},"excerpt":{"rendered":"<p>En clin d&rsquo;oeil au film Robin des Bois et pour R\u00e9my Besson -sans oublier Patrick Peccatte\u2014 suite \u00e0 notre \u00e9change sur Facebook\u2026 La photo a tr\u00e8s certainement \u00e0 Weymouth Portland Harbour \u00e0 l&#8217;embarquement d\u00e9but juin 1944. Robert Capa a fait des photos semblables au m\u00eame endroit \u00e0 la m\u00eame \u00e9poque voir ici: www.flickr.com\/photos\/mlq\/4269315786\/ PhotosNormandie (droits [&hellip;]<\/p>\n","protected":false},"author":1,"featured_media":13706,"comment_status":"open","ping_status":"open","sticky":false,"template":"","format":"aside","meta":{"_import_markdown_pro_load_document_selector":0,"_import_markdown_pro_submit_text_textarea":"","_genesis_hide_title":false,"_genesis_hide_breadcrumbs":false,"_genesis_hide_singular_image":false,"_genesis_hide_footer_widgets":false,"_genesis_custom_body_class":"","_genesis_custom_post_class":"","_genesis_layout":"","jetpack_post_was_ever_published":false,"_jetpack_newsletter_access":"","_jetpack_dont_email_post_to_subs":false,"_jetpack_newsletter_tier_id":0,"_jetpack_memberships_contains_paywalled_content":false,"_jetpack_memberships_contains_paid_content":false,"activitypub_content_warning":"","activitypub_content_visibility":"","activitypub_max_image_attachments":3,"activitypub_interaction_policy_quote":"anyone","activitypub_status":"","footnotes":"","jetpack_publicize_message":"","jetpack_publicize_feature_enabled":true,"jetpack_social_post_already_shared":true,"jetpack_social_options":{"image_generator_settings":{"template":"fullscreen","default_image_id":0,"font":"","enabled":false},"version":2}},"categories":[3,2],"tags":[],"class_list":{"0":"post-3294","1":"post","2":"type-post","3":"status-publish","4":"format-aside","5":"has-post-thumbnail","7":"category-blogcafe-2","8":"category-histoire-2","9":"post_format-post-format-aside","10":"entry"},"jetpack_publicize_connections":[],"featured_image_src":"https:\/\/i0.wp.com\/lyonelkaufmann.ch\/Blog\/wp-content\/uploads\/2015\/03\/4269438584_4953fe427f.jpg?resize=500%2C351&ssl=1","featured_image_src_square":"https:\/\/i0.wp.com\/lyonelkaufmann.ch\/Blog\/wp-content\/uploads\/2015\/03\/4269438584_4953fe427f.jpg?resize=500%2C351&ssl=1","author_info":{"display_name":"Lyonel Kaufmann","author_link":"https:\/\/lyonelkaufmann.ch\/Blog\/author\/lyonelk\/"},"jetpack_featured_media_url":"https:\/\/i0.wp.com\/lyonelkaufmann.ch\/Blog\/wp-content\/uploads\/2015\/03\/4269438584_4953fe427f.jpg?fit=500%2C351&ssl=1","jetpack_sharing_enabled":true,"jetpack_shortlink":"https:\/\/wp.me\/p1qtF4-R8","jetpack-related-posts":[{"id":10032,"url":"https:\/\/lyonelkaufmann.ch\/Blog\/2013\/07\/15\/touriste-montreal-quebec-2013\/","url_meta":{"origin":3294,"position":0},"title":"Touriste @ Montr\u00e9al | Qu\u00e9bec 2013","author":"Lyonel Kaufmann","date":"15 juillet 2013","format":"gallery","excerpt":"Il est difficile de passer \u00e0 c\u00f4t\u00e9 des lieux incontournables de Montr\u00e9al et de ne pas remettre ses pas dans les m\u00eames lieux qui nous ont surpris ou charm\u00e9s lors de notre pr\u00e9c\u00e9dent passage en octobre 2012. Touriste, nous sommes. Alors on essaye de ne pas refaire les m\u00eames photos...\u2026","rel":"","context":"Dans &quot;Roadbook&quot;","block_context":{"text":"Roadbook","link":"https:\/\/lyonelkaufmann.ch\/Blog\/category\/roadbook\/"},"img":{"alt_text":"","src":"https:\/\/i0.wp.com\/lyonelkaufmann.ch\/Blog\/wp-content\/uploads\/2015\/03\/20130714-232519.jpg?fit=725%2C480&ssl=1&resize=350%2C200","width":350,"height":200,"srcset":"https:\/\/i0.wp.com\/lyonelkaufmann.ch\/Blog\/wp-content\/uploads\/2015\/03\/20130714-232519.jpg?fit=725%2C480&ssl=1&resize=350%2C200 1x, https:\/\/i0.wp.com\/lyonelkaufmann.ch\/Blog\/wp-content\/uploads\/2015\/03\/20130714-232519.jpg?fit=725%2C480&ssl=1&resize=525%2C300 1.5x, https:\/\/i0.wp.com\/lyonelkaufmann.ch\/Blog\/wp-content\/uploads\/2015\/03\/20130714-232519.jpg?fit=725%2C480&ssl=1&resize=700%2C400 2x"},"classes":[]},{"id":19168,"url":"https:\/\/lyonelkaufmann.ch\/Blog\/2018\/04\/07\/la-photographie-analogique-peut-elle-vous-aider-a-prendre-de-meilleures-photos\/","url_meta":{"origin":3294,"position":1},"title":"La photographie analogique peut-elle vous aider \u00e0 prendre de meilleures photos ?","author":"Lyonel Kaufmann","date":"7 avril 2018","format":false,"excerpt":"La photographe Anna Linke fait part de son exp\u00e9rience en revenant \u00e0 la photographie analogique : Dans l'ensemble, la photographie analogique m'a aid\u00e9 \u00e0 reprendre contact avec la \"vraie photographie\" une fois de plus. J'ai arr\u00eat\u00e9 de prendre des photos la plupart du temps. Au lieu de cela, je me\u2026","rel":"","context":"Dans &quot;Blogcaf\u00e9&quot;","block_context":{"text":"Blogcaf\u00e9","link":"https:\/\/lyonelkaufmann.ch\/Blog\/category\/blogcafe-2\/"},"img":{"alt_text":"","src":"https:\/\/i0.wp.com\/lyonelkaufmann.ch\/Blog\/wp-content\/uploads\/2018\/04\/hipstamaticphoto-544781038.295229.jpg?fit=1200%2C800&ssl=1&resize=350%2C200","width":350,"height":200,"srcset":"https:\/\/i0.wp.com\/lyonelkaufmann.ch\/Blog\/wp-content\/uploads\/2018\/04\/hipstamaticphoto-544781038.295229.jpg?fit=1200%2C800&ssl=1&resize=350%2C200 1x, https:\/\/i0.wp.com\/lyonelkaufmann.ch\/Blog\/wp-content\/uploads\/2018\/04\/hipstamaticphoto-544781038.295229.jpg?fit=1200%2C800&ssl=1&resize=525%2C300 1.5x, https:\/\/i0.wp.com\/lyonelkaufmann.ch\/Blog\/wp-content\/uploads\/2018\/04\/hipstamaticphoto-544781038.295229.jpg?fit=1200%2C800&ssl=1&resize=700%2C400 2x, https:\/\/i0.wp.com\/lyonelkaufmann.ch\/Blog\/wp-content\/uploads\/2018\/04\/hipstamaticphoto-544781038.295229.jpg?fit=1200%2C800&ssl=1&resize=1050%2C600 3x"},"classes":[]},{"id":5775,"url":"https:\/\/lyonelkaufmann.ch\/Blog\/2012\/04\/09\/instagram-au-feu-facebook-au-milieu\/","url_meta":{"origin":3294,"position":2},"title":"Instagram au feu? Facebook au milieu?","author":"Lyonel Kaufmann","date":"9 avril 2012","format":false,"excerpt":"La nouvelle vient de tomber ce soir, Facebook rach\u00e8te Instagram. Cela n'est pas du go\u00fbt de nombre d'utilisateurs. Certains cl\u00f4turent d\u00e9j\u00e0 leurs comptes. D'autres cherchent d'abord \u00e0 r\u00e9cup\u00e9rer leurs photos avant de le faire. ((Si vous \u00eates de ceux qui chercher \u00e0 r\u00e9cup\u00e9rer vos photos publi\u00e9es sur Instagram, vous pouvez\u2026","rel":"","context":"Dans &quot;L'Expresso&quot;","block_context":{"text":"L'Expresso","link":"https:\/\/lyonelkaufmann.ch\/Blog\/category\/breves\/"},"img":{"alt_text":"","src":"https:\/\/i0.wp.com\/lyonelkaufmann.ch\/Blog\/wp-content\/uploads\/2015\/03\/CA04091223200698-M.jpg?fit=336%2C450&ssl=1&resize=350%2C200","width":350,"height":200},"classes":[]},{"id":12735,"url":"https:\/\/lyonelkaufmann.ch\/Blog\/2011\/07\/30\/fausses-photos-vintages-owni\/","url_meta":{"origin":3294,"position":3},"title":"Fausses photos vintages | OWNI","author":"Lyonel Kaufmann","date":"30 juillet 2011","format":false,"excerpt":"Smartphones, Hipstamatic, Instagram et r\u00e9seaux sociaux ont chang\u00e9 notre rapport \u00e0 la photographie. Nathan Jurgenson s'int\u00e9resse ici aux photos vintages devenues soudainement tr\u00e8s \"trendy\". A lire :\u00a0Fausses photos vintages \u00bb OWNI, News, Augmented.","rel":"","context":"Dans &quot;Blogcaf\u00e9&quot;","block_context":{"text":"Blogcaf\u00e9","link":"https:\/\/lyonelkaufmann.ch\/Blog\/category\/blogcafe-2\/"},"img":{"alt_text":"","src":"https:\/\/i0.wp.com\/lyonelkaufmann.ch\/Blog\/wp-content\/uploads\/2015\/03\/tree_instagram.jpg?fit=500%2C500&ssl=1&resize=350%2C200","width":350,"height":200},"classes":[]},{"id":559,"url":"https:\/\/lyonelkaufmann.ch\/Blog\/2007\/04\/09\/224\/","url_meta":{"origin":3294,"position":4},"title":"La Terre vue du ciel (Yann Arthus-Bertrand)","author":"Lyonel Kaufmann","date":"9 avril 2007","format":false,"excerpt":"L'ann\u00e9e derni\u00e8re \u00e0 Londres, j'avais eu le bonheur de voir en plein air, juste en face de la Tour de Londres, l'incroyable exposition de Yann Arthus-Bertrand \"La Terre vue du ciel, un portrait a\u00e9rien de notre plan\u00e8te\" Cette ann\u00e9e l'expostion est \u00e0 Bruxelles et le journal Le Soir a sorti\u2026","rel":"","context":"Dans &quot;Blogcaf\u00e9&quot;","block_context":{"text":"Blogcaf\u00e9","link":"https:\/\/lyonelkaufmann.ch\/Blog\/category\/blogcafe-2\/"},"img":{"alt_text":"","src":"https:\/\/i0.wp.com\/lyonelkaufmann.ch\/Blog\/wp-content\/uploads\/2015\/03\/blogcafe1.jpg?fit=1024%2C683&ssl=1&resize=350%2C200","width":350,"height":200,"srcset":"https:\/\/i0.wp.com\/lyonelkaufmann.ch\/Blog\/wp-content\/uploads\/2015\/03\/blogcafe1.jpg?fit=1024%2C683&ssl=1&resize=350%2C200 1x, https:\/\/i0.wp.com\/lyonelkaufmann.ch\/Blog\/wp-content\/uploads\/2015\/03\/blogcafe1.jpg?fit=1024%2C683&ssl=1&resize=525%2C300 1.5x, https:\/\/i0.wp.com\/lyonelkaufmann.ch\/Blog\/wp-content\/uploads\/2015\/03\/blogcafe1.jpg?fit=1024%2C683&ssl=1&resize=700%2C400 2x"},"classes":[]},{"id":22299,"url":"https:\/\/lyonelkaufmann.ch\/Blog\/2020\/12\/31\/il-etait-une-fois-2020-premiere-neige-mardi-1er-decembre\/","url_meta":{"origin":3294,"position":5},"title":"Il \u00e9tait une fois 2020\u2026 : Premi\u00e8re neige- mardi 1er d\u00e9cembre","author":"Lyonel Kaufmann","date":"31 d\u00e9cembre 2020","format":false,"excerpt":"Jusqu'au 31 d\u00e9cembre, je vous propose ma r\u00e9trospective avec une photo pour chaque mois de cette ann\u00e9e des plus particuli\u00e8res, probablement la plus \u00e9trange que j'ai connue en plus de cinquante ans. Les photos sont mises en perspective en lien avec cette pand\u00e9mie qui nous a tous frapp\u00e9s d'une mani\u00e8re\u2026","rel":"","context":"Dans &quot;Blogcaf\u00e9&quot;","block_context":{"text":"Blogcaf\u00e9","link":"https:\/\/lyonelkaufmann.ch\/Blog\/category\/blogcafe-2\/"},"img":{"alt_text":"","src":"https:\/\/i0.wp.com\/lyonelkaufmann.ch\/Blog\/wp-content\/uploads\/2020\/12\/HipstamaticPhoto-628503324.185522-scaled.jpg?fit=1200%2C1200&ssl=1&resize=350%2C200","width":350,"height":200,"srcset":"https:\/\/i0.wp.com\/lyonelkaufmann.ch\/Blog\/wp-content\/uploads\/2020\/12\/HipstamaticPhoto-628503324.185522-scaled.jpg?fit=1200%2C1200&ssl=1&resize=350%2C200 1x, https:\/\/i0.wp.com\/lyonelkaufmann.ch\/Blog\/wp-content\/uploads\/2020\/12\/HipstamaticPhoto-628503324.185522-scaled.jpg?fit=1200%2C1200&ssl=1&resize=525%2C300 1.5x, https:\/\/i0.wp.com\/lyonelkaufmann.ch\/Blog\/wp-content\/uploads\/2020\/12\/HipstamaticPhoto-628503324.185522-scaled.jpg?fit=1200%2C1200&ssl=1&resize=700%2C400 2x, https:\/\/i0.wp.com\/lyonelkaufmann.ch\/Blog\/wp-content\/uploads\/2020\/12\/HipstamaticPhoto-628503324.185522-scaled.jpg?fit=1200%2C1200&ssl=1&resize=1050%2C600 3x"},"classes":[]}],"jetpack_likes_enabled":true,"_links":{"self":[{"href":"https:\/\/lyonelkaufmann.ch\/Blog\/wp-json\/wp\/v2\/posts\/3294","targetHints":{"allow":["GET"]}}],"collection":[{"href":"https:\/\/lyonelkaufmann.ch\/Blog\/wp-json\/wp\/v2\/posts"}],"about":[{"href":"https:\/\/lyonelkaufmann.ch\/Blog\/wp-json\/wp\/v2\/types\/post"}],"author":[{"embeddable":true,"href":"https:\/\/lyonelkaufmann.ch\/Blog\/wp-json\/wp\/v2\/users\/1"}],"replies":[{"embeddable":true,"href":"https:\/\/lyonelkaufmann.ch\/Blog\/wp-json\/wp\/v2\/comments?post=3294"}],"version-history":[{"count":0,"href":"https:\/\/lyonelkaufmann.ch\/Blog\/wp-json\/wp\/v2\/posts\/3294\/revisions"}],"wp:featuredmedia":[{"embeddable":true,"href":"https:\/\/lyonelkaufmann.ch\/Blog\/wp-json\/wp\/v2\/media\/13706"}],"wp:attachment":[{"href":"https:\/\/lyonelkaufmann.ch\/Blog\/wp-json\/wp\/v2\/media?parent=3294"}],"wp:term":[{"taxonomy":"category","embeddable":true,"href":"https:\/\/lyonelkaufmann.ch\/Blog\/wp-json\/wp\/v2\/categories?post=3294"},{"taxonomy":"post_tag","embeddable":true,"href":"https:\/\/lyonelkaufmann.ch\/Blog\/wp-json\/wp\/v2\/tags?post=3294"}],"curies":[{"name":"wp","href":"https:\/\/api.w.org\/{rel}","templated":true}]}}