{"id":3307,"date":"2010-11-18T10:36:31","date_gmt":"2010-11-18T09:36:31","guid":{"rendered":"http:\/\/lyonelkaufmann.ch\/histoire\/?p=3307"},"modified":"2010-11-18T10:36:31","modified_gmt":"2010-11-18T09:36:31","slug":"le-mur-de-la-honte-de-latlantique-la-republique-des-livres","status":"publish","type":"post","link":"https:\/\/lyonelkaufmann.ch\/Blog\/2010\/11\/18\/le-mur-de-la-honte-de-latlantique-la-republique-des-livres\/","title":{"rendered":"Le Mur de la honte de l\u2019Atlantique | La r\u00e9publique des livres"},"content":{"rendered":"<p><strong>Ce soir\u00a0\u00e0 22h50, <\/strong><a href=\"http:\/\/programmes.france2.fr\/documentaires\/index-fr.php?page=infrarouge\"><strong>France 2 diffuse<\/strong><\/a><strong> un documentaire de J\u00e9r\u00f4me Prieur consacr\u00e9 au \u00abMur de l&rsquo;Atlantique\u00bb. Reportage qui a donn\u00e9 \u00e9galement lieu \u00e0 un livre : <\/strong><em><strong>Le Mur de l\u2019Atlantique<\/strong><\/em><strong> (200 pages,18 euros, Deno\u00ebl). Dans sa chronique, Pierre Assouline revient judicieusement sur cet aspect peu connu de la collaboration.<\/strong><\/p>\n<p style=\"text-align:center;\"><a href=\"http:\/\/passouline.blog.lemonde.fr\/2010\/11\/18\/le-mur-de-la-honte-de-latlantique\/#xtor=RSS-32280322\"><img data-recalc-dims=\"1\" decoding=\"async\" src=\"https:\/\/i0.wp.com\/lyonelkaufmann.ch\/histoire\/wp-content\/uploads\/2010\/11\/mur2.1290071067.jpg\" alt=\"\" \/><\/a><\/p>\n<blockquote><p>A la Lib\u00e9ration, les entreprises (Sainrapt et Brice est la plus connue avec la Soci\u00e9t\u00e9 de construction des Batignolles) ont subi\u00a0des sanctions professionnelle mais une\u00a0faible \u00e9puration judiciaire ; le plus souvent, une amende correspondant \u00e0 un faible pourcentage des\u00a0\u201dprofits illicites\u201d\u00a0tir\u00e9s de la construction du Mur; en revanche, les journalistes de la presse collaborationniste qui avaient chant\u00e9 la louange de cette muraille car elle devait repousser la bolchevisation de l\u2019Europe et y maintenir un r\u00e9gime fasciste, ceux-l\u00e0 ont \u00e9t\u00e9 condamn\u00e9s \u00e0 de lourdes peines de prison quand ils n\u2019ont pas \u00e9t\u00e9 ex\u00e9cut\u00e9s; il fallait du temps pour constituer les dossiers d\u2019accusation des grands patrons, alors que ceux des journalistes \u00e9taient constitu\u00e9s de leurs articles; surtout, la France de la reconstruction avait imp\u00e9rativement besoin de dirigeants d\u2019entreprises du b\u00e2timent et beaucoup moins d\u2019\u00e9ditorialistes. Ainsi le voulut le G\u00e9n\u00e9ral de Gaulle.<\/p><\/blockquote>\n<p>via\u00a0<a href=\"http:\/\/passouline.blog.lemonde.fr\/2010\/11\/18\/le-mur-de-la-honte-de-latlantique\/#xtor=RSS-32280322\">Le Mur de la honte de l\u2019Atlantique &#8211; La r\u00e9publique des livres &#8211; Blog LeMonde.fr<\/a>.<\/p>\n","protected":false},"excerpt":{"rendered":"<p>Ce soir\u00a0\u00e0 22h50, France 2 diffuse un documentaire de J\u00e9r\u00f4me Prieur consacr\u00e9 au \u00abMur de l&rsquo;Atlantique\u00bb. Reportage qui a donn\u00e9 \u00e9galement lieu \u00e0 un livre : Le Mur de l\u2019Atlantique (200 pages,18 euros, Deno\u00ebl). Dans sa chronique, Pierre Assouline revient judicieusement sur cet aspect peu connu de la collaboration. A la Lib\u00e9ration, les entreprises (Sainrapt [&hellip;]<\/p>\n","protected":false},"author":1,"featured_media":13760,"comment_status":"open","ping_status":"open","sticky":false,"template":"","format":"standard","meta":{"_import_markdown_pro_load_document_selector":0,"_import_markdown_pro_submit_text_textarea":"","_genesis_hide_title":false,"_genesis_hide_breadcrumbs":false,"_genesis_hide_singular_image":false,"_genesis_hide_footer_widgets":false,"_genesis_custom_body_class":"","_genesis_custom_post_class":"","_genesis_layout":"","jetpack_post_was_ever_published":false,"_jetpack_newsletter_access":"","_jetpack_dont_email_post_to_subs":false,"_jetpack_newsletter_tier_id":0,"_jetpack_memberships_contains_paywalled_content":false,"_jetpack_memberships_contains_paid_content":false,"activitypub_content_warning":"","activitypub_content_visibility":"","activitypub_max_image_attachments":3,"activitypub_interaction_policy_quote":"anyone","activitypub_status":"","footnotes":"","jetpack_publicize_message":"","jetpack_publicize_feature_enabled":true,"jetpack_social_post_already_shared":true,"jetpack_social_options":{"image_generator_settings":{"template":"fullscreen","default_image_id":0,"font":"","enabled":false},"version":2}},"categories":[2],"tags":[],"class_list":{"0":"post-3307","1":"post","2":"type-post","3":"status-publish","4":"format-standard","5":"has-post-thumbnail","7":"category-histoire-2","8":"entry"},"jetpack_publicize_connections":[],"featured_image_src":"https:\/\/i0.wp.com\/lyonelkaufmann.ch\/Blog\/wp-content\/uploads\/2015\/03\/mur2.1290071067.jpg?resize=320%2C213&ssl=1","featured_image_src_square":"https:\/\/i0.wp.com\/lyonelkaufmann.ch\/Blog\/wp-content\/uploads\/2015\/03\/mur2.1290071067.jpg?resize=320%2C213&ssl=1","author_info":{"display_name":"Lyonel Kaufmann","author_link":"https:\/\/lyonelkaufmann.ch\/Blog\/author\/lyonelk\/"},"jetpack_featured_media_url":"https:\/\/i0.wp.com\/lyonelkaufmann.ch\/Blog\/wp-content\/uploads\/2015\/03\/mur2.1290071067.jpg?fit=320%2C213&ssl=1","jetpack_sharing_enabled":true,"jetpack_shortlink":"https:\/\/wp.me\/p1qtF4-Rl","jetpack-related-posts":[{"id":7513,"url":"https:\/\/lyonelkaufmann.ch\/Blog\/2012\/10\/22\/en-vol-a-photo-du-jour\/","url_meta":{"origin":3307,"position":0},"title":"En Vol | Photo du jour","author":"Lyonel Kaufmann","date":"22 octobre 2012","format":"image","excerpt":"Apr\u00e8s deux heures de vol, nous touchons, puis d\u00e9passons l'Irlande, l'Oc\u00e9an Atlantique nous tend alors les bras. A 14:00 (heure locale), nous arrivons \u00e0 Montr\u00e9al. Qu\u00e9bec, nous voil\u00e0! N'h\u00e9sitez pas \u00e0 cliquer sur les photos pour les voir en plus grand.","rel":"","context":"Dans &quot;Photo du jour&quot;","block_context":{"text":"Photo du jour","link":"https:\/\/lyonelkaufmann.ch\/Blog\/category\/photo-du-jour\/"},"img":{"alt_text":"","src":"https:\/\/i0.wp.com\/lyonelkaufmann.ch\/Blog\/wp-content\/uploads\/2015\/03\/En-vol-Photo-du-jour-L.jpg?fit=800%2C534&ssl=1&resize=350%2C200","width":350,"height":200,"srcset":"https:\/\/i0.wp.com\/lyonelkaufmann.ch\/Blog\/wp-content\/uploads\/2015\/03\/En-vol-Photo-du-jour-L.jpg?fit=800%2C534&ssl=1&resize=350%2C200 1x, https:\/\/i0.wp.com\/lyonelkaufmann.ch\/Blog\/wp-content\/uploads\/2015\/03\/En-vol-Photo-du-jour-L.jpg?fit=800%2C534&ssl=1&resize=525%2C300 1.5x, https:\/\/i0.wp.com\/lyonelkaufmann.ch\/Blog\/wp-content\/uploads\/2015\/03\/En-vol-Photo-du-jour-L.jpg?fit=800%2C534&ssl=1&resize=700%2C400 2x"},"classes":[]},{"id":17000,"url":"https:\/\/lyonelkaufmann.ch\/Blog\/2016\/07\/15\/mercredi-13-juillet-memorial-du-mur-berlin-roadtrip-norvege\/","url_meta":{"origin":3307,"position":1},"title":"Mercredi 13 juillet : M\u00e9morial du Mur &#8211; Berlin #Roadtrip #Norv\u00e8ge","author":"Lyonel Kaufmann","date":"15 juillet 2016","format":false,"excerpt":"Ce mercredi est une nouvelle journ\u00e9e sans moto et \u00e0 pied pour une visite en pointill\u00e9 de Berlin. Alors que le M\u00e9morial aux Juifs assassin\u00e9s d'Europe ne m'a pas, \u00e0 ma grande surprise, suscit\u00e9 d'\u00e9motion particuli\u00e8re, j'ai \u00e9t\u00e9 saisi par la Berliner Strasse et tous les \u00e9l\u00e9ments constituant le m\u00e9morial\u2026","rel":"","context":"Dans &quot;Diary&quot;","block_context":{"text":"Diary","link":"https:\/\/lyonelkaufmann.ch\/Blog\/category\/diary\/"},"img":{"alt_text":"","src":"https:\/\/i0.wp.com\/lyonelkaufmann.ch\/Blog\/wp-content\/uploads\/2016\/07\/image-32.jpeg?fit=1200%2C797&ssl=1&resize=350%2C200","width":350,"height":200,"srcset":"https:\/\/i0.wp.com\/lyonelkaufmann.ch\/Blog\/wp-content\/uploads\/2016\/07\/image-32.jpeg?fit=1200%2C797&ssl=1&resize=350%2C200 1x, https:\/\/i0.wp.com\/lyonelkaufmann.ch\/Blog\/wp-content\/uploads\/2016\/07\/image-32.jpeg?fit=1200%2C797&ssl=1&resize=525%2C300 1.5x, https:\/\/i0.wp.com\/lyonelkaufmann.ch\/Blog\/wp-content\/uploads\/2016\/07\/image-32.jpeg?fit=1200%2C797&ssl=1&resize=700%2C400 2x, https:\/\/i0.wp.com\/lyonelkaufmann.ch\/Blog\/wp-content\/uploads\/2016\/07\/image-32.jpeg?fit=1200%2C797&ssl=1&resize=1050%2C600 3x"},"classes":[]},{"id":5027,"url":"https:\/\/lyonelkaufmann.ch\/Blog\/2012\/02\/07\/revue-de-presse-pousser-plus-loin-les-murs-de-la-classe-encore-un-nouvel-etonnant-microcosme\/","url_meta":{"origin":3307,"position":2},"title":"Revue de presse : Pousser plus loin les murs de la classe&#8230; | Encore un nouvel \u00e9tonnant microcosme&#8230;","author":"Lyonel Kaufmann","date":"7 f\u00e9vrier 2012","format":false,"excerpt":"Fran\u00e7ois Lermigeaux, sur son blog, signe hier un billet qui \u00e9voque les bouleversements induits par le num\u00e9rique dans l\u2019espace de la classe. Quelle disposition, quelle organisation\u00a0? Comment faire travailler les \u00e9l\u00e8ves avec chacun un ordinateur ou une tablette, quelle est la place du professeur\u00a0? Quelle posture, quelle m\u00e9diation, quel accompagnement\u00a0?Pousser\u2026","rel":"","context":"Dans &quot;histoire&quot;","block_context":{"text":"histoire","link":"https:\/\/lyonelkaufmann.ch\/Blog\/category\/histoire-2\/"},"img":{"alt_text":"","src":"https:\/\/i0.wp.com\/lyonelkaufmann.ch\/Blog\/wp-content\/uploads\/2015\/03\/blogcafe1.jpg?fit=1024%2C683&ssl=1&resize=350%2C200","width":350,"height":200,"srcset":"https:\/\/i0.wp.com\/lyonelkaufmann.ch\/Blog\/wp-content\/uploads\/2015\/03\/blogcafe1.jpg?fit=1024%2C683&ssl=1&resize=350%2C200 1x, https:\/\/i0.wp.com\/lyonelkaufmann.ch\/Blog\/wp-content\/uploads\/2015\/03\/blogcafe1.jpg?fit=1024%2C683&ssl=1&resize=525%2C300 1.5x, https:\/\/i0.wp.com\/lyonelkaufmann.ch\/Blog\/wp-content\/uploads\/2015\/03\/blogcafe1.jpg?fit=1024%2C683&ssl=1&resize=700%2C400 2x"},"classes":[]},{"id":5455,"url":"https:\/\/lyonelkaufmann.ch\/Blog\/2012\/02\/07\/revue-de-presse-pousser-plus-loin-les-murs-de-la-classe-encore-un-nouvel-etonnant-microcosme-2\/","url_meta":{"origin":3307,"position":3},"title":"Revue de presse : Pousser plus loin les murs de la classe&#8230; | Encore un nouvel \u00e9tonnant microcosme&#8230;","author":"Lyonel Kaufmann","date":"7 f\u00e9vrier 2012","format":false,"excerpt":"Fran\u00e7ois Lermigeaux, sur son blog, signe hier un billet qui \u00e9voque les bouleversements induits par le num\u00e9rique dans l\u2019espace de la classe. Quelle disposition, quelle organisation\u00a0? Comment faire travailler les \u00e9l\u00e8ves avec chacun un ordinateur ou une tablette, quelle est la place du professeur\u00a0? Quelle posture, quelle m\u00e9diation, quel accompagnement\u00a0?Pousser\u2026","rel":"","context":"Dans &quot;L'Expresso&quot;","block_context":{"text":"L'Expresso","link":"https:\/\/lyonelkaufmann.ch\/Blog\/category\/breves\/"},"img":{"alt_text":"","src":"https:\/\/i0.wp.com\/lyonelkaufmann.ch\/Blog\/wp-content\/uploads\/2015\/03\/blogcafe1.jpg?fit=1024%2C683&ssl=1&resize=350%2C200","width":350,"height":200,"srcset":"https:\/\/i0.wp.com\/lyonelkaufmann.ch\/Blog\/wp-content\/uploads\/2015\/03\/blogcafe1.jpg?fit=1024%2C683&ssl=1&resize=350%2C200 1x, https:\/\/i0.wp.com\/lyonelkaufmann.ch\/Blog\/wp-content\/uploads\/2015\/03\/blogcafe1.jpg?fit=1024%2C683&ssl=1&resize=525%2C300 1.5x, https:\/\/i0.wp.com\/lyonelkaufmann.ch\/Blog\/wp-content\/uploads\/2015\/03\/blogcafe1.jpg?fit=1024%2C683&ssl=1&resize=700%2C400 2x"},"classes":[]},{"id":8485,"url":"https:\/\/lyonelkaufmann.ch\/Blog\/2014\/11\/05\/le-film-de-la-semaine-de-lautre-cote-du-mur\/","url_meta":{"origin":3307,"position":4},"title":"Le film de la semaine : De l&rsquo;autre cot\u00e9 du mur","author":"Lyonel Kaufmann","date":"5 novembre 2014","format":false,"excerpt":"Comment rendre vivants le quotidien de la Guerre froide et la s\u00e9paration de l\u2019Allemagne en deux blocs \u2018antinomiques\u2019 ? A l\u2019occasion du vingt-cinqui\u00e8me anniversaire de la chute du mur de Berlin, \u00ab De l\u2019autre c\u00f4t\u00e9 du mur \u00bb de Christian Schwochow, jeune cin\u00e9aste allemand n\u00e9 \u00e0 l\u2019Est, nous donne l\u2019occasion\u2026","rel":"","context":"Dans &quot;histoire&quot;","block_context":{"text":"histoire","link":"https:\/\/lyonelkaufmann.ch\/Blog\/category\/histoire-2\/"},"img":{"alt_text":"","src":"https:\/\/i0.wp.com\/lyonelkaufmann.ch\/Blog\/wp-content\/uploads\/2015\/02\/0511143.jpg?fit=250%2C328&ssl=1&resize=350%2C200","width":350,"height":200},"classes":[]},{"id":2789,"url":"https:\/\/lyonelkaufmann.ch\/Blog\/2009\/04\/09\/entre-les-murs\/","url_meta":{"origin":3307,"position":5},"title":"Entre les murs","author":"Lyonel Kaufmann","date":"9 avril 2009","format":"aside","excerpt":"Compl\u00e9tement bluff\u00e9 par ce film que je viens de voir en DVD tellement j'ai eu l'impression d'avoir affaire \u00e0 un documentaire. Voil\u00e0. J'ai pass\u00e9 ma journ\u00e9e de ce dernier dimanche \u00e0 moto dehors et ma soir\u00e9e entre les murs\u2026 Fran\u00e7ois B\u00e9gaudeau. [\u2026], il faut souligner qu\u2019une fois qu\u2019une sc\u00e8ne avait\u2026","rel":"","context":"Dans &quot;Blogcaf\u00e9&quot;","block_context":{"text":"Blogcaf\u00e9","link":"https:\/\/lyonelkaufmann.ch\/Blog\/category\/blogcafe-2\/"},"img":{"alt_text":"ogQbgaahclxry97aHAHG76vEo1_250.jpg","src":"https:\/\/i0.wp.com\/lyonelkaufmann.ch\/Blog\/wp-content\/uploads\/2009\/04\/ogqbgaahclxry97ahahg76veo1-250.jpg?resize=350%2C200","width":350,"height":200},"classes":[]}],"jetpack_likes_enabled":true,"_links":{"self":[{"href":"https:\/\/lyonelkaufmann.ch\/Blog\/wp-json\/wp\/v2\/posts\/3307","targetHints":{"allow":["GET"]}}],"collection":[{"href":"https:\/\/lyonelkaufmann.ch\/Blog\/wp-json\/wp\/v2\/posts"}],"about":[{"href":"https:\/\/lyonelkaufmann.ch\/Blog\/wp-json\/wp\/v2\/types\/post"}],"author":[{"embeddable":true,"href":"https:\/\/lyonelkaufmann.ch\/Blog\/wp-json\/wp\/v2\/users\/1"}],"replies":[{"embeddable":true,"href":"https:\/\/lyonelkaufmann.ch\/Blog\/wp-json\/wp\/v2\/comments?post=3307"}],"version-history":[{"count":0,"href":"https:\/\/lyonelkaufmann.ch\/Blog\/wp-json\/wp\/v2\/posts\/3307\/revisions"}],"wp:featuredmedia":[{"embeddable":true,"href":"https:\/\/lyonelkaufmann.ch\/Blog\/wp-json\/wp\/v2\/media\/13760"}],"wp:attachment":[{"href":"https:\/\/lyonelkaufmann.ch\/Blog\/wp-json\/wp\/v2\/media?parent=3307"}],"wp:term":[{"taxonomy":"category","embeddable":true,"href":"https:\/\/lyonelkaufmann.ch\/Blog\/wp-json\/wp\/v2\/categories?post=3307"},{"taxonomy":"post_tag","embeddable":true,"href":"https:\/\/lyonelkaufmann.ch\/Blog\/wp-json\/wp\/v2\/tags?post=3307"}],"curies":[{"name":"wp","href":"https:\/\/api.w.org\/{rel}","templated":true}]}}