{"id":3308,"date":"2010-06-04T07:30:02","date_gmt":"2010-06-04T05:30:02","guid":{"rendered":"https:\/\/lyonelkaufmann.ch\/Blog\/?p=3308"},"modified":"2010-06-04T07:30:02","modified_gmt":"2010-06-04T05:30:02","slug":"lemanuelnumerique-fr-kno-le-manuel-scolaire-tactile-et-portable","status":"publish","type":"post","link":"https:\/\/lyonelkaufmann.ch\/Blog\/2010\/06\/04\/lemanuelnumerique-fr-kno-le-manuel-scolaire-tactile-et-portable\/","title":{"rendered":"Kno : le manuel scolaire tactile et portable"},"content":{"rendered":"<p><strong>Kakai est une start-up californienne qui tente de r\u00e9volutionner le num\u00e9rique scolaire avec sa nouvelle tablette tactile \u00e0 deux \u00e9crans et fonctionnant sous OS Linux. L\u2019id\u00e9e est de remplacer l\u2019ensemble des manuels scolaires qu\u2019un \u00e9l\u00e8ve doit transporter chaque jour pour aller \u00e0 l\u2019\u00e9cole, par une seule et unique tablette lui permettant de lire son manuel et de travailler dessus.<\/strong><\/p>\n<p><a href=\"http:\/\/vimeo.com\/moogaloop.swf?clip_id=12223465&#038;server=vimeo.com&#038;show_title=1&#038;show_byline=1&#038;show_portrait=0&#038;color=&#038;fullscreen=1\">http:\/\/vimeo.com\/moogaloop.swf?clip_id=12223465&#038;server=vimeo.com&#038;show_title=1&#038;show_byline=1&#038;show_portrait=0&#038;color=&#038;fullscreen=1<\/a><\/p>\n<p><a href=\"http:\/\/vimeo.com\/12223465\">Kno Movie<\/a> from <a href=\"http:\/\/vimeo.com\/user3952192\">Kno, Inc.<\/a> on <a href=\"http:\/\/vimeo.com\">Vimeo<\/a>.<\/p>\n<p>Pour en savoir plus: <a href=\"http:\/\/lemanuelnumerique.fr\/2010\/06\/kno-le-manuel-scolaire-tactile-et-portable\/\">lemanuelnumerique.fr  \u00bb Kno : le manuel scolaire tactile et portable !<\/a>.<\/p>\n","protected":false},"excerpt":{"rendered":"<p>Kakai est une start-up californienne qui tente de r\u00e9volutionner le num\u00e9rique scolaire avec sa nouvelle tablette tactile \u00e0 deux \u00e9crans et fonctionnant sous OS Linux. L\u2019id\u00e9e est de remplacer l\u2019ensemble des manuels scolaires qu\u2019un \u00e9l\u00e8ve doit transporter chaque jour pour aller \u00e0 l\u2019\u00e9cole, par une seule et unique tablette lui permettant de lire son manuel [&hellip;]<\/p>\n","protected":false},"author":1,"featured_media":13709,"comment_status":"open","ping_status":"open","sticky":false,"template":"","format":"aside","meta":{"_import_markdown_pro_load_document_selector":0,"_import_markdown_pro_submit_text_textarea":"","_genesis_hide_title":false,"_genesis_hide_breadcrumbs":false,"_genesis_hide_singular_image":false,"_genesis_hide_footer_widgets":false,"_genesis_custom_body_class":"","_genesis_custom_post_class":"","_genesis_layout":"","jetpack_post_was_ever_published":false,"_jetpack_newsletter_access":"","_jetpack_dont_email_post_to_subs":false,"_jetpack_newsletter_tier_id":0,"_jetpack_memberships_contains_paywalled_content":false,"_jetpack_memberships_contains_paid_content":false,"activitypub_content_warning":"","activitypub_content_visibility":"","activitypub_max_image_attachments":3,"activitypub_interaction_policy_quote":"anyone","activitypub_status":"","footnotes":"","jetpack_publicize_message":"","jetpack_publicize_feature_enabled":true,"jetpack_social_post_already_shared":true,"jetpack_social_options":{"image_generator_settings":{"template":"fullscreen","default_image_id":0,"font":"","enabled":false},"version":2}},"categories":[3,2],"tags":[],"class_list":{"0":"post-3308","1":"post","2":"type-post","3":"status-publish","4":"format-aside","5":"has-post-thumbnail","7":"category-blogcafe-2","8":"category-histoire-2","9":"post_format-post-format-aside","10":"entry"},"jetpack_publicize_connections":[],"featured_image_src":"https:\/\/i0.wp.com\/lyonelkaufmann.ch\/Blog\/wp-content\/uploads\/2015\/03\/68218791_640.jpg?resize=600%2C357&ssl=1","featured_image_src_square":"https:\/\/i0.wp.com\/lyonelkaufmann.ch\/Blog\/wp-content\/uploads\/2015\/03\/68218791_640.jpg?resize=600%2C357&ssl=1","author_info":{"display_name":"Lyonel Kaufmann","author_link":"https:\/\/lyonelkaufmann.ch\/Blog\/author\/lyonelk\/"},"jetpack_featured_media_url":"https:\/\/i0.wp.com\/lyonelkaufmann.ch\/Blog\/wp-content\/uploads\/2015\/03\/68218791_640.jpg?fit=640%2C357&ssl=1","jetpack_sharing_enabled":true,"jetpack_shortlink":"https:\/\/wp.me\/p1qtF4-Rm","jetpack-related-posts":[{"id":1877,"url":"https:\/\/lyonelkaufmann.ch\/Blog\/2010\/01\/14\/guide-2010-limanuel-a-portee-de-main-par-coursemart\/","url_meta":{"origin":3308,"position":0},"title":"Guide 2010: l&rsquo;iManuel a port\u00e9e de main par CourseSmart","author":"Lyonel Kaufmann","date":"14 janvier 2010","format":false,"excerpt":"En ce d\u00e9but 2010, plut\u00f4t que de bonnes r\u00e9solutions, je me propose de m\u2019attarder sur quelques tendances, opinions, r\u00e9flexions relatives \u00e0 l\u2019emploi des m\u00e9dia et technologies en milieu scolaire. A vous ensuite de trier, de vous faire un avis et\/ou de prolonger. Cet \u00e9t\u00e9, CourseSmart, l\u2019un de leaders de la\u2026","rel":"","context":"Dans &quot;histoire&quot;","block_context":{"text":"histoire","link":"https:\/\/lyonelkaufmann.ch\/Blog\/category\/histoire-2\/"},"img":{"alt_text":"","src":"https:\/\/i0.wp.com\/lyonelkaufmann.ch\/Blog\/wp-content\/uploads\/2015\/03\/071.jpg?fit=480%2C360&ssl=1&resize=350%2C200","width":350,"height":200},"classes":[]},{"id":5047,"url":"https:\/\/lyonelkaufmann.ch\/Blog\/2012\/02\/16\/revue-de-presse-des-manuels-scolaires-numeriques-a-lecole-oui-mais-comment-pedagotic\/","url_meta":{"origin":3308,"position":1},"title":"Revue de presse : Des manuels scolaires num\u00e9riques \u00e0 l&rsquo;\u00e9cole&#8230; Oui, mais comment? &#8211; P\u00e9dagoTIC","author":"Lyonel Kaufmann","date":"16 f\u00e9vrier 2012","format":false,"excerpt":"\u00c7a fait plusieurs fois que des gens autour de P. Giroux parlent (ou \u00e9crivent) qu'il faut des iPad pour profiter\/cr\u00e9er\/utiliser\/introduire des manuels scolaires num\u00e9riques \u00e0 l'\u00e9cole! Pour lui, on fait donc un lien entre deux choses en supposant ou laissant entendre que l'un permettra ou est n\u00e9cessaire \u00e0 l'autre. Or,\u2026","rel":"","context":"Dans &quot;histoire&quot;","block_context":{"text":"histoire","link":"https:\/\/lyonelkaufmann.ch\/Blog\/category\/histoire-2\/"},"img":{"alt_text":"","src":"https:\/\/i0.wp.com\/lyonelkaufmann.ch\/Blog\/wp-content\/uploads\/2015\/03\/blogcafe1.jpg?fit=1024%2C683&ssl=1&resize=350%2C200","width":350,"height":200,"srcset":"https:\/\/i0.wp.com\/lyonelkaufmann.ch\/Blog\/wp-content\/uploads\/2015\/03\/blogcafe1.jpg?fit=1024%2C683&ssl=1&resize=350%2C200 1x, https:\/\/i0.wp.com\/lyonelkaufmann.ch\/Blog\/wp-content\/uploads\/2015\/03\/blogcafe1.jpg?fit=1024%2C683&ssl=1&resize=525%2C300 1.5x, https:\/\/i0.wp.com\/lyonelkaufmann.ch\/Blog\/wp-content\/uploads\/2015\/03\/blogcafe1.jpg?fit=1024%2C683&ssl=1&resize=700%2C400 2x"},"classes":[]},{"id":5499,"url":"https:\/\/lyonelkaufmann.ch\/Blog\/2012\/02\/16\/revue-de-presse-des-manuels-scolaires-numeriques-a-lecole-oui-mais-comment-pedagotic-2\/","url_meta":{"origin":3308,"position":2},"title":"Revue de presse : Des manuels scolaires num\u00e9riques \u00e0 l&rsquo;\u00e9cole&#8230; Oui, mais comment? &#8211; P\u00e9dagoTIC","author":"Lyonel Kaufmann","date":"16 f\u00e9vrier 2012","format":false,"excerpt":"\u00c7a fait plusieurs fois que des gens autour de P. Giroux parlent (ou \u00e9crivent) qu'il faut des iPad pour profiter\/cr\u00e9er\/utiliser\/introduire des manuels scolaires num\u00e9riques \u00e0 l'\u00e9cole! Pour lui, on fait donc un lien entre deux choses en supposant ou laissant entendre que l'un permettra ou est n\u00e9cessaire \u00e0 l'autre. Or,\u2026","rel":"","context":"Dans &quot;L'Expresso&quot;","block_context":{"text":"L'Expresso","link":"https:\/\/lyonelkaufmann.ch\/Blog\/category\/breves\/"},"img":{"alt_text":"","src":"https:\/\/i0.wp.com\/lyonelkaufmann.ch\/Blog\/wp-content\/uploads\/2015\/03\/blogcafe1.jpg?fit=1024%2C683&ssl=1&resize=350%2C200","width":350,"height":200,"srcset":"https:\/\/i0.wp.com\/lyonelkaufmann.ch\/Blog\/wp-content\/uploads\/2015\/03\/blogcafe1.jpg?fit=1024%2C683&ssl=1&resize=350%2C200 1x, https:\/\/i0.wp.com\/lyonelkaufmann.ch\/Blog\/wp-content\/uploads\/2015\/03\/blogcafe1.jpg?fit=1024%2C683&ssl=1&resize=525%2C300 1.5x, https:\/\/i0.wp.com\/lyonelkaufmann.ch\/Blog\/wp-content\/uploads\/2015\/03\/blogcafe1.jpg?fit=1024%2C683&ssl=1&resize=700%2C400 2x"},"classes":[]},{"id":5271,"url":"https:\/\/lyonelkaufmann.ch\/Blog\/2012\/04\/11\/revue-de-presse-lincidence-dapple-sur-les-manuels-scolaires-numeriques-actualitte\/","url_meta":{"origin":3308,"position":3},"title":"Revue de presse : L&rsquo;incidence d&rsquo;Apple sur les manuels scolaires num\u00e9riques | ActuaLitt\u00e9","author":"Lyonel Kaufmann","date":"11 avril 2012","format":false,"excerpt":"Le lancement cette ann\u00e9e de l'iPad 3, et quelques semaines plus t\u00f4t, de la version 2 de l'application iBooks a marqu\u00e9 la volont\u00e9 d'Apple de prendre part \u00e0 l'environnement scolaire. WorldWideLearn, une soci\u00e9t\u00e9 sp\u00e9cialis\u00e9e dans les nouvelles technologies de l'\u00e9ducation, vient de proposer un aper\u00e7u infographique de ce qu'Apple a\u2026","rel":"","context":"Dans &quot;histoire&quot;","block_context":{"text":"histoire","link":"https:\/\/lyonelkaufmann.ch\/Blog\/category\/histoire-2\/"},"img":{"alt_text":"","src":"https:\/\/i0.wp.com\/lyonelkaufmann.ch\/Blog\/wp-content\/uploads\/2015\/03\/blogcafe1.jpg?fit=1024%2C683&ssl=1&resize=350%2C200","width":350,"height":200,"srcset":"https:\/\/i0.wp.com\/lyonelkaufmann.ch\/Blog\/wp-content\/uploads\/2015\/03\/blogcafe1.jpg?fit=1024%2C683&ssl=1&resize=350%2C200 1x, https:\/\/i0.wp.com\/lyonelkaufmann.ch\/Blog\/wp-content\/uploads\/2015\/03\/blogcafe1.jpg?fit=1024%2C683&ssl=1&resize=525%2C300 1.5x, https:\/\/i0.wp.com\/lyonelkaufmann.ch\/Blog\/wp-content\/uploads\/2015\/03\/blogcafe1.jpg?fit=1024%2C683&ssl=1&resize=700%2C400 2x"},"classes":[]},{"id":3793,"url":"https:\/\/lyonelkaufmann.ch\/Blog\/2010\/10\/19\/manuel-scolaire-ou-support-dapprentissage\/","url_meta":{"origin":3308,"position":4},"title":"Manuel scolaire ou support d\u2019apprentissage ?","author":"Lyonel Kaufmann","date":"19 octobre 2010","format":"aside","excerpt":"via Veille et Analyse TICEN\u2019y aurait-il que le livre comme support pour les apprentissages ? C\u2019est le d\u00e9sarroi d\u2019un chef ... Read More >>","rel":"","context":"Dans &quot;L'Expresso&quot;","block_context":{"text":"L'Expresso","link":"https:\/\/lyonelkaufmann.ch\/Blog\/category\/breves\/"},"img":{"alt_text":"","src":"https:\/\/i0.wp.com\/lyonelkaufmann.ch\/Blog\/wp-content\/uploads\/2015\/03\/blogcafe1.jpg?fit=1024%2C683&ssl=1&resize=350%2C200","width":350,"height":200,"srcset":"https:\/\/i0.wp.com\/lyonelkaufmann.ch\/Blog\/wp-content\/uploads\/2015\/03\/blogcafe1.jpg?fit=1024%2C683&ssl=1&resize=350%2C200 1x, https:\/\/i0.wp.com\/lyonelkaufmann.ch\/Blog\/wp-content\/uploads\/2015\/03\/blogcafe1.jpg?fit=1024%2C683&ssl=1&resize=525%2C300 1.5x, https:\/\/i0.wp.com\/lyonelkaufmann.ch\/Blog\/wp-content\/uploads\/2015\/03\/blogcafe1.jpg?fit=1024%2C683&ssl=1&resize=700%2C400 2x"},"classes":[]},{"id":341,"url":"https:\/\/lyonelkaufmann.ch\/Blog\/2008\/08\/24\/kindle-est-il-lavenir-des-manuels-scolaires\/","url_meta":{"origin":3308,"position":5},"title":"Kindle est-il l&rsquo;avenir des manuels scolaires?","author":"Lyonel Kaufmann","date":"24 ao\u00fbt 2008","format":false,"excerpt":"Amazon r\u00e9inventera-t-il les manuels scolaires avec son mod\u00e8le Kindle con\u00e7u pour les coll\u00e8ge et les universit\u00e9s am\u00e9ricaines? Ce week-end Amazon a confirm\u00e9 les rumeurs qui \u00e9voquait la sortie d'un nouveau mod\u00e8le Kindle \u00e0 destination des coll\u00e8ges et universit\u00e9 am\u00e9ricaines. Ce march\u00e9 de manuels est estim\u00e9 \u00e0 5,5 milliards de $\u2026","rel":"","context":"Dans &quot;histoire&quot;","block_context":{"text":"histoire","link":"https:\/\/lyonelkaufmann.ch\/Blog\/category\/histoire-2\/"},"img":{"alt_text":"kindle-pile.png","src":"https:\/\/i0.wp.com\/lyonelkaufmann.ch\/histoire\/wp-content\/uploads\/2008\/08\/kindle-pile.png?resize=350%2C200","width":350,"height":200},"classes":[]}],"jetpack_likes_enabled":true,"_links":{"self":[{"href":"https:\/\/lyonelkaufmann.ch\/Blog\/wp-json\/wp\/v2\/posts\/3308","targetHints":{"allow":["GET"]}}],"collection":[{"href":"https:\/\/lyonelkaufmann.ch\/Blog\/wp-json\/wp\/v2\/posts"}],"about":[{"href":"https:\/\/lyonelkaufmann.ch\/Blog\/wp-json\/wp\/v2\/types\/post"}],"author":[{"embeddable":true,"href":"https:\/\/lyonelkaufmann.ch\/Blog\/wp-json\/wp\/v2\/users\/1"}],"replies":[{"embeddable":true,"href":"https:\/\/lyonelkaufmann.ch\/Blog\/wp-json\/wp\/v2\/comments?post=3308"}],"version-history":[{"count":0,"href":"https:\/\/lyonelkaufmann.ch\/Blog\/wp-json\/wp\/v2\/posts\/3308\/revisions"}],"wp:featuredmedia":[{"embeddable":true,"href":"https:\/\/lyonelkaufmann.ch\/Blog\/wp-json\/wp\/v2\/media\/13709"}],"wp:attachment":[{"href":"https:\/\/lyonelkaufmann.ch\/Blog\/wp-json\/wp\/v2\/media?parent=3308"}],"wp:term":[{"taxonomy":"category","embeddable":true,"href":"https:\/\/lyonelkaufmann.ch\/Blog\/wp-json\/wp\/v2\/categories?post=3308"},{"taxonomy":"post_tag","embeddable":true,"href":"https:\/\/lyonelkaufmann.ch\/Blog\/wp-json\/wp\/v2\/tags?post=3308"}],"curies":[{"name":"wp","href":"https:\/\/api.w.org\/{rel}","templated":true}]}}