{"id":3312,"date":"2010-11-18T13:36:16","date_gmt":"2010-11-18T12:36:16","guid":{"rendered":"http:\/\/lyonelkaufmann.ch\/histoire\/?p=3312"},"modified":"2010-11-18T13:36:16","modified_gmt":"2010-11-18T12:36:16","slug":"operation-ipad-dans-le-departement-de-la-correze-une-operation-de-communication","status":"publish","type":"post","link":"https:\/\/lyonelkaufmann.ch\/Blog\/2010\/11\/18\/operation-ipad-dans-le-departement-de-la-correze-une-operation-de-communication\/","title":{"rendered":"Op\u00e9ration iPad dans le d\u00e9partement de la Correze : une op\u00e9ration de communication?"},"content":{"rendered":"<p>L&rsquo;annonce est tomb\u00e9e ce week-end sur une d\u00e9p\u00eache AFP reprise par les principaux m\u00e9dias fran\u00e7ais, pour la plupart sans explication, notant seulement le montant du march\u00e9 d\u00e9croch\u00e9 par Apple et le nombre impressionnant denseignants et d\u00e9l\u00e8ves concern\u00e9s :<\/p>\n<blockquote><p>\u00abLa Corr\u00e8ze \u00e9quipe en iPad 3 300 coll\u00e9giens et enseignants : 2500 coll\u00e9giens de sixi\u00e8me et 800 enseignants corr\u00e9ziens disposeront dici la fin de l&rsquo;ann\u00e9e d&rsquo;un iPad muni de logiciels \u00e9ducatifs. A cette \u00ab exp\u00e9rimentation \u00bb, le conseil g\u00e9n\u00e9ral de Corr\u00e8ze alloue 1,5 million d&rsquo;euros indique l&rsquo;AFP\u00bb.<\/p><\/blockquote>\n<p>La r\u00e9daction de Ludovia magazine a enqu\u00eat\u00e9 pour en savoir plus : <a href='http:\/\/www.ludovia.com\/news-96-697.html'>LUDOVIA TV: Op\u00e9ration iPad dans le d\u00e9partement de la Correze : une op\u00e9ration de communication ?<\/a>.<\/p>\n","protected":false},"excerpt":{"rendered":"<p>L&rsquo;annonce est tomb\u00e9e ce week-end sur une d\u00e9p\u00eache AFP reprise par les principaux m\u00e9dias fran\u00e7ais, pour la plupart sans explication, notant seulement le montant du march\u00e9 d\u00e9croch\u00e9 par Apple et le nombre impressionnant denseignants et d\u00e9l\u00e8ves concern\u00e9s : \u00abLa Corr\u00e8ze \u00e9quipe en iPad 3 300 coll\u00e9giens et enseignants : 2500 coll\u00e9giens de sixi\u00e8me et 800 [&hellip;]<\/p>\n","protected":false},"author":1,"featured_media":14680,"comment_status":"open","ping_status":"open","sticky":false,"template":"","format":"standard","meta":{"_import_markdown_pro_load_document_selector":0,"_import_markdown_pro_submit_text_textarea":"","_genesis_hide_title":false,"_genesis_hide_breadcrumbs":false,"_genesis_hide_singular_image":false,"_genesis_hide_footer_widgets":false,"_genesis_custom_body_class":"","_genesis_custom_post_class":"","_genesis_layout":"","jetpack_post_was_ever_published":false,"_jetpack_newsletter_access":"","_jetpack_dont_email_post_to_subs":false,"_jetpack_newsletter_tier_id":0,"_jetpack_memberships_contains_paywalled_content":false,"_jetpack_memberships_contains_paid_content":false,"activitypub_content_warning":"","activitypub_content_visibility":"","activitypub_max_image_attachments":3,"activitypub_interaction_policy_quote":"anyone","activitypub_status":"","footnotes":"","jetpack_publicize_message":"","jetpack_publicize_feature_enabled":true,"jetpack_social_post_already_shared":true,"jetpack_social_options":{"image_generator_settings":{"template":"fullscreen","default_image_id":0,"font":"","enabled":false},"version":2}},"categories":[2],"tags":[],"class_list":{"0":"post-3312","1":"post","2":"type-post","3":"status-publish","4":"format-standard","5":"has-post-thumbnail","7":"category-histoire-2","8":"entry"},"jetpack_publicize_connections":[],"featured_image_src":"https:\/\/i0.wp.com\/lyonelkaufmann.ch\/Blog\/wp-content\/uploads\/2015\/03\/blogcafe1.jpg?resize=600%2C400&ssl=1","featured_image_src_square":"https:\/\/i0.wp.com\/lyonelkaufmann.ch\/Blog\/wp-content\/uploads\/2015\/03\/blogcafe1.jpg?resize=600%2C600&ssl=1","author_info":{"display_name":"Lyonel Kaufmann","author_link":"https:\/\/lyonelkaufmann.ch\/Blog\/author\/lyonelk\/"},"jetpack_featured_media_url":"https:\/\/i0.wp.com\/lyonelkaufmann.ch\/Blog\/wp-content\/uploads\/2015\/03\/blogcafe1.jpg?fit=1024%2C683&ssl=1","jetpack_sharing_enabled":true,"jetpack_shortlink":"https:\/\/wp.me\/p1qtF4-Rq","jetpack-related-posts":[{"id":3124,"url":"https:\/\/lyonelkaufmann.ch\/Blog\/2010\/08\/22\/sur-la-route-de-ludovia\/","url_meta":{"origin":3312,"position":0},"title":"Sur la route de Ludovia : jour 1","author":"Lyonel Kaufmann","date":"22 ao\u00fbt 2010","format":false,"excerpt":"C'\u00e9tait donc aujourd'hui le signal du d\u00e9part pour Ludovia puisque j'ai choisi de joindre l'utile \u00e0 l'agr\u00e9able en choisissant de m'y rendre \u00e0 moto. Histoire aussi de complexifier la question de l'\u00e9ducation nomade! A l'heure du d\u00e9part Nouveau concept de MotoBus pour compl\u00e9ter l'offre du M\u00e9diaBus de la HEP Vaud?\u2026","rel":"","context":"Dans &quot;histoire&quot;","block_context":{"text":"histoire","link":"https:\/\/lyonelkaufmann.ch\/Blog\/category\/histoire-2\/"},"img":{"alt_text":"","src":"https:\/\/i0.wp.com\/lyonelkaufmann.ch\/Blog\/wp-content\/uploads\/2015\/03\/p_700_525_AB7B0E74-FEB3-48B7-9614-D04287194966.jpeg.jpg?fit=480%2C640&ssl=1&resize=350%2C200","width":350,"height":200},"classes":[]},{"id":5384,"url":"https:\/\/lyonelkaufmann.ch\/Blog\/2012\/05\/11\/enferme-limite-mais-utilise-veille-et-analyse-tice\/","url_meta":{"origin":3312,"position":1},"title":"Enferm\u00e9, limit\u00e9, mais utilis\u00e9\u2026. | Veille et Analyse TICE","author":"Lyonel Kaufmann","date":"11 mai 2012","format":false,"excerpt":"Bruno Devauchelle nous gratifie \u00e0 nouveau d'un excellent article relativement \u00e0 l'int\u00e9gration des TICE \u00e0 l'\u00e9cole. Son point de d\u00e9part est la lecture du rapport fait par l\u2019inspection g\u00e9n\u00e9rale sur l\u2019exp\u00e9rience de Corr\u00e8ze ((http:\/\/www.ordicollege.cg19.fr\/index.php?option=com_content&view=frontpage&Itemid=2))\u00a0 et plus g\u00e9n\u00e9ralement des exp\u00e9riences des utilisateurs des TIC en classe. Il en ressort que la\u2026","rel":"","context":"Dans &quot;histoire&quot;","block_context":{"text":"histoire","link":"https:\/\/lyonelkaufmann.ch\/Blog\/category\/histoire-2\/"},"img":{"alt_text":"","src":"https:\/\/i0.wp.com\/lyonelkaufmann.ch\/Blog\/wp-content\/uploads\/2015\/03\/blogcafe1.jpg?fit=1024%2C683&ssl=1&resize=350%2C200","width":350,"height":200,"srcset":"https:\/\/i0.wp.com\/lyonelkaufmann.ch\/Blog\/wp-content\/uploads\/2015\/03\/blogcafe1.jpg?fit=1024%2C683&ssl=1&resize=350%2C200 1x, https:\/\/i0.wp.com\/lyonelkaufmann.ch\/Blog\/wp-content\/uploads\/2015\/03\/blogcafe1.jpg?fit=1024%2C683&ssl=1&resize=525%2C300 1.5x, https:\/\/i0.wp.com\/lyonelkaufmann.ch\/Blog\/wp-content\/uploads\/2015\/03\/blogcafe1.jpg?fit=1024%2C683&ssl=1&resize=700%2C400 2x"},"classes":[]},{"id":4359,"url":"https:\/\/lyonelkaufmann.ch\/Blog\/2011\/11\/26\/revue-de-presse-25-novembre-2011\/","url_meta":{"origin":3312,"position":2},"title":"Revue de presse : iPad et enseignement (25 novembre 2011)","author":"Lyonel Kaufmann","date":"26 novembre 2011","format":false,"excerpt":"iPad et enseignement : retour d\u2019exp\u00e9rience | Tablette-tactile.net - Adopter une (nouvelle) technologie, c\u2019est la savoir valid\u00e9e par ses pairs. Les tablettes num\u00e9riques connaissent un essor au sein des universit\u00e9s et demeurent pourtant encore peu utilis\u00e9es. Cet article traite de l\u2019usage de l\u2019iPad, en tant qu\u2019enseignant universitaire et constitue un\u2026","rel":"","context":"Dans &quot;histoire&quot;","block_context":{"text":"histoire","link":"https:\/\/lyonelkaufmann.ch\/Blog\/category\/histoire-2\/"},"img":{"alt_text":"","src":"https:\/\/i0.wp.com\/lyonelkaufmann.ch\/Blog\/wp-content\/uploads\/2015\/03\/blogcafe1.jpg?fit=1024%2C683&ssl=1&resize=350%2C200","width":350,"height":200,"srcset":"https:\/\/i0.wp.com\/lyonelkaufmann.ch\/Blog\/wp-content\/uploads\/2015\/03\/blogcafe1.jpg?fit=1024%2C683&ssl=1&resize=350%2C200 1x, https:\/\/i0.wp.com\/lyonelkaufmann.ch\/Blog\/wp-content\/uploads\/2015\/03\/blogcafe1.jpg?fit=1024%2C683&ssl=1&resize=525%2C300 1.5x, https:\/\/i0.wp.com\/lyonelkaufmann.ch\/Blog\/wp-content\/uploads\/2015\/03\/blogcafe1.jpg?fit=1024%2C683&ssl=1&resize=700%2C400 2x"},"classes":[]},{"id":7360,"url":"https:\/\/lyonelkaufmann.ch\/Blog\/2013\/08\/24\/en-ludovia-2013-imaginaire-et-promesses-du-numerique\/","url_meta":{"origin":3312,"position":3},"title":"En #Ludovia2013 : \u00a0\u00bb Imaginaire et promesses du num\u00e9rique\u00a0\u00bb","author":"Lyonel Kaufmann","date":"24 ao\u00fbt 2013","format":false,"excerpt":"En 2010, j\u2019ai eu la chance de participer \u00e0 Ludovia, l\u2019Universit\u00e9 d\u2019\u00e9t\u00e9 organis\u00e9e par le Conseil g\u00e9n\u00e9ral de l\u2019Arri\u00e8ge \u00e0 Ax-les-Therme et consacr\u00e9e aux technologies dans l\u2019enseignement. En 2011 et 2012, mes nouvelles fonctions m\u2019ont amen\u00e9 \u00e0 renoncer \u00e0 ce d\u00e9placement. En 2013 pour la 10e \u00e9dition, j'y retourne \u00e0\u2026","rel":"","context":"Dans &quot;histoire&quot;","block_context":{"text":"histoire","link":"https:\/\/lyonelkaufmann.ch\/Blog\/category\/histoire-2\/"},"img":{"alt_text":"ludovia2013","src":"https:\/\/i0.wp.com\/lyonelkaufmann.ch\/histoire\/wp-content\/uploads\/2013\/08\/ludovia2013.png?resize=350%2C200","width":350,"height":200,"srcset":"https:\/\/i0.wp.com\/lyonelkaufmann.ch\/histoire\/wp-content\/uploads\/2013\/08\/ludovia2013.png?resize=350%2C200 1x, https:\/\/i0.wp.com\/lyonelkaufmann.ch\/histoire\/wp-content\/uploads\/2013\/08\/ludovia2013.png?resize=525%2C300 1.5x"},"classes":[]},{"id":7950,"url":"https:\/\/lyonelkaufmann.ch\/Blog\/2014\/04\/06\/ipads-for-teaching\/","url_meta":{"origin":3312,"position":4},"title":"iPads for Teaching","author":"Lyonel Kaufmann","date":"6 avril 2014","format":false,"excerpt":"See on Scoop.it - M\u00e9dias sociaux et enseignement Welcome to my iPads4teaching site! These pages will provide you with tips, tricks and resources for teaching and learning with the iPad.\u00a0 You can find extensive information about Bloom's and iPads... Lyonel Kaufmann's insight:Guide concernant l'utilisation de l'iPad (ou d'une tablette) en\u2026","rel":"","context":"Dans &quot;histoire&quot;","block_context":{"text":"histoire","link":"https:\/\/lyonelkaufmann.ch\/Blog\/category\/histoire-2\/"},"img":{"alt_text":"","src":"https:\/\/i0.wp.com\/lyonelkaufmann.ch\/Blog\/wp-content\/uploads\/2015\/03\/cUPxBB8WUwEfCkcIcWoJ_zl72eJkfbmt4t8yenImKBXEejxNn4ZJNZ2ss5Ku7Cxt.jpg?fit=500%2C206&ssl=1&resize=350%2C200","width":350,"height":200},"classes":[]},{"id":3133,"url":"https:\/\/lyonelkaufmann.ch\/Blog\/2010\/08\/25\/en-ludovia-ma-premiere-journee-24-aout\/","url_meta":{"origin":3312,"position":5},"title":"En Ludovia : ma premi\u00e8re journ\u00e9e (24 ao\u00fbt)","author":"Lyonel Kaufmann","date":"25 ao\u00fbt 2010","format":false,"excerpt":"Tout a d\u00e9marr\u00e9 avec le colloque scientifique \"Interactions\/Interactivit\u00e9s\" avec trois interventions d'universitaires dont 2 s\u00e9mioticiens. Pendant que quelques blogueurs en \u00e9taient encore \u00e0 boire le caf\u00e9, Philippe Dumas nous demandait si nous voulions \u00eatre amis. Il ne nous a pas laiss\u00e9 r\u00e9pondre... En r\u00e9sum\u00e9 donc beaucoup de peine de la\u2026","rel":"","context":"Dans &quot;histoire&quot;","block_context":{"text":"histoire","link":"https:\/\/lyonelkaufmann.ch\/Blog\/category\/histoire-2\/"},"img":{"alt_text":"","src":"https:\/\/i0.wp.com\/lyonelkaufmann.ch\/Blog\/wp-content\/uploads\/2015\/03\/blogcafe1.jpg?fit=1024%2C683&ssl=1&resize=350%2C200","width":350,"height":200,"srcset":"https:\/\/i0.wp.com\/lyonelkaufmann.ch\/Blog\/wp-content\/uploads\/2015\/03\/blogcafe1.jpg?fit=1024%2C683&ssl=1&resize=350%2C200 1x, https:\/\/i0.wp.com\/lyonelkaufmann.ch\/Blog\/wp-content\/uploads\/2015\/03\/blogcafe1.jpg?fit=1024%2C683&ssl=1&resize=525%2C300 1.5x, https:\/\/i0.wp.com\/lyonelkaufmann.ch\/Blog\/wp-content\/uploads\/2015\/03\/blogcafe1.jpg?fit=1024%2C683&ssl=1&resize=700%2C400 2x"},"classes":[]}],"jetpack_likes_enabled":true,"_links":{"self":[{"href":"https:\/\/lyonelkaufmann.ch\/Blog\/wp-json\/wp\/v2\/posts\/3312","targetHints":{"allow":["GET"]}}],"collection":[{"href":"https:\/\/lyonelkaufmann.ch\/Blog\/wp-json\/wp\/v2\/posts"}],"about":[{"href":"https:\/\/lyonelkaufmann.ch\/Blog\/wp-json\/wp\/v2\/types\/post"}],"author":[{"embeddable":true,"href":"https:\/\/lyonelkaufmann.ch\/Blog\/wp-json\/wp\/v2\/users\/1"}],"replies":[{"embeddable":true,"href":"https:\/\/lyonelkaufmann.ch\/Blog\/wp-json\/wp\/v2\/comments?post=3312"}],"version-history":[{"count":0,"href":"https:\/\/lyonelkaufmann.ch\/Blog\/wp-json\/wp\/v2\/posts\/3312\/revisions"}],"wp:featuredmedia":[{"embeddable":true,"href":"https:\/\/lyonelkaufmann.ch\/Blog\/wp-json\/wp\/v2\/media\/14680"}],"wp:attachment":[{"href":"https:\/\/lyonelkaufmann.ch\/Blog\/wp-json\/wp\/v2\/media?parent=3312"}],"wp:term":[{"taxonomy":"category","embeddable":true,"href":"https:\/\/lyonelkaufmann.ch\/Blog\/wp-json\/wp\/v2\/categories?post=3312"},{"taxonomy":"post_tag","embeddable":true,"href":"https:\/\/lyonelkaufmann.ch\/Blog\/wp-json\/wp\/v2\/tags?post=3312"}],"curies":[{"name":"wp","href":"https:\/\/api.w.org\/{rel}","templated":true}]}}