{"id":3313,"date":"2010-06-14T16:34:24","date_gmt":"2010-06-14T14:34:24","guid":{"rendered":"https:\/\/lyonelkaufmann.ch\/Blog\/?p=3313"},"modified":"2010-06-14T16:34:24","modified_gmt":"2010-06-14T14:34:24","slug":"aegidius-tschudi-1505-1572-pere-de-lhistoire-suisse","status":"publish","type":"post","link":"https:\/\/lyonelkaufmann.ch\/Blog\/2010\/06\/14\/aegidius-tschudi-1505-1572-pere-de-lhistoire-suisse\/","title":{"rendered":"Aegidius Tschudi (1505-1572) : P\u00e8re de l&rsquo;histoire suisse"},"content":{"rendered":"<p style=\"text-align:center;\"><a href=\"http:\/\/fr.wikipedia.org\/wiki\/Historiographie_de_la_Suisse\"><img data-recalc-dims=\"1\" decoding=\"async\" src=\"https:\/\/i0.wp.com\/lyonelkaufmann.ch\/Blog\/wp-content\/uploads\/2010\/06\/220px-AegidusTschudi.jpg\" alt=\"Aegidius Tschudi (1505-1572)\" \/><\/a><\/p>\n<p><span style=\"font-family:sans-serif;\"><strong>Homme politique, diplomate, g\u00e9ographe et historien\u00a0suisse, Aegidius Tschudi\u00a0est consid\u00e9r\u00e9 comme le p\u00e8re de l&rsquo;histoire suisse.<\/strong><\/span><\/p>\n<p><span style=\"font-family:sans-serif;\">Le\u00a0glaronais Aegidius Tschud<a class=\"mw-redirect\" style=\"text-decoration:none;color:#0645ad;background-image:none;background-attachment:initial;background-origin:initial;background-clip:initial;background-color:initial;background-position:initial initial;background-repeat:initial initial;\" title=\"Aegidius Tschudi\" href=\"http:\/\/fr.wikipedia.org\/wiki\/Aegidius_Tschudi\">i<\/a> est l&rsquo;auteur en 1569 d&rsquo;une <em>Chronicon Helveticum<\/em> compos\u00e9e d&rsquo;un millier de documents retra\u00e7ant l&rsquo;histoire du pays de l&rsquo;antiquit\u00e9 jusqu&rsquo;\u00e0 son \u00e9poque. Cet ouvrage ne sera toutefois pas imprim\u00e9 avant 1734, soit pr\u00e8s de 200 ans apr\u00e8s sa r\u00e9daction.<\/span><\/p>\n<p><span style=\"font-family:sans-serif;\"> <\/span><\/p>\n<p style=\"line-height:1.5em;margin:.4em 0 .5em;\">Ses travaux, sans perdre de leur valeur, ont cependant \u00e9t\u00e9 largement corrig\u00e9s par des \u00e9tudes r\u00e9centes. Il aurait \u00e9galement falsifi\u00e9 certaines inscriptions latines dans le but de repousser les origines de sa propre famille\u00a0aux d\u00e9buts de l&rsquo;histoire de la\u00a0Conf\u00e9d\u00e9ration helv\u00e9tique\u00a0et de Glaris.<\/p>\n<p><strong>Source:<\/strong> <a href=\"http:\/\/fr.wikipedia.org\/wiki\/Historiographie_de_la_Suisse\">Historiographie de la Suisse &#8211; Wikip\u00e9dia<\/a>.<\/p>\n","protected":false},"excerpt":{"rendered":"<p>Homme politique, diplomate, g\u00e9ographe et historien\u00a0suisse, Aegidius Tschudi\u00a0est consid\u00e9r\u00e9 comme le p\u00e8re de l&rsquo;histoire suisse. Le\u00a0glaronais Aegidius Tschudi est l&rsquo;auteur en 1569 d&rsquo;une Chronicon Helveticum compos\u00e9e d&rsquo;un millier de documents retra\u00e7ant l&rsquo;histoire du pays de l&rsquo;antiquit\u00e9 jusqu&rsquo;\u00e0 son \u00e9poque. Cet ouvrage ne sera toutefois pas imprim\u00e9 avant 1734, soit pr\u00e8s de 200 ans apr\u00e8s sa [&hellip;]<\/p>\n","protected":false},"author":1,"featured_media":13710,"comment_status":"open","ping_status":"open","sticky":false,"template":"","format":"aside","meta":{"_import_markdown_pro_load_document_selector":0,"_import_markdown_pro_submit_text_textarea":"","_genesis_hide_title":false,"_genesis_hide_breadcrumbs":false,"_genesis_hide_singular_image":false,"_genesis_hide_footer_widgets":false,"_genesis_custom_body_class":"","_genesis_custom_post_class":"","_genesis_layout":"","jetpack_post_was_ever_published":false,"_jetpack_newsletter_access":"","_jetpack_dont_email_post_to_subs":false,"_jetpack_newsletter_tier_id":0,"_jetpack_memberships_contains_paywalled_content":false,"_jetpack_memberships_contains_paid_content":false,"activitypub_content_warning":"","activitypub_content_visibility":"","activitypub_max_image_attachments":3,"activitypub_interaction_policy_quote":"anyone","activitypub_status":"","footnotes":"","jetpack_publicize_message":"","jetpack_publicize_feature_enabled":true,"jetpack_social_post_already_shared":true,"jetpack_social_options":{"image_generator_settings":{"template":"fullscreen","default_image_id":0,"font":"","enabled":false},"version":2}},"categories":[3,2],"tags":[],"class_list":{"0":"post-3313","1":"post","2":"type-post","3":"status-publish","4":"format-aside","5":"has-post-thumbnail","7":"category-blogcafe-2","8":"category-histoire-2","9":"post_format-post-format-aside","10":"entry"},"jetpack_publicize_connections":[],"featured_image_src":"https:\/\/i0.wp.com\/lyonelkaufmann.ch\/Blog\/wp-content\/uploads\/2015\/03\/220px-AegidusTschudi.jpg?resize=220%2C344&ssl=1","featured_image_src_square":"https:\/\/i0.wp.com\/lyonelkaufmann.ch\/Blog\/wp-content\/uploads\/2015\/03\/220px-AegidusTschudi.jpg?resize=220%2C344&ssl=1","author_info":{"display_name":"Lyonel Kaufmann","author_link":"https:\/\/lyonelkaufmann.ch\/Blog\/author\/lyonelk\/"},"jetpack_featured_media_url":"https:\/\/i0.wp.com\/lyonelkaufmann.ch\/Blog\/wp-content\/uploads\/2015\/03\/220px-AegidusTschudi.jpg?fit=220%2C344&ssl=1","jetpack_sharing_enabled":true,"jetpack_shortlink":"https:\/\/wp.me\/p1qtF4-Rr","jetpack-related-posts":[{"id":2824,"url":"https:\/\/lyonelkaufmann.ch\/Blog\/2010\/05\/09\/quelle-place-pour-le-xxe-siecle-a-lecole-du-per-plan-detudes-romand\/","url_meta":{"origin":3313,"position":0},"title":"Quelle place pour le XXe si\u00e8cle \u00e0 l&rsquo;\u00e9cole du PER (Plan d&rsquo;\u00e9tudes romand) ?","author":"Lyonel Kaufmann","date":"9 mai 2010","format":false,"excerpt":"Vendredi matin (7 mai 2010), le Grand conseil valaisan a accept\u00e9 un postulat du d\u00e9put\u00e9 lib\u00e9ral-radical Philippe Nantermod, d\u00e9pos\u00e9 le 10 septembre 2009 et visant\u00a0\u00e0 modifier le contenu des cours d\u2019Histoire dispens\u00e9s aux \u00e9coliers valaisans\u2026 et romands. Le texte du postulat d\u00e9pos\u00e9 \u00e9tait le suivant: Plusieurs affaires r\u00e9centes en Valais\u2026","rel":"","context":"Dans &quot;histoire&quot;","block_context":{"text":"histoire","link":"https:\/\/lyonelkaufmann.ch\/Blog\/category\/histoire-2\/"},"img":{"alt_text":"","src":"https:\/\/i0.wp.com\/lyonelkaufmann.ch\/Blog\/wp-content\/uploads\/2015\/03\/blogcafe1.jpg?fit=1024%2C683&ssl=1&resize=350%2C200","width":350,"height":200,"srcset":"https:\/\/i0.wp.com\/lyonelkaufmann.ch\/Blog\/wp-content\/uploads\/2015\/03\/blogcafe1.jpg?fit=1024%2C683&ssl=1&resize=350%2C200 1x, https:\/\/i0.wp.com\/lyonelkaufmann.ch\/Blog\/wp-content\/uploads\/2015\/03\/blogcafe1.jpg?fit=1024%2C683&ssl=1&resize=525%2C300 1.5x, https:\/\/i0.wp.com\/lyonelkaufmann.ch\/Blog\/wp-content\/uploads\/2015\/03\/blogcafe1.jpg?fit=1024%2C683&ssl=1&resize=700%2C400 2x"},"classes":[]},{"id":6737,"url":"https:\/\/lyonelkaufmann.ch\/Blog\/2013\/01\/23\/revue-de-presse-le-citoyen-soldat-en-suisse-une-histoire-recente-peter-hug\/","url_meta":{"origin":3313,"position":1},"title":"Revue de presse : Le citoyen soldat en Suisse, une histoire r\u00e9cente | Peter Hug","author":"Lyonel Kaufmann","date":"23 janvier 2013","format":false,"excerpt":"Peter Hug : Les racines de l'attachement tr\u00e8s profond des Suisses \u00e0 leur fusil s'ancrent dans une histoire assez r\u00e9cente. Ce n'est que dans la seconde moiti\u00e9 du XIXe si\u00e8cle, et non au Moyen Age, comme le croient certains, qu'a commenc\u00e9 \u00e0 s'imposer cette culture de l'armement. Ses premiers d\u00e9veloppements\u2026","rel":"","context":"Dans &quot;histoire&quot;","block_context":{"text":"histoire","link":"https:\/\/lyonelkaufmann.ch\/Blog\/category\/histoire-2\/"},"img":{"alt_text":"","src":"https:\/\/i0.wp.com\/lyonelkaufmann.ch\/Blog\/wp-content\/uploads\/2015\/03\/blogcafe1.jpg?fit=1024%2C683&ssl=1&resize=350%2C200","width":350,"height":200,"srcset":"https:\/\/i0.wp.com\/lyonelkaufmann.ch\/Blog\/wp-content\/uploads\/2015\/03\/blogcafe1.jpg?fit=1024%2C683&ssl=1&resize=350%2C200 1x, https:\/\/i0.wp.com\/lyonelkaufmann.ch\/Blog\/wp-content\/uploads\/2015\/03\/blogcafe1.jpg?fit=1024%2C683&ssl=1&resize=525%2C300 1.5x, https:\/\/i0.wp.com\/lyonelkaufmann.ch\/Blog\/wp-content\/uploads\/2015\/03\/blogcafe1.jpg?fit=1024%2C683&ssl=1&resize=700%2C400 2x"},"classes":[]},{"id":5266,"url":"https:\/\/lyonelkaufmann.ch\/Blog\/2012\/04\/10\/la-radio-et-la-television-en-suisse-histoire-de-la-societe-suisse-de-radiodiffusion-et-television-ssr-de-1983-a-2011-infoclio-ch\/","url_meta":{"origin":3313,"position":2},"title":"La radio et la t\u00e9l\u00e9vision en Suisse. Histoire de la Soci\u00e9t\u00e9 suisse de radiodiffusion et t\u00e9l\u00e9vision SSR de 1983 \u00e0 2011 | infoclio.ch","author":"Lyonel Kaufmann","date":"10 avril 2012","format":false,"excerpt":"Via Scoop.it - histoireLes \u00e9ditions hier + jetzt annoncent la publication du troisi\u00e8me volume de l'Histoire de la Soci\u00e9t\u00e9 suisse de radiodiffusion, consacr\u00e9 \u00e0 la p\u00e9riode 1983 \u00e0 2011. Le troisi\u00e8me volume existe \u00e9galement sous forme d'une application Apple consultable sur iPhone et iPad, qui propose un acc\u00e8s interactif aux\u2026","rel":"","context":"Dans &quot;histoire&quot;","block_context":{"text":"histoire","link":"https:\/\/lyonelkaufmann.ch\/Blog\/category\/histoire-2\/"},"img":{"alt_text":"","src":"https:\/\/i0.wp.com\/lyonelkaufmann.ch\/Blog\/wp-content\/uploads\/2015\/03\/Ru6X4pDI4Pce3MCtWqiVjzl72eJkfbmt4t8yenImKBXEejxNn4ZJNZ2ss5Ku7Cxt.jpg?fit=203%2C308&ssl=1&resize=350%2C200","width":350,"height":200},"classes":[]},{"id":7879,"url":"https:\/\/lyonelkaufmann.ch\/Blog\/2013\/11\/07\/identite-suisse-mythe-ou-realite\/","url_meta":{"origin":3313,"position":3},"title":"Identit\u00e9 suisse : mythe ou r\u00e9alit\u00e9 ?","author":"Lyonel Kaufmann","date":"7 novembre 2013","format":false,"excerpt":"Qu'est-ce qui fait la sp\u00e9cificit\u00e9 de la Suisse et des Suisses? Pourquoi Guillaume Tell est-il le symbole de notre ind\u00e9pendance? Dans le cadre du mois suisse de la SSR, la RTS proposait le 6 novembre une soir\u00e9e sp\u00e9ciale autour de notre identit\u00e9 nationale. Apr\u00e8s la diffusion d\u00e8s 20h15 du premier\u2026","rel":"","context":"Dans &quot;histoire&quot;","block_context":{"text":"histoire","link":"https:\/\/lyonelkaufmann.ch\/Blog\/category\/histoire-2\/"},"img":{"alt_text":"","src":"https:\/\/i0.wp.com\/lyonelkaufmann.ch\/Blog\/wp-content\/uploads\/2015\/03\/blogcafe1.jpg?fit=1024%2C683&ssl=1&resize=350%2C200","width":350,"height":200,"srcset":"https:\/\/i0.wp.com\/lyonelkaufmann.ch\/Blog\/wp-content\/uploads\/2015\/03\/blogcafe1.jpg?fit=1024%2C683&ssl=1&resize=350%2C200 1x, https:\/\/i0.wp.com\/lyonelkaufmann.ch\/Blog\/wp-content\/uploads\/2015\/03\/blogcafe1.jpg?fit=1024%2C683&ssl=1&resize=525%2C300 1.5x, https:\/\/i0.wp.com\/lyonelkaufmann.ch\/Blog\/wp-content\/uploads\/2015\/03\/blogcafe1.jpg?fit=1024%2C683&ssl=1&resize=700%2C400 2x"},"classes":[]},{"id":7371,"url":"https:\/\/lyonelkaufmann.ch\/Blog\/2012\/09\/27\/le-prochain-goncourt-sera-t-il-loeuvre-dun-ecrivain-suisse\/","url_meta":{"origin":3313,"position":4},"title":"Le prochain Goncourt sera-t-il l&rsquo;oeuvre d&rsquo;un \u00e9crivain suisse?","author":"Lyonel Kaufmann","date":"27 septembre 2012","format":false,"excerpt":"Un Suisse en lice pour le Prix Goncourt pour la premi\u00e8re fois depuis Jacques Chessex en 1973. Vous serez manipul\u00e9, d\u00e9rout\u00e9, sid\u00e9r\u00e9, agac\u00e9, passionn\u00e9 par une histoire aux multiples rebondissements, fausses pistes et coups de th\u00e9\u00e2tre. Et vous vous direz qu\u2019il n\u2019y a qu\u2019un Am\u00e9ricain capable d\u2019\u00e9crire un thriller aussi\u2026","rel":"","context":"Dans &quot;Blogcaf\u00e9&quot;","block_context":{"text":"Blogcaf\u00e9","link":"https:\/\/lyonelkaufmann.ch\/Blog\/category\/blogcafe-2\/"},"img":{"alt_text":"La v\u00e9rit\u00e9 sur l'affaire Jo\u00ebl Dicker ","src":"https:\/\/i0.wp.com\/lyonelkaufmann.ch\/Blog\/wp-content\/uploads\/2012\/09\/Harry-Quebert.jpg?resize=350%2C200","width":350,"height":200},"classes":[]},{"id":20,"url":"https:\/\/lyonelkaufmann.ch\/Blog\/2005\/07\/21\/la-suisse-et-lesclavage\/","url_meta":{"origin":3313,"position":5},"title":"La Suisse et l&rsquo;esclavage","author":"Lyonel Kaufmann","date":"21 juillet 2005","format":false,"excerpt":"Depuis la parution d'articles e 2004 dans le journal Le Courrier et La Libert\u00e9 relativement \u00e0 la question du r\u00f4le de la Suisse dans l'esclavage, un livre est paru ce printemps aux \u00e9ditions Antipodes & SHSR, dans la collection Histoire.ch. Il a \u00e9t\u00e9 \u00e9crit par Thomas David [professeur-assistant \u00e0 l'Institut\u2026","rel":"","context":"Dans &quot;histoire&quot;","block_context":{"text":"histoire","link":"https:\/\/lyonelkaufmann.ch\/Blog\/category\/histoire-2\/"},"img":{"alt_text":"","src":"https:\/\/i0.wp.com\/lyonelkaufmann.ch\/Blog\/wp-content\/uploads\/2015\/03\/blogcafe1.jpg?fit=1024%2C683&ssl=1&resize=350%2C200","width":350,"height":200,"srcset":"https:\/\/i0.wp.com\/lyonelkaufmann.ch\/Blog\/wp-content\/uploads\/2015\/03\/blogcafe1.jpg?fit=1024%2C683&ssl=1&resize=350%2C200 1x, https:\/\/i0.wp.com\/lyonelkaufmann.ch\/Blog\/wp-content\/uploads\/2015\/03\/blogcafe1.jpg?fit=1024%2C683&ssl=1&resize=525%2C300 1.5x, https:\/\/i0.wp.com\/lyonelkaufmann.ch\/Blog\/wp-content\/uploads\/2015\/03\/blogcafe1.jpg?fit=1024%2C683&ssl=1&resize=700%2C400 2x"},"classes":[]}],"jetpack_likes_enabled":true,"_links":{"self":[{"href":"https:\/\/lyonelkaufmann.ch\/Blog\/wp-json\/wp\/v2\/posts\/3313","targetHints":{"allow":["GET"]}}],"collection":[{"href":"https:\/\/lyonelkaufmann.ch\/Blog\/wp-json\/wp\/v2\/posts"}],"about":[{"href":"https:\/\/lyonelkaufmann.ch\/Blog\/wp-json\/wp\/v2\/types\/post"}],"author":[{"embeddable":true,"href":"https:\/\/lyonelkaufmann.ch\/Blog\/wp-json\/wp\/v2\/users\/1"}],"replies":[{"embeddable":true,"href":"https:\/\/lyonelkaufmann.ch\/Blog\/wp-json\/wp\/v2\/comments?post=3313"}],"version-history":[{"count":0,"href":"https:\/\/lyonelkaufmann.ch\/Blog\/wp-json\/wp\/v2\/posts\/3313\/revisions"}],"wp:featuredmedia":[{"embeddable":true,"href":"https:\/\/lyonelkaufmann.ch\/Blog\/wp-json\/wp\/v2\/media\/13710"}],"wp:attachment":[{"href":"https:\/\/lyonelkaufmann.ch\/Blog\/wp-json\/wp\/v2\/media?parent=3313"}],"wp:term":[{"taxonomy":"category","embeddable":true,"href":"https:\/\/lyonelkaufmann.ch\/Blog\/wp-json\/wp\/v2\/categories?post=3313"},{"taxonomy":"post_tag","embeddable":true,"href":"https:\/\/lyonelkaufmann.ch\/Blog\/wp-json\/wp\/v2\/tags?post=3313"}],"curies":[{"name":"wp","href":"https:\/\/api.w.org\/{rel}","templated":true}]}}