{"id":3377,"date":"2011-01-13T12:23:23","date_gmt":"2011-01-13T11:23:23","guid":{"rendered":"http:\/\/lyonelkaufmann.ch\/histoire\/?p=3377"},"modified":"2011-01-13T12:23:23","modified_gmt":"2011-01-13T11:23:23","slug":"un-historien-dans-la-cite-la-vie-des-idees","status":"publish","type":"post","link":"https:\/\/lyonelkaufmann.ch\/Blog\/2011\/01\/13\/un-historien-dans-la-cite-la-vie-des-idees\/","title":{"rendered":"Un historien dans la cit\u00e9 | La Vie des id\u00e9es"},"content":{"rendered":"<p><strong> <\/strong><\/p>\n<p><a href=\"http:\/\/www.laviedesidees.fr\/Un-historien-dans-la-cite.html\"><img data-recalc-dims=\"1\" loading=\"lazy\" decoding=\"async\" class=\"alignright\" src=\"https:\/\/i0.wp.com\/lyonelkaufmann.ch\/histoire\/wp-content\/uploads\/2011\/01\/arton1288-8b3a9.jpg?resize=200%2C150\" alt=\"\" width=\"200\" height=\"150\" \/><\/a><\/p>\n<p><strong>Historien, auteur de nombreux livres sur la vie politique fran\u00e7aise, les milieux d\u2019affaires et les m\u00e9dias, Jean-No\u00ebl Jeanneney a aussi fait partie du gouvernement et dirig\u00e9 de grandes institutions publiques. Dans cet entretien vid\u00e9o accord\u00e9 \u00e0 la Vie des id\u00e9es, il s\u2019interroge sur la responsabilit\u00e9 civique de l\u2019historien.<\/strong><\/p>\n<p>L&rsquo;interview vid\u00e9o est organis\u00e9 en cinq parties:<\/p>\n<ul>\n<li>Dans quelle mesure votre exp\u00e9rience politique a-t-elle modifi\u00e9 votre fa\u00e7on d\u2019\u00e9crire l\u2019histoire ?<\/li>\n<li>Qu\u2019entendez-vous par \u00ab l\u2019audiovisuel, le devoir de s\u2019en m\u00ealer \u00bb ?<\/li>\n<li>Comment conjuguer histoire et fiction ?<\/li>\n<li>L\u2019histoire risque-t-elle d\u2019\u00eatre instrumentalis\u00e9e ?<\/li>\n<li>\u00c0 quoi sert l\u2019histoire ?<\/li>\n<\/ul>\n<p>Les trois derni\u00e8res parties int\u00e9resseront au premier chef les enseignant-e-s d&rsquo;histoire.<\/p>\n<p>Proche de l\u2019association \u00abLibert\u00e9 pour l\u2019histoire\u00bb ((<a href=\"http:\/\/www.lph-asso.fr\/\">http:\/\/www.lph-asso.fr\/<\/a>)), qui affirme notamment que \u00abl\u2019histoire n\u2019appartient \u00e0 personne\u00bb et ayant r\u00e9fl\u00e9chi\u00a0\u00e0 la mani\u00e8re dont l\u2019historien \u00e9tait sollicit\u00e9 dans l\u2019espace public, \u00e0 des fins d\u2019expertise, notamment dans le cadre de grands proc\u00e8s, voici sa r\u00e9ponse \u00e0 la question du risque d&rsquo;instrumentalisation de l&rsquo;histoire:<\/p>\n<p><a href=\"http:\/\/www.dailymotion.com\/swf\/video\/xge31z_un-historien-dans-la-cite-5_school?additionalInfos=0\">http:\/\/www.dailymotion.com\/swf\/video\/xge31z_un-historien-dans-la-cite-5_school?additionalInfos=0<\/a><br \/>\n<strong><a href=\"http:\/\/www.dailymotion.com\/video\/xge31z_un-historien-dans-la-cite-5_school\">Un historien dans la cit\u00e9 (5)<\/a><\/strong><br \/>\n<em>envoy\u00e9 par <a href=\"http:\/\/www.dailymotion.com\/laviedesidees\">laviedesidees<\/a>.<\/em><\/p>\n<p>L&rsquo;entier de l&rsquo;entretien et des vid\u00e9os :\u00a0<a href=\"http:\/\/www.laviedesidees.fr\/Un-historien-dans-la-cite.html\">Un historien dans la cit\u00e9 &#8211; La Vie des id\u00e9es<\/a>.<\/p>\n","protected":false},"excerpt":{"rendered":"<p>Historien, auteur de nombreux livres sur la vie politique fran\u00e7aise, les milieux d\u2019affaires et les m\u00e9dias, Jean-No\u00ebl Jeanneney a aussi fait partie du gouvernement et dirig\u00e9 de grandes institutions publiques. Dans cet entretien vid\u00e9o accord\u00e9 \u00e0 la Vie des id\u00e9es, il s\u2019interroge sur la responsabilit\u00e9 civique de l\u2019historien. L&rsquo;interview vid\u00e9o est organis\u00e9 en cinq parties: [&hellip;]<\/p>\n","protected":false},"author":1,"featured_media":13766,"comment_status":"open","ping_status":"open","sticky":false,"template":"","format":"standard","meta":{"_import_markdown_pro_load_document_selector":0,"_import_markdown_pro_submit_text_textarea":"","_genesis_hide_title":false,"_genesis_hide_breadcrumbs":false,"_genesis_hide_singular_image":false,"_genesis_hide_footer_widgets":false,"_genesis_custom_body_class":"","_genesis_custom_post_class":"","_genesis_layout":"","jetpack_post_was_ever_published":false,"_jetpack_newsletter_access":"","_jetpack_dont_email_post_to_subs":false,"_jetpack_newsletter_tier_id":0,"_jetpack_memberships_contains_paywalled_content":false,"_jetpack_memberships_contains_paid_content":false,"activitypub_content_warning":"","activitypub_content_visibility":"","activitypub_max_image_attachments":3,"activitypub_interaction_policy_quote":"anyone","activitypub_status":"","footnotes":"","jetpack_publicize_message":"","jetpack_publicize_feature_enabled":true,"jetpack_social_post_already_shared":true,"jetpack_social_options":{"image_generator_settings":{"template":"fullscreen","default_image_id":0,"font":"","enabled":false},"version":2}},"categories":[2],"tags":[],"class_list":{"0":"post-3377","1":"post","2":"type-post","3":"status-publish","4":"format-standard","5":"has-post-thumbnail","7":"category-histoire-2","8":"entry"},"jetpack_publicize_connections":[],"featured_image_src":"https:\/\/i0.wp.com\/lyonelkaufmann.ch\/Blog\/wp-content\/uploads\/2015\/03\/arton1288-8b3a9.jpg?resize=200%2C150&ssl=1","featured_image_src_square":"https:\/\/i0.wp.com\/lyonelkaufmann.ch\/Blog\/wp-content\/uploads\/2015\/03\/arton1288-8b3a9.jpg?resize=200%2C150&ssl=1","author_info":{"display_name":"Lyonel Kaufmann","author_link":"https:\/\/lyonelkaufmann.ch\/Blog\/author\/lyonelk\/"},"jetpack_featured_media_url":"https:\/\/i0.wp.com\/lyonelkaufmann.ch\/Blog\/wp-content\/uploads\/2015\/03\/arton1288-8b3a9.jpg?fit=200%2C150&ssl=1","jetpack_sharing_enabled":true,"jetpack_shortlink":"https:\/\/wp.me\/p1qtF4-St","jetpack-related-posts":[{"id":7875,"url":"https:\/\/lyonelkaufmann.ch\/Blog\/2012\/02\/23\/la-creation-de-letat-grec-au-xixe-siecle-la-vie-des-idees\/","url_meta":{"origin":3377,"position":0},"title":"La cr\u00e9ation de l\u2019\u00c9tat grec au XIXe si\u00e8cle | La Vie des id\u00e9es","author":"Lyonel Kaufmann","date":"23 f\u00e9vrier 2012","format":false,"excerpt":"La crise de l\u2019\u00c9tat grec (I).Entretien avec Anastassios Anastassiadis (premi\u00e8re partie) Via Scoop.it - histoire La crise grecque est d\u2019abord celle de l\u2019\u00c9tat grec et de sa l\u00e9gitimit\u00e9. Il faut remonter au XIXe si\u00e8cle pour comprendre la d\u00e9fiance des populations vis-\u00e0-vis de la bureaucratie et le r\u00f4le des puissances internationales\u2026","rel":"","context":"Dans &quot;histoire&quot;","block_context":{"text":"histoire","link":"https:\/\/lyonelkaufmann.ch\/Blog\/category\/histoire-2\/"},"img":{"alt_text":"","src":"http:\/\/img.scoop.it\/-KMZC_PGoUdkoMcYGRxM8Tl72eJkfbmt4t8yenImKBXEejxNn4ZJNZ2ss5Ku7Cxt","width":350,"height":200},"classes":[]},{"id":5634,"url":"https:\/\/lyonelkaufmann.ch\/Blog\/2012\/07\/18\/qui-ecrira-notre-histoire-la-vie-des-idees\/","url_meta":{"origin":3377,"position":1},"title":"Qui \u00e9crira notre histoire ? | La Vie des id\u00e9es","author":"Lyonel Kaufmann","date":"18 juillet 2012","format":false,"excerpt":"Jusqu\u2019\u00e0 aujourd\u2019hui, les archives du ghetto de Varsovie n\u2019\u00e9taient connues que des seuls sp\u00e9cialistes. L\u2019historien am\u00e9ricain Samuel Kassow nous les pr\u00e9sente sous un jour nouveau\u00a0: l\u2019\u0153uvre d\u2019une \u00e9quipe dont la mission \u00e9tait de faire entendre le quotidien d\u2019une communaut\u00e9 en cours d\u2019extermination. Qui \u00e9crira notre histoire ? - La Vie\u2026","rel":"","context":"Dans &quot;histoire&quot;","block_context":{"text":"histoire","link":"https:\/\/lyonelkaufmann.ch\/Blog\/category\/histoire-2\/"},"img":{"alt_text":"","src":"https:\/\/i0.wp.com\/lyonelkaufmann.ch\/histoire\/wp-content\/uploads\/2012\/07\/arton1982-c12af.jpg?resize=350%2C200","width":350,"height":200},"classes":[]},{"id":14550,"url":"https:\/\/lyonelkaufmann.ch\/Blog\/2015\/02\/23\/revue-de-presse-imaginations-historiennes\/","url_meta":{"origin":3377,"position":2},"title":"Revue de Presse : Imaginations historiennes","author":"Lyonel Kaufmann","date":"23 f\u00e9vrier 2015","format":false,"excerpt":"L'imagination est-elle une ressource ou une menace pour l'\u00e9criture de l'histoire ? Ind\u00e9niable outil de connaissance, elle permet surtout de faire le lien avec d'autres mises en pr\u00e9sence du pass\u00e9, comme le roman, le cin\u00e9ma ou les s\u00e9ries t\u00e9l\u00e9vis\u00e9es. je note: \u00abCroisant les approches historiennes, litt\u00e9raires et cin\u00e9matographiques, l\u2019ouvrage collectif\u2026","rel":"","context":"Dans &quot;Diary&quot;","block_context":{"text":"Diary","link":"https:\/\/lyonelkaufmann.ch\/Blog\/category\/diary\/"},"img":{"alt_text":"","src":"https:\/\/i0.wp.com\/lyonelkaufmann.ch\/Blog\/wp-content\/uploads\/2015\/03\/blogcafe1.jpg?fit=1024%2C683&ssl=1&resize=350%2C200","width":350,"height":200,"srcset":"https:\/\/i0.wp.com\/lyonelkaufmann.ch\/Blog\/wp-content\/uploads\/2015\/03\/blogcafe1.jpg?fit=1024%2C683&ssl=1&resize=350%2C200 1x, https:\/\/i0.wp.com\/lyonelkaufmann.ch\/Blog\/wp-content\/uploads\/2015\/03\/blogcafe1.jpg?fit=1024%2C683&ssl=1&resize=525%2C300 1.5x, https:\/\/i0.wp.com\/lyonelkaufmann.ch\/Blog\/wp-content\/uploads\/2015\/03\/blogcafe1.jpg?fit=1024%2C683&ssl=1&resize=700%2C400 2x"},"classes":[]},{"id":4951,"url":"https:\/\/lyonelkaufmann.ch\/Blog\/2012\/01\/26\/revue-de-presse-du-bon-usage-de-la-barbarie-la-vie-des-idees\/","url_meta":{"origin":3377,"position":3},"title":"Revue de presse : Du bon usage de la barbarie | La Vie des id\u00e9es","author":"Lyonel Kaufmann","date":"26 janvier 2012","format":false,"excerpt":"Dans Visages antiques de la Barbarie, Isabel Dejardin reconstitue la g\u00e9n\u00e9alogie d\u2019une notion controvers\u00e9e. Une premi\u00e8re partie de l\u2019ouvrage retrace la carri\u00e8re du concept de barbarie, de l\u2019\u00e9poque archa\u00efque jusqu\u2019\u00e0 la p\u00e9riode hell\u00e9nistique, en commentant les textes des g\u00e9ographes, des historiens, des po\u00e8tes \u00e9piques ou tragiques, et des philosophes. Une\u2026","rel":"","context":"Dans &quot;histoire&quot;","block_context":{"text":"histoire","link":"https:\/\/lyonelkaufmann.ch\/Blog\/category\/histoire-2\/"},"img":{"alt_text":"","src":"https:\/\/i0.wp.com\/lyonelkaufmann.ch\/Blog\/wp-content\/uploads\/2015\/03\/blogcafe1.jpg?fit=1024%2C683&ssl=1&resize=350%2C200","width":350,"height":200,"srcset":"https:\/\/i0.wp.com\/lyonelkaufmann.ch\/Blog\/wp-content\/uploads\/2015\/03\/blogcafe1.jpg?fit=1024%2C683&ssl=1&resize=350%2C200 1x, https:\/\/i0.wp.com\/lyonelkaufmann.ch\/Blog\/wp-content\/uploads\/2015\/03\/blogcafe1.jpg?fit=1024%2C683&ssl=1&resize=525%2C300 1.5x, https:\/\/i0.wp.com\/lyonelkaufmann.ch\/Blog\/wp-content\/uploads\/2015\/03\/blogcafe1.jpg?fit=1024%2C683&ssl=1&resize=700%2C400 2x"},"classes":[]},{"id":6285,"url":"https:\/\/lyonelkaufmann.ch\/Blog\/2012\/10\/16\/les-indiens-a-la-conquete-de-louest-la-vie-des-idees\/","url_meta":{"origin":3377,"position":4},"title":"Les Indiens \u00e0 la conqu\u00eate de l\u2019Ouest | La Vie des id\u00e9es","author":"Lyonel Kaufmann","date":"16 octobre 2012","format":false,"excerpt":"D\u00e9passer le r\u00e9cit national\u00a0: ce d\u00e9fi occupe les historiens depuis plusieurs d\u00e9cennies. Appliqu\u00e9e \u00e0 l\u2019Am\u00e9rique du Nord, il a boulevers\u00e9 notre compr\u00e9hension de ph\u00e9nom\u00e8nes historiques comme la \u00ab\u00a0Conqu\u00eate de l\u2019Ouest\u00a0\u00bb. Un historien finlandais propose, \u00e0 travers l\u2019histoire des Comanches, de pousser jusqu\u2019au bout ce renversement de perspectives pour mettre en\u2026","rel":"","context":"Dans &quot;histoire&quot;","block_context":{"text":"histoire","link":"https:\/\/lyonelkaufmann.ch\/Blog\/category\/histoire-2\/"},"img":{"alt_text":"","src":"https:\/\/i0.wp.com\/lyonelkaufmann.ch\/histoire\/wp-content\/uploads\/2012\/10\/arton2053-35d31.jpg?resize=350%2C200","width":350,"height":200},"classes":[]},{"id":5842,"url":"https:\/\/lyonelkaufmann.ch\/Blog\/2012\/08\/05\/revue-de-presse-devenir-historien-ne-version-1-0-devenir-historien-ne\/","url_meta":{"origin":3377,"position":5},"title":"Revue de presse : Devenir historien-ne, version 1.0 | Devenir historien-ne","author":"Lyonel Kaufmann","date":"5 ao\u00fbt 2012","format":false,"excerpt":"Pour vous permettre de mieux vous rep\u00e9rer dans ce carnet \u2013 con\u00e7u en partie comme un \u201cmanuel \u00e9lectronique, collaboratif et \u00e9volutif, d\u2019historiographie et de m\u00e9thodologie de la recherche en histoire\u201d (voir le \u00e0 propos) \u2013 ce billet vous propose un sommaire de la \u201cversion 1.0\u2033 2011-2012 de Devenir historien-ne.Devenir historien-ne,\u2026","rel":"","context":"Dans &quot;histoire&quot;","block_context":{"text":"histoire","link":"https:\/\/lyonelkaufmann.ch\/Blog\/category\/histoire-2\/"},"img":{"alt_text":"","src":"https:\/\/i0.wp.com\/lyonelkaufmann.ch\/Blog\/wp-content\/uploads\/2015\/03\/blogcafe1.jpg?fit=1024%2C683&ssl=1&resize=350%2C200","width":350,"height":200,"srcset":"https:\/\/i0.wp.com\/lyonelkaufmann.ch\/Blog\/wp-content\/uploads\/2015\/03\/blogcafe1.jpg?fit=1024%2C683&ssl=1&resize=350%2C200 1x, https:\/\/i0.wp.com\/lyonelkaufmann.ch\/Blog\/wp-content\/uploads\/2015\/03\/blogcafe1.jpg?fit=1024%2C683&ssl=1&resize=525%2C300 1.5x, https:\/\/i0.wp.com\/lyonelkaufmann.ch\/Blog\/wp-content\/uploads\/2015\/03\/blogcafe1.jpg?fit=1024%2C683&ssl=1&resize=700%2C400 2x"},"classes":[]}],"jetpack_likes_enabled":true,"_links":{"self":[{"href":"https:\/\/lyonelkaufmann.ch\/Blog\/wp-json\/wp\/v2\/posts\/3377","targetHints":{"allow":["GET"]}}],"collection":[{"href":"https:\/\/lyonelkaufmann.ch\/Blog\/wp-json\/wp\/v2\/posts"}],"about":[{"href":"https:\/\/lyonelkaufmann.ch\/Blog\/wp-json\/wp\/v2\/types\/post"}],"author":[{"embeddable":true,"href":"https:\/\/lyonelkaufmann.ch\/Blog\/wp-json\/wp\/v2\/users\/1"}],"replies":[{"embeddable":true,"href":"https:\/\/lyonelkaufmann.ch\/Blog\/wp-json\/wp\/v2\/comments?post=3377"}],"version-history":[{"count":0,"href":"https:\/\/lyonelkaufmann.ch\/Blog\/wp-json\/wp\/v2\/posts\/3377\/revisions"}],"wp:featuredmedia":[{"embeddable":true,"href":"https:\/\/lyonelkaufmann.ch\/Blog\/wp-json\/wp\/v2\/media\/13766"}],"wp:attachment":[{"href":"https:\/\/lyonelkaufmann.ch\/Blog\/wp-json\/wp\/v2\/media?parent=3377"}],"wp:term":[{"taxonomy":"category","embeddable":true,"href":"https:\/\/lyonelkaufmann.ch\/Blog\/wp-json\/wp\/v2\/categories?post=3377"},{"taxonomy":"post_tag","embeddable":true,"href":"https:\/\/lyonelkaufmann.ch\/Blog\/wp-json\/wp\/v2\/tags?post=3377"}],"curies":[{"name":"wp","href":"https:\/\/api.w.org\/{rel}","templated":true}]}}