{"id":3421,"date":"2011-01-14T10:30:59","date_gmt":"2011-01-14T09:30:59","guid":{"rendered":"http:\/\/lyonelkaufmann.ch\/histoire\/?p=3421"},"modified":"2011-01-14T10:30:59","modified_gmt":"2011-01-14T09:30:59","slug":"la-carriere-de-champollion-serait-elle-possible-aujourdhui","status":"publish","type":"post","link":"https:\/\/lyonelkaufmann.ch\/Blog\/2011\/01\/14\/la-carriere-de-champollion-serait-elle-possible-aujourdhui\/","title":{"rendered":"La carri\u00e8re de Champollion serait-elle possible aujourd&rsquo;hui?"},"content":{"rendered":"<p style=\"text-align:center;\"><a href=\"http:\/\/blog.educpros.fr\/pierredubois\/2011\/01\/13\/carrieres-dhier-et-daujourdhui-1\/#respond\"><img data-recalc-dims=\"1\" src=\"https:\/\/i0.wp.com\/lyonelkaufmann.ch\/histoire\/wp-content\/uploads\/2011\/01\/dsc09080.jpg\" alt='Jean-Fran\u00e7ois Champollion' \/><\/a><\/p>\n<p style=\"text-align:center;\">Jean-Fran\u00e7ois Champollion<\/p>\n<p>Dans sa chronique Histoire d&rsquo;Universit\u00e9, Pierre Dubois, sociologue, revient sur la carri\u00e8re de Jean-Fran\u00e7ois Champollion et organise cette derni\u00e8re autour de trois questions:<\/p>\n<blockquote><p>Une chronique et\u00a0trois questions. 1. Un jeune d\u2019origine plut\u00f4t modeste peut-il faire aujourd\u2019hui une carri\u00e8re scientifique \u00e9quivalente \u00e0 celle de Champollion ? La r\u00e9ponse est \u201cnon\u201d ! 2. Un jeune peut-il\u00a0tirer des enseignements\u00a0des conditions\u00a0qui ont permis\u00a0une telle carri\u00e8re ? La r\u00e9ponse est \u201coui\u201d. 3. Le syst\u00e8me \u00e9ducatif, secondaire et sup\u00e9rieur,\u00a0devrait-il\u00a0\u00eatre r\u00e9form\u00e9 pour permettre une telle carri\u00e8re ? La r\u00e9ponse est \u201coui\u201d.<\/p><\/blockquote>\n<p>A lire!<\/p>\n<p>via\u00a0<a href=\"http:\/\/blog.educpros.fr\/pierredubois\/2011\/01\/13\/carrieres-dhier-et-daujourdhui-1\/#respond\">Carri\u00e8res d\u2019hier et d\u2019aujourd\u2019hui (1) | Histoires d&rsquo;universit\u00e9s<\/a>. Et merci \u00e0 <a href=\"http:\/\/twitter.com\/#!\/gunthert\" target=\"_blank\">Andr\u00e9 Gunthert<\/a> pour son tweet relatif \u00e0 cette chronique.<\/p>\n","protected":false},"excerpt":{"rendered":"<p>Jean-Fran\u00e7ois Champollion Dans sa chronique Histoire d&rsquo;Universit\u00e9, Pierre Dubois, sociologue, revient sur la carri\u00e8re de Jean-Fran\u00e7ois Champollion et organise cette derni\u00e8re autour de trois questions: Une chronique et\u00a0trois questions. 1. Un jeune d\u2019origine plut\u00f4t modeste peut-il faire aujourd\u2019hui une carri\u00e8re scientifique \u00e9quivalente \u00e0 celle de Champollion ? La r\u00e9ponse est \u201cnon\u201d ! 2. Un jeune [&hellip;]<\/p>\n","protected":false},"author":1,"featured_media":13767,"comment_status":"open","ping_status":"open","sticky":false,"template":"","format":"standard","meta":{"_import_markdown_pro_load_document_selector":0,"_import_markdown_pro_submit_text_textarea":"","_genesis_hide_title":false,"_genesis_hide_breadcrumbs":false,"_genesis_hide_singular_image":false,"_genesis_hide_footer_widgets":false,"_genesis_custom_body_class":"","_genesis_custom_post_class":"","_genesis_layout":"","jetpack_post_was_ever_published":false,"_jetpack_newsletter_access":"","_jetpack_dont_email_post_to_subs":false,"_jetpack_newsletter_tier_id":0,"_jetpack_memberships_contains_paywalled_content":false,"_jetpack_memberships_contains_paid_content":false,"activitypub_content_warning":"","activitypub_content_visibility":"","activitypub_max_image_attachments":3,"activitypub_interaction_policy_quote":"anyone","activitypub_status":"","footnotes":"","jetpack_publicize_message":"","jetpack_publicize_feature_enabled":true,"jetpack_social_post_already_shared":true,"jetpack_social_options":{"image_generator_settings":{"template":"fullscreen","default_image_id":0,"font":"","enabled":false},"version":2}},"categories":[2],"tags":[],"class_list":{"0":"post-3421","1":"post","2":"type-post","3":"status-publish","4":"format-standard","5":"has-post-thumbnail","7":"category-histoire-2","8":"entry"},"jetpack_publicize_connections":[],"featured_image_src":"https:\/\/i0.wp.com\/lyonelkaufmann.ch\/Blog\/wp-content\/uploads\/2015\/03\/dsc09080.jpg?resize=294%2C352&ssl=1","featured_image_src_square":"https:\/\/i0.wp.com\/lyonelkaufmann.ch\/Blog\/wp-content\/uploads\/2015\/03\/dsc09080.jpg?resize=294%2C352&ssl=1","author_info":{"display_name":"Lyonel Kaufmann","author_link":"https:\/\/lyonelkaufmann.ch\/Blog\/author\/lyonelk\/"},"jetpack_featured_media_url":"https:\/\/i0.wp.com\/lyonelkaufmann.ch\/Blog\/wp-content\/uploads\/2015\/03\/dsc09080.jpg?fit=294%2C352&ssl=1","jetpack_sharing_enabled":true,"jetpack_shortlink":"https:\/\/wp.me\/p1qtF4-Tb","jetpack-related-posts":[{"id":16248,"url":"https:\/\/lyonelkaufmann.ch\/Blog\/2016\/03\/30\/retrospective-jean-gabin-la-face-cachee-dun-mythe-telerama\/","url_meta":{"origin":3421,"position":0},"title":"Retrospective Jean Gabin : la face cach\u00e9e d&rsquo;un mythe | T\u00e9l\u00e9rama","author":"Lyonel Kaufmann","date":"30 mars 2016","format":false,"excerpt":"Jean Gabin, la gueule d'amour, le patriarche, l'acteur fran\u00e7ais par excellence... Cette ic\u00f4ne du cin\u00e9ma populaire est c\u00e9l\u00e9br\u00e9e ce printemps \u00e0 la Cin\u00e9math\u00e8que \u00e0 travers cinquante films et des conf\u00e9rences de la critique Murielle Joudet, qui \u00e9claire le mythe d'un nouveau jour. Que reste-t-il \u00e0 dire sur Gabin ? Pourquoi\u2026","rel":"","context":"Dans &quot;Blogcaf\u00e9&quot;","block_context":{"text":"Blogcaf\u00e9","link":"https:\/\/lyonelkaufmann.ch\/Blog\/category\/blogcafe-2\/"},"img":{"alt_text":"","src":"https:\/\/i0.wp.com\/lyonelkaufmann.ch\/Blog\/wp-content\/uploads\/2016\/03\/img_0423.jpg?fit=849%2C1200&ssl=1&resize=350%2C200","width":350,"height":200,"srcset":"https:\/\/i0.wp.com\/lyonelkaufmann.ch\/Blog\/wp-content\/uploads\/2016\/03\/img_0423.jpg?fit=849%2C1200&ssl=1&resize=350%2C200 1x, https:\/\/i0.wp.com\/lyonelkaufmann.ch\/Blog\/wp-content\/uploads\/2016\/03\/img_0423.jpg?fit=849%2C1200&ssl=1&resize=525%2C300 1.5x, https:\/\/i0.wp.com\/lyonelkaufmann.ch\/Blog\/wp-content\/uploads\/2016\/03\/img_0423.jpg?fit=849%2C1200&ssl=1&resize=700%2C400 2x"},"classes":[]},{"id":1737,"url":"https:\/\/lyonelkaufmann.ch\/Blog\/2010\/01\/04\/retrospective-2009-mes-chroniques-du-cafe-pedagogique\/","url_meta":{"origin":3421,"position":1},"title":"R\u00e9trospective 2009: mes chroniques du Caf\u00e9 p\u00e9dagogique","author":"Lyonel Kaufmann","date":"4 janvier 2010","format":false,"excerpt":"Avant de d\u00e9marrer v\u00e9ritablement l'ann\u00e9e 2010, voici le r\u00e9capitulatif de mes chroniques mensuelles publi\u00e9es sur le site du Caf\u00e9 p\u00e9dagogique, rubrique Histoire. Cette collaboration a d\u00e9marr\u00e9 en novembre 2008 et se poursuivra en 2010. Articles publi\u00e9s en 2009 \u00abConcevoir avec ses \u00e9l\u00e8ves un canular historique est-ce faire de l\u2019histoire?\u00bb (2009).\u2026","rel":"","context":"Dans &quot;histoire&quot;","block_context":{"text":"histoire","link":"https:\/\/lyonelkaufmann.ch\/Blog\/category\/histoire-2\/"},"img":{"alt_text":"","src":"https:\/\/i0.wp.com\/lyonelkaufmann.ch\/Blog\/wp-content\/uploads\/2015\/03\/blogcafe1.jpg?fit=1024%2C683&ssl=1&resize=350%2C200","width":350,"height":200,"srcset":"https:\/\/i0.wp.com\/lyonelkaufmann.ch\/Blog\/wp-content\/uploads\/2015\/03\/blogcafe1.jpg?fit=1024%2C683&ssl=1&resize=350%2C200 1x, https:\/\/i0.wp.com\/lyonelkaufmann.ch\/Blog\/wp-content\/uploads\/2015\/03\/blogcafe1.jpg?fit=1024%2C683&ssl=1&resize=525%2C300 1.5x, https:\/\/i0.wp.com\/lyonelkaufmann.ch\/Blog\/wp-content\/uploads\/2015\/03\/blogcafe1.jpg?fit=1024%2C683&ssl=1&resize=700%2C400 2x"},"classes":[]},{"id":7552,"url":"https:\/\/lyonelkaufmann.ch\/Blog\/2013\/10\/03\/problematiser-mais-vraiment-en-classe-dhistoire-chronique-no-145\/","url_meta":{"origin":3421,"position":2},"title":"Probl\u00e9matiser, mais vraiment, en classe d&rsquo;histoire | Chronique no 145","author":"Lyonel Kaufmann","date":"3 octobre 2013","format":false,"excerpt":"La parution r\u00e9cente de \u00ab\u00a0Didactique et enseignement de l'histoire-g\u00e9ographie au coll\u00e8ge et au lyc\u00e9e\u00bb de Yannick M\u00e9vel et Nicole Tutiaux Guillon permet de faire le point sur la question de la probl\u00e9matisation et du probl\u00e8me en classe d'histoire.\u00a0 Pr\u00e9alablement, l'ouvrage de Yannick M\u00e9vel et Nicole Tutiaux-Guillon propose par chapitre d'aborder\u2026","rel":"","context":"Dans &quot;histoire&quot;","block_context":{"text":"histoire","link":"https:\/\/lyonelkaufmann.ch\/Blog\/category\/histoire-2\/"},"img":{"alt_text":"145_chronique","src":"https:\/\/i0.wp.com\/lyonelkaufmann.ch\/histoire\/wp-content\/uploads\/2013\/10\/145_chronique.jpg?resize=350%2C200","width":350,"height":200},"classes":[]},{"id":27429,"url":"https:\/\/lyonelkaufmann.ch\/Blog\/2025\/09\/09\/le-suicide-politique-de-francois-bayrou-est-le-produit-dun-regime-politique-a-bout-de-souffle\/","url_meta":{"origin":3421,"position":3},"title":"\u00ab Le suicide politique de Fran\u00e7ois Bayrou est le produit d\u2019un r\u00e9gime politique \u00e0 bout de souffle \u00bb","author":"Lyonel Kaufmann","date":"9 septembre 2025","format":false,"excerpt":"En refusant de s\u2019engager depuis sa nomination dans une n\u00e9gociation ayant pu d\u00e9boucher sur une esp\u00e8ce de contrat de gouvernement, notamment avec le Parti socialiste, Fran\u00e7ois Bayrou s\u2019est priv\u00e9 de toute possibilit\u00e9 de survie politique. C\u2019est l\u00e0 un paradoxe pour ce d\u00e9mocrate-chr\u00e9tien qui, tout au long de sa carri\u00e8re politique,\u2026","rel":"","context":"Dans &quot;Blogcaf\u00e9&quot;","block_context":{"text":"Blogcaf\u00e9","link":"https:\/\/lyonelkaufmann.ch\/Blog\/category\/blogcafe-2\/"},"img":{"alt_text":"","src":"","width":0,"height":0},"classes":[]},{"id":7583,"url":"https:\/\/lyonelkaufmann.ch\/Blog\/2012\/10\/30\/trois-rivieres-photo-du-jour\/","url_meta":{"origin":3421,"position":4},"title":"Trois-Rivi\u00e8res |\u00a0Photo du jour","author":"Lyonel Kaufmann","date":"30 octobre 2012","format":"image","excerpt":"Arr\u00eat \u00e0 Trois-Rivi\u00e8res en hommage \u00e0 la s\u00e9rie\u00a0Lance & Compte! Le r\u00e9sum\u00e9 de la premi\u00e8re saison de la s\u00e9rie (1986) : Deux jeunes joueurs de hockey des Dragons de Trois-Rivi\u00e8res, Pierre Lambert (Carl Marotte) et Denis Mercure (Jean Harvey), m\u00e8nent leur \u00e9quipe \u00e0 la Coupe Memorial, symbole de la supr\u00e9matie\u2026","rel":"","context":"Dans &quot;Photo du jour&quot;","block_context":{"text":"Photo du jour","link":"https:\/\/lyonelkaufmann.ch\/Blog\/category\/photo-du-jour\/"},"img":{"alt_text":"DSC01034","src":"https:\/\/i0.wp.com\/lyonelkaufmann.ch\/Blog\/wp-content\/uploads\/2012\/10\/Trois-Rivi%C3%A8res.jpg?resize=350%2C200","width":350,"height":200,"srcset":"https:\/\/i0.wp.com\/lyonelkaufmann.ch\/Blog\/wp-content\/uploads\/2012\/10\/Trois-Rivi%C3%A8res.jpg?resize=350%2C200 1x, https:\/\/i0.wp.com\/lyonelkaufmann.ch\/Blog\/wp-content\/uploads\/2012\/10\/Trois-Rivi%C3%A8res.jpg?resize=525%2C300 1.5x"},"classes":[]},{"id":16318,"url":"https:\/\/lyonelkaufmann.ch\/Blog\/2016\/04\/12\/kevin-spacey-recite-shakespeare-en-imitant-al-pacino-et-bill-clinton\/","url_meta":{"origin":3421,"position":5},"title":"Kevin Spacey r\u00e9cite Shakespeare en imitant Al Pacino et Bill Clinton","author":"Lyonel Kaufmann","date":"12 avril 2016","format":false,"excerpt":"Il a d\u00e9but\u00e9 sa carri\u00e8re en jouant du Shakespeare. Alors l'\u00e9quipe de C \u00e0 vous, qui recevait Kevin Spacey lundi 11 avril, lui a demand\u00e9 de r\u00e9citer la c\u00e9l\u00e8bre phrase tir\u00e9e d'Hamlet : \"\u00catre ou ne pas \u00eatre, Telle est la question\", dans diff\u00e9rentes situations. En bonus, vous avez \u00e9galement\u2026","rel":"","context":"Dans &quot;Blogcaf\u00e9&quot;","block_context":{"text":"Blogcaf\u00e9","link":"https:\/\/lyonelkaufmann.ch\/Blog\/category\/blogcafe-2\/"},"img":{"alt_text":"","src":"","width":0,"height":0},"classes":[]}],"jetpack_likes_enabled":true,"_links":{"self":[{"href":"https:\/\/lyonelkaufmann.ch\/Blog\/wp-json\/wp\/v2\/posts\/3421","targetHints":{"allow":["GET"]}}],"collection":[{"href":"https:\/\/lyonelkaufmann.ch\/Blog\/wp-json\/wp\/v2\/posts"}],"about":[{"href":"https:\/\/lyonelkaufmann.ch\/Blog\/wp-json\/wp\/v2\/types\/post"}],"author":[{"embeddable":true,"href":"https:\/\/lyonelkaufmann.ch\/Blog\/wp-json\/wp\/v2\/users\/1"}],"replies":[{"embeddable":true,"href":"https:\/\/lyonelkaufmann.ch\/Blog\/wp-json\/wp\/v2\/comments?post=3421"}],"version-history":[{"count":0,"href":"https:\/\/lyonelkaufmann.ch\/Blog\/wp-json\/wp\/v2\/posts\/3421\/revisions"}],"wp:featuredmedia":[{"embeddable":true,"href":"https:\/\/lyonelkaufmann.ch\/Blog\/wp-json\/wp\/v2\/media\/13767"}],"wp:attachment":[{"href":"https:\/\/lyonelkaufmann.ch\/Blog\/wp-json\/wp\/v2\/media?parent=3421"}],"wp:term":[{"taxonomy":"category","embeddable":true,"href":"https:\/\/lyonelkaufmann.ch\/Blog\/wp-json\/wp\/v2\/categories?post=3421"},{"taxonomy":"post_tag","embeddable":true,"href":"https:\/\/lyonelkaufmann.ch\/Blog\/wp-json\/wp\/v2\/tags?post=3421"}],"curies":[{"name":"wp","href":"https:\/\/api.w.org\/{rel}","templated":true}]}}