{"id":3508,"date":"2011-02-07T09:33:37","date_gmt":"2011-02-07T08:33:37","guid":{"rendered":"http:\/\/lyonelkaufmann.ch\/histoire\/?p=3508"},"modified":"2011-02-07T09:33:37","modified_gmt":"2011-02-07T08:33:37","slug":"le-copier-coller-cle-de-la-productivite-textuelle-educpros-fr","status":"publish","type":"post","link":"https:\/\/lyonelkaufmann.ch\/Blog\/2011\/02\/07\/le-copier-coller-cle-de-la-productivite-textuelle-educpros-fr\/","title":{"rendered":"Le copier-coller, cl\u00e9 de la productivit\u00e9 textuelle | Educpros.fr"},"content":{"rendered":"<blockquote><p><em>Le copier-coller n\u2019est pas uniquement l\u2019op\u00e9ration qui permet aujourd\u2019hui tous les plagiats litt\u00e9raires et universitaires. C\u2019est aussi la cl\u00e9 de la productivit\u00e9 textuelle et un texte qui n\u2019est pas \u201ccopiable-collable\u201d est un texte mort.<\/em><\/p><\/blockquote>\n<p>Tel est l\u2019argument que d\u00e9fendait Steven Berlin Johnson voici quelques mois devant les \u00e9tudiants en journalisme de l\u2019universit\u00e9 de Columbia et que Christine Vaufrey pour <em>Educpros.fr<\/em> nous pr\u00e9sente en fran\u00e7ais.<\/p>\n<p>Dans son texte, Steven Berlin Johnson renvoyait son lecteur \u00e0 la pratique des <em>commonplace book <\/em>(carnets personnels) des intellectuels anglais du XVIIe si\u00e8cle que Jonhson compare \u00e0 la pratique actuelle des blogs.<\/p>\n<p>Il en parle \u00e9galement comme d&rsquo;un proc\u00e9d\u00e9 de couper\/coller auquel s&rsquo;ajoutent les commentaires de l&rsquo;auteur. Il s&rsquo;agit aussi d&rsquo;une pratique permettant la pollinisation des id\u00e9es.<\/p>\n<p>C&rsquo;est \u00e9galement une mani\u00e8re de dire que l&rsquo;id\u00e9e d&rsquo;\u00eatre original tout seul est incongrue et que c&rsquo;est de la circulation des id\u00e9es, de leur confrontation que se cr\u00e9e une plus-value d\u00e9mocratique et intellectuelle.<\/p>\n<p>P\u00e9dagogiquement, cela nous change du <em>\u00ab\u00a0copier\/coller, c&rsquo;est mal\u00a0\u00bb<\/em> et indique que c&rsquo;est le commentaire individuel et personnel associ\u00e9 au couper\/coller qui est ici important dans une perspective de formation.<\/p>\n<p><strong>Et que ceux qui n&rsquo;ont jamais p\u00each\u00e9 par couper\/coller me jettent la premi\u00e8re pierre.<\/strong><\/p>\n<p>L&rsquo;article :\u00a0<a href=\"http:\/\/bit.ly\/i8x8oS\">Le copier-coller, cl\u00e9 de la productivit\u00e9 textuelle (CCK11\/2) | Les blogs Educpros.fr<\/a>.<\/p>\n","protected":false},"excerpt":{"rendered":"<p>Le copier-coller n\u2019est pas uniquement l\u2019op\u00e9ration qui permet aujourd\u2019hui tous les plagiats litt\u00e9raires et universitaires. C\u2019est aussi la cl\u00e9 de la productivit\u00e9 textuelle et un texte qui n\u2019est pas \u201ccopiable-collable\u201d est un texte mort. Tel est l\u2019argument que d\u00e9fendait Steven Berlin Johnson voici quelques mois devant les \u00e9tudiants en journalisme de l\u2019universit\u00e9 de Columbia et [&hellip;]<\/p>\n","protected":false},"author":1,"featured_media":14680,"comment_status":"open","ping_status":"open","sticky":false,"template":"","format":"standard","meta":{"_import_markdown_pro_load_document_selector":0,"_import_markdown_pro_submit_text_textarea":"","_genesis_hide_title":false,"_genesis_hide_breadcrumbs":false,"_genesis_hide_singular_image":false,"_genesis_hide_footer_widgets":false,"_genesis_custom_body_class":"","_genesis_custom_post_class":"","_genesis_layout":"","jetpack_post_was_ever_published":false,"_jetpack_newsletter_access":"","_jetpack_dont_email_post_to_subs":false,"_jetpack_newsletter_tier_id":0,"_jetpack_memberships_contains_paywalled_content":false,"_jetpack_memberships_contains_paid_content":false,"activitypub_content_warning":"","activitypub_content_visibility":"","activitypub_max_image_attachments":3,"activitypub_interaction_policy_quote":"anyone","activitypub_status":"","footnotes":"","jetpack_publicize_message":"","jetpack_publicize_feature_enabled":true,"jetpack_social_post_already_shared":true,"jetpack_social_options":{"image_generator_settings":{"template":"fullscreen","default_image_id":0,"font":"","enabled":false},"version":2}},"categories":[2],"tags":[],"class_list":{"0":"post-3508","1":"post","2":"type-post","3":"status-publish","4":"format-standard","5":"has-post-thumbnail","7":"category-histoire-2","8":"entry"},"jetpack_publicize_connections":[],"featured_image_src":"https:\/\/i0.wp.com\/lyonelkaufmann.ch\/Blog\/wp-content\/uploads\/2015\/03\/blogcafe1.jpg?resize=600%2C400&ssl=1","featured_image_src_square":"https:\/\/i0.wp.com\/lyonelkaufmann.ch\/Blog\/wp-content\/uploads\/2015\/03\/blogcafe1.jpg?resize=600%2C600&ssl=1","author_info":{"display_name":"Lyonel Kaufmann","author_link":"https:\/\/lyonelkaufmann.ch\/Blog\/author\/lyonelk\/"},"jetpack_featured_media_url":"https:\/\/i0.wp.com\/lyonelkaufmann.ch\/Blog\/wp-content\/uploads\/2015\/03\/blogcafe1.jpg?fit=1024%2C683&ssl=1","jetpack_sharing_enabled":true,"jetpack_shortlink":"https:\/\/wp.me\/p1qtF4-UA","jetpack-related-posts":[{"id":12726,"url":"https:\/\/lyonelkaufmann.ch\/Blog\/2011\/06\/10\/productivite-quel-carnet-de-notes-pour-mon-ipad\/","url_meta":{"origin":3508,"position":0},"title":"Productivit\u00e9 : quel carnet de notes pour mon iPad?","author":"Lyonel Kaufmann","date":"10 juin 2011","format":"aside","excerpt":"R\u00e9cemment, je publiais ma liste des 10 applications indispensables, pour moi, en mati\u00e8re de productivit\u00e9 sur iPad. J'indiquais n\u00e9anmoins mon embarras dans le domaine des carnets de notes. Aucun ne se d\u00e9tachait dans mon utilisation quotidienne. Depuis lors, les choses \u00e9voluent me concernant. D\u00e9sormais, en effet, une application tient la\u2026","rel":"","context":"Dans &quot;Blogcaf\u00e9&quot;","block_context":{"text":"Blogcaf\u00e9","link":"https:\/\/lyonelkaufmann.ch\/Blog\/category\/blogcafe-2\/"},"img":{"alt_text":"","src":"","width":0,"height":0},"classes":[]},{"id":12708,"url":"https:\/\/lyonelkaufmann.ch\/Blog\/2011\/03\/31\/links-for-2011-03-30\/","url_meta":{"origin":3508,"position":1},"title":"Comment les universit\u00e9s utilisent Twitter | educpros.fr","author":"Lyonel Kaufmann","date":"31 mars 2011","format":"aside","excerpt":"Comment les universit\u00e9s utilisent Twitter - educpros.fr\/ Diversit\u00e9 des messages et des publics vis\u00e9s. Tel est le constat \u00e0 la lecture quotidienne des comptes Twitter des universit\u00e9s. Agenda pour les \u00e9tudiants, rappels \u00e0 l'ordre pratiques, \u00e9v\u00e9nements de la vie d'\u00e9tablissement, annonce des succ\u00e8s de l'universit\u00e9 au Grand emprunt, publications des\u2026","rel":"","context":"Dans &quot;L'Expresso&quot;","block_context":{"text":"L'Expresso","link":"https:\/\/lyonelkaufmann.ch\/Blog\/category\/breves\/"},"img":{"alt_text":"","src":"https:\/\/i0.wp.com\/lyonelkaufmann.ch\/Blog\/wp-content\/uploads\/2015\/03\/blogcafe1.jpg?fit=1024%2C683&ssl=1&resize=350%2C200","width":350,"height":200,"srcset":"https:\/\/i0.wp.com\/lyonelkaufmann.ch\/Blog\/wp-content\/uploads\/2015\/03\/blogcafe1.jpg?fit=1024%2C683&ssl=1&resize=350%2C200 1x, https:\/\/i0.wp.com\/lyonelkaufmann.ch\/Blog\/wp-content\/uploads\/2015\/03\/blogcafe1.jpg?fit=1024%2C683&ssl=1&resize=525%2C300 1.5x, https:\/\/i0.wp.com\/lyonelkaufmann.ch\/Blog\/wp-content\/uploads\/2015\/03\/blogcafe1.jpg?fit=1024%2C683&ssl=1&resize=700%2C400 2x"},"classes":[]},{"id":1543,"url":"https:\/\/lyonelkaufmann.ch\/Blog\/2009\/09\/10\/10-apres-sa-chute-chronique-du-mur-de-berlin\/","url_meta":{"origin":3508,"position":2},"title":"20 apr\u00e8s sa chute: Chronique du Mur de Berlin","author":"Lyonel Kaufmann","date":"10 septembre 2009","format":false,"excerpt":"Chronik der Mauer - Bau und Fall der Berliner Mauer La chronique du Mur de Berlin de 1961 \u00e0 1989 par la Bundesrentrale f\u00fcr politische Bildung, la Zentrume f\u00fcr Zeithistorische F\u00f6rschung et la Deutschlandradio. Un impressionnant dossier de sources et documents de la p\u00e9riode est offert en mati\u00e8re de films,\u2026","rel":"","context":"Dans &quot;histoire&quot;","block_context":{"text":"histoire","link":"https:\/\/lyonelkaufmann.ch\/Blog\/category\/histoire-2\/"},"img":{"alt_text":"","src":"https:\/\/i0.wp.com\/lyonelkaufmann.ch\/Blog\/wp-content\/uploads\/2015\/03\/blogcafe1.jpg?fit=1024%2C683&ssl=1&resize=350%2C200","width":350,"height":200,"srcset":"https:\/\/i0.wp.com\/lyonelkaufmann.ch\/Blog\/wp-content\/uploads\/2015\/03\/blogcafe1.jpg?fit=1024%2C683&ssl=1&resize=350%2C200 1x, https:\/\/i0.wp.com\/lyonelkaufmann.ch\/Blog\/wp-content\/uploads\/2015\/03\/blogcafe1.jpg?fit=1024%2C683&ssl=1&resize=525%2C300 1.5x, https:\/\/i0.wp.com\/lyonelkaufmann.ch\/Blog\/wp-content\/uploads\/2015\/03\/blogcafe1.jpg?fit=1024%2C683&ssl=1&resize=700%2C400 2x"},"classes":[]},{"id":3129,"url":"https:\/\/lyonelkaufmann.ch\/Blog\/2010\/02\/18\/fourgous-passer-de-lintegration-a-lacculturation\/","url_meta":{"origin":3508,"position":3},"title":"Fourgous : Passer de l&rsquo;int\u00e9gration \u00e0 l&rsquo;acculturation","author":"Lyonel Kaufmann","date":"18 f\u00e9vrier 2010","format":"aside","excerpt":"Alors que la mission Fourgous vient de rendre en France son rapport sur la question des TICE \u00e0 l'\u00e9cole, Bruno Duvauchelle r\u00e9pond aux questions du Caf\u00e9 p\u00e9dagogique. Bruno Duvauchelle, docteur en sciences de l'\u00e9ducation, formateur-chercheur au CEPEC, est un grand connaisseur de l'int\u00e9gration des TICE \u00e0 l'\u00e9cole dont j'appr\u00e9cie r\u00e9guli\u00e8rement\u2026","rel":"","context":"Dans &quot;Blogcaf\u00e9&quot;","block_context":{"text":"Blogcaf\u00e9","link":"https:\/\/lyonelkaufmann.ch\/Blog\/category\/blogcafe-2\/"},"img":{"alt_text":"","src":"https:\/\/i0.wp.com\/lyonelkaufmann.ch\/Blog\/wp-content\/uploads\/2015\/03\/blogcafe1.jpg?fit=1024%2C683&ssl=1&resize=350%2C200","width":350,"height":200,"srcset":"https:\/\/i0.wp.com\/lyonelkaufmann.ch\/Blog\/wp-content\/uploads\/2015\/03\/blogcafe1.jpg?fit=1024%2C683&ssl=1&resize=350%2C200 1x, https:\/\/i0.wp.com\/lyonelkaufmann.ch\/Blog\/wp-content\/uploads\/2015\/03\/blogcafe1.jpg?fit=1024%2C683&ssl=1&resize=525%2C300 1.5x, https:\/\/i0.wp.com\/lyonelkaufmann.ch\/Blog\/wp-content\/uploads\/2015\/03\/blogcafe1.jpg?fit=1024%2C683&ssl=1&resize=700%2C400 2x"},"classes":[]},{"id":3256,"url":"https:\/\/lyonelkaufmann.ch\/Blog\/2010\/10\/13\/les-mecanismes-de-la-creativite-internetactu-net\/","url_meta":{"origin":3508,"position":4},"title":"Les m\u00e9canismes de la cr\u00e9ativit\u00e9 |  InternetActu.net","author":"Lyonel Kaufmann","date":"13 octobre 2010","format":false,"excerpt":"Wired a r\u00e9cemment publi\u00e9 les extraits d\u2019une conversation entre deux des penseurs les plus radicaux de la technologie contemporaine, Kevin Kelly et Steven Berlin Johnson. InternetActu en rend compte. En voici un extrait int\u00e9ressant \u00e0 la fois dans une perspective historique et p\u00e9dagogique. Bonne nouvelle, non seulement l\u2019innovation est collective,\u2026","rel":"","context":"Dans &quot;histoire&quot;","block_context":{"text":"histoire","link":"https:\/\/lyonelkaufmann.ch\/Blog\/category\/histoire-2\/"},"img":{"alt_text":"","src":"https:\/\/i0.wp.com\/lyonelkaufmann.ch\/Blog\/wp-content\/uploads\/2015\/03\/blogcafe1.jpg?fit=1024%2C683&ssl=1&resize=350%2C200","width":350,"height":200,"srcset":"https:\/\/i0.wp.com\/lyonelkaufmann.ch\/Blog\/wp-content\/uploads\/2015\/03\/blogcafe1.jpg?fit=1024%2C683&ssl=1&resize=350%2C200 1x, https:\/\/i0.wp.com\/lyonelkaufmann.ch\/Blog\/wp-content\/uploads\/2015\/03\/blogcafe1.jpg?fit=1024%2C683&ssl=1&resize=525%2C300 1.5x, https:\/\/i0.wp.com\/lyonelkaufmann.ch\/Blog\/wp-content\/uploads\/2015\/03\/blogcafe1.jpg?fit=1024%2C683&ssl=1&resize=700%2C400 2x"},"classes":[]},{"id":14712,"url":"https:\/\/lyonelkaufmann.ch\/Blog\/2015\/03\/05\/byword-ou-desk\/","url_meta":{"origin":3508,"position":5},"title":"Prendre des notes \u00e0 l&rsquo;\u00e8re num\u00e9rique : ByWord ou Desk ?","author":"Lyonel Kaufmann","date":"5 mars 2015","format":false,"excerpt":"Byword ou Desk ? Dans le mode minimaliste et \u00e9diteur de texte, ByWord\u00a0(chf 12.- sans les options de publication) et Desk\u00a0(chf 29.- sur l\u2019AppleStore) s'opposent pour fournir \u00e0 l'utilisateur Mac un logiciel orient\u00e9 \"\u00e9criture\" avant d'\u00eatre des logiciels de publication pour blog. L'interface est minimaliste et chacun des logiciels disposent\u2026","rel":"","context":"Dans &quot;Blogcaf\u00e9&quot;","block_context":{"text":"Blogcaf\u00e9","link":"https:\/\/lyonelkaufmann.ch\/Blog\/category\/blogcafe-2\/"},"img":{"alt_text":"","src":"https:\/\/i0.wp.com\/lyonelkaufmann.ch\/Blog\/wp-content\/uploads\/2015\/03\/488130849_640.jpg?fit=640%2C360&ssl=1&resize=350%2C200","width":350,"height":200,"srcset":"https:\/\/i0.wp.com\/lyonelkaufmann.ch\/Blog\/wp-content\/uploads\/2015\/03\/488130849_640.jpg?fit=640%2C360&ssl=1&resize=350%2C200 1x, https:\/\/i0.wp.com\/lyonelkaufmann.ch\/Blog\/wp-content\/uploads\/2015\/03\/488130849_640.jpg?fit=640%2C360&ssl=1&resize=525%2C300 1.5x"},"classes":[]}],"jetpack_likes_enabled":true,"_links":{"self":[{"href":"https:\/\/lyonelkaufmann.ch\/Blog\/wp-json\/wp\/v2\/posts\/3508","targetHints":{"allow":["GET"]}}],"collection":[{"href":"https:\/\/lyonelkaufmann.ch\/Blog\/wp-json\/wp\/v2\/posts"}],"about":[{"href":"https:\/\/lyonelkaufmann.ch\/Blog\/wp-json\/wp\/v2\/types\/post"}],"author":[{"embeddable":true,"href":"https:\/\/lyonelkaufmann.ch\/Blog\/wp-json\/wp\/v2\/users\/1"}],"replies":[{"embeddable":true,"href":"https:\/\/lyonelkaufmann.ch\/Blog\/wp-json\/wp\/v2\/comments?post=3508"}],"version-history":[{"count":0,"href":"https:\/\/lyonelkaufmann.ch\/Blog\/wp-json\/wp\/v2\/posts\/3508\/revisions"}],"wp:featuredmedia":[{"embeddable":true,"href":"https:\/\/lyonelkaufmann.ch\/Blog\/wp-json\/wp\/v2\/media\/14680"}],"wp:attachment":[{"href":"https:\/\/lyonelkaufmann.ch\/Blog\/wp-json\/wp\/v2\/media?parent=3508"}],"wp:term":[{"taxonomy":"category","embeddable":true,"href":"https:\/\/lyonelkaufmann.ch\/Blog\/wp-json\/wp\/v2\/categories?post=3508"},{"taxonomy":"post_tag","embeddable":true,"href":"https:\/\/lyonelkaufmann.ch\/Blog\/wp-json\/wp\/v2\/tags?post=3508"}],"curies":[{"name":"wp","href":"https:\/\/api.w.org\/{rel}","templated":true}]}}