{"id":3579,"date":"2011-02-24T00:54:42","date_gmt":"2011-02-23T23:54:42","guid":{"rendered":"http:\/\/lyonelkaufmann.ch\/histoire\/?p=3579"},"modified":"2011-02-24T00:54:42","modified_gmt":"2011-02-23T23:54:42","slug":"200-pays-sur-200-ans-en-4-minutes","status":"publish","type":"post","link":"https:\/\/lyonelkaufmann.ch\/Blog\/2011\/02\/24\/200-pays-sur-200-ans-en-4-minutes\/","title":{"rendered":"200 pays sur 200 ans en 4 minutes"},"content":{"rendered":"<p>Hans Rosling est l&rsquo;inventeur de l&rsquo;outil de visualisation\u00a0<a href=\"http:\/\/www.gapminder.org\/\">Gapminder<\/a>, qui autorise tous les croisements possibles et imaginables de donn\u00e9es publiques \u00e0 l&rsquo;\u00e9chelle mondiale, dans des graphiques dynamiques qui permettent de voir leur \u00e9volution dans le temps.<\/p>\n<p>Ici, il nous pr\u00e9sente l&rsquo;\u00e9volution de l&rsquo;esp\u00e9rance de vie et son \u00e9cart entre pays riches et pays pauvres sur 200 ans de 200 pays. Le tout en 4 minutes chrono.<\/p>\n<p>Bluffant\u2026<\/p>\n<p><a href=\"http:\/\/www.gapminder.org\/videos\/200-years-that-changed-the-world-bbc\/\">200 Countries, 200 Years, 4 Minutes &#8211; Gapminder.org<\/a><\/p>\n","protected":false},"excerpt":{"rendered":"<p>Hans Rosling est l&rsquo;inventeur de l&rsquo;outil de visualisation\u00a0Gapminder, qui autorise tous les croisements possibles et imaginables de donn\u00e9es publiques \u00e0 l&rsquo;\u00e9chelle mondiale, dans des graphiques dynamiques qui permettent de voir leur \u00e9volution dans le temps. Ici, il nous pr\u00e9sente l&rsquo;\u00e9volution de l&rsquo;esp\u00e9rance de vie et son \u00e9cart entre pays riches et pays pauvres sur 200 [&hellip;]<\/p>\n","protected":false},"author":1,"featured_media":14680,"comment_status":"open","ping_status":"open","sticky":false,"template":"","format":"standard","meta":{"_import_markdown_pro_load_document_selector":0,"_import_markdown_pro_submit_text_textarea":"","_genesis_hide_title":false,"_genesis_hide_breadcrumbs":false,"_genesis_hide_singular_image":false,"_genesis_hide_footer_widgets":false,"_genesis_custom_body_class":"","_genesis_custom_post_class":"","_genesis_layout":"","jetpack_post_was_ever_published":false,"_jetpack_newsletter_access":"","_jetpack_dont_email_post_to_subs":false,"_jetpack_newsletter_tier_id":0,"_jetpack_memberships_contains_paywalled_content":false,"_jetpack_memberships_contains_paid_content":false,"activitypub_content_warning":"","activitypub_content_visibility":"","activitypub_max_image_attachments":3,"activitypub_interaction_policy_quote":"anyone","activitypub_status":"","footnotes":"","jetpack_publicize_message":"","jetpack_publicize_feature_enabled":true,"jetpack_social_post_already_shared":true,"jetpack_social_options":{"image_generator_settings":{"template":"fullscreen","default_image_id":0,"font":"","enabled":false},"version":2}},"categories":[2],"tags":[],"class_list":{"0":"post-3579","1":"post","2":"type-post","3":"status-publish","4":"format-standard","5":"has-post-thumbnail","7":"category-histoire-2","8":"entry"},"jetpack_publicize_connections":[],"featured_image_src":"https:\/\/i0.wp.com\/lyonelkaufmann.ch\/Blog\/wp-content\/uploads\/2015\/03\/blogcafe1.jpg?resize=600%2C400&ssl=1","featured_image_src_square":"https:\/\/i0.wp.com\/lyonelkaufmann.ch\/Blog\/wp-content\/uploads\/2015\/03\/blogcafe1.jpg?resize=600%2C600&ssl=1","author_info":{"display_name":"Lyonel Kaufmann","author_link":"https:\/\/lyonelkaufmann.ch\/Blog\/author\/lyonelk\/"},"jetpack_featured_media_url":"https:\/\/i0.wp.com\/lyonelkaufmann.ch\/Blog\/wp-content\/uploads\/2015\/03\/blogcafe1.jpg?fit=1024%2C683&ssl=1","jetpack_sharing_enabled":true,"jetpack_shortlink":"https:\/\/wp.me\/p1qtF4-VJ","jetpack-related-posts":[{"id":18432,"url":"https:\/\/lyonelkaufmann.ch\/Blog\/2017\/08\/25\/il-est-temps-du-retour-ludovia14-col-de-pailheres-200\/","url_meta":{"origin":3579,"position":0},"title":"Il est temps du retour #Ludovia14 col de Pailheres 200","author":"Lyonel Kaufmann","date":"25 ao\u00fbt 2017","format":false,"excerpt":"from Instagram: http:\/\/ift.tt\/2ivPyD5","rel":"","context":"Dans &quot;Blogcaf\u00e9&quot;","block_context":{"text":"Blogcaf\u00e9","link":"https:\/\/lyonelkaufmann.ch\/Blog\/category\/blogcafe-2\/"},"img":{"alt_text":"","src":"","width":0,"height":0},"classes":[]},{"id":11585,"url":"https:\/\/lyonelkaufmann.ch\/Blog\/2014\/06\/19\/col-de-jaman\/","url_meta":{"origin":3579,"position":1},"title":"Col de Jaman","author":"Lyonel Kaufmann","date":"19 juin 2014","format":false,"excerpt":"En ce dimanche apr\u00e8s-midi 9 juin, nous avons profit\u00e9 du temps estival pour rejoindre la Buvette de Jaman depuis le col de Jaman. Comme les autres personnes pr\u00e9sentes nous avons assist\u00e9 \u00e0 un sauvetage de la Rega, pr\u00eatant assistance \u00e0 un randonneur ayant gliss\u00e9 sur un restant de n\u00e9v\u00e9. Pentax\u2026","rel":"","context":"Dans &quot;Photo du jour&quot;","block_context":{"text":"Photo du jour","link":"https:\/\/lyonelkaufmann.ch\/Blog\/category\/photo-du-jour\/"},"img":{"alt_text":"","src":"https:\/\/i0.wp.com\/lyonelkaufmann.ch\/Blog\/wp-content\/uploads\/2015\/02\/jaman2-xl.jpg?fit=1024%2C689&ssl=1&resize=350%2C200","width":350,"height":200,"srcset":"https:\/\/i0.wp.com\/lyonelkaufmann.ch\/Blog\/wp-content\/uploads\/2015\/02\/jaman2-xl.jpg?fit=1024%2C689&ssl=1&resize=350%2C200 1x, https:\/\/i0.wp.com\/lyonelkaufmann.ch\/Blog\/wp-content\/uploads\/2015\/02\/jaman2-xl.jpg?fit=1024%2C689&ssl=1&resize=525%2C300 1.5x, https:\/\/i0.wp.com\/lyonelkaufmann.ch\/Blog\/wp-content\/uploads\/2015\/02\/jaman2-xl.jpg?fit=1024%2C689&ssl=1&resize=700%2C400 2x"},"classes":[]},{"id":3313,"url":"https:\/\/lyonelkaufmann.ch\/Blog\/2010\/06\/14\/aegidius-tschudi-1505-1572-pere-de-lhistoire-suisse\/","url_meta":{"origin":3579,"position":2},"title":"Aegidius Tschudi (1505-1572) : P\u00e8re de l&rsquo;histoire suisse","author":"Lyonel Kaufmann","date":"14 juin 2010","format":"aside","excerpt":"Homme politique, diplomate, g\u00e9ographe et historien\u00a0suisse, Aegidius Tschudi\u00a0est consid\u00e9r\u00e9 comme le p\u00e8re de l'histoire suisse. Le\u00a0glaronais Aegidius Tschudi est l'auteur en 1569 d'une Chronicon Helveticum compos\u00e9e d'un millier de documents retra\u00e7ant l'histoire du pays de l'antiquit\u00e9 jusqu'\u00e0 son \u00e9poque. Cet ouvrage ne sera toutefois pas imprim\u00e9 avant 1734, soit pr\u00e8s\u2026","rel":"","context":"Dans &quot;Blogcaf\u00e9&quot;","block_context":{"text":"Blogcaf\u00e9","link":"https:\/\/lyonelkaufmann.ch\/Blog\/category\/blogcafe-2\/"},"img":{"alt_text":"","src":"https:\/\/i0.wp.com\/lyonelkaufmann.ch\/Blog\/wp-content\/uploads\/2015\/03\/220px-AegidusTschudi.jpg?fit=220%2C344&ssl=1&resize=350%2C200","width":350,"height":200},"classes":[]},{"id":6775,"url":"https:\/\/lyonelkaufmann.ch\/Blog\/2013\/02\/03\/la-bataille-de-stalingrad-en-infographie-ria-novosti\/","url_meta":{"origin":3579,"position":3},"title":"La Bataille de Stalingrad en infographie (Ria Novosti)","author":"Lyonel Kaufmann","date":"3 f\u00e9vrier 2013","format":false,"excerpt":"See on Scoop.it - histoire Description - commentaire: Une superbe infographie synth\u00e9tisant la bataille de Stalingrad (2 f\u00e9vrier 1943). Il y a donc 70 ans, le 2 f\u00e9vrier 1943, la bataille de Stalingrad prenait fin apr\u00e8s 200 jours de combats. Cette bataille est un tournant de la Deuxi\u00e8me guerre mondiale.\u2026","rel":"","context":"Dans &quot;histoire&quot;","block_context":{"text":"histoire","link":"https:\/\/lyonelkaufmann.ch\/Blog\/category\/histoire-2\/"},"img":{"alt_text":"","src":"","width":0,"height":0},"classes":[]},{"id":148,"url":"https:\/\/lyonelkaufmann.ch\/Blog\/2015\/02\/01\/revue-de-presse-decouvrir-la-suisse-comme-un-touriste-du-xviiie-siecle\/","url_meta":{"origin":3579,"position":4},"title":"Revue de Presse : D\u00e9couvrir la Suisse comme un touriste du XVIIIe si\u00e8cle","author":"Lyonel Kaufmann","date":"1 f\u00e9vrier 2015","format":false,"excerpt":"Une collection de plus de 1000 oeuvres mises en ligne par la Biblioth\u00e8que nationale permet de se plonger dans les circuits du tourisme suisse des XVIIIe et XIXe si\u00e8cles. Je note: \u00abUne collection de plus de 1000 oeuvres mises en ligne par la Biblioth\u00e8que nationale permet de se plonger dans\u2026","rel":"","context":"Dans &quot;Diary&quot;","block_context":{"text":"Diary","link":"https:\/\/lyonelkaufmann.ch\/Blog\/category\/diary\/"},"img":{"alt_text":"","src":"https:\/\/i0.wp.com\/lyonelkaufmann.ch\/Blog\/wp-content\/uploads\/2015\/02\/6499521-image.jpeg?fit=880%2C495&ssl=1&resize=350%2C200","width":350,"height":200,"srcset":"https:\/\/i0.wp.com\/lyonelkaufmann.ch\/Blog\/wp-content\/uploads\/2015\/02\/6499521-image.jpeg?fit=880%2C495&ssl=1&resize=350%2C200 1x, https:\/\/i0.wp.com\/lyonelkaufmann.ch\/Blog\/wp-content\/uploads\/2015\/02\/6499521-image.jpeg?fit=880%2C495&ssl=1&resize=525%2C300 1.5x, https:\/\/i0.wp.com\/lyonelkaufmann.ch\/Blog\/wp-content\/uploads\/2015\/02\/6499521-image.jpeg?fit=880%2C495&ssl=1&resize=700%2C400 2x"},"classes":[]},{"id":11589,"url":"https:\/\/lyonelkaufmann.ch\/Blog\/2014\/06\/22\/pause-de-midi-vevey\/","url_meta":{"origin":3579,"position":5},"title":"Pause de midi @ Vevey","author":"Lyonel Kaufmann","date":"22 juin 2014","format":false,"excerpt":"Pentax K-3 - Objectif smc Pentax-DA 18-250mm - iso 200 f\/8 1\/500","rel":"","context":"Dans &quot;Photo du jour&quot;","block_context":{"text":"Photo du jour","link":"https:\/\/lyonelkaufmann.ch\/Blog\/category\/photo-du-jour\/"},"img":{"alt_text":"","src":"https:\/\/i0.wp.com\/lyonelkaufmann.ch\/Blog\/wp-content\/uploads\/2015\/02\/pause-midi-vevey.jpg?fit=768%2C768&ssl=1&resize=350%2C200","width":350,"height":200,"srcset":"https:\/\/i0.wp.com\/lyonelkaufmann.ch\/Blog\/wp-content\/uploads\/2015\/02\/pause-midi-vevey.jpg?fit=768%2C768&ssl=1&resize=350%2C200 1x, https:\/\/i0.wp.com\/lyonelkaufmann.ch\/Blog\/wp-content\/uploads\/2015\/02\/pause-midi-vevey.jpg?fit=768%2C768&ssl=1&resize=525%2C300 1.5x, https:\/\/i0.wp.com\/lyonelkaufmann.ch\/Blog\/wp-content\/uploads\/2015\/02\/pause-midi-vevey.jpg?fit=768%2C768&ssl=1&resize=700%2C400 2x"},"classes":[]}],"jetpack_likes_enabled":true,"_links":{"self":[{"href":"https:\/\/lyonelkaufmann.ch\/Blog\/wp-json\/wp\/v2\/posts\/3579","targetHints":{"allow":["GET"]}}],"collection":[{"href":"https:\/\/lyonelkaufmann.ch\/Blog\/wp-json\/wp\/v2\/posts"}],"about":[{"href":"https:\/\/lyonelkaufmann.ch\/Blog\/wp-json\/wp\/v2\/types\/post"}],"author":[{"embeddable":true,"href":"https:\/\/lyonelkaufmann.ch\/Blog\/wp-json\/wp\/v2\/users\/1"}],"replies":[{"embeddable":true,"href":"https:\/\/lyonelkaufmann.ch\/Blog\/wp-json\/wp\/v2\/comments?post=3579"}],"version-history":[{"count":0,"href":"https:\/\/lyonelkaufmann.ch\/Blog\/wp-json\/wp\/v2\/posts\/3579\/revisions"}],"wp:featuredmedia":[{"embeddable":true,"href":"https:\/\/lyonelkaufmann.ch\/Blog\/wp-json\/wp\/v2\/media\/14680"}],"wp:attachment":[{"href":"https:\/\/lyonelkaufmann.ch\/Blog\/wp-json\/wp\/v2\/media?parent=3579"}],"wp:term":[{"taxonomy":"category","embeddable":true,"href":"https:\/\/lyonelkaufmann.ch\/Blog\/wp-json\/wp\/v2\/categories?post=3579"},{"taxonomy":"post_tag","embeddable":true,"href":"https:\/\/lyonelkaufmann.ch\/Blog\/wp-json\/wp\/v2\/tags?post=3579"}],"curies":[{"name":"wp","href":"https:\/\/api.w.org\/{rel}","templated":true}]}}