{"id":3592,"date":"2011-03-02T21:57:48","date_gmt":"2011-03-02T20:57:48","guid":{"rendered":"http:\/\/lyonelkaufmann.ch\/histoire\/?p=3592"},"modified":"2011-03-02T21:57:48","modified_gmt":"2011-03-02T20:57:48","slug":"des-telephones-mobiles-a-lecole-enseignement-educa-ch","status":"publish","type":"post","link":"https:\/\/lyonelkaufmann.ch\/Blog\/2011\/03\/02\/des-telephones-mobiles-a-lecole-enseignement-educa-ch\/","title":{"rendered":"Des t\u00e9l\u00e9phones mobiles \u00e0 l&rsquo;\u00e9cole ? | educa.ch"},"content":{"rendered":"<figure id=\"attachment_3595\" aria-describedby=\"caption-attachment-3595\" style=\"width: 378px\" class=\"wp-caption aligncenter\"><a href=\"https:\/\/i0.wp.com\/lyonelkaufmann.ch\/histoire\/wp-content\/uploads\/2011\/03\/article_portable-iphone-illustre.jpg\"><img data-recalc-dims=\"1\" loading=\"lazy\" decoding=\"async\" class=\"size-full wp-image-3595  \" title=\"article_portable-iphone-illustre\" src=\"https:\/\/i0.wp.com\/lyonelkaufmann.ch\/histoire\/wp-content\/uploads\/2011\/03\/article_portable-iphone-illustre.jpg?resize=378%2C250\" alt=\"\" width=\"378\" height=\"250\" \/><\/a><figcaption id=\"caption-attachment-3595\" class=\"wp-caption-text\">Illustration d&#039;un smartphone VALINCO \/ SIPA<\/figcaption><\/figure>\n<blockquote><p>Dans la plupart des \u00e9coles, l&rsquo;usage des mobiles et smartphones est interdit, car il perturbe la classe. Pourtant, aujourd&rsquo;hui, m\u00eame des membres sceptiques du corps enseignant ne sont plus contre le fait que les \u00e9l\u00e8ves cherchent rapidement une date historique dans Wikipedia, utilisent la calculatrice, traduisent des mots, consultent le dictionnaire ou fassent une dict\u00e9e au moyen de leur smartphone. On devra faire en sorte \u00e0 l&rsquo;avenir que les \u00e9l\u00e8ves puissent mettre \u00e0 profit en classe les m\u00e9dias dont ils disposent de toute fa\u00e7on.<\/p><\/blockquote>\n<p>Autrement dit, veut-on notamment interdire les calculatrices et les dictionnaires \u00e0 l&rsquo;\u00e9cole?\u00a0Une r\u00e9flexion introductive pleine de bon sens et un dossier \u00e0 lire pour les enseignant-e-s, n&rsquo;est-il pas?<\/p>\n<p>via\u00a0<a href=\"http:\/\/enseignement.educa.ch\/fr\/t\u00e9l\u00e9phones-mobiles-\u00e0-l\u00e9cole\">Des t\u00e9l\u00e9phones mobiles \u00e0 l&rsquo;\u00e9cole ? | enseignement.educa.ch<\/a>.<\/p>\n","protected":false},"excerpt":{"rendered":"<p>Dans la plupart des \u00e9coles, l&rsquo;usage des mobiles et smartphones est interdit, car il perturbe la classe. Pourtant, aujourd&rsquo;hui, m\u00eame des membres sceptiques du corps enseignant ne sont plus contre le fait que les \u00e9l\u00e8ves cherchent rapidement une date historique dans Wikipedia, utilisent la calculatrice, traduisent des mots, consultent le dictionnaire ou fassent une dict\u00e9e [&hellip;]<\/p>\n","protected":false},"author":1,"featured_media":13772,"comment_status":"open","ping_status":"open","sticky":false,"template":"","format":"standard","meta":{"_import_markdown_pro_load_document_selector":0,"_import_markdown_pro_submit_text_textarea":"","_genesis_hide_title":false,"_genesis_hide_breadcrumbs":false,"_genesis_hide_singular_image":false,"_genesis_hide_footer_widgets":false,"_genesis_custom_body_class":"","_genesis_custom_post_class":"","_genesis_layout":"","jetpack_post_was_ever_published":false,"_jetpack_newsletter_access":"","_jetpack_dont_email_post_to_subs":false,"_jetpack_newsletter_tier_id":0,"_jetpack_memberships_contains_paywalled_content":false,"_jetpack_memberships_contains_paid_content":false,"activitypub_content_warning":"","activitypub_content_visibility":"","activitypub_max_image_attachments":3,"activitypub_interaction_policy_quote":"anyone","activitypub_status":"","footnotes":"","jetpack_publicize_message":"","jetpack_publicize_feature_enabled":true,"jetpack_social_post_already_shared":true,"jetpack_social_options":{"image_generator_settings":{"template":"fullscreen","default_image_id":0,"font":"","enabled":false},"version":2}},"categories":[2],"tags":[],"class_list":{"0":"post-3592","1":"post","2":"type-post","3":"status-publish","4":"format-standard","5":"has-post-thumbnail","7":"category-histoire-2","8":"entry"},"jetpack_publicize_connections":[],"featured_image_src":"https:\/\/i0.wp.com\/lyonelkaufmann.ch\/Blog\/wp-content\/uploads\/2015\/03\/article_portable-iphone-illustre.jpg?resize=590%2C390&ssl=1","featured_image_src_square":"https:\/\/i0.wp.com\/lyonelkaufmann.ch\/Blog\/wp-content\/uploads\/2015\/03\/article_portable-iphone-illustre.jpg?resize=590%2C390&ssl=1","author_info":{"display_name":"Lyonel Kaufmann","author_link":"https:\/\/lyonelkaufmann.ch\/Blog\/author\/lyonelk\/"},"jetpack_featured_media_url":"https:\/\/i0.wp.com\/lyonelkaufmann.ch\/Blog\/wp-content\/uploads\/2015\/03\/article_portable-iphone-illustre.jpg?fit=590%2C390&ssl=1","jetpack_sharing_enabled":true,"jetpack_shortlink":"https:\/\/wp.me\/p1qtF4-VW","jetpack-related-posts":[{"id":1495,"url":"https:\/\/lyonelkaufmann.ch\/Blog\/2009\/08\/20\/50000-photos-de-classes-zurichoises-en-ligne\/","url_meta":{"origin":3592,"position":0},"title":"50&rsquo;000 photos de classes zurichoises en ligne","author":"Lyonel Kaufmann","date":"20 ao\u00fbt 2009","format":false,"excerpt":"Les archives du canton de Zurich ont num\u00e9ris\u00e9 professionnellement pr\u00e8s de 50'000 photos de classe du canton de Zurich couvrant les ann\u00e9es 1927 \u00e0 1995. Elles ont \u00e9t\u00e9 mises en ligne \u00e0 l'adresse suivante Klassenphotoarchiv. Il est ensuite possible de faire une recherche par code postal, lieu, nom d'\u00e9cole, ann\u00e9e\u2026","rel":"","context":"Dans &quot;histoire&quot;","block_context":{"text":"histoire","link":"https:\/\/lyonelkaufmann.ch\/Blog\/category\/histoire-2\/"},"img":{"alt_text":"Ecole: Sekundar B\u00fchl A. Ann\u00e9e: 1940 (14 mars). Enseignante: Mme Elsa Muschg","src":"https:\/\/i0.wp.com\/www.klassenfotoarchiv.ch\/previews\/LMP_Cumu_01\/10_lehrmittel_photos_db\/10_bilder\/012401-012500\/012481.jpg\/40_no_no_yes_750_96.JPEG?resize=350%2C200","width":350,"height":200},"classes":[]},{"id":6815,"url":"https:\/\/lyonelkaufmann.ch\/Blog\/2014\/09\/09\/quelle-place-pour-le-mobile-de-nos-eleves-en-classe\/","url_meta":{"origin":3592,"position":1},"title":"Quelle place pour le mobile de nos \u00e9l\u00e8ves en classe ?","author":"Lyonel Kaufmann","date":"9 septembre 2014","format":false,"excerpt":"Du 18 au 22 f\u00e9vrier, l'Unesco organise la semaine du mobile de l'UNESCO (18 - 22 f\u00e9vrier prochain) et s'interroge sur la place du t\u00e9l\u00e9phone dans l'enseignement. Comme le note Bruno Devauchelle, Paradoxe que celui d'une semaine qui est consacr\u00e9e \u00e0 l'apprendre \u00e0 l'aide des mobiles alors que dans le\u2026","rel":"","context":"Dans &quot;histoire&quot;","block_context":{"text":"histoire","link":"https:\/\/lyonelkaufmann.ch\/Blog\/category\/histoire-2\/"},"img":{"alt_text":"","src":"https:\/\/i0.wp.com\/lyonelkaufmann.ch\/Blog\/wp-content\/uploads\/2015\/03\/0139.jpg?fit=480%2C360&ssl=1&resize=350%2C200","width":350,"height":200},"classes":[]},{"id":633,"url":"https:\/\/lyonelkaufmann.ch\/Blog\/2007\/06\/07\/lausanne-sur-toscane\/","url_meta":{"origin":3592,"position":2},"title":"Lausanne sur Toscane","author":"Lyonel Kaufmann","date":"7 juin 2007","format":"aside","excerpt":".flickr-photo { border: solid 2px #000000; } .flickr-yourcomment { } .flickr-frame { text-align: left; padding: 3px; } .flickr-caption { font-size: 0.8em; margin-top: 0px; } \u00a0 Lausanne7.jpg, Photo h\u00e9berg\u00e9e par lyonelkaufmann. Variation photographique et architecturale avec Lausanne comme sujet. En choisissant ce cadrage, j'y trouve un petit air de Toscane dans\u2026","rel":"","context":"Dans &quot;Blogcaf\u00e9&quot;","block_context":{"text":"Blogcaf\u00e9","link":"https:\/\/lyonelkaufmann.ch\/Blog\/category\/blogcafe-2\/"},"img":{"alt_text":"","src":"https:\/\/i0.wp.com\/lyonelkaufmann.ch\/Blog\/wp-content\/uploads\/2015\/03\/533837765_74137f546d.jpg?fit=318%2C500&ssl=1&resize=350%2C200","width":350,"height":200},"classes":[]},{"id":14554,"url":"https:\/\/lyonelkaufmann.ch\/Blog\/2015\/02\/24\/revue-de-presse-le-smartphone-est-il-devenu-le-premier-ecran-influencia\/","url_meta":{"origin":3592,"position":3},"title":"Revue de Presse : Le smartphone est-il devenu le premier \u00e9cran ? &#8211; Influencia","author":"Lyonel Kaufmann","date":"24 f\u00e9vrier 2015","format":false,"excerpt":"Mon pr\u00e9cieux... diront certains annonceurs. Longtemps per\u00e7u comme second \u00e9cran, le mobile joue du coude et s\u2019empare \u00e0 vitesse grand V du statut de premier \u00e9cran chez la majorit\u00e9 des consommateurs... Je retiens : \u00abSelon le Pew Research Center, 58% des adultes nord-am\u00e9ricains poss\u00e8dent un smartphone, 32% un e-reader et\u2026","rel":"","context":"Dans &quot;Diary&quot;","block_context":{"text":"Diary","link":"https:\/\/lyonelkaufmann.ch\/Blog\/category\/diary\/"},"img":{"alt_text":"","src":"https:\/\/i0.wp.com\/lyonelkaufmann.ch\/Blog\/wp-content\/uploads\/2015\/03\/1GnFwFj.png?fit=650%2C299&ssl=1&resize=350%2C200","width":350,"height":200,"srcset":"https:\/\/i0.wp.com\/lyonelkaufmann.ch\/Blog\/wp-content\/uploads\/2015\/03\/1GnFwFj.png?fit=650%2C299&ssl=1&resize=350%2C200 1x, https:\/\/i0.wp.com\/lyonelkaufmann.ch\/Blog\/wp-content\/uploads\/2015\/03\/1GnFwFj.png?fit=650%2C299&ssl=1&resize=525%2C300 1.5x"},"classes":[]},{"id":4066,"url":"https:\/\/lyonelkaufmann.ch\/Blog\/2011\/09\/06\/rentree-scolaire-2011-twitter-tablettes-et-smartphones\/","url_meta":{"origin":3592,"position":4},"title":"Rentr\u00e9e scolaire 2011 : twitter, tablettes et smartphones","author":"Lyonel Kaufmann","date":"6 septembre 2011","format":false,"excerpt":"Twitter, les tablettes et les smartphones sont en t\u00eate des pr\u00e9occupations ou des tendances num\u00e9riques de la rentr\u00e9e scolaire 2011. Ces quelques articles vous permettront de faire un premier tour de la question \"Ma\u00eetresse, quand est-ce qu'on tweete ?\" | LeMonde.fr Reportage sur des enseignants du primaire et du secondaire\u2026","rel":"","context":"Dans &quot;histoire&quot;","block_context":{"text":"histoire","link":"https:\/\/lyonelkaufmann.ch\/Blog\/category\/histoire-2\/"},"img":{"alt_text":"","src":"https:\/\/i0.wp.com\/lyonelkaufmann.ch\/Blog\/wp-content\/uploads\/2015\/03\/blogcafe1.jpg?fit=1024%2C683&ssl=1&resize=350%2C200","width":350,"height":200,"srcset":"https:\/\/i0.wp.com\/lyonelkaufmann.ch\/Blog\/wp-content\/uploads\/2015\/03\/blogcafe1.jpg?fit=1024%2C683&ssl=1&resize=350%2C200 1x, https:\/\/i0.wp.com\/lyonelkaufmann.ch\/Blog\/wp-content\/uploads\/2015\/03\/blogcafe1.jpg?fit=1024%2C683&ssl=1&resize=525%2C300 1.5x, https:\/\/i0.wp.com\/lyonelkaufmann.ch\/Blog\/wp-content\/uploads\/2015\/03\/blogcafe1.jpg?fit=1024%2C683&ssl=1&resize=700%2C400 2x"},"classes":[]},{"id":14791,"url":"https:\/\/lyonelkaufmann.ch\/Blog\/2015\/04\/06\/a-papillons2015-quebec\/","url_meta":{"origin":3592,"position":5},"title":"A #Papillons2015 |\u00a0Qu\u00e9bec 2015","author":"Lyonel Kaufmann","date":"6 avril 2015","format":false,"excerpt":"Superbe visite ce dimanche \u00e0 Montr\u00e9al au Jardin botanique avec l'exposition Papillons en libert\u00e9 | Couleurs papillons. Cette exposition a lieu du 19 f\u00e9vrier au 26 avril 2015. D\u00e8s le premier pas dans la grande serre, on assiste \u00e0 un v\u00e9ritable ballet de couleurs chatoyantes et lumineuses. On y circule\u2026","rel":"","context":"Dans &quot;Blogcaf\u00e9&quot;","block_context":{"text":"Blogcaf\u00e9","link":"https:\/\/lyonelkaufmann.ch\/Blog\/category\/blogcafe-2\/"},"img":{"alt_text":"","src":"https:\/\/i0.wp.com\/lyonelkaufmann.ch\/Blog\/wp-content\/uploads\/2015\/04\/Papillons2015-X2.jpg?fit=1200%2C798&ssl=1&resize=350%2C200","width":350,"height":200,"srcset":"https:\/\/i0.wp.com\/lyonelkaufmann.ch\/Blog\/wp-content\/uploads\/2015\/04\/Papillons2015-X2.jpg?fit=1200%2C798&ssl=1&resize=350%2C200 1x, https:\/\/i0.wp.com\/lyonelkaufmann.ch\/Blog\/wp-content\/uploads\/2015\/04\/Papillons2015-X2.jpg?fit=1200%2C798&ssl=1&resize=525%2C300 1.5x, https:\/\/i0.wp.com\/lyonelkaufmann.ch\/Blog\/wp-content\/uploads\/2015\/04\/Papillons2015-X2.jpg?fit=1200%2C798&ssl=1&resize=700%2C400 2x, https:\/\/i0.wp.com\/lyonelkaufmann.ch\/Blog\/wp-content\/uploads\/2015\/04\/Papillons2015-X2.jpg?fit=1200%2C798&ssl=1&resize=1050%2C600 3x"},"classes":[]}],"jetpack_likes_enabled":true,"_links":{"self":[{"href":"https:\/\/lyonelkaufmann.ch\/Blog\/wp-json\/wp\/v2\/posts\/3592","targetHints":{"allow":["GET"]}}],"collection":[{"href":"https:\/\/lyonelkaufmann.ch\/Blog\/wp-json\/wp\/v2\/posts"}],"about":[{"href":"https:\/\/lyonelkaufmann.ch\/Blog\/wp-json\/wp\/v2\/types\/post"}],"author":[{"embeddable":true,"href":"https:\/\/lyonelkaufmann.ch\/Blog\/wp-json\/wp\/v2\/users\/1"}],"replies":[{"embeddable":true,"href":"https:\/\/lyonelkaufmann.ch\/Blog\/wp-json\/wp\/v2\/comments?post=3592"}],"version-history":[{"count":0,"href":"https:\/\/lyonelkaufmann.ch\/Blog\/wp-json\/wp\/v2\/posts\/3592\/revisions"}],"wp:featuredmedia":[{"embeddable":true,"href":"https:\/\/lyonelkaufmann.ch\/Blog\/wp-json\/wp\/v2\/media\/13772"}],"wp:attachment":[{"href":"https:\/\/lyonelkaufmann.ch\/Blog\/wp-json\/wp\/v2\/media?parent=3592"}],"wp:term":[{"taxonomy":"category","embeddable":true,"href":"https:\/\/lyonelkaufmann.ch\/Blog\/wp-json\/wp\/v2\/categories?post=3592"},{"taxonomy":"post_tag","embeddable":true,"href":"https:\/\/lyonelkaufmann.ch\/Blog\/wp-json\/wp\/v2\/tags?post=3592"}],"curies":[{"name":"wp","href":"https:\/\/api.w.org\/{rel}","templated":true}]}}