{"id":3625,"date":"2011-03-10T15:37:29","date_gmt":"2011-03-10T14:37:29","guid":{"rendered":"http:\/\/lyonelkaufmann.ch\/histoire\/?p=3625"},"modified":"2011-03-10T15:37:29","modified_gmt":"2011-03-10T14:37:29","slug":"le-roi-et-le-photographe-sous-le-capteur-limage","status":"publish","type":"post","link":"https:\/\/lyonelkaufmann.ch\/Blog\/2011\/03\/10\/le-roi-et-le-photographe-sous-le-capteur-limage\/","title":{"rendered":"Le roi et le photographe | Sous le capteur l&rsquo;image"},"content":{"rendered":"<p><strong>Alors que la photographie du roi Georges VI pronon\u00e7ant son discours est une mise en sc\u00e8ne o\u00f9 le roi mime son discours et non pas une photographie prise dans le \u00abfeu de l&rsquo;action\u00bb, Gr\u00e9gory Divoux nous pr\u00e9cise que cela n&rsquo;est pas anodin.<\/strong><\/p>\n<figure style=\"width: 384px\" class=\"wp-caption alignnone\"><a href=\"http:\/\/culturevisuelle.org\/capteur\/archives\/402#\"><img data-recalc-dims=\"1\" loading=\"lazy\" decoding=\"async\" src=\"https:\/\/i0.wp.com\/culturevisuelle.org\/capteur\/files\/2011\/03\/Photo-Georges-VI_Corbis.jpg?resize=384%2C285\" alt=\"Photographie du roi Georges VI pr\u00e9sent\u00e9 comme s'adressant \u00e0 la nation le 4 septembre 1939 au micro de la BBC \u00a9 Hulton-Deutsch Collection\/CORBIS \" width=\"384\" height=\"285\" \/><\/a><figcaption class=\"wp-caption-text\">Photographie du roi Georges VI pr\u00e9sent\u00e9 comme s&#039;adressant \u00e0 la nation le 4 septembre 1939 au micro de la BBC \u00a9 Hulton-Deutsch Collection\/CORBIS<\/figcaption><\/figure>\n<p>En effet,<\/p>\n<blockquote><p>\u00ab en 1939, les conditions du reportage \u201cmoderne\u201d sont r\u00e9unies : les appareils photographiques plus l\u00e9gers et les pellicules permettent aux photographes d\u2019\u00eatre au plus pr\u00e8s des \u00e9v\u00e9nements, quant aux journaux illustr\u00e9s, ils permettent \u00e0 leurs images d\u2019\u00eatre diffus\u00e9es. Au moment o\u00f9 le roi Georges VI prononce son discours, Capa a par exemple d\u00e9j\u00e0 couvert la guerre d\u2019Espagne, Leica en bandouli\u00e8re. Les deux syst\u00e8mes d\u2019\u00e9nonciation de la photographie coexistent donc mais dans les deux cas la photographie est bien pr\u00e9sent\u00e9e comme t\u00e9moignage au monde. L\u00e0 o\u00f9 la radio est bien vue comme le moyen de toucher directement, instantan\u00e9ment et en direct des millions de personnes, la photographie est d\u00e9j\u00e0 rel\u00e9gu\u00e9e \u00e0 un r\u00f4le accessoire dans l\u2019information, soumise \u00e0 un ensemble de contraintes, \u00e0 toute une cha\u00eene d\u2019\u00e9nonciation qui font du photographe un simple rouage d\u2019une machinerie qui le d\u00e9passe. D\u2019un c\u00f4t\u00e9 il est pris entre le commanditaire de l\u2019image, en l\u2019occurrence le roi, et la fa\u00e7on dont on diffuse les images qu\u2019il produit. Et cette dialectique de la photographie construite mais offerte comme document n\u2019est pas seulement un vestige du pass\u00e9 : l\u2019image r\u00e9alis\u00e9e apr\u00e8s le discours du roi Georges VI es bien encore aujourd\u2019hui utilis\u00e9e comme illustration de ce discours, comme sur les site Internet du Guardian et de Courrier International (voir ci-dessous) ; c\u2019est m\u00eame bien ainsi qu\u2019elle est diffus\u00e9e par Corbis. Aujourd\u2019hui la t\u00e9l\u00e9vision a remplac\u00e9 la radio comme canal de diffusion des discours des chefs d\u2019\u00c9tat ; quant \u00e0 la photographie, 70 ans plus tard, elle est toujours pr\u00e9sent\u00e9e comme ce document devant coller aux faits quand bien m\u00eame elle n\u2019est qu\u2019une construction.\u00bb<\/p><\/blockquote>\n<p>via\u00a0<a href=\"http:\/\/culturevisuelle.org\/capteur\/archives\/402#\">Le roi et le photographe | Sous le capteur l&rsquo;image<\/a>.<\/p>\n","protected":false},"excerpt":{"rendered":"<p>Alors que la photographie du roi Georges VI pronon\u00e7ant son discours est une mise en sc\u00e8ne o\u00f9 le roi mime son discours et non pas une photographie prise dans le \u00abfeu de l&rsquo;action\u00bb, Gr\u00e9gory Divoux nous pr\u00e9cise que cela n&rsquo;est pas anodin. En effet, \u00ab en 1939, les conditions du reportage \u201cmoderne\u201d sont r\u00e9unies : [&hellip;]<\/p>\n","protected":false},"author":1,"featured_media":13774,"comment_status":"open","ping_status":"open","sticky":false,"template":"","format":"standard","meta":{"_import_markdown_pro_load_document_selector":0,"_import_markdown_pro_submit_text_textarea":"","_genesis_hide_title":false,"_genesis_hide_breadcrumbs":false,"_genesis_hide_singular_image":false,"_genesis_hide_footer_widgets":false,"_genesis_custom_body_class":"","_genesis_custom_post_class":"","_genesis_layout":"","jetpack_post_was_ever_published":false,"_jetpack_newsletter_access":"","_jetpack_dont_email_post_to_subs":false,"_jetpack_newsletter_tier_id":0,"_jetpack_memberships_contains_paywalled_content":false,"_jetpack_memberships_contains_paid_content":false,"activitypub_content_warning":"","activitypub_content_visibility":"","activitypub_max_image_attachments":3,"activitypub_interaction_policy_quote":"anyone","activitypub_status":"","footnotes":"","jetpack_publicize_message":"","jetpack_publicize_feature_enabled":true,"jetpack_social_post_already_shared":true,"jetpack_social_options":{"image_generator_settings":{"template":"fullscreen","default_image_id":0,"font":"","enabled":false},"version":2}},"categories":[2],"tags":[],"class_list":{"0":"post-3625","1":"post","2":"type-post","3":"status-publish","4":"format-standard","5":"has-post-thumbnail","7":"category-histoire-2","8":"entry"},"jetpack_publicize_connections":[],"featured_image_src":"https:\/\/i0.wp.com\/lyonelkaufmann.ch\/Blog\/wp-content\/uploads\/2015\/03\/Photo-Georges-VI_Corbis.jpg?resize=600%2C400&ssl=1","featured_image_src_square":"https:\/\/i0.wp.com\/lyonelkaufmann.ch\/Blog\/wp-content\/uploads\/2015\/03\/Photo-Georges-VI_Corbis.jpg?resize=600%2C475&ssl=1","author_info":{"display_name":"Lyonel Kaufmann","author_link":"https:\/\/lyonelkaufmann.ch\/Blog\/author\/lyonelk\/"},"jetpack_featured_media_url":"https:\/\/i0.wp.com\/lyonelkaufmann.ch\/Blog\/wp-content\/uploads\/2015\/03\/Photo-Georges-VI_Corbis.jpg?fit=640%2C475&ssl=1","jetpack_sharing_enabled":true,"jetpack_shortlink":"https:\/\/wp.me\/p1qtF4-Wt","jetpack-related-posts":[{"id":633,"url":"https:\/\/lyonelkaufmann.ch\/Blog\/2007\/06\/07\/lausanne-sur-toscane\/","url_meta":{"origin":3625,"position":0},"title":"Lausanne sur Toscane","author":"Lyonel Kaufmann","date":"7 juin 2007","format":"aside","excerpt":".flickr-photo { border: solid 2px #000000; } .flickr-yourcomment { } .flickr-frame { text-align: left; padding: 3px; } .flickr-caption { font-size: 0.8em; margin-top: 0px; } \u00a0 Lausanne7.jpg, Photo h\u00e9berg\u00e9e par lyonelkaufmann. Variation photographique et architecturale avec Lausanne comme sujet. En choisissant ce cadrage, j'y trouve un petit air de Toscane dans\u2026","rel":"","context":"Dans &quot;Blogcaf\u00e9&quot;","block_context":{"text":"Blogcaf\u00e9","link":"https:\/\/lyonelkaufmann.ch\/Blog\/category\/blogcafe-2\/"},"img":{"alt_text":"","src":"https:\/\/i0.wp.com\/lyonelkaufmann.ch\/Blog\/wp-content\/uploads\/2015\/03\/533837765_74137f546d.jpg?fit=318%2C500&ssl=1&resize=350%2C200","width":350,"height":200},"classes":[]},{"id":9037,"url":"https:\/\/lyonelkaufmann.ch\/Blog\/2012\/12\/31\/tout-le-monde-est-photographe-retrospective-2012\/","url_meta":{"origin":3625,"position":1},"title":"Tout le monde est photographe | R\u00e9trospective 2012","author":"Lyonel Kaufmann","date":"31 d\u00e9cembre 2012","format":false,"excerpt":"Ce n'est nullement un hasard si en 2012 Facebook a rachet\u00e9 Instagram et Google le logiciel Snapspeed (Google lance Snapseed sur Android et veut bousculer Instagram) Dans leur lutte \u00e0 la domination des r\u00e9seaux sociaux, la photographie occupe une place centrale dans leur strat\u00e9gie. Il en est de m\u00eame d'ailleurs\u2026","rel":"","context":"Dans &quot;Blogcaf\u00e9&quot;","block_context":{"text":"Blogcaf\u00e9","link":"https:\/\/lyonelkaufmann.ch\/Blog\/category\/blogcafe-2\/"},"img":{"alt_text":"","src":"https:\/\/i0.wp.com\/lyonelkaufmann.ch\/Blog\/wp-content\/uploads\/2015\/03\/8314125504_773e48f8f2.jpg?fit=500%2C500&ssl=1&resize=350%2C200","width":350,"height":200},"classes":[]},{"id":12018,"url":"https:\/\/lyonelkaufmann.ch\/Blog\/2014\/09\/14\/ouverture-festival-images-vevey\/","url_meta":{"origin":3625,"position":2},"title":"Ouverture |\u00a0Festival Images @ Vevey","author":"Lyonel Kaufmann","date":"14 septembre 2014","format":false,"excerpt":"Ce samedi 13 septembre 2014 a eu lieu l\u2019ouverture du Festival Images @ Vevey. Le Festival d\u2019arts visuels Images est le premier festival de photographie en plein air de Suisse. Il produit tous les deux ans des expositions de photographie monumentale in\u00e9dites dans les rues de Vevey; il propose aussi\u2026","rel":"","context":"Dans &quot;Blogcaf\u00e9&quot;","block_context":{"text":"Blogcaf\u00e9","link":"https:\/\/lyonelkaufmann.ch\/Blog\/category\/blogcafe-2\/"},"img":{"alt_text":"","src":"https:\/\/i0.wp.com\/lyonelkaufmann.ch\/Blog\/wp-content\/uploads\/2015\/03\/1410734042_thumb.jpeg.jpg?fit=638%2C425&ssl=1&resize=350%2C200","width":350,"height":200,"srcset":"https:\/\/i0.wp.com\/lyonelkaufmann.ch\/Blog\/wp-content\/uploads\/2015\/03\/1410734042_thumb.jpeg.jpg?fit=638%2C425&ssl=1&resize=350%2C200 1x, https:\/\/i0.wp.com\/lyonelkaufmann.ch\/Blog\/wp-content\/uploads\/2015\/03\/1410734042_thumb.jpeg.jpg?fit=638%2C425&ssl=1&resize=525%2C300 1.5x"},"classes":[]},{"id":7501,"url":"https:\/\/lyonelkaufmann.ch\/Blog\/2012\/10\/19\/connected\/","url_meta":{"origin":3625,"position":3},"title":"Connected | Photo du jour","author":"Lyonel Kaufmann","date":"19 octobre 2012","format":"image","excerpt":"","rel":"","context":"Dans &quot;Photo du jour&quot;","block_context":{"text":"Photo du jour","link":"https:\/\/lyonelkaufmann.ch\/Blog\/category\/photo-du-jour\/"},"img":{"alt_text":"","src":"https:\/\/i0.wp.com\/lyonelkaufmann.ch\/Blog\/wp-content\/uploads\/2015\/03\/Connected-L.jpg?fit=800%2C530&ssl=1&resize=350%2C200","width":350,"height":200,"srcset":"https:\/\/i0.wp.com\/lyonelkaufmann.ch\/Blog\/wp-content\/uploads\/2015\/03\/Connected-L.jpg?fit=800%2C530&ssl=1&resize=350%2C200 1x, https:\/\/i0.wp.com\/lyonelkaufmann.ch\/Blog\/wp-content\/uploads\/2015\/03\/Connected-L.jpg?fit=800%2C530&ssl=1&resize=525%2C300 1.5x, https:\/\/i0.wp.com\/lyonelkaufmann.ch\/Blog\/wp-content\/uploads\/2015\/03\/Connected-L.jpg?fit=800%2C530&ssl=1&resize=700%2C400 2x"},"classes":[]},{"id":3328,"url":"https:\/\/lyonelkaufmann.ch\/Blog\/2010\/12\/08\/photographier-une-crise-economique-de-1929-a-2010\/","url_meta":{"origin":3625,"position":4},"title":"Photographier une crise \u00e9conomique de 1929 \u00e0 2010","author":"Lyonel Kaufmann","date":"8 d\u00e9cembre 2010","format":false,"excerpt":"La crise \u00e9conomique am\u00e9ricaine actuelle a conduit un groupe de photographes am\u00e9ricains (Facing Change) \u00e0\u00a0documenter celle-ci. Ce groupe reprend le flambeau des photographes engag\u00e9s par la Farm Security Administration sous Roosevelt. Une occasion de r\u00e9fl\u00e9chir et de s'interroger sur l'emploi de la photographie en temps de crise. Dorothea Lange est\u2026","rel":"","context":"Dans &quot;histoire&quot;","block_context":{"text":"histoire","link":"https:\/\/lyonelkaufmann.ch\/Blog\/category\/histoire-2\/"},"img":{"alt_text":"","src":"https:\/\/i0.wp.com\/lyonelkaufmann.ch\/Blog\/wp-content\/uploads\/2015\/03\/dorothea-lange-migrant-mother-ver1a1.jpg?fit=400%2C499&ssl=1&resize=350%2C200","width":350,"height":200},"classes":[]},{"id":19168,"url":"https:\/\/lyonelkaufmann.ch\/Blog\/2018\/04\/07\/la-photographie-analogique-peut-elle-vous-aider-a-prendre-de-meilleures-photos\/","url_meta":{"origin":3625,"position":5},"title":"La photographie analogique peut-elle vous aider \u00e0 prendre de meilleures photos ?","author":"Lyonel Kaufmann","date":"7 avril 2018","format":false,"excerpt":"La photographe Anna Linke fait part de son exp\u00e9rience en revenant \u00e0 la photographie analogique : Dans l'ensemble, la photographie analogique m'a aid\u00e9 \u00e0 reprendre contact avec la \"vraie photographie\" une fois de plus. J'ai arr\u00eat\u00e9 de prendre des photos la plupart du temps. Au lieu de cela, je me\u2026","rel":"","context":"Dans &quot;Blogcaf\u00e9&quot;","block_context":{"text":"Blogcaf\u00e9","link":"https:\/\/lyonelkaufmann.ch\/Blog\/category\/blogcafe-2\/"},"img":{"alt_text":"","src":"https:\/\/i0.wp.com\/lyonelkaufmann.ch\/Blog\/wp-content\/uploads\/2018\/04\/hipstamaticphoto-544781038.295229.jpg?fit=1200%2C800&ssl=1&resize=350%2C200","width":350,"height":200,"srcset":"https:\/\/i0.wp.com\/lyonelkaufmann.ch\/Blog\/wp-content\/uploads\/2018\/04\/hipstamaticphoto-544781038.295229.jpg?fit=1200%2C800&ssl=1&resize=350%2C200 1x, https:\/\/i0.wp.com\/lyonelkaufmann.ch\/Blog\/wp-content\/uploads\/2018\/04\/hipstamaticphoto-544781038.295229.jpg?fit=1200%2C800&ssl=1&resize=525%2C300 1.5x, https:\/\/i0.wp.com\/lyonelkaufmann.ch\/Blog\/wp-content\/uploads\/2018\/04\/hipstamaticphoto-544781038.295229.jpg?fit=1200%2C800&ssl=1&resize=700%2C400 2x, https:\/\/i0.wp.com\/lyonelkaufmann.ch\/Blog\/wp-content\/uploads\/2018\/04\/hipstamaticphoto-544781038.295229.jpg?fit=1200%2C800&ssl=1&resize=1050%2C600 3x"},"classes":[]}],"jetpack_likes_enabled":true,"_links":{"self":[{"href":"https:\/\/lyonelkaufmann.ch\/Blog\/wp-json\/wp\/v2\/posts\/3625","targetHints":{"allow":["GET"]}}],"collection":[{"href":"https:\/\/lyonelkaufmann.ch\/Blog\/wp-json\/wp\/v2\/posts"}],"about":[{"href":"https:\/\/lyonelkaufmann.ch\/Blog\/wp-json\/wp\/v2\/types\/post"}],"author":[{"embeddable":true,"href":"https:\/\/lyonelkaufmann.ch\/Blog\/wp-json\/wp\/v2\/users\/1"}],"replies":[{"embeddable":true,"href":"https:\/\/lyonelkaufmann.ch\/Blog\/wp-json\/wp\/v2\/comments?post=3625"}],"version-history":[{"count":0,"href":"https:\/\/lyonelkaufmann.ch\/Blog\/wp-json\/wp\/v2\/posts\/3625\/revisions"}],"wp:featuredmedia":[{"embeddable":true,"href":"https:\/\/lyonelkaufmann.ch\/Blog\/wp-json\/wp\/v2\/media\/13774"}],"wp:attachment":[{"href":"https:\/\/lyonelkaufmann.ch\/Blog\/wp-json\/wp\/v2\/media?parent=3625"}],"wp:term":[{"taxonomy":"category","embeddable":true,"href":"https:\/\/lyonelkaufmann.ch\/Blog\/wp-json\/wp\/v2\/categories?post=3625"},{"taxonomy":"post_tag","embeddable":true,"href":"https:\/\/lyonelkaufmann.ch\/Blog\/wp-json\/wp\/v2\/tags?post=3625"}],"curies":[{"name":"wp","href":"https:\/\/api.w.org\/{rel}","templated":true}]}}