{"id":3636,"date":"2011-03-12T16:11:03","date_gmt":"2011-03-12T15:11:03","guid":{"rendered":"http:\/\/lyonelkaufmann.ch\/histoire\/?p=3636"},"modified":"2011-03-12T16:11:03","modified_gmt":"2011-03-12T15:11:03","slug":"la-tyrannie-du-temps-de-lecole-educavox","status":"publish","type":"post","link":"https:\/\/lyonelkaufmann.ch\/Blog\/2011\/03\/12\/la-tyrannie-du-temps-de-lecole-educavox\/","title":{"rendered":"La tyrannie du temps de l\u2019\u00e9cole | Educavox"},"content":{"rendered":"<blockquote><p>J\u2019ai vu des dizaines et des dizaines d\u2019excellents enseignants devenir moins bons, voire pire, \u00e0 partir du moment o\u00f9 ils ne regardaient plus les enfants mais leur montre.[\u2026]<\/p>\n<p>Le meilleur p\u00e9dagogue engag\u00e9 dans une s\u00e9quence de travail sur le mod\u00e8le de la r\u00e9solution de probl\u00e8mes, de l\u2019auto-socio-construction des savoirs, \u00e9tait capable de basculer en quelques secondes dans le questionnement inducteur ferm\u00e9 si r\u00e9pandu et dans l\u2019explication magistrale, faisant perdre tout le b\u00e9n\u00e9fice de la premi\u00e8re partie de la s\u00e9quence \u00e0 ses \u00e9l\u00e8ves soudainement bouscul\u00e9s par la montre.<\/p><\/blockquote>\n<p>Il y a des billets qu&rsquo;on aurait voulu \u00e9crire. Celui-ci en fait ind\u00e9niablement partie. Merci, une nouvelle fois, \u00e0 Pierre Frackowiak.<\/p>\n<p>via\u00a0<a href=\"http:\/\/www.educavox.fr\/La-tyrannie-du-temps-de-l-ecole\">La tyrannie du temps de l\u2019\u00e9cole &#8211; Educavox<\/a>.<\/p>\n","protected":false},"excerpt":{"rendered":"<p>J\u2019ai vu des dizaines et des dizaines d\u2019excellents enseignants devenir moins bons, voire pire, \u00e0 partir du moment o\u00f9 ils ne regardaient plus les enfants mais leur montre.[\u2026] Le meilleur p\u00e9dagogue engag\u00e9 dans une s\u00e9quence de travail sur le mod\u00e8le de la r\u00e9solution de probl\u00e8mes, de l\u2019auto-socio-construction des savoirs, \u00e9tait capable de basculer en quelques [&hellip;]<\/p>\n","protected":false},"author":1,"featured_media":14680,"comment_status":"open","ping_status":"open","sticky":false,"template":"","format":"standard","meta":{"_import_markdown_pro_load_document_selector":0,"_import_markdown_pro_submit_text_textarea":"","_genesis_hide_title":false,"_genesis_hide_breadcrumbs":false,"_genesis_hide_singular_image":false,"_genesis_hide_footer_widgets":false,"_genesis_custom_body_class":"","_genesis_custom_post_class":"","_genesis_layout":"","jetpack_post_was_ever_published":false,"_jetpack_newsletter_access":"","_jetpack_dont_email_post_to_subs":false,"_jetpack_newsletter_tier_id":0,"_jetpack_memberships_contains_paywalled_content":false,"_jetpack_memberships_contains_paid_content":false,"activitypub_content_warning":"","activitypub_content_visibility":"","activitypub_max_image_attachments":3,"activitypub_interaction_policy_quote":"anyone","activitypub_status":"","footnotes":"","jetpack_publicize_message":"","jetpack_publicize_feature_enabled":true,"jetpack_social_post_already_shared":true,"jetpack_social_options":{"image_generator_settings":{"template":"fullscreen","default_image_id":0,"font":"","enabled":false},"version":2}},"categories":[2],"tags":[],"class_list":{"0":"post-3636","1":"post","2":"type-post","3":"status-publish","4":"format-standard","5":"has-post-thumbnail","7":"category-histoire-2","8":"entry"},"jetpack_publicize_connections":[],"featured_image_src":"https:\/\/i0.wp.com\/lyonelkaufmann.ch\/Blog\/wp-content\/uploads\/2015\/03\/blogcafe1.jpg?resize=600%2C400&ssl=1","featured_image_src_square":"https:\/\/i0.wp.com\/lyonelkaufmann.ch\/Blog\/wp-content\/uploads\/2015\/03\/blogcafe1.jpg?resize=600%2C600&ssl=1","author_info":{"display_name":"Lyonel Kaufmann","author_link":"https:\/\/lyonelkaufmann.ch\/Blog\/author\/lyonelk\/"},"jetpack_featured_media_url":"https:\/\/i0.wp.com\/lyonelkaufmann.ch\/Blog\/wp-content\/uploads\/2015\/03\/blogcafe1.jpg?fit=1024%2C683&ssl=1","jetpack_sharing_enabled":true,"jetpack_shortlink":"https:\/\/wp.me\/p1qtF4-WE","jetpack-related-posts":[{"id":6169,"url":"https:\/\/lyonelkaufmann.ch\/Blog\/2012\/09\/25\/que-signifie-vraiment-integrer-les-tic-en-pedagogie-educavox\/","url_meta":{"origin":3636,"position":0},"title":"Que signifie vraiment \u00ab int\u00e9grer les TIC \u00bb en p\u00e9dagogie ? | Educavox","author":"Lyonel Kaufmann","date":"25 septembre 2012","format":false,"excerpt":"Sur Educavox, Yves Morin pose la question suivante : comment un enseignant qui d\u00e9sire int\u00e9grer les technologies \u00e0 sa p\u00e9dagogie doit-il proc\u00e9der ou quelles sont les \u00e9tapes successives et requises visant \u00e0 l\u2019int\u00e9gration des TIC par un enseignant ? Sur la base de ses recherches et de ses diff\u00e9rentes lectures,\u2026","rel":"","context":"Dans &quot;histoire&quot;","block_context":{"text":"histoire","link":"https:\/\/lyonelkaufmann.ch\/Blog\/category\/histoire-2\/"},"img":{"alt_text":"","src":"https:\/\/i0.wp.com\/lyonelkaufmann.ch\/Blog\/wp-content\/uploads\/2015\/03\/blogcafe1.jpg?fit=1024%2C683&ssl=1&resize=350%2C200","width":350,"height":200,"srcset":"https:\/\/i0.wp.com\/lyonelkaufmann.ch\/Blog\/wp-content\/uploads\/2015\/03\/blogcafe1.jpg?fit=1024%2C683&ssl=1&resize=350%2C200 1x, https:\/\/i0.wp.com\/lyonelkaufmann.ch\/Blog\/wp-content\/uploads\/2015\/03\/blogcafe1.jpg?fit=1024%2C683&ssl=1&resize=525%2C300 1.5x, https:\/\/i0.wp.com\/lyonelkaufmann.ch\/Blog\/wp-content\/uploads\/2015\/03\/blogcafe1.jpg?fit=1024%2C683&ssl=1&resize=700%2C400 2x"},"classes":[]},{"id":7362,"url":"https:\/\/lyonelkaufmann.ch\/Blog\/2012\/09\/25\/que-signifie-vraiment-integrer-les-tic-en-pedagogie-educavox-2\/","url_meta":{"origin":3636,"position":1},"title":"Que signifie vraiment \u00ab int\u00e9grer les TIC \u00bb en p\u00e9dagogie ? | Educavox","author":"Lyonel Kaufmann","date":"25 septembre 2012","format":false,"excerpt":"Sur Educavox, Yves Morin pose la question suivante : comment un enseignant qui d\u00e9sire int\u00e9grer les technologies \u00e0 sa p\u00e9dagogie doit-il proc\u00e9der ou quelles sont les \u00e9tapes successives et requises visant \u00e0 l\u2019int\u00e9gration des TIC par un enseignant ? Sur la base de ses recherches et de ses diff\u00e9rentes lectures,\u2026","rel":"","context":"Dans &quot;Blogcaf\u00e9&quot;","block_context":{"text":"Blogcaf\u00e9","link":"https:\/\/lyonelkaufmann.ch\/Blog\/category\/blogcafe-2\/"},"img":{"alt_text":"","src":"https:\/\/i0.wp.com\/lyonelkaufmann.ch\/Blog\/wp-content\/uploads\/2015\/03\/blogcafe1.jpg?fit=1024%2C683&ssl=1&resize=350%2C200","width":350,"height":200,"srcset":"https:\/\/i0.wp.com\/lyonelkaufmann.ch\/Blog\/wp-content\/uploads\/2015\/03\/blogcafe1.jpg?fit=1024%2C683&ssl=1&resize=350%2C200 1x, https:\/\/i0.wp.com\/lyonelkaufmann.ch\/Blog\/wp-content\/uploads\/2015\/03\/blogcafe1.jpg?fit=1024%2C683&ssl=1&resize=525%2C300 1.5x, https:\/\/i0.wp.com\/lyonelkaufmann.ch\/Blog\/wp-content\/uploads\/2015\/03\/blogcafe1.jpg?fit=1024%2C683&ssl=1&resize=700%2C400 2x"},"classes":[]},{"id":4751,"url":"https:\/\/lyonelkaufmann.ch\/Blog\/2011\/12\/28\/quest-ce-que-ca-change-educavox\/","url_meta":{"origin":3636,"position":2},"title":"Qu\u2019est-ce que \u00e7a change ? | Educavox","author":"Lyonel Kaufmann","date":"28 d\u00e9cembre 2011","format":false,"excerpt":"Un excellent article de Pierre Frackowiak que n'aurait pas reni\u00e9 Larry Cuban. A int\u00e9grer \u00e0 ses bonnes r\u00e9solutions p\u00e9dagogiques pour 2012. Tout d'abord le constat : \u00abSurprenant quelques auditeurs convaincus que le seul fait d\u2019utiliser les technologies nouvelles est un progr\u00e8s, j\u2019ai pos\u00e9 la question \u00ab\u00a0qu\u2019est-ce que \u00e7a change\u00a0?\u00a0\u00bb. J\u2019\u00e9voquai\u2026","rel":"","context":"Dans &quot;histoire&quot;","block_context":{"text":"histoire","link":"https:\/\/lyonelkaufmann.ch\/Blog\/category\/histoire-2\/"},"img":{"alt_text":"","src":"https:\/\/i0.wp.com\/lyonelkaufmann.ch\/Blog\/wp-content\/uploads\/2015\/03\/blogcafe1.jpg?fit=1024%2C683&ssl=1&resize=350%2C200","width":350,"height":200,"srcset":"https:\/\/i0.wp.com\/lyonelkaufmann.ch\/Blog\/wp-content\/uploads\/2015\/03\/blogcafe1.jpg?fit=1024%2C683&ssl=1&resize=350%2C200 1x, https:\/\/i0.wp.com\/lyonelkaufmann.ch\/Blog\/wp-content\/uploads\/2015\/03\/blogcafe1.jpg?fit=1024%2C683&ssl=1&resize=525%2C300 1.5x, https:\/\/i0.wp.com\/lyonelkaufmann.ch\/Blog\/wp-content\/uploads\/2015\/03\/blogcafe1.jpg?fit=1024%2C683&ssl=1&resize=700%2C400 2x"},"classes":[]},{"id":5152,"url":"https:\/\/lyonelkaufmann.ch\/Blog\/2011\/12\/28\/quest-ce-que-ca-change-educavox-2\/","url_meta":{"origin":3636,"position":3},"title":"Qu\u2019est-ce que \u00e7a change ? | Educavox","author":"Lyonel Kaufmann","date":"28 d\u00e9cembre 2011","format":false,"excerpt":"Un excellent article de Pierre Frackowiak que n'aurait pas reni\u00e9 Larry Cuban. A int\u00e9grer \u00e0 ses bonnes r\u00e9solutions p\u00e9dagogiques pour 2012. Tout d'abord le constat : \u00abSurprenant quelques auditeurs convaincus que le seul fait d\u2019utiliser les technologies nouvelles est un progr\u00e8s, j\u2019ai pos\u00e9 la question \u00ab\u00a0qu\u2019est-ce que \u00e7a change\u00a0?\u00a0\u00bb. J\u2019\u00e9voquai\u2026","rel":"","context":"Dans &quot;Blogcaf\u00e9&quot;","block_context":{"text":"Blogcaf\u00e9","link":"https:\/\/lyonelkaufmann.ch\/Blog\/category\/blogcafe-2\/"},"img":{"alt_text":"","src":"https:\/\/i0.wp.com\/lyonelkaufmann.ch\/Blog\/wp-content\/uploads\/2015\/03\/blogcafe1.jpg?fit=1024%2C683&ssl=1&resize=350%2C200","width":350,"height":200,"srcset":"https:\/\/i0.wp.com\/lyonelkaufmann.ch\/Blog\/wp-content\/uploads\/2015\/03\/blogcafe1.jpg?fit=1024%2C683&ssl=1&resize=350%2C200 1x, https:\/\/i0.wp.com\/lyonelkaufmann.ch\/Blog\/wp-content\/uploads\/2015\/03\/blogcafe1.jpg?fit=1024%2C683&ssl=1&resize=525%2C300 1.5x, https:\/\/i0.wp.com\/lyonelkaufmann.ch\/Blog\/wp-content\/uploads\/2015\/03\/blogcafe1.jpg?fit=1024%2C683&ssl=1&resize=700%2C400 2x"},"classes":[]},{"id":21886,"url":"https:\/\/lyonelkaufmann.ch\/Blog\/2020\/08\/25\/eva-illouz-une-sociologue-contre-la-tyrannie-des-emotions-cnrs-le-journal\/","url_meta":{"origin":3636,"position":4},"title":"Eva Illouz, une sociologue contre la tyrannie des \u00e9motions | CNRS Le journal","author":"Lyonel Kaufmann","date":"25 ao\u00fbt 2020","format":false,"excerpt":"Depuis trente ans, Eva Illouz analyse nos \u00e9motions avec les outils de la sociologie, et non avec ceux, plus classiques, de la psychologie. Le regard original qu\u2019elle pose sur notre soci\u00e9t\u00e9 est reconnu comme l\u2019un des plus novateurs de la pens\u00e9e critique actuelle.\u00a0 \u00ab Le Club Med a ainsi chang\u00e9\u2026","rel":"","context":"Dans &quot;Blogcaf\u00e9&quot;","block_context":{"text":"Blogcaf\u00e9","link":"https:\/\/lyonelkaufmann.ch\/Blog\/category\/blogcafe-2\/"},"img":{"alt_text":"","src":"https:\/\/i0.wp.com\/lyonelkaufmann.ch\/Blog\/wp-content\/uploads\/2020\/08\/2020_02_05_eva_illouz_7245_72dpi.jpg?fit=1198%2C575&ssl=1&resize=350%2C200","width":350,"height":200,"srcset":"https:\/\/i0.wp.com\/lyonelkaufmann.ch\/Blog\/wp-content\/uploads\/2020\/08\/2020_02_05_eva_illouz_7245_72dpi.jpg?fit=1198%2C575&ssl=1&resize=350%2C200 1x, https:\/\/i0.wp.com\/lyonelkaufmann.ch\/Blog\/wp-content\/uploads\/2020\/08\/2020_02_05_eva_illouz_7245_72dpi.jpg?fit=1198%2C575&ssl=1&resize=525%2C300 1.5x, https:\/\/i0.wp.com\/lyonelkaufmann.ch\/Blog\/wp-content\/uploads\/2020\/08\/2020_02_05_eva_illouz_7245_72dpi.jpg?fit=1198%2C575&ssl=1&resize=700%2C400 2x, https:\/\/i0.wp.com\/lyonelkaufmann.ch\/Blog\/wp-content\/uploads\/2020\/08\/2020_02_05_eva_illouz_7245_72dpi.jpg?fit=1198%2C575&ssl=1&resize=1050%2C600 3x"},"classes":[]},{"id":1151,"url":"https:\/\/lyonelkaufmann.ch\/Blog\/2009\/03\/04\/la-demarche-de-type-situation-probleme-reperable-dans-une-activite-de-recherche-info-documentaire-les-trois-couronnes\/","url_meta":{"origin":3636,"position":5},"title":"la d\u00e9marche de type situation-probl\u00e8me rep\u00e9rable dans une activit\u00e9 de recherche info-documentaire | Les Trois Couronnes","author":"Lyonel Kaufmann","date":"4 mars 2009","format":false,"excerpt":"\u00abA partir d\u2019une question d\u2019actualit\u00e9 pos\u00e9e par un \u00e9l\u00e8ve, un(e) professeur(e) des \u00e9coles de l\u2019acad\u00e9mie de Toulouse met en place une s\u00e9quence d\u2019apprentissage info-documentaire fond\u00e9e sur la d\u00e9marche de situation-probl\u00e8me. Les \u00e9l\u00e8ves vont \u00eatre confront\u00e9s \u00e0 leurs repr\u00e9sentations et vont devoir apprendre pour mieux comprendre\u2026\u00bb idoc > blog > \u00ab\u00a0Nous\u2026","rel":"","context":"Dans &quot;histoire&quot;","block_context":{"text":"histoire","link":"https:\/\/lyonelkaufmann.ch\/Blog\/category\/histoire-2\/"},"img":{"alt_text":"","src":"https:\/\/i0.wp.com\/lyonelkaufmann.ch\/Blog\/wp-content\/uploads\/2015\/03\/blogcafe1.jpg?fit=1024%2C683&ssl=1&resize=350%2C200","width":350,"height":200,"srcset":"https:\/\/i0.wp.com\/lyonelkaufmann.ch\/Blog\/wp-content\/uploads\/2015\/03\/blogcafe1.jpg?fit=1024%2C683&ssl=1&resize=350%2C200 1x, https:\/\/i0.wp.com\/lyonelkaufmann.ch\/Blog\/wp-content\/uploads\/2015\/03\/blogcafe1.jpg?fit=1024%2C683&ssl=1&resize=525%2C300 1.5x, https:\/\/i0.wp.com\/lyonelkaufmann.ch\/Blog\/wp-content\/uploads\/2015\/03\/blogcafe1.jpg?fit=1024%2C683&ssl=1&resize=700%2C400 2x"},"classes":[]}],"jetpack_likes_enabled":true,"_links":{"self":[{"href":"https:\/\/lyonelkaufmann.ch\/Blog\/wp-json\/wp\/v2\/posts\/3636","targetHints":{"allow":["GET"]}}],"collection":[{"href":"https:\/\/lyonelkaufmann.ch\/Blog\/wp-json\/wp\/v2\/posts"}],"about":[{"href":"https:\/\/lyonelkaufmann.ch\/Blog\/wp-json\/wp\/v2\/types\/post"}],"author":[{"embeddable":true,"href":"https:\/\/lyonelkaufmann.ch\/Blog\/wp-json\/wp\/v2\/users\/1"}],"replies":[{"embeddable":true,"href":"https:\/\/lyonelkaufmann.ch\/Blog\/wp-json\/wp\/v2\/comments?post=3636"}],"version-history":[{"count":0,"href":"https:\/\/lyonelkaufmann.ch\/Blog\/wp-json\/wp\/v2\/posts\/3636\/revisions"}],"wp:featuredmedia":[{"embeddable":true,"href":"https:\/\/lyonelkaufmann.ch\/Blog\/wp-json\/wp\/v2\/media\/14680"}],"wp:attachment":[{"href":"https:\/\/lyonelkaufmann.ch\/Blog\/wp-json\/wp\/v2\/media?parent=3636"}],"wp:term":[{"taxonomy":"category","embeddable":true,"href":"https:\/\/lyonelkaufmann.ch\/Blog\/wp-json\/wp\/v2\/categories?post=3636"},{"taxonomy":"post_tag","embeddable":true,"href":"https:\/\/lyonelkaufmann.ch\/Blog\/wp-json\/wp\/v2\/tags?post=3636"}],"curies":[{"name":"wp","href":"https:\/\/api.w.org\/{rel}","templated":true}]}}