{"id":3638,"date":"2011-03-17T11:25:41","date_gmt":"2011-03-17T10:25:41","guid":{"rendered":"http:\/\/lyonelkaufmann.ch\/histoire\/?p=3638"},"modified":"2011-03-17T11:25:41","modified_gmt":"2011-03-17T10:25:41","slug":"pourquoi-avons-nous-besoin-de-predictions-owni-digital-journalism","status":"publish","type":"post","link":"https:\/\/lyonelkaufmann.ch\/Blog\/2011\/03\/17\/pourquoi-avons-nous-besoin-de-predictions-owni-digital-journalism\/","title":{"rendered":"Pourquoi avons-nous besoin de pr\u00e9dictions? | OWNI, Digital Journalism"},"content":{"rendered":"<blockquote><p><span style=\"font-family:'Helvetica Neue', Arial, Helvetica, sans-serif;line-height:18px;color:#000000;\"><em style=\"font-weight:inherit;font-style:italic;font-size:14px;font-family:inherit;vertical-align:baseline;padding:0;margin:0;border:0 initial initial;\">\u201cil est \u00e9trange de constater comment les \u00e9v\u00e9nements prennent un sens tout \u00e0 fait logique avec le recul \u2013 et la frustration que ce constat engendre depuis des temps imm\u00e9moriaux\u201d<\/em>.<\/span><\/p><\/blockquote>\n<p>nous indique\u00a0<a href=\"http:\/\/www.nytimes.com\/roomfordebate\/2010\/12\/27\/why-do-we-need-to-predict-the-future\/the-power-of-i-told-you-so\"> Stacy Schiff<\/a> (<a href=\"http:\/\/www.stacyschiff.com\/\">site<\/a>) [en], l\u2019auteur de\u00a0<em>La grande improvisation : Franklin, la France et la naissance de l\u2019Am\u00e9rique <\/em>dans le dossier r\u00e9alis\u00e9 r\u00e9cemment par le New-York Times\u00a0dans un passionnant d\u00e9bat en ligne, qui revenait, 80 ans apr\u00e8s avoir invit\u00e9 huit innovateurs des ann\u00e9es 1930 \u00e0 pr\u00e9dire la vie en l\u2019an 2000, sur la question de notre avenir : \u00a0<a href=\"http:\/\/www.nytimes.com\/roomfordebate\/2010\/12\/27\/why-do-we-need-to-predict-the-future\"><em>Qu\u2019est-ce qui nous pousse \u00e0 pr\u00e9voir l\u2019avenir ?<\/em><\/a><\/p>\n<p style=\"text-align:center;\"><a href=\"http:\/\/owni.fr\/2011\/03\/17\/pourquoi-avons-nous-besoin-de-predictions\/\"><img data-recalc-dims=\"1\" loading=\"lazy\" decoding=\"async\" class=\"aligncenter\" src=\"https:\/\/i0.wp.com\/lyonelkaufmann.ch\/histoire\/wp-content\/uploads\/\/2011\/03\/nytimesroomfordebate.png?resize=464%2C319\" alt=\"\" width=\"464\" height=\"319\" \/><\/a><\/p>\n<p>Pour Owni (et apr\u00e8s l&rsquo;avoir publi\u00e9 sur <a href=\"http:\/\/www.internetactu.net\/2011\/01\/18\/pourquoi-avons-nous-besoin-de-predictions\/\">InternetActu<\/a>), Hubert Guillaud nous en fournit une superbe synth\u00e8se et de magnifiques extraits.<\/p>\n<p><a href=\"http:\/\/owni.fr\/2011\/03\/17\/pourquoi-avons-nous-besoin-de-predictions\/\">Pourquoi avons-nous besoin de pr\u00e9dictions? \u00bb Article \u00bb OWNI, Digital Journalism<\/a>.<\/p>\n","protected":false},"excerpt":{"rendered":"<p>\u201cil est \u00e9trange de constater comment les \u00e9v\u00e9nements prennent un sens tout \u00e0 fait logique avec le recul \u2013 et la frustration que ce constat engendre depuis des temps imm\u00e9moriaux\u201d. nous indique\u00a0 Stacy Schiff (site) [en], l\u2019auteur de\u00a0La grande improvisation : Franklin, la France et la naissance de l\u2019Am\u00e9rique dans le dossier r\u00e9alis\u00e9 r\u00e9cemment par [&hellip;]<\/p>\n","protected":false},"author":1,"featured_media":14680,"comment_status":"open","ping_status":"open","sticky":false,"template":"","format":"standard","meta":{"_import_markdown_pro_load_document_selector":0,"_import_markdown_pro_submit_text_textarea":"","_genesis_hide_title":false,"_genesis_hide_breadcrumbs":false,"_genesis_hide_singular_image":false,"_genesis_hide_footer_widgets":false,"_genesis_custom_body_class":"","_genesis_custom_post_class":"","_genesis_layout":"","jetpack_post_was_ever_published":false,"_jetpack_newsletter_access":"","_jetpack_dont_email_post_to_subs":false,"_jetpack_newsletter_tier_id":0,"_jetpack_memberships_contains_paywalled_content":false,"_jetpack_memberships_contains_paid_content":false,"activitypub_content_warning":"","activitypub_content_visibility":"","activitypub_max_image_attachments":3,"activitypub_interaction_policy_quote":"anyone","activitypub_status":"","footnotes":"","jetpack_publicize_message":"","jetpack_publicize_feature_enabled":true,"jetpack_social_post_already_shared":true,"jetpack_social_options":{"image_generator_settings":{"template":"fullscreen","default_image_id":0,"font":"","enabled":false},"version":2}},"categories":[2],"tags":[],"class_list":{"0":"post-3638","1":"post","2":"type-post","3":"status-publish","4":"format-standard","5":"has-post-thumbnail","7":"category-histoire-2","8":"entry"},"jetpack_publicize_connections":[],"featured_image_src":"https:\/\/i0.wp.com\/lyonelkaufmann.ch\/Blog\/wp-content\/uploads\/2015\/03\/blogcafe1.jpg?resize=600%2C400&ssl=1","featured_image_src_square":"https:\/\/i0.wp.com\/lyonelkaufmann.ch\/Blog\/wp-content\/uploads\/2015\/03\/blogcafe1.jpg?resize=600%2C600&ssl=1","author_info":{"display_name":"Lyonel Kaufmann","author_link":"https:\/\/lyonelkaufmann.ch\/Blog\/author\/lyonelk\/"},"jetpack_featured_media_url":"https:\/\/i0.wp.com\/lyonelkaufmann.ch\/Blog\/wp-content\/uploads\/2015\/03\/blogcafe1.jpg?fit=1024%2C683&ssl=1","jetpack_sharing_enabled":true,"jetpack_shortlink":"https:\/\/wp.me\/p1qtF4-WG","jetpack-related-posts":[{"id":16664,"url":"https:\/\/lyonelkaufmann.ch\/Blog\/2016\/06\/12\/une-chercheuse-lance-un-appel-au-calme-aux-parents\/","url_meta":{"origin":3638,"position":0},"title":"Ados et technologie num\u00e9rique : Une chercheuse lance un appel au calme aux parents","author":"Lyonel Kaufmann","date":"12 juin 2016","format":false,"excerpt":"Pendant un an, Sonia Livingstone, professeure de psychologie sociale \u00e0 la London School of Economics, a suivi avec son \u00e9quipe des \u00e9l\u00e8ves d\u2019une classe d\u2019adolescents de 13 ans \u00e0 l\u2019\u00e9cole, \u00e0 la maison, avec leurs amis et sur les r\u00e9seaux sociaux pour analyser l\u2019utilisation qu\u2019ils font des technologies num\u00e9riques. Leur\u2026","rel":"","context":"Dans &quot;Blogcaf\u00e9&quot;","block_context":{"text":"Blogcaf\u00e9","link":"https:\/\/lyonelkaufmann.ch\/Blog\/category\/blogcafe-2\/"},"img":{"alt_text":"","src":"https:\/\/i0.wp.com\/lyonelkaufmann.ch\/Blog\/wp-content\/uploads\/2016\/06\/capture.png?fit=334%2C484&ssl=1&resize=350%2C200","width":350,"height":200},"classes":[]},{"id":7162,"url":"https:\/\/lyonelkaufmann.ch\/Blog\/2013\/06\/19\/revue-de-presse-le-deni-du-monde-aggiornamento-hist-geo\/","url_meta":{"origin":3638,"position":1},"title":"Revue de presse : Le d\u00e9ni du Monde | aggiornamento hist-geo","author":"Lyonel Kaufmann","date":"19 juin 2013","format":false,"excerpt":"Le dernier num\u00e9ro du D\u00e9bat est consacr\u00e9 \u00e0 l\u2019enseignement de l\u2019histoire, au \u00ab difficile enseignement de l\u2019histoire \u00bb. Car telle est la question\/affirmation pos\u00e9e par Pierre Nora \u00e0 l\u2019or\u00e9e de son \u00e9ditorial : \u00ab Pourquoi est-il devenu si difficile d\u2019enseigner l\u2019histoire dans les classes du primaire et du secondaire ?\u2026","rel":"","context":"Dans &quot;histoire&quot;","block_context":{"text":"histoire","link":"https:\/\/lyonelkaufmann.ch\/Blog\/category\/histoire-2\/"},"img":{"alt_text":"","src":"https:\/\/i0.wp.com\/lyonelkaufmann.ch\/Blog\/wp-content\/uploads\/2015\/03\/blogcafe1.jpg?fit=1024%2C683&ssl=1&resize=350%2C200","width":350,"height":200,"srcset":"https:\/\/i0.wp.com\/lyonelkaufmann.ch\/Blog\/wp-content\/uploads\/2015\/03\/blogcafe1.jpg?fit=1024%2C683&ssl=1&resize=350%2C200 1x, https:\/\/i0.wp.com\/lyonelkaufmann.ch\/Blog\/wp-content\/uploads\/2015\/03\/blogcafe1.jpg?fit=1024%2C683&ssl=1&resize=525%2C300 1.5x, https:\/\/i0.wp.com\/lyonelkaufmann.ch\/Blog\/wp-content\/uploads\/2015\/03\/blogcafe1.jpg?fit=1024%2C683&ssl=1&resize=700%2C400 2x"},"classes":[]},{"id":14740,"url":"https:\/\/lyonelkaufmann.ch\/Blog\/2015\/03\/12\/revue-de-presse-la-syrie-plongee-dans-lobscurite\/","url_meta":{"origin":3638,"position":2},"title":"Revue de Presse : La Syrie plong\u00e9e dans l\u2019obscurit\u00e9","author":"Lyonel Kaufmann","date":"12 mars 2015","format":false,"excerpt":"Des chercheurs de l\u2019Universit\u00e9 de Wuhan, en Chine ont constat\u00e9, sur la base d\u2019images satellites, une diminution de 83 % des lumi\u00e8res visibles dans le ciel syrien depuis mars 2011, d\u00e9but du soul\u00e8vement contre le dictateur. https:\/\/www.dailymotion.com\/video\/x2j8vg5_quatre-ans-de-conflit-comment-la-syrie-a-ete-plongee-dans-l-obscurite_news Source :\u00a0La Syrie plong\u00e9e dans l\u2019obscurit\u00e9 | Blog Histoire \u2013 G\u00e9o","rel":"","context":"Dans &quot;Blogcaf\u00e9&quot;","block_context":{"text":"Blogcaf\u00e9","link":"https:\/\/lyonelkaufmann.ch\/Blog\/category\/blogcafe-2\/"},"img":{"alt_text":"","src":"https:\/\/i0.wp.com\/lyonelkaufmann.ch\/Blog\/wp-content\/uploads\/2015\/03\/JV9dH.jpg?fit=1200%2C675&ssl=1&resize=350%2C200","width":350,"height":200,"srcset":"https:\/\/i0.wp.com\/lyonelkaufmann.ch\/Blog\/wp-content\/uploads\/2015\/03\/JV9dH.jpg?fit=1200%2C675&ssl=1&resize=350%2C200 1x, https:\/\/i0.wp.com\/lyonelkaufmann.ch\/Blog\/wp-content\/uploads\/2015\/03\/JV9dH.jpg?fit=1200%2C675&ssl=1&resize=525%2C300 1.5x, https:\/\/i0.wp.com\/lyonelkaufmann.ch\/Blog\/wp-content\/uploads\/2015\/03\/JV9dH.jpg?fit=1200%2C675&ssl=1&resize=700%2C400 2x, https:\/\/i0.wp.com\/lyonelkaufmann.ch\/Blog\/wp-content\/uploads\/2015\/03\/JV9dH.jpg?fit=1200%2C675&ssl=1&resize=1050%2C600 3x"},"classes":[]},{"id":7366,"url":"https:\/\/lyonelkaufmann.ch\/Blog\/2012\/09\/26\/education-la-generation-facebook-2\/","url_meta":{"origin":3638,"position":3},"title":"Education : la G\u00e9n\u00e9ration Facebook","author":"Lyonel Kaufmann","date":"26 septembre 2012","format":false,"excerpt":"En cette nouvelle ann\u00e9e scolaire et avec une nouvelle vol\u00e9e d'\u00e9l\u00e8ves pour Laurence Juin, celle-ci nous fait part de ses premiers constats apr\u00e8s un mois lorsqu'elle parle \u00e0 ses \u00e9l\u00e8ves de la possibilit\u00e9 de communiquer avec eux et entre eux scolairement au moyen des m\u00e9dias sociaux: \u00ab\u00c0 cette rentr\u00e9e, je\u2026","rel":"","context":"Dans &quot;Blogcaf\u00e9&quot;","block_context":{"text":"Blogcaf\u00e9","link":"https:\/\/lyonelkaufmann.ch\/Blog\/category\/blogcafe-2\/"},"img":{"alt_text":"","src":"https:\/\/i0.wp.com\/lyonelkaufmann.ch\/Blog\/wp-content\/uploads\/2015\/03\/blogcafe1.jpg?fit=1024%2C683&ssl=1&resize=350%2C200","width":350,"height":200,"srcset":"https:\/\/i0.wp.com\/lyonelkaufmann.ch\/Blog\/wp-content\/uploads\/2015\/03\/blogcafe1.jpg?fit=1024%2C683&ssl=1&resize=350%2C200 1x, https:\/\/i0.wp.com\/lyonelkaufmann.ch\/Blog\/wp-content\/uploads\/2015\/03\/blogcafe1.jpg?fit=1024%2C683&ssl=1&resize=525%2C300 1.5x, https:\/\/i0.wp.com\/lyonelkaufmann.ch\/Blog\/wp-content\/uploads\/2015\/03\/blogcafe1.jpg?fit=1024%2C683&ssl=1&resize=700%2C400 2x"},"classes":[]},{"id":6191,"url":"https:\/\/lyonelkaufmann.ch\/Blog\/2012\/09\/26\/education-la-generation-facebook\/","url_meta":{"origin":3638,"position":4},"title":"Education : la G\u00e9n\u00e9ration Facebook","author":"Lyonel Kaufmann","date":"26 septembre 2012","format":false,"excerpt":"En cette nouvelle ann\u00e9e scolaire et avec une nouvelle vol\u00e9e d'\u00e9l\u00e8ves pour Laurence Juin, celle-ci nous fait part de ses premiers constats apr\u00e8s un mois lorsqu'elle parle \u00e0 ses \u00e9l\u00e8ves de la possibilit\u00e9 de communiquer avec eux et entre eux scolairement au moyen des m\u00e9dias sociaux: \u00ab\u00c0 cette rentr\u00e9e, je\u2026","rel":"","context":"Dans &quot;histoire&quot;","block_context":{"text":"histoire","link":"https:\/\/lyonelkaufmann.ch\/Blog\/category\/histoire-2\/"},"img":{"alt_text":"","src":"https:\/\/i0.wp.com\/lyonelkaufmann.ch\/Blog\/wp-content\/uploads\/2015\/03\/blogcafe1.jpg?fit=1024%2C683&ssl=1&resize=350%2C200","width":350,"height":200,"srcset":"https:\/\/i0.wp.com\/lyonelkaufmann.ch\/Blog\/wp-content\/uploads\/2015\/03\/blogcafe1.jpg?fit=1024%2C683&ssl=1&resize=350%2C200 1x, https:\/\/i0.wp.com\/lyonelkaufmann.ch\/Blog\/wp-content\/uploads\/2015\/03\/blogcafe1.jpg?fit=1024%2C683&ssl=1&resize=525%2C300 1.5x, https:\/\/i0.wp.com\/lyonelkaufmann.ch\/Blog\/wp-content\/uploads\/2015\/03\/blogcafe1.jpg?fit=1024%2C683&ssl=1&resize=700%2C400 2x"},"classes":[]},{"id":10650,"url":"https:\/\/lyonelkaufmann.ch\/Blog\/2013\/08\/30\/comment-isaac-asimov-voyait-2014-en-1964-framablog\/","url_meta":{"origin":3638,"position":5},"title":"Comment Isaac Asimov voyait 2014 en 1964 | Framablog","author":"Lyonel Kaufmann","date":"30 ao\u00fbt 2013","format":false,"excerpt":"En 1964, le c\u00e9l\u00e8bre \u00e9crivain de science-fiction Isaac Asimov visitait l\u2019Exposition Universelle de New York. Il se mit alors \u00e0 imaginer, dans l\u2019article traduit ci-dessous, ce qu\u2019il pourrait bien advenir dans 50 ans, c\u2019est-\u00e0-dire en 2014. Force est de constater que bon nombre de ses hypoth\u00e8ses \u00e9taient pr\u00e9monitoires\u2026 Cr\u00e9dit photo\u2026","rel":"","context":"Dans &quot;Blogcaf\u00e9&quot;","block_context":{"text":"Blogcaf\u00e9","link":"https:\/\/lyonelkaufmann.ch\/Blog\/category\/blogcafe-2\/"},"img":{"alt_text":"","src":"https:\/\/i0.wp.com\/lyonelkaufmann.ch\/Blog\/wp-content\/uploads\/2015\/03\/abode-of-chaos_cc-by.jpg?fit=640%2C429&ssl=1&resize=350%2C200","width":350,"height":200,"srcset":"https:\/\/i0.wp.com\/lyonelkaufmann.ch\/Blog\/wp-content\/uploads\/2015\/03\/abode-of-chaos_cc-by.jpg?fit=640%2C429&ssl=1&resize=350%2C200 1x, https:\/\/i0.wp.com\/lyonelkaufmann.ch\/Blog\/wp-content\/uploads\/2015\/03\/abode-of-chaos_cc-by.jpg?fit=640%2C429&ssl=1&resize=525%2C300 1.5x"},"classes":[]}],"jetpack_likes_enabled":true,"_links":{"self":[{"href":"https:\/\/lyonelkaufmann.ch\/Blog\/wp-json\/wp\/v2\/posts\/3638","targetHints":{"allow":["GET"]}}],"collection":[{"href":"https:\/\/lyonelkaufmann.ch\/Blog\/wp-json\/wp\/v2\/posts"}],"about":[{"href":"https:\/\/lyonelkaufmann.ch\/Blog\/wp-json\/wp\/v2\/types\/post"}],"author":[{"embeddable":true,"href":"https:\/\/lyonelkaufmann.ch\/Blog\/wp-json\/wp\/v2\/users\/1"}],"replies":[{"embeddable":true,"href":"https:\/\/lyonelkaufmann.ch\/Blog\/wp-json\/wp\/v2\/comments?post=3638"}],"version-history":[{"count":0,"href":"https:\/\/lyonelkaufmann.ch\/Blog\/wp-json\/wp\/v2\/posts\/3638\/revisions"}],"wp:featuredmedia":[{"embeddable":true,"href":"https:\/\/lyonelkaufmann.ch\/Blog\/wp-json\/wp\/v2\/media\/14680"}],"wp:attachment":[{"href":"https:\/\/lyonelkaufmann.ch\/Blog\/wp-json\/wp\/v2\/media?parent=3638"}],"wp:term":[{"taxonomy":"category","embeddable":true,"href":"https:\/\/lyonelkaufmann.ch\/Blog\/wp-json\/wp\/v2\/categories?post=3638"},{"taxonomy":"post_tag","embeddable":true,"href":"https:\/\/lyonelkaufmann.ch\/Blog\/wp-json\/wp\/v2\/tags?post=3638"}],"curies":[{"name":"wp","href":"https:\/\/api.w.org\/{rel}","templated":true}]}}