{"id":3713,"date":"2010-09-24T02:00:56","date_gmt":"2010-09-24T02:00:56","guid":{"rendered":"https:\/\/lyonelkaufmann.ch\/Blog\/2010\/09\/24\/links-for-2010-09-23\/"},"modified":"2010-09-24T02:00:56","modified_gmt":"2010-09-24T02:00:56","slug":"links-for-2010-09-23","status":"publish","type":"post","link":"https:\/\/lyonelkaufmann.ch\/Blog\/2010\/09\/24\/links-for-2010-09-23\/","title":{"rendered":"Que s\u2019est-il vraiment pass\u00e9 \u00e0 S\u00e9tif en mai 1945 ? | T\u00e9l\u00e9rama"},"content":{"rendered":"<ul class=\"delicious\">\n<li>\n<div class=\"delicious-link\"><a href=\"http:\/\/www.telerama.fr\/cinema\/que-s-est-il-vraiment-passe-a-setif-en-mai-1945,56171.php\">Que s\u2019est-il vraiment pass\u00e9 \u00e0 S\u00e9tif en mai 1945 ? | T\u00e9l\u00e9rama<\/a><\/div>\n<div class=\"delicious-extended\">A Cannes, et aujourd\u2019hui encore \u00e0 sa sortie, <em>\u201cHors-la-loi\u201d<\/em>, le nouveau film de Rachid Bouchareb (<em>\u201cIndig\u00e8nes\u201d<\/em>), est l\u2019objet d\u2019une pol\u00e9mique\u2026 En cause, quelques minutes au d\u00e9but qui \u00e9voquent le massacre de S\u00e9tif, perp\u00e9tr\u00e9 par les forces fran\u00e7aises en mai 1945, qui a fait des milliers de morts et entra\u00een\u00e9, plus tard, la guerre d\u2019Alg\u00e9rie. Telerama y revient avec notamment deux t\u00e9moignages issus du documentaire r\u00e9alis\u00e9 en 1995 par Mehdi Lallaoui et diffus\u00e9 sur Arte.<\/div>\n<div class=\"delicious-tags\">(tags: <a href=\"http:\/\/delicious.com\/lyonelk\/RevuePresse\">RevuePresse<\/a> <a href=\"http:\/\/delicious.com\/lyonelk\/histoire\">histoire<\/a> <a href=\"http:\/\/delicious.com\/lyonelk\/Alg%C3%A9rie\">Alg\u00e9rie<\/a> <a href=\"http:\/\/delicious.com\/lyonelk\/S%C3%A9tif\">S\u00e9tif<\/a> <a href=\"http:\/\/delicious.com\/lyonelk\/1945\">1945<\/a> <a href=\"http:\/\/delicious.com\/lyonelk\/massacre\">massacre<\/a> <a href=\"http:\/\/delicious.com\/lyonelk\/colonisation\">colonisation<\/a> <a href=\"http:\/\/delicious.com\/lyonelk\/d%C3%A9colonisation\">d\u00e9colonisation<\/a>)<\/div>\n<\/li>\n<li>\n<div class=\"delicious-link\"><a href=\"http:\/\/www.telerama.fr\/idees\/pourquoi-la-droite-rehabilite-t-elle-le-colonialisme,60517.php\">Pourquoi la droite r\u00e9habilite-t-elle le colonialisme ? | T\u00e9l\u00e9rama<\/a><\/div>\n<div class=\"delicious-extended\"><em>\u00abDu Point au Figaro magazine et \u00e0 L&rsquo;Express, la presse a labour\u00e9 ce sillon depuis dix ans. Cinquante ans apr\u00e8s les ind\u00e9pendances, c&rsquo;est donc tout un discours n\u00e9oconservateur de \u00adr\u00e9habilitation de l&rsquo;entreprise coloniale, tr\u00e8s charpent\u00e9, avec ses relais m\u00e9diatiques et ses auteurs f\u00e9tiches (Daniel Lefeuvre, Guy Pervill\u00e9, Pascal Bruckner, etc.), qui a impos\u00e9 son magist\u00e8re, face \u00e0 une gauche intellectuelle absente, t\u00e9tanis\u00e9e.\u00bb<\/em><\/div>\n<div class=\"delicious-tags\">(tags: <a href=\"http:\/\/delicious.com\/lyonelk\/RevuePresse\">RevuePresse<\/a> <a href=\"http:\/\/delicious.com\/lyonelk\/histoire\">histoire<\/a> <a href=\"http:\/\/delicious.com\/lyonelk\/Alg%C3%A9rie\">Alg\u00e9rie<\/a> <a href=\"http:\/\/delicious.com\/lyonelk\/colonisation\">colonisation<\/a> <a href=\"http:\/\/delicious.com\/lyonelk\/r%C3%A9visionnnisme\">r\u00e9visionnnisme<\/a> <a href=\"http:\/\/delicious.com\/lyonelk\/n%C3%A9oconservateur\">n\u00e9oconservateur<\/a> <a href=\"http:\/\/delicious.com\/lyonelk\/Sarkozy\">Sarkozy<\/a>)<\/div>\n<\/li>\n<\/ul>\n","protected":false},"excerpt":{"rendered":"<p>Que s\u2019est-il vraiment pass\u00e9 \u00e0 S\u00e9tif en mai 1945 ? | T\u00e9l\u00e9rama A Cannes, et aujourd\u2019hui encore \u00e0 sa sortie, \u201cHors-la-loi\u201d, le nouveau film de Rachid Bouchareb (\u201cIndig\u00e8nes\u201d), est l\u2019objet d\u2019une pol\u00e9mique\u2026 En cause, quelques minutes au d\u00e9but qui \u00e9voquent le massacre de S\u00e9tif, perp\u00e9tr\u00e9 par les forces fran\u00e7aises en mai 1945, qui a fait [&hellip;]<\/p>\n","protected":false},"author":1,"featured_media":14680,"comment_status":"open","ping_status":"open","sticky":false,"template":"","format":"aside","meta":{"_import_markdown_pro_load_document_selector":0,"_import_markdown_pro_submit_text_textarea":"","_genesis_hide_title":false,"_genesis_hide_breadcrumbs":false,"_genesis_hide_singular_image":false,"_genesis_hide_footer_widgets":false,"_genesis_custom_body_class":"","_genesis_custom_post_class":"","_genesis_layout":"","jetpack_post_was_ever_published":false,"_jetpack_newsletter_access":"","_jetpack_dont_email_post_to_subs":false,"_jetpack_newsletter_tier_id":0,"_jetpack_memberships_contains_paywalled_content":false,"_jetpack_memberships_contains_paid_content":false,"activitypub_content_warning":"","activitypub_content_visibility":"","activitypub_max_image_attachments":3,"activitypub_interaction_policy_quote":"anyone","activitypub_status":"","footnotes":"","jetpack_publicize_message":"","jetpack_publicize_feature_enabled":true,"jetpack_social_post_already_shared":true,"jetpack_social_options":{"image_generator_settings":{"template":"fullscreen","default_image_id":0,"font":"","enabled":false},"version":2}},"categories":[2],"tags":[],"class_list":{"0":"post-3713","1":"post","2":"type-post","3":"status-publish","4":"format-aside","5":"has-post-thumbnail","7":"category-histoire-2","8":"post_format-post-format-aside","9":"entry"},"jetpack_publicize_connections":[],"featured_image_src":"https:\/\/i0.wp.com\/lyonelkaufmann.ch\/Blog\/wp-content\/uploads\/2015\/03\/blogcafe1.jpg?resize=600%2C400&ssl=1","featured_image_src_square":"https:\/\/i0.wp.com\/lyonelkaufmann.ch\/Blog\/wp-content\/uploads\/2015\/03\/blogcafe1.jpg?resize=600%2C600&ssl=1","author_info":{"display_name":"Lyonel Kaufmann","author_link":"https:\/\/lyonelkaufmann.ch\/Blog\/author\/lyonelk\/"},"jetpack_featured_media_url":"https:\/\/i0.wp.com\/lyonelkaufmann.ch\/Blog\/wp-content\/uploads\/2015\/03\/blogcafe1.jpg?fit=1024%2C683&ssl=1","jetpack_sharing_enabled":true,"jetpack_shortlink":"https:\/\/wp.me\/p1qtF4-XT","jetpack-related-posts":[{"id":3181,"url":"https:\/\/lyonelkaufmann.ch\/Blog\/2010\/05\/05\/les-films-sur-la-guerre-dalgerie-anti-francais-rue89\/","url_meta":{"origin":3713,"position":0},"title":"Les films sur la guerre d&rsquo;Alg\u00e9rie, \u00ab\u00a0anti-fran\u00e7ais\u00a0\u00bb ? | Rue89","author":"Lyonel Kaufmann","date":"5 mai 2010","format":"aside","excerpt":"Rachid Bouchareb, qui avait marqu\u00e9 le Festival de Cannes en 2006 avec \u00abIndig\u00e8nes\u00bb, revient en s\u00e9lection officielle cette ann\u00e9e avec \u00abHors la loi\u00bb. Ce film consacr\u00e9 \u00e0 la guerre d'Alg\u00e9rie d\u00e9marre avec le massacre de S\u00e9tif, le 8 mai 1945. Sans avoir m\u00eame vu le film, Lionel Luca, d\u00e9put\u00e9 UMP\u2026","rel":"","context":"Dans &quot;Blogcaf\u00e9&quot;","block_context":{"text":"Blogcaf\u00e9","link":"https:\/\/lyonelkaufmann.ch\/Blog\/category\/blogcafe-2\/"},"img":{"alt_text":"","src":"https:\/\/i0.wp.com\/lyonelkaufmann.ch\/Blog\/wp-content\/uploads\/2015\/03\/blogcafe1.jpg?fit=1024%2C683&ssl=1&resize=350%2C200","width":350,"height":200,"srcset":"https:\/\/i0.wp.com\/lyonelkaufmann.ch\/Blog\/wp-content\/uploads\/2015\/03\/blogcafe1.jpg?fit=1024%2C683&ssl=1&resize=350%2C200 1x, https:\/\/i0.wp.com\/lyonelkaufmann.ch\/Blog\/wp-content\/uploads\/2015\/03\/blogcafe1.jpg?fit=1024%2C683&ssl=1&resize=525%2C300 1.5x, https:\/\/i0.wp.com\/lyonelkaufmann.ch\/Blog\/wp-content\/uploads\/2015\/03\/blogcafe1.jpg?fit=1024%2C683&ssl=1&resize=700%2C400 2x"},"classes":[]},{"id":4970,"url":"https:\/\/lyonelkaufmann.ch\/Blog\/2012\/01\/27\/revue-de-presse-images-darchives-ce-quelles-nous-racontent-telerama\/","url_meta":{"origin":3713,"position":1},"title":"Revue de presse : Images d&rsquo;archives : ce qu&rsquo;elles nous racontent | T\u00e9l\u00e9rama","author":"Lyonel Kaufmann","date":"27 janvier 2012","format":false,"excerpt":"Pas un jour sans qu'un documentaire puise dans la masse surabondante des archives cin\u00e9matographiques pour rappeler 1914-1918, 1939-1945, Mai 68 ou mai 1981. Prises de vues arrach\u00e9es au pass\u00e9, sans lesquelles on n'imagine pas \u00e9voquer les \u00e9v\u00e9nements du XXe si\u00e8\u00adcle, qui fut aussi celui du cin\u00e9ma. En quoi ces images\u2026","rel":"","context":"Dans &quot;histoire&quot;","block_context":{"text":"histoire","link":"https:\/\/lyonelkaufmann.ch\/Blog\/category\/histoire-2\/"},"img":{"alt_text":"","src":"https:\/\/i0.wp.com\/lyonelkaufmann.ch\/Blog\/wp-content\/uploads\/2015\/03\/blogcafe1.jpg?fit=1024%2C683&ssl=1&resize=350%2C200","width":350,"height":200,"srcset":"https:\/\/i0.wp.com\/lyonelkaufmann.ch\/Blog\/wp-content\/uploads\/2015\/03\/blogcafe1.jpg?fit=1024%2C683&ssl=1&resize=350%2C200 1x, https:\/\/i0.wp.com\/lyonelkaufmann.ch\/Blog\/wp-content\/uploads\/2015\/03\/blogcafe1.jpg?fit=1024%2C683&ssl=1&resize=525%2C300 1.5x, https:\/\/i0.wp.com\/lyonelkaufmann.ch\/Blog\/wp-content\/uploads\/2015\/03\/blogcafe1.jpg?fit=1024%2C683&ssl=1&resize=700%2C400 2x"},"classes":[]},{"id":11783,"url":"https:\/\/lyonelkaufmann.ch\/Blog\/2014\/07\/06\/la-photographe-vivian-maier-entre-mystere-et-surexposition-telerama-fr\/","url_meta":{"origin":3713,"position":2},"title":"La photographe Vivian Maier, entre myst\u00e8re et surexposition | T\u00e9l\u00e9rama.fr","author":"Lyonel Kaufmann","date":"6 juillet 2014","format":false,"excerpt":"Autoportrait, sans date - \u00a9 Vivian Maier\/Collection John Maloof Courtesy Howard Greenberg Gallery, New York Les Douches La Galerie, Paris N\u00e9e \u00e0 New York en 1926, Vivian Maier mourut \u00e0 Chicago en 2009, dans l\u2019anonymat. Avant de ressortir de l\u2019oubli, quand ce qui avait \u00e9t\u00e9 sa double vie \u00e9clata au\u2026","rel":"","context":"Dans &quot;Blogcaf\u00e9&quot;","block_context":{"text":"Blogcaf\u00e9","link":"https:\/\/lyonelkaufmann.ch\/Blog\/category\/blogcafe-2\/"},"img":{"alt_text":"","src":"https:\/\/i0.wp.com\/lyonelkaufmann.ch\/Blog\/wp-content\/uploads\/2015\/02\/wpid-recherche-vivian-desesperementm158426-2014-07-6-16-27.jpg?fit=455%2C455&ssl=1&resize=350%2C200","width":350,"height":200},"classes":[]},{"id":5078,"url":"https:\/\/lyonelkaufmann.ch\/Blog\/2005\/03\/29\/retour-du-bon-temps-des-colonies\/","url_meta":{"origin":3713,"position":3},"title":"Retour du bon temps des colonies","author":"Lyonel Kaufmann","date":"29 mars 2005","format":false,"excerpt":"Lors de sa s\u00e9ance du 23 f\u00e9vrier 2005, l'Assembl\u00e9e nationale fran\u00e7aise a vot\u00e9 une loi portant sur \u00abla reconnaissance de la Nation et contribution nationale en faveur des Fran\u00e7ais rapatri\u00e9s.\u00bb Rien de particulier en apparence. A tel point qu'elle ne suscite de r\u00e9action qu'une fois sa publication dans le journal\u2026","rel":"","context":"Dans &quot;histoire&quot;","block_context":{"text":"histoire","link":"https:\/\/lyonelkaufmann.ch\/Blog\/category\/histoire-2\/"},"img":{"alt_text":"","src":"https:\/\/i0.wp.com\/lyonelkaufmann.ch\/Blog\/wp-content\/uploads\/2015\/03\/blogcafe1.jpg?fit=1024%2C683&ssl=1&resize=350%2C200","width":350,"height":200,"srcset":"https:\/\/i0.wp.com\/lyonelkaufmann.ch\/Blog\/wp-content\/uploads\/2015\/03\/blogcafe1.jpg?fit=1024%2C683&ssl=1&resize=350%2C200 1x, https:\/\/i0.wp.com\/lyonelkaufmann.ch\/Blog\/wp-content\/uploads\/2015\/03\/blogcafe1.jpg?fit=1024%2C683&ssl=1&resize=525%2C300 1.5x, https:\/\/i0.wp.com\/lyonelkaufmann.ch\/Blog\/wp-content\/uploads\/2015\/03\/blogcafe1.jpg?fit=1024%2C683&ssl=1&resize=700%2C400 2x"},"classes":[]},{"id":4913,"url":"https:\/\/lyonelkaufmann.ch\/Blog\/2012\/01\/21\/albums-dauschwitz-un-documentaire-en-avant-premiere-telerama\/","url_meta":{"origin":3713,"position":4},"title":"\u201cAlbum(s) d&rsquo;Auschwitz\u201d, un documentaire en avant-premi\u00e8re | T\u00e9l\u00e9rama","author":"Lyonel Kaufmann","date":"21 janvier 2012","format":false,"excerpt":"Trois cents photos prises par des SS t\u00e9moignent de la banalit\u00e9 du mal \u00e0 Auschwitz, en 1944. Le documentaire de William Karel et Blanche Finger est propos\u00e9 en avant-premi\u00e8re du samedi 21 janvier \u00e0 19h00 au dimanche 22 janvier 23 h00 sur T\u00e9l\u00e9rama.fr. Il sera ensuite diffus\u00e9 mardi 24 janvier\u2026","rel":"","context":"Dans &quot;histoire&quot;","block_context":{"text":"histoire","link":"https:\/\/lyonelkaufmann.ch\/Blog\/category\/histoire-2\/"},"img":{"alt_text":"","src":"https:\/\/i0.wp.com\/lyonelkaufmann.ch\/Blog\/wp-content\/uploads\/2015\/03\/album-s-d-auschwitz-un-documentaire-en-avant-premiere-sur-telerama-frM67514.jpg?fit=455%2C300&ssl=1&resize=350%2C200","width":350,"height":200},"classes":[]},{"id":1960,"url":"https:\/\/lyonelkaufmann.ch\/Blog\/2010\/01\/28\/la-seconde-guerre-mondiale-en-150-films-de-guerre-telerama\/","url_meta":{"origin":3713,"position":5},"title":"La Seconde Guerre mondiale en 150 films de guerre |\u00a0T\u00e9l\u00e9rama","author":"Lyonel Kaufmann","date":"28 janvier 2010","format":false,"excerpt":"La sortie en DVD d'Iglourious Basterds a incit\u00e9 T\u00e9l\u00e9rama \u00e0 proposer ce mini-site pr\u00e9sentant 150 films consacr\u00e9s \u00e0 la Deuxi\u00e8me Guerre mondiale et aux diff\u00e9rents sous-genres du film de guerre made in 39-45. Le tout est accessible \u00e0 partir de la carte suivante sous la forme d'un plan de lignes\u2026","rel":"","context":"Dans &quot;histoire&quot;","block_context":{"text":"histoire","link":"https:\/\/lyonelkaufmann.ch\/Blog\/category\/histoire-2\/"},"img":{"alt_text":"","src":"https:\/\/i0.wp.com\/lyonelkaufmann.ch\/Blog\/wp-content\/uploads\/2015\/03\/FilmGuerrre.jpg?fit=580%2C397&ssl=1&resize=350%2C200","width":350,"height":200,"srcset":"https:\/\/i0.wp.com\/lyonelkaufmann.ch\/Blog\/wp-content\/uploads\/2015\/03\/FilmGuerrre.jpg?fit=580%2C397&ssl=1&resize=350%2C200 1x, https:\/\/i0.wp.com\/lyonelkaufmann.ch\/Blog\/wp-content\/uploads\/2015\/03\/FilmGuerrre.jpg?fit=580%2C397&ssl=1&resize=525%2C300 1.5x"},"classes":[]}],"jetpack_likes_enabled":true,"_links":{"self":[{"href":"https:\/\/lyonelkaufmann.ch\/Blog\/wp-json\/wp\/v2\/posts\/3713","targetHints":{"allow":["GET"]}}],"collection":[{"href":"https:\/\/lyonelkaufmann.ch\/Blog\/wp-json\/wp\/v2\/posts"}],"about":[{"href":"https:\/\/lyonelkaufmann.ch\/Blog\/wp-json\/wp\/v2\/types\/post"}],"author":[{"embeddable":true,"href":"https:\/\/lyonelkaufmann.ch\/Blog\/wp-json\/wp\/v2\/users\/1"}],"replies":[{"embeddable":true,"href":"https:\/\/lyonelkaufmann.ch\/Blog\/wp-json\/wp\/v2\/comments?post=3713"}],"version-history":[{"count":0,"href":"https:\/\/lyonelkaufmann.ch\/Blog\/wp-json\/wp\/v2\/posts\/3713\/revisions"}],"wp:featuredmedia":[{"embeddable":true,"href":"https:\/\/lyonelkaufmann.ch\/Blog\/wp-json\/wp\/v2\/media\/14680"}],"wp:attachment":[{"href":"https:\/\/lyonelkaufmann.ch\/Blog\/wp-json\/wp\/v2\/media?parent=3713"}],"wp:term":[{"taxonomy":"category","embeddable":true,"href":"https:\/\/lyonelkaufmann.ch\/Blog\/wp-json\/wp\/v2\/categories?post=3713"},{"taxonomy":"post_tag","embeddable":true,"href":"https:\/\/lyonelkaufmann.ch\/Blog\/wp-json\/wp\/v2\/tags?post=3713"}],"curies":[{"name":"wp","href":"https:\/\/api.w.org\/{rel}","templated":true}]}}