{"id":3733,"date":"2011-05-01T20:03:17","date_gmt":"2011-05-01T19:03:17","guid":{"rendered":"http:\/\/lyonelkaufmann.ch\/histoire\/?p=3733"},"modified":"2011-05-01T20:03:17","modified_gmt":"2011-05-01T19:03:17","slug":"ferro-cest-vous-qui-dites-que-je-suis-un-historien-engage-rue89","status":"publish","type":"post","link":"https:\/\/lyonelkaufmann.ch\/Blog\/2011\/05\/01\/ferro-cest-vous-qui-dites-que-je-suis-un-historien-engage-rue89\/","title":{"rendered":"Ferro : \u00ab\u00a0C&rsquo;est vous qui dites que je suis un historien engag\u00e9 !\u00a0\u00bb | Rue89"},"content":{"rendered":"<blockquote><p>Arriv\u00e9 en Alg\u00e9rie, je vois tout de suite que je suis sur une terre \u00e0 probl\u00e8mes. Quatre cinqui\u00e8mes des p\u00e8res de mes \u00e9l\u00e8ves \u00e9taient pieds-noirs, et j&rsquo;ai vu imm\u00e9diatement que les Arabes ne comptaient pas \u00e0 leurs yeux. Je pr\u00e9ssens qu&rsquo;il va y avoir un drame. C&rsquo;est l\u00e0 qu&rsquo;on dit que je suis communiste. Parce que le seul fait de critiquer la situation me faisait qualifier de communiste.<\/p><\/blockquote>\n<p>via\u00a0<a href=\"http:\/\/www.rue89.com\/entretien\/2011\/05\/01\/ferro-cest-vous-qui-dites-que-je-suis-un-historien-engage-201982\">Ferro : \u00ab\u00a0C&rsquo;est vous qui dites que je suis un historien engag\u00e9 !\u00a0\u00bb | Rue89<\/a>.<\/p>\n","protected":false},"excerpt":{"rendered":"<p>Arriv\u00e9 en Alg\u00e9rie, je vois tout de suite que je suis sur une terre \u00e0 probl\u00e8mes. Quatre cinqui\u00e8mes des p\u00e8res de mes \u00e9l\u00e8ves \u00e9taient pieds-noirs, et j&rsquo;ai vu imm\u00e9diatement que les Arabes ne comptaient pas \u00e0 leurs yeux. Je pr\u00e9ssens qu&rsquo;il va y avoir un drame. C&rsquo;est l\u00e0 qu&rsquo;on dit que je suis communiste. Parce [&hellip;]<\/p>\n","protected":false},"author":1,"featured_media":14680,"comment_status":"open","ping_status":"open","sticky":false,"template":"","format":"standard","meta":{"_import_markdown_pro_load_document_selector":0,"_import_markdown_pro_submit_text_textarea":"","_genesis_hide_title":false,"_genesis_hide_breadcrumbs":false,"_genesis_hide_singular_image":false,"_genesis_hide_footer_widgets":false,"_genesis_custom_body_class":"","_genesis_custom_post_class":"","_genesis_layout":"","jetpack_post_was_ever_published":false,"_jetpack_newsletter_access":"","_jetpack_dont_email_post_to_subs":false,"_jetpack_newsletter_tier_id":0,"_jetpack_memberships_contains_paywalled_content":false,"_jetpack_memberships_contains_paid_content":false,"activitypub_content_warning":"","activitypub_content_visibility":"","activitypub_max_image_attachments":3,"activitypub_interaction_policy_quote":"anyone","activitypub_status":"","footnotes":"","jetpack_publicize_message":"","jetpack_publicize_feature_enabled":true,"jetpack_social_post_already_shared":true,"jetpack_social_options":{"image_generator_settings":{"template":"fullscreen","default_image_id":0,"font":"","enabled":false},"version":2}},"categories":[2],"tags":[702],"class_list":{"0":"post-3733","1":"post","2":"type-post","3":"status-publish","4":"format-standard","5":"has-post-thumbnail","7":"category-histoire-2","8":"tag-marc-ferro","9":"entry"},"jetpack_publicize_connections":[],"featured_image_src":"https:\/\/i0.wp.com\/lyonelkaufmann.ch\/Blog\/wp-content\/uploads\/2015\/03\/blogcafe1.jpg?resize=600%2C400&ssl=1","featured_image_src_square":"https:\/\/i0.wp.com\/lyonelkaufmann.ch\/Blog\/wp-content\/uploads\/2015\/03\/blogcafe1.jpg?resize=600%2C600&ssl=1","author_info":{"display_name":"Lyonel Kaufmann","author_link":"https:\/\/lyonelkaufmann.ch\/Blog\/author\/lyonelk\/"},"jetpack_featured_media_url":"https:\/\/i0.wp.com\/lyonelkaufmann.ch\/Blog\/wp-content\/uploads\/2015\/03\/blogcafe1.jpg?fit=1024%2C683&ssl=1","jetpack_sharing_enabled":true,"jetpack_shortlink":"https:\/\/wp.me\/p1qtF4-Yd","jetpack-related-posts":[{"id":3724,"url":"https:\/\/lyonelkaufmann.ch\/Blog\/2011\/05\/03\/la-cdu-aurait-elle-profite-du-tresor-cache-des-nazis\/","url_meta":{"origin":3733,"position":0},"title":"La CDU aurait-elle profit\u00e9 du tr\u00e9sor cach\u00e9 des nazis ?","author":"Lyonel Kaufmann","date":"3 mai 2011","format":false,"excerpt":"De Konrad Adenauer \u00e0 Helmut Kohl, la CDU, parti chr\u00e9tien-d\u00e9mocrate majoritaire dans l'Allemagne d'apr\u00e8s-guerre, aurait b\u00e9n\u00e9fici\u00e9 de financements occultes provenant du tr\u00e9sor cach\u00e9 des nazis. Le 1er juin, Arte diffusera \u00ab\u00a0Le Syst\u00e8me Octogon\u00a0\u00bb, documentaire sign\u00e9 Jean-Michel Meurice qui \u2212 censure oblige \u2212 dormait depuis trois ans sur les \u00e9tag\u00e8res poussi\u00e9reuses\u2026","rel":"","context":"Dans &quot;histoire&quot;","block_context":{"text":"histoire","link":"https:\/\/lyonelkaufmann.ch\/Blog\/category\/histoire-2\/"},"img":{"alt_text":"","src":"https:\/\/i0.wp.com\/lyonelkaufmann.ch\/Blog\/wp-content\/uploads\/2015\/03\/blogcafe1.jpg?fit=1024%2C683&ssl=1&resize=350%2C200","width":350,"height":200,"srcset":"https:\/\/i0.wp.com\/lyonelkaufmann.ch\/Blog\/wp-content\/uploads\/2015\/03\/blogcafe1.jpg?fit=1024%2C683&ssl=1&resize=350%2C200 1x, https:\/\/i0.wp.com\/lyonelkaufmann.ch\/Blog\/wp-content\/uploads\/2015\/03\/blogcafe1.jpg?fit=1024%2C683&ssl=1&resize=525%2C300 1.5x, https:\/\/i0.wp.com\/lyonelkaufmann.ch\/Blog\/wp-content\/uploads\/2015\/03\/blogcafe1.jpg?fit=1024%2C683&ssl=1&resize=700%2C400 2x"},"classes":[]},{"id":3819,"url":"https:\/\/lyonelkaufmann.ch\/Blog\/2011\/06\/08\/franco-rigoureux-et-efficace-une-bio-fait-scandale-en-espagne-rue89\/","url_meta":{"origin":3733,"position":1},"title":"Franco \u00ab rigoureux et efficace \u00bb ? Une bio fait scandale en Espagne | Rue89","author":"Lyonel Kaufmann","date":"8 juin 2011","format":false,"excerpt":"Point de dictateur\u00a0: Francisco Franco \u00e9tait un \u00ab\u00a0chef rigoureux et efficace\u00a0\u00bb, selon un volumineux dictionnaire biographique financ\u00e9 par des fonds publics qui secoue l'Espagne. Les extraits rapport\u00e9s par l'article de Rue89 sont \u00e9difiants en eux-m\u00eames: \u00ab\u00a0Le courage et le sang froid qu'il montrait sur le champ [de bataille] l'a vite\u2026","rel":"","context":"Dans &quot;histoire&quot;","block_context":{"text":"histoire","link":"https:\/\/lyonelkaufmann.ch\/Blog\/category\/histoire-2\/"},"img":{"alt_text":"","src":"https:\/\/i0.wp.com\/lyonelkaufmann.ch\/Blog\/wp-content\/uploads\/2015\/03\/blogcafe1.jpg?fit=1024%2C683&ssl=1&resize=350%2C200","width":350,"height":200,"srcset":"https:\/\/i0.wp.com\/lyonelkaufmann.ch\/Blog\/wp-content\/uploads\/2015\/03\/blogcafe1.jpg?fit=1024%2C683&ssl=1&resize=350%2C200 1x, https:\/\/i0.wp.com\/lyonelkaufmann.ch\/Blog\/wp-content\/uploads\/2015\/03\/blogcafe1.jpg?fit=1024%2C683&ssl=1&resize=525%2C300 1.5x, https:\/\/i0.wp.com\/lyonelkaufmann.ch\/Blog\/wp-content\/uploads\/2015\/03\/blogcafe1.jpg?fit=1024%2C683&ssl=1&resize=700%2C400 2x"},"classes":[]},{"id":311,"url":"https:\/\/lyonelkaufmann.ch\/Blog\/2009\/02\/22\/extraits-du-film-revolution-francaise-de-robert-enrico-sur-dailymotion\/","url_meta":{"origin":3733,"position":2},"title":"\u00ab\u00a0R\u00e9volution fran\u00e7aise\u00a0\u00bb de Robert Enrico sur DailyMotion","author":"Lyonel Kaufmann","date":"22 f\u00e9vrier 2009","format":false,"excerpt":"http:\/\/www.dailymotion.com\/swf\/x2r7ig La R\u00e9volution Fran\u00e7aise - Discours de Danton par Kronos59 31 extraits du film de Robert Enrico dans ce Groupe Daily Motion. Ces extraits forment une vision classique de la R\u00e9volution. Pour utiliser les extraits en classe d'histoire, vous pourrez lire avec int\u00e9r\u00eat les articles suivants: La R\u00e9volution fran\u00e7aise en\u2026","rel":"","context":"Dans &quot;histoire&quot;","block_context":{"text":"histoire","link":"https:\/\/lyonelkaufmann.ch\/Blog\/category\/histoire-2\/"},"img":{"alt_text":"","src":"https:\/\/i0.wp.com\/lyonelkaufmann.ch\/Blog\/wp-content\/uploads\/2015\/03\/blogcafe1.jpg?fit=1024%2C683&ssl=1&resize=350%2C200","width":350,"height":200,"srcset":"https:\/\/i0.wp.com\/lyonelkaufmann.ch\/Blog\/wp-content\/uploads\/2015\/03\/blogcafe1.jpg?fit=1024%2C683&ssl=1&resize=350%2C200 1x, https:\/\/i0.wp.com\/lyonelkaufmann.ch\/Blog\/wp-content\/uploads\/2015\/03\/blogcafe1.jpg?fit=1024%2C683&ssl=1&resize=525%2C300 1.5x, https:\/\/i0.wp.com\/lyonelkaufmann.ch\/Blog\/wp-content\/uploads\/2015\/03\/blogcafe1.jpg?fit=1024%2C683&ssl=1&resize=700%2C400 2x"},"classes":[]},{"id":3728,"url":"https:\/\/lyonelkaufmann.ch\/Blog\/2010\/10\/04\/robert-paxton-une-decouverte-majeure-sur-petain-et-vichy\/","url_meta":{"origin":3733,"position":3},"title":"Robert Paxton : \u00ab\u00a0Une d\u00e9couverte majeure\u00a0\u00bb sur P\u00e9tain et Vichy","author":"Lyonel Kaufmann","date":"4 octobre 2010","format":"aside","excerpt":"via A la Une de Rue89 Dans une interview \u00e0 Rue89, l'historien am\u00e9ricain Robert Paxton, auteur de \u00ab\u00a0La France de ... Read More >>","rel":"","context":"Dans &quot;L'Expresso&quot;","block_context":{"text":"L'Expresso","link":"https:\/\/lyonelkaufmann.ch\/Blog\/category\/breves\/"},"img":{"alt_text":"","src":"","width":0,"height":0},"classes":[]},{"id":1684,"url":"https:\/\/lyonelkaufmann.ch\/Blog\/2009\/12\/13\/lhistoire-telle-quon-lenseigne-merite-t-elle-detre-sauvee-rue89\/","url_meta":{"origin":3733,"position":4},"title":"L&rsquo;histoire telle qu&rsquo;on l&rsquo;enseigne m\u00e9rite-t-elle d&rsquo;\u00eatre \u00absauv\u00e9e\u00bb ? |\u00a0Rue89","author":"Lyonel Kaufmann","date":"13 d\u00e9cembre 2009","format":false,"excerpt":"Lorsque Pierre Milza d\u00e9nonce \u00ab\u00a0une r\u00e9gression formidable qui pourrait concourir \u00e0 une amn\u00e9sie g\u00e9n\u00e9rale\u00a0\u00bb, il escamote le fait -d\u00e9faut regrettable mais assez courant dans la corporation des historiens- que l'histoire scolaire, lorsqu'elle faisait silence sur la colonisation ou la collaboration, sur les croisades ou sur tout autre th\u00e8me qui mettait\u2026","rel":"","context":"Dans &quot;histoire&quot;","block_context":{"text":"histoire","link":"https:\/\/lyonelkaufmann.ch\/Blog\/category\/histoire-2\/"},"img":{"alt_text":"","src":"https:\/\/i0.wp.com\/lyonelkaufmann.ch\/Blog\/wp-content\/uploads\/2015\/03\/blogcafe1.jpg?fit=1024%2C683&ssl=1&resize=350%2C200","width":350,"height":200,"srcset":"https:\/\/i0.wp.com\/lyonelkaufmann.ch\/Blog\/wp-content\/uploads\/2015\/03\/blogcafe1.jpg?fit=1024%2C683&ssl=1&resize=350%2C200 1x, https:\/\/i0.wp.com\/lyonelkaufmann.ch\/Blog\/wp-content\/uploads\/2015\/03\/blogcafe1.jpg?fit=1024%2C683&ssl=1&resize=525%2C300 1.5x, https:\/\/i0.wp.com\/lyonelkaufmann.ch\/Blog\/wp-content\/uploads\/2015\/03\/blogcafe1.jpg?fit=1024%2C683&ssl=1&resize=700%2C400 2x"},"classes":[]},{"id":7398,"url":"https:\/\/lyonelkaufmann.ch\/Blog\/2012\/10\/01\/eric-hobsbawm-fin-de-parcours-2\/","url_meta":{"origin":3733,"position":5},"title":"Eric Hobsbawm : fin de parcours","author":"Lyonel Kaufmann","date":"1 octobre 2012","format":false,"excerpt":"N\u00e9 \u00e0 Alexandrie de parents juifs en 1917, l\u2019historien britannique Eric Hobsbawn s\u2019est \u00e9teint le 1er octobre 2012 au Free Hospital de Londres, \u00e0 l\u2019\u00e2ge de 95 ans. Membre du Parti communiste de Grande-Bretagne depuis 1936, il collabora jusqu\u2019en 1991 \u00e0 la revue Marxism Today. En 2009, Mediapart nous proposait\u2026","rel":"","context":"Dans &quot;histoire&quot;","block_context":{"text":"histoire","link":"https:\/\/lyonelkaufmann.ch\/Blog\/category\/histoire-2\/"},"img":{"alt_text":"","src":"https:\/\/i0.wp.com\/lyonelkaufmann.ch\/Blog\/wp-content\/uploads\/2015\/03\/eric-hobsbawm-00211.jpg?fit=460%2C276&ssl=1&resize=350%2C200","width":350,"height":200},"classes":[]}],"jetpack_likes_enabled":true,"_links":{"self":[{"href":"https:\/\/lyonelkaufmann.ch\/Blog\/wp-json\/wp\/v2\/posts\/3733","targetHints":{"allow":["GET"]}}],"collection":[{"href":"https:\/\/lyonelkaufmann.ch\/Blog\/wp-json\/wp\/v2\/posts"}],"about":[{"href":"https:\/\/lyonelkaufmann.ch\/Blog\/wp-json\/wp\/v2\/types\/post"}],"author":[{"embeddable":true,"href":"https:\/\/lyonelkaufmann.ch\/Blog\/wp-json\/wp\/v2\/users\/1"}],"replies":[{"embeddable":true,"href":"https:\/\/lyonelkaufmann.ch\/Blog\/wp-json\/wp\/v2\/comments?post=3733"}],"version-history":[{"count":0,"href":"https:\/\/lyonelkaufmann.ch\/Blog\/wp-json\/wp\/v2\/posts\/3733\/revisions"}],"wp:featuredmedia":[{"embeddable":true,"href":"https:\/\/lyonelkaufmann.ch\/Blog\/wp-json\/wp\/v2\/media\/14680"}],"wp:attachment":[{"href":"https:\/\/lyonelkaufmann.ch\/Blog\/wp-json\/wp\/v2\/media?parent=3733"}],"wp:term":[{"taxonomy":"category","embeddable":true,"href":"https:\/\/lyonelkaufmann.ch\/Blog\/wp-json\/wp\/v2\/categories?post=3733"},{"taxonomy":"post_tag","embeddable":true,"href":"https:\/\/lyonelkaufmann.ch\/Blog\/wp-json\/wp\/v2\/tags?post=3733"}],"curies":[{"name":"wp","href":"https:\/\/api.w.org\/{rel}","templated":true}]}}