{"id":3770,"date":"2010-10-17T11:58:37","date_gmt":"2010-10-17T11:58:37","guid":{"rendered":"https:\/\/lyonelkaufmann.ch\/Blog\/2010\/10\/17\/tweet-from-levolontaire-fr\/"},"modified":"2010-10-17T11:58:37","modified_gmt":"2010-10-17T11:58:37","slug":"tweet-from-levolontaire-fr","status":"publish","type":"post","link":"https:\/\/lyonelkaufmann.ch\/Blog\/2010\/10\/17\/tweet-from-levolontaire-fr\/","title":{"rendered":"Tweet from LeVolontaire.fr"},"content":{"rendered":"<div class='posterous_autopost'>via <a href=\"http:\/\/www.twitter.com\/LeVolontaire\"><i>@LeVolontaire<\/i><\/a><\/p>\n<p align=\"center\">\n<p>Le retour d&rsquo;un \u00ab\u00a0F\u00fchrer\u00a0\u00bb r\u00e9clam\u00e9 par 10% des Allemands <a href=\"http:\/\/bit.ly\/cKMkBF\">http:\/\/bit.ly\/cKMkBF<\/a> <a href=\"http:\/\/bit.ly\/cKMkBF\">Read More &gt;&gt;<\/a><\/div>\n","protected":false},"excerpt":{"rendered":"<p>via @LeVolontaire Le retour d&rsquo;un \u00ab\u00a0F\u00fchrer\u00a0\u00bb r\u00e9clam\u00e9 par 10% des Allemands http:\/\/bit.ly\/cKMkBF Read More &gt;&gt;<\/p>\n","protected":false},"author":1,"featured_media":14680,"comment_status":"open","ping_status":"open","sticky":false,"template":"","format":"aside","meta":{"_import_markdown_pro_load_document_selector":0,"_import_markdown_pro_submit_text_textarea":"","_genesis_hide_title":false,"_genesis_hide_breadcrumbs":false,"_genesis_hide_singular_image":false,"_genesis_hide_footer_widgets":false,"_genesis_custom_body_class":"","_genesis_custom_post_class":"","_genesis_layout":"","_jetpack_newsletter_access":"","_jetpack_dont_email_post_to_subs":false,"_jetpack_newsletter_tier_id":0,"_jetpack_memberships_contains_paywalled_content":false,"_jetpack_feature_clip_id":0,"_jetpack_memberships_contains_paid_content":false,"activitypub_content_warning":"","activitypub_content_visibility":"","activitypub_max_image_attachments":3,"activitypub_interaction_policy_quote":"anyone","activitypub_status":"","footnotes":"","jetpack_publicize_message":"","jetpack_publicize_feature_enabled":true,"jetpack_social_post_already_shared":true,"jetpack_social_options":{"image_generator_settings":{"template":"fullscreen","default_image_id":0,"font":"","enabled":false},"version":2},"jetpack_post_was_ever_published":false},"categories":[660],"tags":[],"class_list":["post-3770","post","type-post","status-publish","format-aside","has-post-thumbnail","category-breves","post_format-post-format-aside","entry"],"jetpack_publicize_connections":[],"featured_image_src":"https:\/\/i0.wp.com\/lyonelkaufmann.ch\/Blog\/wp-content\/uploads\/2015\/03\/blogcafe1.jpg?resize=600%2C400&ssl=1","featured_image_src_square":"https:\/\/i0.wp.com\/lyonelkaufmann.ch\/Blog\/wp-content\/uploads\/2015\/03\/blogcafe1.jpg?resize=600%2C600&ssl=1","author_info":{"display_name":"Lyonel Kaufmann","author_link":"https:\/\/lyonelkaufmann.ch\/Blog\/author\/lyonelk\/"},"jetpack_sharing_enabled":true,"jetpack_shortlink":"https:\/\/wp.me\/p1qtF4-YO","jetpack-related-posts":[{"id":4069,"url":"https:\/\/lyonelkaufmann.ch\/Blog\/2010\/10\/21\/tweet-from-slate-fr\/","url_meta":{"origin":3770,"position":0},"title":"UMP-FN: l&rsquo;extr\u00eame tentation |\u00a0Slate.fr","author":"Lyonel Kaufmann","date":"21 octobre 2010","format":"aside","excerpt":"via @Slatefr Une union des droites? De plus en plus, dans le parti majoritaire et dans les rangs frontistes envisagent cette possibilit\u00e9. http:\/\/bit.ly\/dfju3v\u2026 Read More >>","rel":"","context":"Dans &quot;L'Expresso&quot;","block_context":{"text":"L'Expresso","link":"https:\/\/lyonelkaufmann.ch\/Blog\/category\/breves\/"},"img":{"alt_text":"","src":"https:\/\/i0.wp.com\/www.slate.fr\/sites\/default\/files\/imagecache\/node-story\/2012.jpg?resize=350%2C200","width":350,"height":200,"srcset":"https:\/\/i0.wp.com\/www.slate.fr\/sites\/default\/files\/imagecache\/node-story\/2012.jpg?resize=350%2C200 1x, https:\/\/i0.wp.com\/www.slate.fr\/sites\/default\/files\/imagecache\/node-story\/2012.jpg?resize=525%2C300 1.5x"},"classes":[]},{"id":4067,"url":"https:\/\/lyonelkaufmann.ch\/Blog\/2010\/10\/21\/tweet-from-gilles-klein\/","url_meta":{"origin":3770,"position":1},"title":"Manifestations lyc\u00e9ennes : l\u2019outil Facebook | Arr\u00eat sur images","author":"Lyonel Kaufmann","date":"21 octobre 2010","format":"aside","excerpt":"via @GillesKLEIN Facebook est un instrument de mobilisation pour les jeunes lyc\u00e9ens qui veulent manifester contre la r\u00e9forme des retraites. Quelques exemples. http:\/\/bit.ly\/aBH8tD Read More >>","rel":"","context":"Dans &quot;L'Expresso&quot;","block_context":{"text":"L'Expresso","link":"https:\/\/lyonelkaufmann.ch\/Blog\/category\/breves\/"},"img":{"alt_text":"","src":"https:\/\/i0.wp.com\/lyonelkaufmann.ch\/Blog\/wp-content\/uploads\/2015\/03\/blogcafe1.jpg?fit=1024%2C683&ssl=1&resize=350%2C200","width":350,"height":200,"srcset":"https:\/\/i0.wp.com\/lyonelkaufmann.ch\/Blog\/wp-content\/uploads\/2015\/03\/blogcafe1.jpg?fit=1024%2C683&ssl=1&resize=350%2C200 1x, https:\/\/i0.wp.com\/lyonelkaufmann.ch\/Blog\/wp-content\/uploads\/2015\/03\/blogcafe1.jpg?fit=1024%2C683&ssl=1&resize=525%2C300 1.5x, https:\/\/i0.wp.com\/lyonelkaufmann.ch\/Blog\/wp-content\/uploads\/2015\/03\/blogcafe1.jpg?fit=1024%2C683&ssl=1&resize=700%2C400 2x"},"classes":[]},{"id":3759,"url":"https:\/\/lyonelkaufmann.ch\/Blog\/2010\/10\/15\/une-exposition-sur-hitler-a-berlin\/","url_meta":{"origin":3770,"position":2},"title":"Une exposition sur Hitler \u00e0 Berlin","author":"Lyonel Kaufmann","date":"15 octobre 2010","format":"aside","excerpt":"via SlateVendredi 15 octobre sera un jour particulier pour le Mus\u00e9e de l'histoire allemande: pour la premi\u00e8re ... Read More >>","rel":"","context":"Dans &quot;L'Expresso&quot;","block_context":{"text":"L'Expresso","link":"https:\/\/lyonelkaufmann.ch\/Blog\/category\/breves\/"},"img":{"alt_text":"","src":"https:\/\/i0.wp.com\/lyonelkaufmann.ch\/Blog\/wp-content\/uploads\/2015\/03\/blogcafe1.jpg?fit=1024%2C683&ssl=1&resize=350%2C200","width":350,"height":200,"srcset":"https:\/\/i0.wp.com\/lyonelkaufmann.ch\/Blog\/wp-content\/uploads\/2015\/03\/blogcafe1.jpg?fit=1024%2C683&ssl=1&resize=350%2C200 1x, https:\/\/i0.wp.com\/lyonelkaufmann.ch\/Blog\/wp-content\/uploads\/2015\/03\/blogcafe1.jpg?fit=1024%2C683&ssl=1&resize=525%2C300 1.5x, https:\/\/i0.wp.com\/lyonelkaufmann.ch\/Blog\/wp-content\/uploads\/2015\/03\/blogcafe1.jpg?fit=1024%2C683&ssl=1&resize=700%2C400 2x"},"classes":[]},{"id":3754,"url":"https:\/\/lyonelkaufmann.ch\/Blog\/2010\/10\/14\/watch-and-diary-book\/","url_meta":{"origin":3770,"position":3},"title":"Watch and diary book","author":"Lyonel Kaufmann","date":"14 octobre 2010","format":"aside","excerpt":"via Design daily newsDownload animals vectors --- Post from: Graphic design blogWatch and diary bookDownload animals vectors --- Post from: Graphic ... Read More >>","rel":"","context":"Dans &quot;L'Expresso&quot;","block_context":{"text":"L'Expresso","link":"https:\/\/lyonelkaufmann.ch\/Blog\/category\/breves\/"},"img":{"alt_text":"","src":"https:\/\/i0.wp.com\/lyonelkaufmann.ch\/Blog\/wp-content\/uploads\/2015\/03\/watch_diary1-550x360.jpg?fit=450%2C295&ssl=1&resize=350%2C200","width":350,"height":200},"classes":[]},{"id":4071,"url":"https:\/\/lyonelkaufmann.ch\/Blog\/2010\/10\/21\/la-nouvelle-regle-de-trois\/","url_meta":{"origin":3770,"position":4},"title":"La nouvelle r\u00e8gle de trois","author":"Lyonel Kaufmann","date":"21 octobre 2010","format":"aside","excerpt":"via Alternatives Economiques - Actu A l'occasion de la journ\u00e9e mondiale des statistiques du 20 octobre, retour sur cet \u00e9trange ph\u00e9nom\u00e8ne en vertu duquel, entre la r\u00e9alit\u00e9 et l'image que l'on s'en fait, il existe un facteur trois\u00a0: selon que vous serez syndicaliste ou ministre, p\u00eacheur ou commissaire europ\u00e9en, vous\u2026","rel":"","context":"Dans &quot;L'Expresso&quot;","block_context":{"text":"L'Expresso","link":"https:\/\/lyonelkaufmann.ch\/Blog\/category\/breves\/"},"img":{"alt_text":"","src":"https:\/\/i0.wp.com\/lyonelkaufmann.ch\/Blog\/wp-content\/uploads\/2015\/03\/blogcafe1.jpg?fit=1024%2C683&ssl=1&resize=350%2C200","width":350,"height":200,"srcset":"https:\/\/i0.wp.com\/lyonelkaufmann.ch\/Blog\/wp-content\/uploads\/2015\/03\/blogcafe1.jpg?fit=1024%2C683&ssl=1&resize=350%2C200 1x, https:\/\/i0.wp.com\/lyonelkaufmann.ch\/Blog\/wp-content\/uploads\/2015\/03\/blogcafe1.jpg?fit=1024%2C683&ssl=1&resize=525%2C300 1.5x, https:\/\/i0.wp.com\/lyonelkaufmann.ch\/Blog\/wp-content\/uploads\/2015\/03\/blogcafe1.jpg?fit=1024%2C683&ssl=1&resize=700%2C400 2x"},"classes":[]},{"id":4209,"url":"https:\/\/lyonelkaufmann.ch\/Blog\/2010\/11\/14\/tweet-from-lyonel-kaufmann\/","url_meta":{"origin":3770,"position":5},"title":"TBI: Tableau Bien Inutile","author":"Lyonel Kaufmann","date":"14 novembre 2010","format":"aside","excerpt":"Superbe article sur l'illusion technologique en \u00e9ducation Via @MilaSaintAnne: Excellent billet de @Ticeman01 sur le TBI. Il y a bien longtemps, j\u2019ai r\u00eav\u00e9 d\u2019avoir un TBI ou TNI. pourquoi? tout simplement parce que je veux tout conna\u00eetre, je veux tout tester, j\u2019\u00e9tais impressionn\u00e9 par les articles de quelques pionniers qui\u2026","rel":"","context":"Dans &quot;histoire&quot;","block_context":{"text":"histoire","link":"https:\/\/lyonelkaufmann.ch\/Blog\/category\/histoire-2\/"},"img":{"alt_text":"","src":"https:\/\/i0.wp.com\/lyonelkaufmann.ch\/Blog\/wp-content\/uploads\/2015\/03\/blogcafe1.jpg?fit=1024%2C683&ssl=1&resize=350%2C200","width":350,"height":200,"srcset":"https:\/\/i0.wp.com\/lyonelkaufmann.ch\/Blog\/wp-content\/uploads\/2015\/03\/blogcafe1.jpg?fit=1024%2C683&ssl=1&resize=350%2C200 1x, https:\/\/i0.wp.com\/lyonelkaufmann.ch\/Blog\/wp-content\/uploads\/2015\/03\/blogcafe1.jpg?fit=1024%2C683&ssl=1&resize=525%2C300 1.5x, https:\/\/i0.wp.com\/lyonelkaufmann.ch\/Blog\/wp-content\/uploads\/2015\/03\/blogcafe1.jpg?fit=1024%2C683&ssl=1&resize=700%2C400 2x"},"classes":[]}],"jetpack_likes_enabled":true,"jetpack_featured_media_url":"https:\/\/i0.wp.com\/lyonelkaufmann.ch\/Blog\/wp-content\/uploads\/2015\/03\/blogcafe1.jpg?fit=1024%2C683&ssl=1","_links":{"self":[{"href":"https:\/\/lyonelkaufmann.ch\/Blog\/wp-json\/wp\/v2\/posts\/3770","targetHints":{"allow":["GET"]}}],"collection":[{"href":"https:\/\/lyonelkaufmann.ch\/Blog\/wp-json\/wp\/v2\/posts"}],"about":[{"href":"https:\/\/lyonelkaufmann.ch\/Blog\/wp-json\/wp\/v2\/types\/post"}],"author":[{"embeddable":true,"href":"https:\/\/lyonelkaufmann.ch\/Blog\/wp-json\/wp\/v2\/users\/1"}],"replies":[{"embeddable":true,"href":"https:\/\/lyonelkaufmann.ch\/Blog\/wp-json\/wp\/v2\/comments?post=3770"}],"version-history":[{"count":0,"href":"https:\/\/lyonelkaufmann.ch\/Blog\/wp-json\/wp\/v2\/posts\/3770\/revisions"}],"wp:featuredmedia":[{"embeddable":true,"href":"https:\/\/lyonelkaufmann.ch\/Blog\/wp-json\/wp\/v2\/media\/14680"}],"wp:attachment":[{"href":"https:\/\/lyonelkaufmann.ch\/Blog\/wp-json\/wp\/v2\/media?parent=3770"}],"wp:term":[{"taxonomy":"category","embeddable":true,"href":"https:\/\/lyonelkaufmann.ch\/Blog\/wp-json\/wp\/v2\/categories?post=3770"},{"taxonomy":"post_tag","embeddable":true,"href":"https:\/\/lyonelkaufmann.ch\/Blog\/wp-json\/wp\/v2\/tags?post=3770"}],"curies":[{"name":"wp","href":"https:\/\/api.w.org\/{rel}","templated":true}]}}