{"id":3819,"date":"2011-06-08T14:29:58","date_gmt":"2011-06-08T13:29:58","guid":{"rendered":"http:\/\/lyonelkaufmann.ch\/histoire\/?p=3819"},"modified":"2011-06-08T14:29:58","modified_gmt":"2011-06-08T13:29:58","slug":"franco-rigoureux-et-efficace-une-bio-fait-scandale-en-espagne-rue89","status":"publish","type":"post","link":"https:\/\/lyonelkaufmann.ch\/Blog\/2011\/06\/08\/franco-rigoureux-et-efficace-une-bio-fait-scandale-en-espagne-rue89\/","title":{"rendered":"Franco \u00ab rigoureux et efficace \u00bb ? Une bio fait scandale en Espagne | Rue89"},"content":{"rendered":"<p><strong>Point de dictateur\u00a0: Francisco Franco \u00e9tait un \u00ab\u00a0chef rigoureux et efficace\u00a0\u00bb, selon un volumineux dictionnaire biographique financ\u00e9 par des fonds publics qui secoue l&rsquo;Espagne.<\/strong><\/p>\n<p>Les extraits rapport\u00e9s par l&rsquo;article de Rue89 sont \u00e9difiants en eux-m\u00eames:<\/p>\n<blockquote><p>\u00ab\u00a0Le courage et le sang froid qu&rsquo;il montrait sur le champ [de bataille] l&rsquo;a vite rendu c\u00e9l\u00e8bre\u00a0\u00bb<\/p>\n<p>\u00ab\u00a0Une longue guerre de pr\u00e8s de trois ans lui permit de vaincre un ennemi qui, en principe, comptait sur des forces plus grandes.<\/p>\n<p>Pour se faire [\u2026] et compte tenu de l&rsquo;hostilit\u00e9 de la France et de la Russie, il dut \u00e9tablir des engagements \u00e9troits avec l&rsquo;Italie et l&rsquo;Allemagne.\u00a0\u00bb<\/p><\/blockquote>\n<p>Par ailleurs,\u00a0<span style=\"font-style:italic;\">le r\u00e9gime franquiste \u00e9tait \u00ab\u00a0autoritaire et non totalitaire\u00a0\u00bb<\/span>,et \u00a0le terme de <span style=\"font-style:italic;\">\u00ab\u00a0dictateur\u00a0\u00bb <\/span>n&rsquo;appara\u00eet \u00e0 aucun moment. Aucune mention non plus n&rsquo;est faite \u00e0 la r\u00e9pression franquiste pendant et apr\u00e8s le conflit. Pourtant,<\/p>\n<blockquote><p>l&rsquo;instruction avort\u00e9e du juge Baltasar Garz\u00f3n sur les crimes du franquisme avait eu le temps de recenser au moins 110 000 victimes encore disparues aujourd&rsquo;hui.<\/p><\/blockquote>\n<p>Dans le fond, le r\u00e9sultat n&rsquo;est gu\u00e8re \u00e9tonnant lorsque l&rsquo;on apprend que l&rsquo;auteur de l&rsquo;article, Luis Su\u00e1rez est <em>\u00abun historien sp\u00e9cialiste de l&rsquo;\u00e9poque m\u00e9di\u00e9vale ayant de bonnes relations avec la famille Franco.\u00bb<\/em><\/p>\n<p>Devant le scandale,\u00a0\u00a0la v\u00e9n\u00e9rable Acad\u00e9mie Royale d&rsquo;Histoire (RAH dans ses sigles espagnols) \u2014financ\u00e9s par 6,4 millions d&rsquo;euros de subventions publiques\u2014\u00a0devrait cependant amender la version \u00e9lectronique des biographies les plus pol\u00e9miques et de corriger les futures \u00e9ditions en version papier.<\/p>\n<p>L&rsquo;article complet : \u00a0<a href=\"http:\/\/www.rue89.com\/ibere-espace\/2011\/06\/04\/franco-rigoureux-et-efficace-une-bio-fait-scandale-en-espagne-207187\">Franco \u00ab rigoureux et efficace \u00bb ? Une bio fait scandale en Espagne | Rue89<\/a>.<\/p>\n","protected":false},"excerpt":{"rendered":"<p>Point de dictateur\u00a0: Francisco Franco \u00e9tait un \u00ab\u00a0chef rigoureux et efficace\u00a0\u00bb, selon un volumineux dictionnaire biographique financ\u00e9 par des fonds publics qui secoue l&rsquo;Espagne. Les extraits rapport\u00e9s par l&rsquo;article de Rue89 sont \u00e9difiants en eux-m\u00eames: \u00ab\u00a0Le courage et le sang froid qu&rsquo;il montrait sur le champ [de bataille] l&rsquo;a vite rendu c\u00e9l\u00e8bre\u00a0\u00bb \u00ab\u00a0Une longue guerre [&hellip;]<\/p>\n","protected":false},"author":1,"featured_media":14680,"comment_status":"open","ping_status":"open","sticky":false,"template":"","format":"standard","meta":{"_import_markdown_pro_load_document_selector":0,"_import_markdown_pro_submit_text_textarea":"","_genesis_hide_title":false,"_genesis_hide_breadcrumbs":false,"_genesis_hide_singular_image":false,"_genesis_hide_footer_widgets":false,"_genesis_custom_body_class":"","_genesis_custom_post_class":"","_genesis_layout":"","jetpack_post_was_ever_published":false,"_jetpack_newsletter_access":"","_jetpack_dont_email_post_to_subs":false,"_jetpack_newsletter_tier_id":0,"_jetpack_memberships_contains_paywalled_content":false,"_jetpack_memberships_contains_paid_content":false,"activitypub_content_warning":"","activitypub_content_visibility":"","activitypub_max_image_attachments":3,"activitypub_interaction_policy_quote":"anyone","activitypub_status":"","footnotes":"","jetpack_publicize_message":"","jetpack_publicize_feature_enabled":true,"jetpack_social_post_already_shared":true,"jetpack_social_options":{"image_generator_settings":{"template":"fullscreen","default_image_id":0,"font":"","enabled":false},"version":2}},"categories":[2],"tags":[],"class_list":{"0":"post-3819","1":"post","2":"type-post","3":"status-publish","4":"format-standard","5":"has-post-thumbnail","7":"category-histoire-2","8":"entry"},"jetpack_publicize_connections":[],"featured_image_src":"https:\/\/i0.wp.com\/lyonelkaufmann.ch\/Blog\/wp-content\/uploads\/2015\/03\/blogcafe1.jpg?resize=600%2C400&ssl=1","featured_image_src_square":"https:\/\/i0.wp.com\/lyonelkaufmann.ch\/Blog\/wp-content\/uploads\/2015\/03\/blogcafe1.jpg?resize=600%2C600&ssl=1","author_info":{"display_name":"Lyonel Kaufmann","author_link":"https:\/\/lyonelkaufmann.ch\/Blog\/author\/lyonelk\/"},"jetpack_featured_media_url":"https:\/\/i0.wp.com\/lyonelkaufmann.ch\/Blog\/wp-content\/uploads\/2015\/03\/blogcafe1.jpg?fit=1024%2C683&ssl=1","jetpack_sharing_enabled":true,"jetpack_shortlink":"https:\/\/wp.me\/p1qtF4-ZB","jetpack-related-posts":[{"id":989,"url":"https:\/\/lyonelkaufmann.ch\/Blog\/2008\/05\/13\/rififi-autour-eurovision-1968\/","url_meta":{"origin":3819,"position":0},"title":"Rififi autour de l&rsquo;Eurovision\u2026 1968","author":"Lyonel Kaufmann","date":"13 mai 2008","format":"aside","excerpt":"Franco aurait-il soudoy\u00e9 les jurys pour s'assurer de la victoire de l'Espagne lors de l'Euro 1968. Si oui, faut-il rendre la victoire \u00e0 la Grande-Bretagne qui avait fini deuxi\u00e8me? Et si tout cela n'\u00e9tait pas tout simplement le moyen de faire du buzz autour de l'\u00e9dition 2008 pour favoriser le\u2026","rel":"","context":"Dans &quot;Blogcaf\u00e9&quot;","block_context":{"text":"Blogcaf\u00e9","link":"https:\/\/lyonelkaufmann.ch\/Blog\/category\/blogcafe-2\/"},"img":{"alt_text":"","src":"https:\/\/i0.wp.com\/lyonelkaufmann.ch\/Blog\/wp-content\/uploads\/2015\/03\/050.jpg?fit=480%2C360&ssl=1&resize=350%2C200","width":350,"height":200},"classes":[]},{"id":3864,"url":"https:\/\/lyonelkaufmann.ch\/Blog\/2011\/08\/03\/de-sissi-a-mao-le-culte-de-la-personnalite-a-vienne-rue89\/","url_meta":{"origin":3819,"position":1},"title":"De Sissi \u00e0 Mao, le culte de la personnalit\u00e9 \u00e0 Vienne | Rue89","author":"Lyonel Kaufmann","date":"3 ao\u00fbt 2011","format":false,"excerpt":"Le mus\u00e9e d'ethnologie de Vienne, install\u00e9 dans une aile du palais, consacre en effet une grande exposition au culte de la personnalit\u00e9 du Grand Timonier de la Chine populaire et aux extravagances de la r\u00e9volution culturelle\u00a0: une \u00e9difiante piq\u00fbre de rappel. Pour Rue89, Pierre Haski nous en fait le compte-rendu.\u2026","rel":"","context":"Dans &quot;histoire&quot;","block_context":{"text":"histoire","link":"https:\/\/lyonelkaufmann.ch\/Blog\/category\/histoire-2\/"},"img":{"alt_text":"","src":"https:\/\/i0.wp.com\/lyonelkaufmann.ch\/Blog\/wp-content\/uploads\/2015\/03\/Mao1.jpg?fit=470%2C351&ssl=1&resize=350%2C200","width":350,"height":200},"classes":[]},{"id":7722,"url":"https:\/\/lyonelkaufmann.ch\/Blog\/2006\/07\/25\/les-suisses-et-la-guerre-despagne\/","url_meta":{"origin":3819,"position":2},"title":"Les Suisses et la Guerre d&rsquo;Espagne (1936-1939)","author":"Lyonel Kaufmann","date":"25 juillet 2006","format":false,"excerpt":"Le 18 juillet 1936 marque le d\u00e9but de la Guerre d'Espagne. Ce jour-l\u00e0, l'arm\u00e9e tente un coup d'Etat; ce dernier \u00e9choue, mais les g\u00e9n\u00e9raux rebelles, parmi lesquels figure le g\u00e9n\u00e9ral Franco, refusent la m\u00e9diation et poursuivent le combat. Pendant trois ans, cette guerre va d\u00e9chirer l'Espagne et co\u00fbter la vie\u2026","rel":"","context":"Dans &quot;histoire&quot;","block_context":{"text":"histoire","link":"https:\/\/lyonelkaufmann.ch\/Blog\/category\/histoire-2\/"},"img":{"alt_text":"","src":"https:\/\/i0.wp.com\/lyonelkaufmann.ch\/Blog\/wp-content\/uploads\/2015\/03\/blogcafe1.jpg?fit=1024%2C683&ssl=1&resize=350%2C200","width":350,"height":200,"srcset":"https:\/\/i0.wp.com\/lyonelkaufmann.ch\/Blog\/wp-content\/uploads\/2015\/03\/blogcafe1.jpg?fit=1024%2C683&ssl=1&resize=350%2C200 1x, https:\/\/i0.wp.com\/lyonelkaufmann.ch\/Blog\/wp-content\/uploads\/2015\/03\/blogcafe1.jpg?fit=1024%2C683&ssl=1&resize=525%2C300 1.5x, https:\/\/i0.wp.com\/lyonelkaufmann.ch\/Blog\/wp-content\/uploads\/2015\/03\/blogcafe1.jpg?fit=1024%2C683&ssl=1&resize=700%2C400 2x"},"classes":[]},{"id":3733,"url":"https:\/\/lyonelkaufmann.ch\/Blog\/2011\/05\/01\/ferro-cest-vous-qui-dites-que-je-suis-un-historien-engage-rue89\/","url_meta":{"origin":3819,"position":3},"title":"Ferro : \u00ab\u00a0C&rsquo;est vous qui dites que je suis un historien engag\u00e9 !\u00a0\u00bb | Rue89","author":"Lyonel Kaufmann","date":"1 mai 2011","format":false,"excerpt":"Arriv\u00e9 en Alg\u00e9rie, je vois tout de suite que je suis sur une terre \u00e0 probl\u00e8mes. Quatre cinqui\u00e8mes des p\u00e8res de mes \u00e9l\u00e8ves \u00e9taient pieds-noirs, et j'ai vu imm\u00e9diatement que les Arabes ne comptaient pas \u00e0 leurs yeux. Je pr\u00e9ssens qu'il va y avoir un drame. C'est l\u00e0 qu'on dit\u2026","rel":"","context":"Dans &quot;histoire&quot;","block_context":{"text":"histoire","link":"https:\/\/lyonelkaufmann.ch\/Blog\/category\/histoire-2\/"},"img":{"alt_text":"","src":"https:\/\/i0.wp.com\/lyonelkaufmann.ch\/Blog\/wp-content\/uploads\/2015\/03\/blogcafe1.jpg?fit=1024%2C683&ssl=1&resize=350%2C200","width":350,"height":200,"srcset":"https:\/\/i0.wp.com\/lyonelkaufmann.ch\/Blog\/wp-content\/uploads\/2015\/03\/blogcafe1.jpg?fit=1024%2C683&ssl=1&resize=350%2C200 1x, https:\/\/i0.wp.com\/lyonelkaufmann.ch\/Blog\/wp-content\/uploads\/2015\/03\/blogcafe1.jpg?fit=1024%2C683&ssl=1&resize=525%2C300 1.5x, https:\/\/i0.wp.com\/lyonelkaufmann.ch\/Blog\/wp-content\/uploads\/2015\/03\/blogcafe1.jpg?fit=1024%2C683&ssl=1&resize=700%2C400 2x"},"classes":[]},{"id":5375,"url":"https:\/\/lyonelkaufmann.ch\/Blog\/2012\/01\/15\/revue-de-presse-revue-de-murs-lannee-2011-de-gaia-petit-genie-du-street-art-rue89\/","url_meta":{"origin":3819,"position":4},"title":"Revue de presse : Revue de murs\u00a0: l&rsquo;ann\u00e9e 2011 de Gaia, petit g\u00e9nie du street art | Rue89","author":"Lyonel Kaufmann","date":"15 janvier 2012","format":false,"excerpt":"Gaia - Henry Flagler Au fil de ses \u00e9ditions, la grande foire d'art contemporain Miami Art Basel est devenue un grand rendez-vous du street art. Gaia \u00e9tait le plus jeune artiste invit\u00e9. En peignant un portrait d'Henry Flagler, magnat de la Standard Oil, qui a contribu\u00e9 \u00e0 b\u00e2tir la fortune\u2026","rel":"","context":"Dans &quot;L'Expresso&quot;","block_context":{"text":"L'Expresso","link":"https:\/\/lyonelkaufmann.ch\/Blog\/category\/breves\/"},"img":{"alt_text":"","src":"https:\/\/i0.wp.com\/lyonelkaufmann.ch\/Blog\/wp-content\/uploads\/2015\/03\/ozartsetc_here-comes-the-neighborhood_gaia_video_0-e1322254215496.png?fit=480%2C300&ssl=1&resize=350%2C200","width":350,"height":200},"classes":[]},{"id":3724,"url":"https:\/\/lyonelkaufmann.ch\/Blog\/2011\/05\/03\/la-cdu-aurait-elle-profite-du-tresor-cache-des-nazis\/","url_meta":{"origin":3819,"position":5},"title":"La CDU aurait-elle profit\u00e9 du tr\u00e9sor cach\u00e9 des nazis ?","author":"Lyonel Kaufmann","date":"3 mai 2011","format":false,"excerpt":"De Konrad Adenauer \u00e0 Helmut Kohl, la CDU, parti chr\u00e9tien-d\u00e9mocrate majoritaire dans l'Allemagne d'apr\u00e8s-guerre, aurait b\u00e9n\u00e9fici\u00e9 de financements occultes provenant du tr\u00e9sor cach\u00e9 des nazis. Le 1er juin, Arte diffusera \u00ab\u00a0Le Syst\u00e8me Octogon\u00a0\u00bb, documentaire sign\u00e9 Jean-Michel Meurice qui \u2212 censure oblige \u2212 dormait depuis trois ans sur les \u00e9tag\u00e8res poussi\u00e9reuses\u2026","rel":"","context":"Dans &quot;histoire&quot;","block_context":{"text":"histoire","link":"https:\/\/lyonelkaufmann.ch\/Blog\/category\/histoire-2\/"},"img":{"alt_text":"","src":"https:\/\/i0.wp.com\/lyonelkaufmann.ch\/Blog\/wp-content\/uploads\/2015\/03\/blogcafe1.jpg?fit=1024%2C683&ssl=1&resize=350%2C200","width":350,"height":200,"srcset":"https:\/\/i0.wp.com\/lyonelkaufmann.ch\/Blog\/wp-content\/uploads\/2015\/03\/blogcafe1.jpg?fit=1024%2C683&ssl=1&resize=350%2C200 1x, https:\/\/i0.wp.com\/lyonelkaufmann.ch\/Blog\/wp-content\/uploads\/2015\/03\/blogcafe1.jpg?fit=1024%2C683&ssl=1&resize=525%2C300 1.5x, https:\/\/i0.wp.com\/lyonelkaufmann.ch\/Blog\/wp-content\/uploads\/2015\/03\/blogcafe1.jpg?fit=1024%2C683&ssl=1&resize=700%2C400 2x"},"classes":[]}],"jetpack_likes_enabled":true,"_links":{"self":[{"href":"https:\/\/lyonelkaufmann.ch\/Blog\/wp-json\/wp\/v2\/posts\/3819","targetHints":{"allow":["GET"]}}],"collection":[{"href":"https:\/\/lyonelkaufmann.ch\/Blog\/wp-json\/wp\/v2\/posts"}],"about":[{"href":"https:\/\/lyonelkaufmann.ch\/Blog\/wp-json\/wp\/v2\/types\/post"}],"author":[{"embeddable":true,"href":"https:\/\/lyonelkaufmann.ch\/Blog\/wp-json\/wp\/v2\/users\/1"}],"replies":[{"embeddable":true,"href":"https:\/\/lyonelkaufmann.ch\/Blog\/wp-json\/wp\/v2\/comments?post=3819"}],"version-history":[{"count":0,"href":"https:\/\/lyonelkaufmann.ch\/Blog\/wp-json\/wp\/v2\/posts\/3819\/revisions"}],"wp:featuredmedia":[{"embeddable":true,"href":"https:\/\/lyonelkaufmann.ch\/Blog\/wp-json\/wp\/v2\/media\/14680"}],"wp:attachment":[{"href":"https:\/\/lyonelkaufmann.ch\/Blog\/wp-json\/wp\/v2\/media?parent=3819"}],"wp:term":[{"taxonomy":"category","embeddable":true,"href":"https:\/\/lyonelkaufmann.ch\/Blog\/wp-json\/wp\/v2\/categories?post=3819"},{"taxonomy":"post_tag","embeddable":true,"href":"https:\/\/lyonelkaufmann.ch\/Blog\/wp-json\/wp\/v2\/tags?post=3819"}],"curies":[{"name":"wp","href":"https:\/\/api.w.org\/{rel}","templated":true}]}}