{"id":3844,"date":"2011-06-27T22:44:11","date_gmt":"2011-06-27T21:44:11","guid":{"rendered":"http:\/\/lyonelkaufmann.ch\/histoire\/?p=3844"},"modified":"2011-06-27T22:44:11","modified_gmt":"2011-06-27T21:44:11","slug":"les-sites-palafittiques-suisses-inscrits-au-patrimoine-tsrinfo-ch","status":"publish","type":"post","link":"https:\/\/lyonelkaufmann.ch\/Blog\/2011\/06\/27\/les-sites-palafittiques-suisses-inscrits-au-patrimoine-tsrinfo-ch\/","title":{"rendered":"Les sites palafittiques suisses inscrits au patrimoine de l&rsquo;Unesco | tsrinfo.ch"},"content":{"rendered":"<div align=\"center\"><a href=\"https:\/\/i0.wp.com\/lyonelkaufmann.ch\/histoire\/wp-content\/uploads\/2011\/06\/20110627-114126.jpg\"><img data-recalc-dims=\"1\" decoding=\"async\" src=\"https:\/\/i0.wp.com\/lyonelkaufmann.ch\/histoire\/wp-content\/uploads\/2011\/06\/20110627-114126.jpg\" alt=\"20110627-114126.jpg\" class=\"alignnone size-full\" \/><\/a><br \/>\nLe site des trois lacs (ici Sutz-Lattrigen, lac de Bienne) fait partie de la liste d\u00e9pos\u00e9e \u00e0 l&rsquo;UNESCO. [Keystone]<\/div>\n<p><b>La Suisse doit \u00e0 ses sites palafittiques, pr\u00e9sents sur son territoire depuis des mill\u00e9naires, son onzi\u00e8me lieu inscrit au patrimoine mondial de lUNESCO. Sit\u00f4t la d\u00e9cision rendue, lOffice f\u00e9d\u00e9ral de la culture OFC a annonc\u00e9 le lancement dune application iPhone pour donner une meilleure visibilit\u00e9 \u00e0 ces vestiges.<\/b><br \/>\nLe Comit\u00e9 du patrimoine mondial a accept\u00e9 lundi la candidature qui englobe 111 lieux palafittiques ou \u00ab\u00a0lacustres\u00a0\u00bb r\u00e9partis entre six pays de larc alpin: Suisse 56 sites dans quinze cantons, Allemagne 25, France 15, Italie 25, Slov\u00e9nie 1 et Autriche 8. Quinze cantons sont repr\u00e9sent\u00e9s.<\/p>\n<p>La suite de l&rsquo;information : <a href='http:\/\/www.tsr.ch\/info\/culture\/3232935-les-sites-palafittiques-suisses-inscrits-au-patrimoine.html?wysistatpr=ads_rss_texte'>Les sites palafittiques suisses inscrits au patrimoine &#8211; tsr.ch &#8211; info &#8211; culture<\/a>.<\/p>\n","protected":false},"excerpt":{"rendered":"<p>Le site des trois lacs (ici Sutz-Lattrigen, lac de Bienne) fait partie de la liste d\u00e9pos\u00e9e \u00e0 l&rsquo;UNESCO. [Keystone] La Suisse doit \u00e0 ses sites palafittiques, pr\u00e9sents sur son territoire depuis des mill\u00e9naires, son onzi\u00e8me lieu inscrit au patrimoine mondial de lUNESCO. Sit\u00f4t la d\u00e9cision rendue, lOffice f\u00e9d\u00e9ral de la culture OFC a annonc\u00e9 le [&hellip;]<\/p>\n","protected":false},"author":1,"featured_media":13814,"comment_status":"open","ping_status":"open","sticky":false,"template":"","format":"standard","meta":{"_import_markdown_pro_load_document_selector":0,"_import_markdown_pro_submit_text_textarea":"","_genesis_hide_title":false,"_genesis_hide_breadcrumbs":false,"_genesis_hide_singular_image":false,"_genesis_hide_footer_widgets":false,"_genesis_custom_body_class":"","_genesis_custom_post_class":"","_genesis_layout":"","jetpack_post_was_ever_published":false,"_jetpack_newsletter_access":"","_jetpack_dont_email_post_to_subs":false,"_jetpack_newsletter_tier_id":0,"_jetpack_memberships_contains_paywalled_content":false,"_jetpack_memberships_contains_paid_content":false,"activitypub_content_warning":"","activitypub_content_visibility":"","activitypub_max_image_attachments":3,"activitypub_interaction_policy_quote":"anyone","activitypub_status":"","footnotes":"","jetpack_publicize_message":"","jetpack_publicize_feature_enabled":true,"jetpack_social_post_already_shared":true,"jetpack_social_options":{"image_generator_settings":{"template":"fullscreen","default_image_id":0,"font":"","enabled":false},"version":2}},"categories":[2],"tags":[],"class_list":{"0":"post-3844","1":"post","2":"type-post","3":"status-publish","4":"format-standard","5":"has-post-thumbnail","7":"category-histoire-2","8":"entry"},"jetpack_publicize_connections":[],"featured_image_src":"https:\/\/i0.wp.com\/lyonelkaufmann.ch\/Blog\/wp-content\/uploads\/2015\/03\/20110627-114126.jpg?resize=480%2C270&ssl=1","featured_image_src_square":"https:\/\/i0.wp.com\/lyonelkaufmann.ch\/Blog\/wp-content\/uploads\/2015\/03\/20110627-114126.jpg?resize=480%2C270&ssl=1","author_info":{"display_name":"Lyonel Kaufmann","author_link":"https:\/\/lyonelkaufmann.ch\/Blog\/author\/lyonelk\/"},"jetpack_featured_media_url":"https:\/\/i0.wp.com\/lyonelkaufmann.ch\/Blog\/wp-content\/uploads\/2015\/03\/20110627-114126.jpg?fit=480%2C270&ssl=1","jetpack_sharing_enabled":true,"jetpack_shortlink":"https:\/\/wp.me\/p1qtF4-100","jetpack-related-posts":[{"id":1389,"url":"https:\/\/lyonelkaufmann.ch\/Blog\/2009\/07\/02\/lurbanite-suisse-enfin-reconnue-la-chaux-de-fondsle-locle-au-patrimoine-mondial-de-lunesco\/","url_meta":{"origin":3844,"position":0},"title":"L&rsquo;urbanit\u00e9 suisse (enfin) reconnue : La Chaux-de-Fonds\/Le Locle au Patrimoine mondial de l&rsquo;Unesco","author":"Lyonel Kaufmann","date":"2 juillet 2009","format":false,"excerpt":"L'inscription des villes de La Chaux-de-Fonds et Le Locle au Patrimoine mondial de l'Unesco 2009 a surpris celles et ceux nombreux qui m\u00e9connaissent l'importance du ph\u00e9nom\u00e8ne urbain dans le d\u00e9veloppement et l'histoire de la Suisse. Mais comme le dit Jo\u00eblle Kuntz dans son remarquable (petit) ouvrage La Suisse en un\u2026","rel":"","context":"Dans &quot;histoire&quot;","block_context":{"text":"histoire","link":"https:\/\/lyonelkaufmann.ch\/Blog\/category\/histoire-2\/"},"img":{"alt_text":"","src":"https:\/\/i0.wp.com\/lyonelkaufmann.ch\/Blog\/wp-content\/uploads\/2015\/03\/blogcafe1.jpg?fit=1024%2C683&ssl=1&resize=350%2C200","width":350,"height":200,"srcset":"https:\/\/i0.wp.com\/lyonelkaufmann.ch\/Blog\/wp-content\/uploads\/2015\/03\/blogcafe1.jpg?fit=1024%2C683&ssl=1&resize=350%2C200 1x, https:\/\/i0.wp.com\/lyonelkaufmann.ch\/Blog\/wp-content\/uploads\/2015\/03\/blogcafe1.jpg?fit=1024%2C683&ssl=1&resize=525%2C300 1.5x, https:\/\/i0.wp.com\/lyonelkaufmann.ch\/Blog\/wp-content\/uploads\/2015\/03\/blogcafe1.jpg?fit=1024%2C683&ssl=1&resize=700%2C400 2x"},"classes":[]},{"id":6535,"url":"https:\/\/lyonelkaufmann.ch\/Blog\/2004\/01\/15\/ils-etaient-suisses-mais-aussi-negriers\/","url_meta":{"origin":3844,"position":1},"title":"Ils \u00e9taient Suisses\u2026 mais aussi n\u00e9griers","author":"Lyonel Kaufmann","date":"15 janvier 2004","format":false,"excerpt":"Dans son \u00e9dition du mercredi 14 janvier 2004, les journaux suisses\u00a0La Libert\u00e9\u00a0et\u00a0Le Courrier\u00a0consacrent un dossier relativement aux Suisses ayant fait commerce d'esclaves. Ainsi, au Ghana, \u00e0 Cape Coast, un ancien ch\u00e2teau fortifi\u00e9 a \u00e9t\u00e9 un haut lieu de la traite n\u00e9gri\u00e8re, reconnu lieu de m\u00e9moire de la traite n\u00e9gri\u00e8re et\u2026","rel":"","context":"Dans &quot;histoire&quot;","block_context":{"text":"histoire","link":"https:\/\/lyonelkaufmann.ch\/Blog\/category\/histoire-2\/"},"img":{"alt_text":"","src":"https:\/\/i0.wp.com\/lyonelkaufmann.ch\/Blog\/wp-content\/uploads\/2015\/03\/blogcafe1.jpg?fit=1024%2C683&ssl=1&resize=350%2C200","width":350,"height":200,"srcset":"https:\/\/i0.wp.com\/lyonelkaufmann.ch\/Blog\/wp-content\/uploads\/2015\/03\/blogcafe1.jpg?fit=1024%2C683&ssl=1&resize=350%2C200 1x, https:\/\/i0.wp.com\/lyonelkaufmann.ch\/Blog\/wp-content\/uploads\/2015\/03\/blogcafe1.jpg?fit=1024%2C683&ssl=1&resize=525%2C300 1.5x, https:\/\/i0.wp.com\/lyonelkaufmann.ch\/Blog\/wp-content\/uploads\/2015\/03\/blogcafe1.jpg?fit=1024%2C683&ssl=1&resize=700%2C400 2x"},"classes":[]},{"id":12323,"url":"https:\/\/lyonelkaufmann.ch\/Blog\/2004\/01\/15\/ils-etaient-suisses-mais-aussi-negriers-2\/","url_meta":{"origin":3844,"position":2},"title":"Ils \u00e9taient Suisses\u2026 mais aussi n\u00e9griers","author":"Lyonel Kaufmann","date":"15 janvier 2004","format":false,"excerpt":"Dans son \u00e9dition du mercredi 14 janvier 2004, les journaux suisses La Libert\u00e9 et Le Courrier consacrent un dossier relativement aux Suisses ayant fait commerce d'esclaves. Ainsi, au Ghana, \u00e0 Cape Coast, un ancien ch\u00e2teau fortifi\u00e9 a \u00e9t\u00e9 un haut lieu de la traite n\u00e9gri\u00e8re, reconnu lieu de m\u00e9moire de\u2026","rel":"","context":"Dans &quot;Blogcaf\u00e9&quot;","block_context":{"text":"Blogcaf\u00e9","link":"https:\/\/lyonelkaufmann.ch\/Blog\/category\/blogcafe-2\/"},"img":{"alt_text":"","src":"https:\/\/i0.wp.com\/lyonelkaufmann.ch\/Blog\/wp-content\/uploads\/2015\/03\/blogcafe1.jpg?fit=1024%2C683&ssl=1&resize=350%2C200","width":350,"height":200,"srcset":"https:\/\/i0.wp.com\/lyonelkaufmann.ch\/Blog\/wp-content\/uploads\/2015\/03\/blogcafe1.jpg?fit=1024%2C683&ssl=1&resize=350%2C200 1x, https:\/\/i0.wp.com\/lyonelkaufmann.ch\/Blog\/wp-content\/uploads\/2015\/03\/blogcafe1.jpg?fit=1024%2C683&ssl=1&resize=525%2C300 1.5x, https:\/\/i0.wp.com\/lyonelkaufmann.ch\/Blog\/wp-content\/uploads\/2015\/03\/blogcafe1.jpg?fit=1024%2C683&ssl=1&resize=700%2C400 2x"},"classes":[]},{"id":3678,"url":"https:\/\/lyonelkaufmann.ch\/Blog\/2010\/08\/10\/heritage-le-patrimoine-mondial-sur-votre-ipad\/","url_meta":{"origin":3844,"position":3},"title":"H\u00e9ritage : le patrimoine mondial sur votre iPad","author":"Lyonel Kaufmann","date":"10 ao\u00fbt 2010","format":"aside","excerpt":"La base de donn\u00e9es photographiques libre Fotopedia vient de rendre disponible Heritage, une application gratuite pour iPad qui contient plus de 20.000 photos dont 890 lieux class\u00e9s au patrimoine mondial de l'humanit\u00e9 (UNESCO). Fotop\u00e9dia : un livre num\u00e9rique de photos.","rel":"","context":"Dans &quot;Blogcaf\u00e9&quot;","block_context":{"text":"Blogcaf\u00e9","link":"https:\/\/lyonelkaufmann.ch\/Blog\/category\/blogcafe-2\/"},"img":{"alt_text":"","src":"","width":0,"height":0},"classes":[]},{"id":5501,"url":"https:\/\/lyonelkaufmann.ch\/Blog\/2012\/06\/01\/visites-virtuelles-de-sites-historiques-par-google\/","url_meta":{"origin":3844,"position":4},"title":"Visites virtuelles de sites historiques par Google","author":"Lyonel Kaufmann","date":"1 juin 2012","format":false,"excerpt":"Google World Wonders est le nouveau projet de Google dans le domaine du patrimoine. Il s'agit d'une plateforme de ressources p\u00e9dagogiques destin\u00e9e aux \u00e9tudiants et enseignants, qui propose une d\u00e9couverte virtuelle de quelques-uns des sites les plus c\u00e9l\u00e8bres au monde.\u00a0 Avec la technologie Street View, les internautes peuvent visiter Pomp\u00e9i,\u2026","rel":"","context":"Dans &quot;histoire&quot;","block_context":{"text":"histoire","link":"https:\/\/lyonelkaufmann.ch\/Blog\/category\/histoire-2\/"},"img":{"alt_text":"","src":"https:\/\/i0.wp.com\/lyonelkaufmann.ch\/Blog\/wp-content\/uploads\/2015\/03\/0117.jpg?fit=480%2C360&ssl=1&resize=350%2C200","width":350,"height":200},"classes":[]},{"id":5080,"url":"https:\/\/lyonelkaufmann.ch\/Blog\/2005\/04\/11\/le-bassin-minier-du-nord-pas-de-calais-candidat-au-patrimoine-de-lunesco\/","url_meta":{"origin":3844,"position":5},"title":"Le bassin minier du Nord-Pas-de-Calais candidat au patrimoine de l&rsquo;Unesco","author":"Lyonel Kaufmann","date":"11 avril 2005","format":false,"excerpt":"Avec ses deux si\u00e8cles et demi d'histoire industrielle et ouvri\u00e8re, le bassin minier du Nord - Pas-de-Calais esp\u00e8re \u00eatre class\u00e9 au patrimoine mondial de l'Unesco. L'association Bassin minier 2005 (BMU 2005), cr\u00e9\u00e9e en septembre 2002, et dont le comit\u00e9 de soutien est pr\u00e9sid\u00e9 par Pierre Mauroy, pr\u00e9pare le dossier. La\u2026","rel":"","context":"Dans &quot;histoire&quot;","block_context":{"text":"histoire","link":"https:\/\/lyonelkaufmann.ch\/Blog\/category\/histoire-2\/"},"img":{"alt_text":"","src":"","width":0,"height":0},"classes":[]}],"jetpack_likes_enabled":true,"_links":{"self":[{"href":"https:\/\/lyonelkaufmann.ch\/Blog\/wp-json\/wp\/v2\/posts\/3844","targetHints":{"allow":["GET"]}}],"collection":[{"href":"https:\/\/lyonelkaufmann.ch\/Blog\/wp-json\/wp\/v2\/posts"}],"about":[{"href":"https:\/\/lyonelkaufmann.ch\/Blog\/wp-json\/wp\/v2\/types\/post"}],"author":[{"embeddable":true,"href":"https:\/\/lyonelkaufmann.ch\/Blog\/wp-json\/wp\/v2\/users\/1"}],"replies":[{"embeddable":true,"href":"https:\/\/lyonelkaufmann.ch\/Blog\/wp-json\/wp\/v2\/comments?post=3844"}],"version-history":[{"count":0,"href":"https:\/\/lyonelkaufmann.ch\/Blog\/wp-json\/wp\/v2\/posts\/3844\/revisions"}],"wp:featuredmedia":[{"embeddable":true,"href":"https:\/\/lyonelkaufmann.ch\/Blog\/wp-json\/wp\/v2\/media\/13814"}],"wp:attachment":[{"href":"https:\/\/lyonelkaufmann.ch\/Blog\/wp-json\/wp\/v2\/media?parent=3844"}],"wp:term":[{"taxonomy":"category","embeddable":true,"href":"https:\/\/lyonelkaufmann.ch\/Blog\/wp-json\/wp\/v2\/categories?post=3844"},{"taxonomy":"post_tag","embeddable":true,"href":"https:\/\/lyonelkaufmann.ch\/Blog\/wp-json\/wp\/v2\/tags?post=3844"}],"curies":[{"name":"wp","href":"https:\/\/api.w.org\/{rel}","templated":true}]}}