{"id":3849,"date":"2011-07-30T09:01:19","date_gmt":"2011-07-30T08:01:19","guid":{"rendered":"http:\/\/lyonelkaufmann.ch\/histoire\/?p=3849"},"modified":"2011-07-30T09:01:19","modified_gmt":"2011-07-30T08:01:19","slug":"des-difficultes-denseigner-le-conflit-israelo-arabe-en-france","status":"publish","type":"post","link":"https:\/\/lyonelkaufmann.ch\/Blog\/2011\/07\/30\/des-difficultes-denseigner-le-conflit-israelo-arabe-en-france\/","title":{"rendered":"Des difficult\u00e9s d&rsquo;enseigner le conflit isra\u00e9lo-arabe en France"},"content":{"rendered":"<p><strong>Dans Rue89, l&rsquo;historien\u00a0S\u00e9bastien Ledoux\u00a0et le sociologue\u00a0Samuel Ghiles Meilhac d\u00e9cryptent la censure effectu\u00e9e par les \u00e9ditions Hachette, sous la pression d&rsquo;organisations juives, se rapportant \u00e0 une l\u00e9gende photographique dans son chapitre consacr\u00e9 \u00e0 \u00ab\u00a0L&rsquo;ONU et la question palestinienne, 1947-1948\u00a0\u00bb.<\/strong><\/p>\n<p>Il donc aura suffi d&rsquo;un mot, d&rsquo;une phrase pour qu&rsquo;une\u00a0<a href=\"http:\/\/www.rue89.com\/2011\/07\/08\/palestine-un-manuel-modifie-sous-la-pression-dassos-juives-213137\">question d&rsquo;histoire se retrouve censur\u00e9e<\/a> dans un manuel scolaire : <em>\u00ab\u00a0La Nakba. Les conqu\u00eates de l&rsquo;arm\u00e9e isra\u00e9lienne ont entra\u00een\u00e9 l&rsquo;exode de pr\u00e8s de 700 000 Palestiniens\u00a0\u00bb<\/em> (p. 139).<\/p>\n<figure id=\"attachment_3850\" aria-describedby=\"caption-attachment-3850\" style=\"width: 541px\" class=\"wp-caption aligncenter\"><a href=\"https:\/\/i0.wp.com\/lyonelkaufmann.ch\/histoire\/wp-content\/uploads\/2011\/07\/palestine_israel_page1_full.jpg\"><img data-recalc-dims=\"1\" loading=\"lazy\" decoding=\"async\" class=\"size-full wp-image-3850\" title=\"palestine_israel_page1_full\" src=\"https:\/\/i0.wp.com\/lyonelkaufmann.ch\/histoire\/wp-content\/uploads\/2011\/07\/palestine_israel_page1_full.jpg?resize=541%2C792\" alt=\"\" width=\"541\" height=\"792\" \/><\/a><figcaption id=\"caption-attachment-3850\" class=\"wp-caption-text\">La page modifi\u00e9e du manuel Hachette<\/figcaption><\/figure>\n<p>Dans la partie vocabulaire de ce chapitre, le terme Nakba \u00e9tait d\u00e9fini ainsi\u00a0:<\/p>\n<blockquote><p>\u00ab\u00a0Nakba\u00a0: (\u201ccatastrophe\u201d en arabe) expulsion de populations palestiniennes pendant la guerre isra\u00e9lo-arabe de 1948.\u00a0\u00bb<\/p><\/blockquote>\n<p>Pourtant le document et le texte incrimin\u00e9s correspondent tout \u00e0 fait aux avanc\u00e9es de l&rsquo;historiographie isra\u00e9lienne elle-m\u00eame. En effet, les positions des \u00ab\u00a0nouveaux historiens\u00a0\u00bb isra\u00e9liens qui avaient, voici une vingtaine d&rsquo;ann\u00e9es, mis en cause le discours officiel autour de la cr\u00e9ation d&rsquo;Isra\u00ebl, en mettant entre autres en avant les cons\u00e9quences de la guerre de 1948 sur les populations civiles palestiniennes, sont maintenant int\u00e9gr\u00e9es dans les milieux acad\u00e9miques isra\u00e9liens.<\/p>\n<p>Pour\u00a0S\u00e9bastien Ledoux\u00a0et Samuel Ghiles Meilhac<\/p>\n<blockquote><p>Il serait assez paradoxal que nous puissions en France rester dans un r\u00e9cit scolaire qui refuserait de transposer des savoirs universitaires stabilis\u00e9s au nom d&rsquo;une lutte contre l&rsquo;\u00ab\u00a0id\u00e9ologisation\u00a0\u00bb et le \u00ab\u00a0r\u00e9visionnisme\u00a0\u00bb.<\/p><\/blockquote>\n<p>de plus<\/p>\n<blockquote><p>Intervenir pour obtenir le retrait du mot Nakba revient \u00e0 laisser Isra\u00ebl en dehors de l&rsquo;\u00e9criture de l&rsquo;histoire.<\/p><\/blockquote>\n<p>En intervenant de la sorte, dans le droit fil de cette volont\u00e9 isra\u00e9lienne, les\u00a0institutions juives posent Isra\u00ebl en \u00e9ternelle victime, un Etat qui\u00a0ne saurait commettre des fautes ou des crimes.<\/p>\n<p><strong>Les auteurs :\u00a0 S\u00e9bastien Ledoux<\/strong>, historien travaillant sur le devoir de m\u00e9moire, coauteur d&rsquo;un rapport de l&rsquo;INRP sur \u00ab\u00a0L&rsquo;Enseignement de l&rsquo;esclavage en France\u00a0\u00bb (2011), et\u00a0<strong>Samuel Ghiles Meilhac<\/strong>, sociologue, auteur de \u00ab\u00a0Le Crif, de la r\u00e9sistance juive \u00e0 la tentation du lobby\u00a0\u00bb (2011).<\/p>\n<p><strong>L&rsquo;article :<\/strong> <a href=\"http:\/\/www.rue89.com\/2011\/07\/10\/des-difficultes-denseigner-le-conflit-israelo-arabe-en-france-213367\" target=\"_blank\">Des difficult\u00e9s d&rsquo;enseigner le conflit isra\u00e9lo-arabe en France<\/a> | Rue89<\/p>\n","protected":false},"excerpt":{"rendered":"<p>Dans Rue89, l&rsquo;historien\u00a0S\u00e9bastien Ledoux\u00a0et le sociologue\u00a0Samuel Ghiles Meilhac d\u00e9cryptent la censure effectu\u00e9e par les \u00e9ditions Hachette, sous la pression d&rsquo;organisations juives, se rapportant \u00e0 une l\u00e9gende photographique dans son chapitre consacr\u00e9 \u00e0 \u00ab\u00a0L&rsquo;ONU et la question palestinienne, 1947-1948\u00a0\u00bb. Il donc aura suffi d&rsquo;un mot, d&rsquo;une phrase pour qu&rsquo;une\u00a0question d&rsquo;histoire se retrouve censur\u00e9e dans un manuel [&hellip;]<\/p>\n","protected":false},"author":1,"featured_media":13815,"comment_status":"open","ping_status":"open","sticky":false,"template":"","format":"standard","meta":{"_import_markdown_pro_load_document_selector":0,"_import_markdown_pro_submit_text_textarea":"","_genesis_hide_title":false,"_genesis_hide_breadcrumbs":false,"_genesis_hide_singular_image":false,"_genesis_hide_footer_widgets":false,"_genesis_custom_body_class":"","_genesis_custom_post_class":"","_genesis_layout":"","jetpack_post_was_ever_published":false,"_jetpack_newsletter_access":"","_jetpack_dont_email_post_to_subs":false,"_jetpack_newsletter_tier_id":0,"_jetpack_memberships_contains_paywalled_content":false,"_jetpack_memberships_contains_paid_content":false,"activitypub_content_warning":"","activitypub_content_visibility":"","activitypub_max_image_attachments":3,"activitypub_interaction_policy_quote":"anyone","activitypub_status":"","footnotes":"","jetpack_publicize_message":"","jetpack_publicize_feature_enabled":true,"jetpack_social_post_already_shared":true,"jetpack_social_options":{"image_generator_settings":{"template":"fullscreen","default_image_id":0,"font":"","enabled":false},"version":2}},"categories":[2],"tags":[],"class_list":{"0":"post-3849","1":"post","2":"type-post","3":"status-publish","4":"format-standard","5":"has-post-thumbnail","7":"category-histoire-2","8":"entry"},"jetpack_publicize_connections":[],"featured_image_src":"https:\/\/i0.wp.com\/lyonelkaufmann.ch\/Blog\/wp-content\/uploads\/2015\/03\/palestine_israel_page1_full.jpg?resize=541%2C400&ssl=1","featured_image_src_square":"https:\/\/i0.wp.com\/lyonelkaufmann.ch\/Blog\/wp-content\/uploads\/2015\/03\/palestine_israel_page1_full.jpg?resize=541%2C600&ssl=1","author_info":{"display_name":"Lyonel Kaufmann","author_link":"https:\/\/lyonelkaufmann.ch\/Blog\/author\/lyonelk\/"},"jetpack_featured_media_url":"https:\/\/i0.wp.com\/lyonelkaufmann.ch\/Blog\/wp-content\/uploads\/2015\/03\/palestine_israel_page1_full.jpg?fit=541%2C792&ssl=1","jetpack_sharing_enabled":true,"jetpack_shortlink":"https:\/\/wp.me\/p1qtF4-105","jetpack-related-posts":[{"id":14546,"url":"https:\/\/lyonelkaufmann.ch\/Blog\/2015\/02\/12\/revue-de-presse-1959-le-retour-aux-verites-des-combattants\/","url_meta":{"origin":3849,"position":0},"title":"Revue de Presse : 1959 : le retour aux v\u00e9rit\u00e9s des combattants","author":"Lyonel Kaufmann","date":"12 f\u00e9vrier 2015","format":false,"excerpt":"Andr\u00e9 Ducasse, Jacques Meyer et Gabriel Perreux, Vie et Mort des Fran\u00e7ais 1914-1918. Couverture.\u00a0\u00a9 D.R. \u00abQuarante ans apr\u00e8s la fin de la Premi\u00e8re Guerre mondiale, Hachette publiait Vie et Mort des Fran\u00e7ais, un livre qui racontait l\u2019histoire de 1914-1918 en donnant une large place aux t\u00e9moins. Les trois auteurs (Andr\u00e9\u2026","rel":"","context":"Dans &quot;histoire&quot;","block_context":{"text":"histoire","link":"https:\/\/lyonelkaufmann.ch\/Blog\/category\/histoire-2\/"},"img":{"alt_text":"VieMortFrancais","src":"https:\/\/i0.wp.com\/lyonelkaufmann.ch\/histoire\/wp-content\/uploads\/2015\/02\/VieMortFrancais.png?resize=350%2C200","width":350,"height":200},"classes":[]},{"id":6174,"url":"https:\/\/lyonelkaufmann.ch\/Blog\/2012\/09\/26\/la-revolution-francaise-un-evenement-de-la-raison-sensible-1787-1799-revolution-francaise\/","url_meta":{"origin":3849,"position":1},"title":"La R\u00e9volution fran\u00e7aise : un \u00e9v\u00e9nement de la raison sensible (1787-1799)","author":"Lyonel Kaufmann","date":"26 septembre 2012","format":false,"excerpt":"Extrait de l'Avant-propos de l'ouvrage de Sophie Wahnich (2012). La R\u00e9volution fran\u00e7aise. Un \u00e9v\u00e9nement de la raison sensible, 1787-1799. Paris : Hachette Sup\u00e9rieur. \u00abL\u2019histoire de la R\u00e9volution fran\u00e7aise depuis le bicentenaire semblait vou\u00e9e \u00e0 la comm\u00e9moration et \u00e0 son calendrier. La revisiter permettait de se rem\u00e9morer origines, fondements, et errements\u2026","rel":"","context":"Dans &quot;histoire&quot;","block_context":{"text":"histoire","link":"https:\/\/lyonelkaufmann.ch\/Blog\/category\/histoire-2\/"},"img":{"alt_text":"","src":"https:\/\/i0.wp.com\/lyonelkaufmann.ch\/histoire\/wp-content\/uploads\/2012\/09\/hachette_wahnich.png?resize=350%2C200","width":350,"height":200},"classes":[]},{"id":1536,"url":"https:\/\/lyonelkaufmann.ch\/Blog\/2009\/09\/08\/links-for-2009-09-07\/","url_meta":{"origin":3849,"position":2},"title":"Faut-il num\u00e9riser les manuels?","author":"Lyonel Kaufmann","date":"8 septembre 2009","format":false,"excerpt":"Faut-il num\u00e9riser les manuels? Bruno Devauchelle revient en ce d\u00e9but d'ann\u00e9e sur la question des manuels scolaires et plus particuli\u00e8rement sur leur d\u00e9clinaison num\u00e9rique, il s'interroger sur l'int\u00e9r\u00eat r\u00e9el que peuvent avoir les enseignants \u00e0 ne pas passer au num\u00e9rique et \u00e9galement sur l'impact que pourrait avoir leur disparition relativement\u2026","rel":"","context":"Dans &quot;histoire&quot;","block_context":{"text":"histoire","link":"https:\/\/lyonelkaufmann.ch\/Blog\/category\/histoire-2\/"},"img":{"alt_text":"","src":"https:\/\/i0.wp.com\/lyonelkaufmann.ch\/Blog\/wp-content\/uploads\/2015\/03\/blogcafe1.jpg?fit=1024%2C683&ssl=1&resize=350%2C200","width":350,"height":200,"srcset":"https:\/\/i0.wp.com\/lyonelkaufmann.ch\/Blog\/wp-content\/uploads\/2015\/03\/blogcafe1.jpg?fit=1024%2C683&ssl=1&resize=350%2C200 1x, https:\/\/i0.wp.com\/lyonelkaufmann.ch\/Blog\/wp-content\/uploads\/2015\/03\/blogcafe1.jpg?fit=1024%2C683&ssl=1&resize=525%2C300 1.5x, https:\/\/i0.wp.com\/lyonelkaufmann.ch\/Blog\/wp-content\/uploads\/2015\/03\/blogcafe1.jpg?fit=1024%2C683&ssl=1&resize=700%2C400 2x"},"classes":[]},{"id":7891,"url":"https:\/\/lyonelkaufmann.ch\/Blog\/2013\/12\/24\/le-role-du-manuel-dans-la-lecon-dhistoire-a-lecole-primaire-1870-1969\/","url_meta":{"origin":3849,"position":3},"title":"Le r\u00f4le du manuel dans la le\u00e7on d\u2019histoire \u00e0 l\u2019\u00e9cole primaire (1870-1969)","author":"Lyonel Kaufmann","date":"24 d\u00e9cembre 2013","format":false,"excerpt":"Le r\u00f4le du manuel dans la le\u00e7on d\u2019histoire \u00e0 l\u2019\u00e9cole primaire (1870-1969) De 1870 \u00e0 1970, un mod\u00e8le de le\u00e7on d\u2019histoire s\u2019impose \u00e0 l\u2019\u00e9cole primaire. Prenant appui sur le r\u00e9cit du ma\u00eetre, \u00e0 finalit\u00e9 civique et morale, le mod\u00e8le de le\u00e7on d\u2019histoire mis au point \u00e0 partir des ann\u00e9es 1880\u2026","rel":"","context":"Dans &quot;histoire&quot;","block_context":{"text":"histoire","link":"https:\/\/lyonelkaufmann.ch\/Blog\/category\/histoire-2\/"},"img":{"alt_text":"","src":"https:\/\/i0.wp.com\/lyonelkaufmann.ch\/Blog\/wp-content\/uploads\/2015\/03\/blogcafe1.jpg?fit=1024%2C683&ssl=1&resize=350%2C200","width":350,"height":200,"srcset":"https:\/\/i0.wp.com\/lyonelkaufmann.ch\/Blog\/wp-content\/uploads\/2015\/03\/blogcafe1.jpg?fit=1024%2C683&ssl=1&resize=350%2C200 1x, https:\/\/i0.wp.com\/lyonelkaufmann.ch\/Blog\/wp-content\/uploads\/2015\/03\/blogcafe1.jpg?fit=1024%2C683&ssl=1&resize=525%2C300 1.5x, https:\/\/i0.wp.com\/lyonelkaufmann.ch\/Blog\/wp-content\/uploads\/2015\/03\/blogcafe1.jpg?fit=1024%2C683&ssl=1&resize=700%2C400 2x"},"classes":[]},{"id":633,"url":"https:\/\/lyonelkaufmann.ch\/Blog\/2007\/06\/07\/lausanne-sur-toscane\/","url_meta":{"origin":3849,"position":4},"title":"Lausanne sur Toscane","author":"Lyonel Kaufmann","date":"7 juin 2007","format":"aside","excerpt":".flickr-photo { border: solid 2px #000000; } .flickr-yourcomment { } .flickr-frame { text-align: left; padding: 3px; } .flickr-caption { font-size: 0.8em; margin-top: 0px; } \u00a0 Lausanne7.jpg, Photo h\u00e9berg\u00e9e par lyonelkaufmann. Variation photographique et architecturale avec Lausanne comme sujet. En choisissant ce cadrage, j'y trouve un petit air de Toscane dans\u2026","rel":"","context":"Dans &quot;Blogcaf\u00e9&quot;","block_context":{"text":"Blogcaf\u00e9","link":"https:\/\/lyonelkaufmann.ch\/Blog\/category\/blogcafe-2\/"},"img":{"alt_text":"","src":"https:\/\/i0.wp.com\/lyonelkaufmann.ch\/Blog\/wp-content\/uploads\/2015\/03\/533837765_74137f546d.jpg?fit=318%2C500&ssl=1&resize=350%2C200","width":350,"height":200},"classes":[]},{"id":1495,"url":"https:\/\/lyonelkaufmann.ch\/Blog\/2009\/08\/20\/50000-photos-de-classes-zurichoises-en-ligne\/","url_meta":{"origin":3849,"position":5},"title":"50&rsquo;000 photos de classes zurichoises en ligne","author":"Lyonel Kaufmann","date":"20 ao\u00fbt 2009","format":false,"excerpt":"Les archives du canton de Zurich ont num\u00e9ris\u00e9 professionnellement pr\u00e8s de 50'000 photos de classe du canton de Zurich couvrant les ann\u00e9es 1927 \u00e0 1995. Elles ont \u00e9t\u00e9 mises en ligne \u00e0 l'adresse suivante Klassenphotoarchiv. Il est ensuite possible de faire une recherche par code postal, lieu, nom d'\u00e9cole, ann\u00e9e\u2026","rel":"","context":"Dans &quot;histoire&quot;","block_context":{"text":"histoire","link":"https:\/\/lyonelkaufmann.ch\/Blog\/category\/histoire-2\/"},"img":{"alt_text":"Ecole: Sekundar B\u00fchl A. Ann\u00e9e: 1940 (14 mars). Enseignante: Mme Elsa Muschg","src":"https:\/\/i0.wp.com\/www.klassenfotoarchiv.ch\/previews\/LMP_Cumu_01\/10_lehrmittel_photos_db\/10_bilder\/012401-012500\/012481.jpg\/40_no_no_yes_750_96.JPEG?resize=350%2C200","width":350,"height":200},"classes":[]}],"jetpack_likes_enabled":true,"_links":{"self":[{"href":"https:\/\/lyonelkaufmann.ch\/Blog\/wp-json\/wp\/v2\/posts\/3849","targetHints":{"allow":["GET"]}}],"collection":[{"href":"https:\/\/lyonelkaufmann.ch\/Blog\/wp-json\/wp\/v2\/posts"}],"about":[{"href":"https:\/\/lyonelkaufmann.ch\/Blog\/wp-json\/wp\/v2\/types\/post"}],"author":[{"embeddable":true,"href":"https:\/\/lyonelkaufmann.ch\/Blog\/wp-json\/wp\/v2\/users\/1"}],"replies":[{"embeddable":true,"href":"https:\/\/lyonelkaufmann.ch\/Blog\/wp-json\/wp\/v2\/comments?post=3849"}],"version-history":[{"count":0,"href":"https:\/\/lyonelkaufmann.ch\/Blog\/wp-json\/wp\/v2\/posts\/3849\/revisions"}],"wp:featuredmedia":[{"embeddable":true,"href":"https:\/\/lyonelkaufmann.ch\/Blog\/wp-json\/wp\/v2\/media\/13815"}],"wp:attachment":[{"href":"https:\/\/lyonelkaufmann.ch\/Blog\/wp-json\/wp\/v2\/media?parent=3849"}],"wp:term":[{"taxonomy":"category","embeddable":true,"href":"https:\/\/lyonelkaufmann.ch\/Blog\/wp-json\/wp\/v2\/categories?post=3849"},{"taxonomy":"post_tag","embeddable":true,"href":"https:\/\/lyonelkaufmann.ch\/Blog\/wp-json\/wp\/v2\/tags?post=3849"}],"curies":[{"name":"wp","href":"https:\/\/api.w.org\/{rel}","templated":true}]}}