{"id":3857,"date":"2011-08-02T06:49:38","date_gmt":"2011-08-02T05:49:38","guid":{"rendered":"http:\/\/lyonelkaufmann.ch\/histoire\/?p=3857"},"modified":"2011-08-02T06:49:38","modified_gmt":"2011-08-02T05:49:38","slug":"histoire-anthropologie-et-ethnohistoire-devenir-historien-ne","status":"publish","type":"post","link":"https:\/\/lyonelkaufmann.ch\/Blog\/2011\/08\/02\/histoire-anthropologie-et-ethnohistoire-devenir-historien-ne\/","title":{"rendered":"Compte-rendu &#8211; Nathan Wachtel : La vision des vaincus"},"content":{"rendered":"<figure style=\"width: 175px\" class=\"wp-caption alignleft\"><a href=\"http:\/\/devhist.hypotheses.org\/84\"><img data-recalc-dims=\"1\" loading=\"lazy\" decoding=\"async\" src=\"https:\/\/i0.wp.com\/lyonelkaufmann.ch\/histoire\/wp-content\/uploads\/2011\/08\/VisionVaincusPoche.jpg?resize=175%2C278\" alt=\"\" width=\"175\" height=\"278\" \/><\/a><figcaption class=\"wp-caption-text\">Couverture de l&#039;\u00e9dition de 1992<\/figcaption><\/figure>\n<p><strong>Compte-rendu par Clara Chevalier dans <em>Devenir historien- ne<\/em> de Nathan Wachtel,\u00a0<em>La vision des vaincus. Les Indiens du P\u00e9rou devant la Conqu\u00eate espagnole, 1530-1570<\/em>, Paris, Gallimard, coll. \u00ab\u00a0Folio Histoire\u00a0\u00bb, 1992 (1<sup>e<\/sup> \u00e9d. coll. \u00ab\u00a0Biblioth\u00e8que des Histoires\u00a0\u00bb, 1971), 395 p.<\/strong><\/p>\n<p>Pour rappel, cet ouvrage se propose d\u2019envisager la conqu\u00eate espagnole de l\u2019Am\u00e9rique du Sud, au XVI<sup>e <\/sup>si\u00e8cle, du point de vue des \u00ab\u00a0vaincus\u00a0\u00bb, c\u2019est-\u00e0-dire des Indiens. Il a \u00e9t\u00e9 r\u00e9\u00e9dit\u00e9 en mars 1992 dans la collection \u00ab\u00a0Folio Histoire\u00a0\u00bb. Il est paru pour la premi\u00e8re fois en 1971 . Dans la pr\u00e9face de 1992, Nathan Wachtel revient sur son travail et dresse un bref bilan des recherches historiques men\u00e9es depuis lors sur les soci\u00e9t\u00e9s pr\u00e9hispaniques d\u2019Am\u00e9rique du Sud.<\/p>\n<p>Au terme de son compte-rendu, Clara Chevalier conclut<\/p>\n<blockquote><p>Le projet de cet ouvrage, qui consiste \u00e0 d\u00e9centrer un point de vue, \u00e0 changer de perspective, a fait date. Il s\u2019adresse tr\u00e8s manifestement \u00e0 un lectorat occidental. Nul doute qu\u2019un-e chercheur-e p\u00e9ruvien-ne, porteur-se d\u2019un point de vue diff\u00e9rent, aurait produit un tout autre travail. Il s\u2019agit ici pour l\u2019auteur de rendre intelligible la \u00ab\u00a0vision des vaincus\u00a0\u00bb aux Europ\u00e9ens en l\u2019expliquant \u00e0 l\u2019aide de concepts qui leur sont familiers. \u00c0 la lecture, on ne peut s\u2019emp\u00eacher d\u2019\u00e9tablir des rapprochements avec l\u2019histoire europ\u00e9enne : par exemple, le statut des yana fait penser \u00e0 celui des serfs, et l\u2019efficacit\u00e9 de la conqu\u00eate espagnole semble reposer sur des causes similaires \u00e0 celles qui expliquent le succ\u00e8s de C\u00e9sar en Gaule. Les diff\u00e9rents modes de possession fonci\u00e8re sont mis en relation par N. Wachtel avec ceux du syst\u00e8me f\u00e9odal. La question de la possibilit\u00e9 d\u2019op\u00e9rer un d\u00e9placement du point de vue demeure ouverte, et les r\u00e9flexions qui d\u00e9coulent de la d\u00e9marche propos\u00e9e par cet ouvrage continuent d\u2019alimenter les d\u00e9bats qui traversent les \u00e9tudes postcoloniales.<\/p><\/blockquote>\n<p>Un ouvrage qui pr\u00e8s de quarante ans apr\u00e8s sa parution garde \u00a0tout son int\u00e9r\u00eat et m\u00e9rite donc d&rsquo;\u00eatre lu. A ce titre, l&rsquo;\u00e9dition en poche le rend d&rsquo;autant plus accessible.<\/p>\n<p>Le compte-rendu complet :\u00a0<a href=\"http:\/\/devhist.hypotheses.org\/84\">Histoire, anthropologie et ethnohistoire | Devenir historien-ne<\/a>.<\/p>\n","protected":false},"excerpt":{"rendered":"<p>Compte-rendu par Clara Chevalier dans Devenir historien- ne de Nathan Wachtel,\u00a0La vision des vaincus. Les Indiens du P\u00e9rou devant la Conqu\u00eate espagnole, 1530-1570, Paris, Gallimard, coll. \u00ab\u00a0Folio Histoire\u00a0\u00bb, 1992 (1e \u00e9d. coll. \u00ab\u00a0Biblioth\u00e8que des Histoires\u00a0\u00bb, 1971), 395 p. Pour rappel, cet ouvrage se propose d\u2019envisager la conqu\u00eate espagnole de l\u2019Am\u00e9rique du Sud, au XVIe si\u00e8cle, [&hellip;]<\/p>\n","protected":false},"author":1,"featured_media":13816,"comment_status":"open","ping_status":"open","sticky":false,"template":"","format":"standard","meta":{"_import_markdown_pro_load_document_selector":0,"_import_markdown_pro_submit_text_textarea":"","_genesis_hide_title":false,"_genesis_hide_breadcrumbs":false,"_genesis_hide_singular_image":false,"_genesis_hide_footer_widgets":false,"_genesis_custom_body_class":"","_genesis_custom_post_class":"","_genesis_layout":"","jetpack_post_was_ever_published":false,"_jetpack_newsletter_access":"","_jetpack_dont_email_post_to_subs":false,"_jetpack_newsletter_tier_id":0,"_jetpack_memberships_contains_paywalled_content":false,"_jetpack_memberships_contains_paid_content":false,"activitypub_content_warning":"","activitypub_content_visibility":"","activitypub_max_image_attachments":3,"activitypub_interaction_policy_quote":"anyone","activitypub_status":"","footnotes":"","jetpack_publicize_message":"","jetpack_publicize_feature_enabled":true,"jetpack_social_post_already_shared":true,"jetpack_social_options":{"image_generator_settings":{"template":"fullscreen","default_image_id":0,"font":"","enabled":false},"version":2}},"categories":[2],"tags":[],"class_list":{"0":"post-3857","1":"post","2":"type-post","3":"status-publish","4":"format-standard","5":"has-post-thumbnail","7":"category-histoire-2","8":"entry"},"jetpack_publicize_connections":[],"featured_image_src":"https:\/\/i0.wp.com\/lyonelkaufmann.ch\/Blog\/wp-content\/uploads\/2015\/03\/VisionVaincusPoche.jpg?resize=175%2C278&ssl=1","featured_image_src_square":"https:\/\/i0.wp.com\/lyonelkaufmann.ch\/Blog\/wp-content\/uploads\/2015\/03\/VisionVaincusPoche.jpg?resize=175%2C278&ssl=1","author_info":{"display_name":"Lyonel Kaufmann","author_link":"https:\/\/lyonelkaufmann.ch\/Blog\/author\/lyonelk\/"},"jetpack_featured_media_url":"https:\/\/i0.wp.com\/lyonelkaufmann.ch\/Blog\/wp-content\/uploads\/2015\/03\/VisionVaincusPoche.jpg?fit=175%2C278&ssl=1","jetpack_sharing_enabled":true,"jetpack_shortlink":"https:\/\/wp.me\/p1qtF4-10d","jetpack-related-posts":[{"id":6285,"url":"https:\/\/lyonelkaufmann.ch\/Blog\/2012\/10\/16\/les-indiens-a-la-conquete-de-louest-la-vie-des-idees\/","url_meta":{"origin":3857,"position":0},"title":"Les Indiens \u00e0 la conqu\u00eate de l\u2019Ouest | La Vie des id\u00e9es","author":"Lyonel Kaufmann","date":"16 octobre 2012","format":false,"excerpt":"D\u00e9passer le r\u00e9cit national\u00a0: ce d\u00e9fi occupe les historiens depuis plusieurs d\u00e9cennies. Appliqu\u00e9e \u00e0 l\u2019Am\u00e9rique du Nord, il a boulevers\u00e9 notre compr\u00e9hension de ph\u00e9nom\u00e8nes historiques comme la \u00ab\u00a0Conqu\u00eate de l\u2019Ouest\u00a0\u00bb. Un historien finlandais propose, \u00e0 travers l\u2019histoire des Comanches, de pousser jusqu\u2019au bout ce renversement de perspectives pour mettre en\u2026","rel":"","context":"Dans &quot;histoire&quot;","block_context":{"text":"histoire","link":"https:\/\/lyonelkaufmann.ch\/Blog\/category\/histoire-2\/"},"img":{"alt_text":"","src":"https:\/\/i0.wp.com\/lyonelkaufmann.ch\/histoire\/wp-content\/uploads\/2012\/10\/arton2053-35d31.jpg?resize=350%2C200","width":350,"height":200},"classes":[]},{"id":17907,"url":"https:\/\/lyonelkaufmann.ch\/Blog\/2017\/01\/09\/histoire-des-coureurs-de-bois-amerique-du-nord-1600-1840\/","url_meta":{"origin":3857,"position":1},"title":"Histoire des coureurs de bois. Am\u00e9rique du Nord, 1600-1840","author":"Lyonel Kaufmann","date":"9 janvier 2017","format":false,"excerpt":"Histoire des coureurs de bois. Am\u00e9rique du Nord, 1600-1840 de Gilles Havard aux Indes savantes, \"Rivages des Xantons - Mondes atlantiques\", 2016, 870 p. ISBN\u00a0: 978-2846544245 Prix\u00a0: 35 \u20ac. Pr\u00e9sentation de l'\u00e9diteur : \"Coureurs de bois, voyageurs, traiteurs, hommes du Nord, mangeurs de lard, hommes libres, chasseurs des montagnes\u00a0: ces\u2026","rel":"","context":"Dans &quot;Blogcaf\u00e9&quot;","block_context":{"text":"Blogcaf\u00e9","link":"https:\/\/lyonelkaufmann.ch\/Blog\/category\/blogcafe-2\/"},"img":{"alt_text":"","src":"https:\/\/i0.wp.com\/lyonelkaufmann.ch\/Blog\/wp-content\/uploads\/2017\/01\/Image-09.01.17-06-31.jpeg?resize=350%2C200&ssl=1","width":350,"height":200},"classes":[]},{"id":3359,"url":"https:\/\/lyonelkaufmann.ch\/Blog\/2010\/12\/20\/cabeza-de-vacam-la-decouverte-de-lamerique-des-signes-culturopoing\/","url_meta":{"origin":3857,"position":2},"title":"Cabeza de Vacam: la d\u00e9couverte de l&rsquo;Am\u00e9rique des signes | Culturopoing","author":"Lyonel Kaufmann","date":"20 d\u00e9cembre 2010","format":false,"excerpt":"Un des \u00e9v\u00e9nements de ces vacances de No\u00ebl : la sortie en France, vingt ans apr\u00e8s, d\u2019un film devenu culte au moment des festivit\u00e9s du cinqui\u00e8me centenaire de la d\u00e9couverte de l\u2019Am\u00e9rique. Cabeza de Vaca (Mexique, 1991) de Nicol\u00e1s Echevarr\u00eda est une coproduction hispano-mexicaine qui retrace l\u2019histoire d\u2019un conquistador devenu\u2026","rel":"","context":"Dans &quot;histoire&quot;","block_context":{"text":"histoire","link":"https:\/\/lyonelkaufmann.ch\/Blog\/category\/histoire-2\/"},"img":{"alt_text":"","src":"https:\/\/i0.wp.com\/farm6.static.flickr.com\/5283\/5277719098_6efb90a96c_m.jpg?resize=350%2C200","width":350,"height":200},"classes":[]},{"id":8069,"url":"https:\/\/lyonelkaufmann.ch\/Blog\/2014\/06\/24\/la-ville-fantome-de-la-conquete-azteque-dans-les-pas-des-archeologues\/","url_meta":{"origin":3857,"position":3},"title":"La ville fant\u00f4me de la conqu\u00eate azt\u00e8que | Dans les pas des arch\u00e9ologues","author":"Lyonel Kaufmann","date":"24 juin 2014","format":false,"excerpt":"Des fouilles arch\u00e9ologiques montrent que la formation de l'empire azt\u00e8que entra\u00eena l'\u00e9migration forc\u00e9e de toute une ville. Comme Xaltocan, la capitale des Azt\u00e8ques (Tenochtitlan) \u00e9tait une \u00eele. Carte de 1524\u00a0r\u00e9alis\u00e9e \u00e0 partir d'un croquis des conqu\u00e9rants espagnols. Ce n'est que moins d'un si\u00e8cle avant la conqu\u00eate espagnole qu'\u00e9merge l'empire azt\u00e8que,\u2026","rel":"","context":"Dans &quot;histoire&quot;","block_context":{"text":"histoire","link":"https:\/\/lyonelkaufmann.ch\/Blog\/category\/histoire-2\/"},"img":{"alt_text":"","src":"https:\/\/i0.wp.com\/lyonelkaufmann.ch\/Blog\/wp-content\/uploads\/2015\/03\/Map_of_Tenochtitlan_1524-c-1024x652.jpg?fit=1024%2C652&ssl=1&resize=350%2C200","width":350,"height":200,"srcset":"https:\/\/i0.wp.com\/lyonelkaufmann.ch\/Blog\/wp-content\/uploads\/2015\/03\/Map_of_Tenochtitlan_1524-c-1024x652.jpg?fit=1024%2C652&ssl=1&resize=350%2C200 1x, https:\/\/i0.wp.com\/lyonelkaufmann.ch\/Blog\/wp-content\/uploads\/2015\/03\/Map_of_Tenochtitlan_1524-c-1024x652.jpg?fit=1024%2C652&ssl=1&resize=525%2C300 1.5x, https:\/\/i0.wp.com\/lyonelkaufmann.ch\/Blog\/wp-content\/uploads\/2015\/03\/Map_of_Tenochtitlan_1524-c-1024x652.jpg?fit=1024%2C652&ssl=1&resize=700%2C400 2x"},"classes":[]},{"id":7134,"url":"https:\/\/lyonelkaufmann.ch\/Blog\/2013\/06\/11\/revue-de-presse-les-gaulois-au-dela-du-mythe-arte\/","url_meta":{"origin":3857,"position":4},"title":"Revue de presse : Les Gaulois au-del\u00e0 du mythe | ARTE","author":"Lyonel Kaufmann","date":"11 juin 2013","format":false,"excerpt":"Parution de livres, dossiers sp\u00e9ciaux dans les magazines, expositions qui bousculent les id\u00e9es re\u00e7ues\u2026 : les Gaulois sont \u00e0 la mode. Mais qui sont-ils ? Un peuple insolite assur\u00e9ment, puisqu'il a su traverser les si\u00e8cles et se transformer en mythe alors que presque rien ne subsistait de lui. Les Gaulois\u2026","rel":"","context":"Dans &quot;histoire&quot;","block_context":{"text":"histoire","link":"https:\/\/lyonelkaufmann.ch\/Blog\/category\/histoire-2\/"},"img":{"alt_text":"","src":"https:\/\/i0.wp.com\/lyonelkaufmann.ch\/Blog\/wp-content\/uploads\/2015\/03\/blogcafe1.jpg?fit=1024%2C683&ssl=1&resize=350%2C200","width":350,"height":200,"srcset":"https:\/\/i0.wp.com\/lyonelkaufmann.ch\/Blog\/wp-content\/uploads\/2015\/03\/blogcafe1.jpg?fit=1024%2C683&ssl=1&resize=350%2C200 1x, https:\/\/i0.wp.com\/lyonelkaufmann.ch\/Blog\/wp-content\/uploads\/2015\/03\/blogcafe1.jpg?fit=1024%2C683&ssl=1&resize=525%2C300 1.5x, https:\/\/i0.wp.com\/lyonelkaufmann.ch\/Blog\/wp-content\/uploads\/2015\/03\/blogcafe1.jpg?fit=1024%2C683&ssl=1&resize=700%2C400 2x"},"classes":[]},{"id":1495,"url":"https:\/\/lyonelkaufmann.ch\/Blog\/2009\/08\/20\/50000-photos-de-classes-zurichoises-en-ligne\/","url_meta":{"origin":3857,"position":5},"title":"50&rsquo;000 photos de classes zurichoises en ligne","author":"Lyonel Kaufmann","date":"20 ao\u00fbt 2009","format":false,"excerpt":"Les archives du canton de Zurich ont num\u00e9ris\u00e9 professionnellement pr\u00e8s de 50'000 photos de classe du canton de Zurich couvrant les ann\u00e9es 1927 \u00e0 1995. Elles ont \u00e9t\u00e9 mises en ligne \u00e0 l'adresse suivante Klassenphotoarchiv. Il est ensuite possible de faire une recherche par code postal, lieu, nom d'\u00e9cole, ann\u00e9e\u2026","rel":"","context":"Dans &quot;histoire&quot;","block_context":{"text":"histoire","link":"https:\/\/lyonelkaufmann.ch\/Blog\/category\/histoire-2\/"},"img":{"alt_text":"Ecole: Sekundar B\u00fchl A. Ann\u00e9e: 1940 (14 mars). Enseignante: Mme Elsa Muschg","src":"https:\/\/i0.wp.com\/www.klassenfotoarchiv.ch\/previews\/LMP_Cumu_01\/10_lehrmittel_photos_db\/10_bilder\/012401-012500\/012481.jpg\/40_no_no_yes_750_96.JPEG?resize=350%2C200","width":350,"height":200},"classes":[]}],"jetpack_likes_enabled":true,"_links":{"self":[{"href":"https:\/\/lyonelkaufmann.ch\/Blog\/wp-json\/wp\/v2\/posts\/3857","targetHints":{"allow":["GET"]}}],"collection":[{"href":"https:\/\/lyonelkaufmann.ch\/Blog\/wp-json\/wp\/v2\/posts"}],"about":[{"href":"https:\/\/lyonelkaufmann.ch\/Blog\/wp-json\/wp\/v2\/types\/post"}],"author":[{"embeddable":true,"href":"https:\/\/lyonelkaufmann.ch\/Blog\/wp-json\/wp\/v2\/users\/1"}],"replies":[{"embeddable":true,"href":"https:\/\/lyonelkaufmann.ch\/Blog\/wp-json\/wp\/v2\/comments?post=3857"}],"version-history":[{"count":0,"href":"https:\/\/lyonelkaufmann.ch\/Blog\/wp-json\/wp\/v2\/posts\/3857\/revisions"}],"wp:featuredmedia":[{"embeddable":true,"href":"https:\/\/lyonelkaufmann.ch\/Blog\/wp-json\/wp\/v2\/media\/13816"}],"wp:attachment":[{"href":"https:\/\/lyonelkaufmann.ch\/Blog\/wp-json\/wp\/v2\/media?parent=3857"}],"wp:term":[{"taxonomy":"category","embeddable":true,"href":"https:\/\/lyonelkaufmann.ch\/Blog\/wp-json\/wp\/v2\/categories?post=3857"},{"taxonomy":"post_tag","embeddable":true,"href":"https:\/\/lyonelkaufmann.ch\/Blog\/wp-json\/wp\/v2\/tags?post=3857"}],"curies":[{"name":"wp","href":"https:\/\/api.w.org\/{rel}","templated":true}]}}