{"id":3864,"date":"2011-08-03T07:10:09","date_gmt":"2011-08-03T06:10:09","guid":{"rendered":"http:\/\/lyonelkaufmann.ch\/histoire\/?p=3864"},"modified":"2011-08-03T07:10:09","modified_gmt":"2011-08-03T06:10:09","slug":"de-sissi-a-mao-le-culte-de-la-personnalite-a-vienne-rue89","status":"publish","type":"post","link":"https:\/\/lyonelkaufmann.ch\/Blog\/2011\/08\/03\/de-sissi-a-mao-le-culte-de-la-personnalite-a-vienne-rue89\/","title":{"rendered":"De Sissi \u00e0 Mao, le culte de la personnalit\u00e9 \u00e0 Vienne | Rue89"},"content":{"rendered":"<p style=\"text-align:center;\"><a href=\"http:\/\/www.rue89.com\/chinatown\/2011\/07\/31\/de-sissi-a-mao-le-culte-de-la-personnalite-a-vienne-215471\"><img data-recalc-dims=\"1\" decoding=\"async\" src=\"https:\/\/i0.wp.com\/lyonelkaufmann.ch\/histoire\/wp-content\/uploads\/2011\/08\/Mao1.jpg\" alt=\"\" \/><\/a><\/p>\n<p><strong>Le mus\u00e9e d&rsquo;ethnologie de Vienne, install\u00e9 dans une aile du palais, consacre en effet une grande exposition au culte de la personnalit\u00e9 du Grand Timonier de la Chine populaire et aux extravagances de la r\u00e9volution culturelle\u00a0: une \u00e9difiante piq\u00fbre de rappel. Pour Rue89, Pierre Haski nous en fait le compte-rendu.<\/strong><\/p>\n<p>En sortant de l&rsquo;exposition, le journaliste Pierre Haski ne peut manquer de souligner que<\/p>\n<blockquote><p>si le mus\u00e9e d&rsquo;ethnologie situ\u00e9 dans le palais Hofburg offre ce regard distanci\u00e9 sur le Grand Timonier chinois, ses voisins du mus\u00e9e imp\u00e9rial sont quant \u00e0 eux dans le premier degr\u00e9 et le merchandising (nom moderne du culte de la personnalit\u00e9) vis-\u00e0-vis de Sissi, qui attire toujours les foules.<\/p><\/blockquote>\n<p>Ce d&rsquo;autant plus que le hasard, fait que lorsqu&rsquo;il sort de sa visite de l&rsquo;expo Mao, il assiste aux fun\u00e9railles du\u00a0dernier des Habsbourg, Otto von Habsbourg, ancien d\u00e9put\u00e9 europ\u00e9en, pour qui Vienne et en particulier le palais Hofburg avaient rev\u00eatu un instant des habits austro-hongrois.<\/p>\n<p style=\"text-align:center;\"><a href=\"http:\/\/www.rue89.com\/chinatown\/2011\/07\/31\/de-sissi-a-mao-le-culte-de-la-personnalite-a-vienne-215471\"><img data-recalc-dims=\"1\" decoding=\"async\" src=\"https:\/\/i0.wp.com\/lyonelkaufmann.ch\/histoire\/wp-content\/uploads\/2011\/08\/Soldatspalais.jpg\" alt=\"\" \/><\/a><\/p>\n<blockquote><p>Soldats d&rsquo;op\u00e9rette compris \u2026 Mao aurait trouv\u00e9 la c\u00e9r\u00e9monie petit bras\u00a0!<\/p><\/blockquote>\n<p>en conclut-il.<\/p>\n<p>via\u00a0<a href=\"http:\/\/www.rue89.com\/chinatown\/2011\/07\/31\/de-sissi-a-mao-le-culte-de-la-personnalite-a-vienne-215471\">De Sissi \u00e0 Mao, le culte de la personnalit\u00e9 \u00e0 Vienne | Rue89<\/a>.<\/p>\n<p><strong>Photos :<\/strong> l&rsquo;exposition Mao au palais Hofburg, \u00e0 Vienne (Pierre Haski\/Rue89) ; soldats costum\u00e9s ayant particip\u00e9 \u00e0 la c\u00e9r\u00e9monie \u00e0 la m\u00e9moire d&rsquo;Otto von Habsbourg (Pierre Haski\/Rue89).<\/p>\n","protected":false},"excerpt":{"rendered":"<p>Le mus\u00e9e d&rsquo;ethnologie de Vienne, install\u00e9 dans une aile du palais, consacre en effet une grande exposition au culte de la personnalit\u00e9 du Grand Timonier de la Chine populaire et aux extravagances de la r\u00e9volution culturelle\u00a0: une \u00e9difiante piq\u00fbre de rappel. Pour Rue89, Pierre Haski nous en fait le compte-rendu. En sortant de l&rsquo;exposition, le [&hellip;]<\/p>\n","protected":false},"author":1,"featured_media":13817,"comment_status":"open","ping_status":"open","sticky":false,"template":"","format":"standard","meta":{"_import_markdown_pro_load_document_selector":0,"_import_markdown_pro_submit_text_textarea":"","_genesis_hide_title":false,"_genesis_hide_breadcrumbs":false,"_genesis_hide_singular_image":false,"_genesis_hide_footer_widgets":false,"_genesis_custom_body_class":"","_genesis_custom_post_class":"","_genesis_layout":"","jetpack_post_was_ever_published":false,"_jetpack_newsletter_access":"","_jetpack_dont_email_post_to_subs":false,"_jetpack_newsletter_tier_id":0,"_jetpack_memberships_contains_paywalled_content":false,"_jetpack_memberships_contains_paid_content":false,"activitypub_content_warning":"","activitypub_content_visibility":"","activitypub_max_image_attachments":3,"activitypub_interaction_policy_quote":"anyone","activitypub_status":"","footnotes":"","jetpack_publicize_message":"","jetpack_publicize_feature_enabled":true,"jetpack_social_post_already_shared":true,"jetpack_social_options":{"image_generator_settings":{"template":"fullscreen","default_image_id":0,"font":"","enabled":false},"version":2}},"categories":[2],"tags":[],"class_list":{"0":"post-3864","1":"post","2":"type-post","3":"status-publish","4":"format-standard","5":"has-post-thumbnail","7":"category-histoire-2","8":"entry"},"jetpack_publicize_connections":[],"featured_image_src":"https:\/\/i0.wp.com\/lyonelkaufmann.ch\/Blog\/wp-content\/uploads\/2015\/03\/Mao1.jpg?resize=470%2C351&ssl=1","featured_image_src_square":"https:\/\/i0.wp.com\/lyonelkaufmann.ch\/Blog\/wp-content\/uploads\/2015\/03\/Mao1.jpg?resize=470%2C351&ssl=1","author_info":{"display_name":"Lyonel Kaufmann","author_link":"https:\/\/lyonelkaufmann.ch\/Blog\/author\/lyonelk\/"},"jetpack_featured_media_url":"https:\/\/i0.wp.com\/lyonelkaufmann.ch\/Blog\/wp-content\/uploads\/2015\/03\/Mao1.jpg?fit=470%2C351&ssl=1","jetpack_sharing_enabled":true,"jetpack_shortlink":"https:\/\/wp.me\/p1qtF4-10k","jetpack-related-posts":[{"id":19004,"url":"https:\/\/lyonelkaufmann.ch\/Blog\/2018\/01\/28\/patinoire-au-palais-federal-berne-28-01-2018\/","url_meta":{"origin":3864,"position":0},"title":"Patinoire au Palais f\u00e9d\u00e9ral |\u00a0Berne (28.01.2018)","author":"Lyonel Kaufmann","date":"28 janvier 2018","format":false,"excerpt":"Ce dimanche, apr\u00e8s la visite de\u00a0la tr\u00e8s chouette exposition temporaire du Mus\u00e9e historique de Berne consacr\u00e9e aux mouvements autour de 1968 en Suisse, nous en avons profit\u00e9 pour fl\u00e2ner dans la ville de Berne aux alentours du Palais f\u00e9d\u00e9ral et de d\u00e9couvrir la patinoire implant\u00e9e juste devant le Palais f\u00e9d\u00e9ral.\u2026","rel":"","context":"Dans &quot;Photo du jour&quot;","block_context":{"text":"Photo du jour","link":"https:\/\/lyonelkaufmann.ch\/Blog\/category\/photo-du-jour\/"},"img":{"alt_text":"","src":"https:\/\/i0.wp.com\/lyonelkaufmann.ch\/Blog\/wp-content\/uploads\/2018\/01\/RSLocalFile-35EC5655-4269-4304-90CD-9D32208871AE.png?fit=1200%2C900&ssl=1&resize=350%2C200","width":350,"height":200,"srcset":"https:\/\/i0.wp.com\/lyonelkaufmann.ch\/Blog\/wp-content\/uploads\/2018\/01\/RSLocalFile-35EC5655-4269-4304-90CD-9D32208871AE.png?fit=1200%2C900&ssl=1&resize=350%2C200 1x, https:\/\/i0.wp.com\/lyonelkaufmann.ch\/Blog\/wp-content\/uploads\/2018\/01\/RSLocalFile-35EC5655-4269-4304-90CD-9D32208871AE.png?fit=1200%2C900&ssl=1&resize=525%2C300 1.5x, https:\/\/i0.wp.com\/lyonelkaufmann.ch\/Blog\/wp-content\/uploads\/2018\/01\/RSLocalFile-35EC5655-4269-4304-90CD-9D32208871AE.png?fit=1200%2C900&ssl=1&resize=700%2C400 2x, https:\/\/i0.wp.com\/lyonelkaufmann.ch\/Blog\/wp-content\/uploads\/2018\/01\/RSLocalFile-35EC5655-4269-4304-90CD-9D32208871AE.png?fit=1200%2C900&ssl=1&resize=1050%2C600 3x"},"classes":[]},{"id":27782,"url":"https:\/\/lyonelkaufmann.ch\/Blog\/2025\/11\/30\/impressions-du-japon-28-11-2025-au-29-03-2026-musee-jenisch-a-vevey\/","url_meta":{"origin":3864,"position":1},"title":"Impressions du Japon (28.11.2025 au 29.03.2026) | Mus\u00e9e Jenisch \u00e0 Vevey","author":"Lyonel Kaufmann","date":"30 novembre 2025","format":false,"excerpt":"Utagawa Hiroshige (1797-1858), Le Restaurant Aoyagi \u00e0 Ryogoku, planche de la s\u00e9rie Restaurants c\u00e9l\u00e8bres d'Edo, vers 1838-1840, gravure sur bois, 239 x 357 mm. Photographie : \u00a9 Lyonel Kaufmann 2025 En ce d\u00e9but d'apr\u00e8s-midi de dernier dimanche de novembre, nous nous sommes rendus au Mus\u00e9e Jenisch avec comme objectif la\u2026","rel":"","context":"Dans &quot;Blogcaf\u00e9&quot;","block_context":{"text":"Blogcaf\u00e9","link":"https:\/\/lyonelkaufmann.ch\/Blog\/category\/blogcafe-2\/"},"img":{"alt_text":"","src":"https:\/\/i0.wp.com\/lyonelkaufmann.ch\/Blog\/wp-content\/uploads\/2025\/11\/sm.webp?fit=512%2C341&ssl=1&resize=350%2C200","width":350,"height":200},"classes":[]},{"id":18526,"url":"https:\/\/lyonelkaufmann.ch\/Blog\/2017\/09\/25\/ai-weiwei-entre-ombre-et-lumiere-vevey\/","url_meta":{"origin":3864,"position":2},"title":"Ai Weiwei entre ombre et lumi\u00e8re @Vevey","author":"Lyonel Kaufmann","date":"25 septembre 2017","format":false,"excerpt":"Ai Weiwei nous incite \u00e0 ouvrir les yeux, Monteverdi les oreilles et la commune \u00e0 ne pas jeter les d\u00e9chets n\u2019importe o\u00f9. Concernant Ai Weiwei, il est actuellement au Mus\u00e9e cantonal des Beaux-arts (mcb-a) \u00e0 Lausanne pour une exposition jusqu\u2019au 28 janvier. Apr\u00e8s sa toute premi\u00e8re exposition individuelle en Europe,\u2026","rel":"","context":"Dans &quot;Blogcaf\u00e9&quot;","block_context":{"text":"Blogcaf\u00e9","link":"https:\/\/lyonelkaufmann.ch\/Blog\/category\/blogcafe-2\/"},"img":{"alt_text":"","src":"https:\/\/i0.wp.com\/lyonelkaufmann.ch\/Blog\/wp-content\/uploads\/2017\/09\/Image-25.09.17-07-28.jpeg?fit=1200%2C798&ssl=1&resize=350%2C200","width":350,"height":200,"srcset":"https:\/\/i0.wp.com\/lyonelkaufmann.ch\/Blog\/wp-content\/uploads\/2017\/09\/Image-25.09.17-07-28.jpeg?fit=1200%2C798&ssl=1&resize=350%2C200 1x, https:\/\/i0.wp.com\/lyonelkaufmann.ch\/Blog\/wp-content\/uploads\/2017\/09\/Image-25.09.17-07-28.jpeg?fit=1200%2C798&ssl=1&resize=525%2C300 1.5x, https:\/\/i0.wp.com\/lyonelkaufmann.ch\/Blog\/wp-content\/uploads\/2017\/09\/Image-25.09.17-07-28.jpeg?fit=1200%2C798&ssl=1&resize=700%2C400 2x, https:\/\/i0.wp.com\/lyonelkaufmann.ch\/Blog\/wp-content\/uploads\/2017\/09\/Image-25.09.17-07-28.jpeg?fit=1200%2C798&ssl=1&resize=1050%2C600 3x"},"classes":[]},{"id":16216,"url":"https:\/\/lyonelkaufmann.ch\/Blog\/2016\/03\/30\/total-records-fotomuseum-winterthur\/","url_meta":{"origin":3864,"position":3},"title":"Total Records @ Fotomuseum Winterthur","author":"Lyonel Kaufmann","date":"30 mars 2016","format":false,"excerpt":"Pr\u00e9sent\u00e9e l'\u00e9t\u00e9 dernier \u00e0 Arles, l'exposition Total Records explore \u00e0 Winterthour les liens unissant la photographie et la musique. Samedi 19 mars 2016, nous embarquons pour un week-end photographique du c\u00f4t\u00e9 de Winterthur et de Zurich. Deux expositions de photos nous tendent les bras : l'exposition consacr\u00e9e \u00e0 Viviane Maier\u2026","rel":"","context":"Dans &quot;Roadbook&quot;","block_context":{"text":"Roadbook","link":"https:\/\/lyonelkaufmann.ch\/Blog\/category\/roadbook\/"},"img":{"alt_text":"","src":"https:\/\/i0.wp.com\/lyonelkaufmann.ch\/Blog\/wp-content\/uploads\/2016\/03\/img_0303-2.jpg?fit=864%2C1200&ssl=1&resize=350%2C200","width":350,"height":200,"srcset":"https:\/\/i0.wp.com\/lyonelkaufmann.ch\/Blog\/wp-content\/uploads\/2016\/03\/img_0303-2.jpg?fit=864%2C1200&ssl=1&resize=350%2C200 1x, https:\/\/i0.wp.com\/lyonelkaufmann.ch\/Blog\/wp-content\/uploads\/2016\/03\/img_0303-2.jpg?fit=864%2C1200&ssl=1&resize=525%2C300 1.5x, https:\/\/i0.wp.com\/lyonelkaufmann.ch\/Blog\/wp-content\/uploads\/2016\/03\/img_0303-2.jpg?fit=864%2C1200&ssl=1&resize=700%2C400 2x"},"classes":[]},{"id":21292,"url":"https:\/\/lyonelkaufmann.ch\/Blog\/2020\/03\/05\/le-musee-suedois-du-design-presente-sa-nouvelle-exposition-dans-un-sac-a-dos\/","url_meta":{"origin":3864,"position":4},"title":"Le Mus\u00e9e su\u00e9dois du design pr\u00e9sente sa nouvelle exposition dans un sac \u00e0 dos","author":"Lyonel Kaufmann","date":"5 mars 2020","format":false,"excerpt":"La nouvelle exposition du Mus\u00e9e su\u00e9dois du design \u00ab\u00a0To Go\u00a0\u00bb peut \u00eatre emport\u00e9e dans un\u00a0sac \u00e0 dos que les visiteurs peuvent emprunter pendant une semaine pour explorer le pays. Le mus\u00e9e -uniquement virtuel- \u00e9tait d\u00e9j\u00e0 un ovni dans le paysage culturel du pays. Avec ce concept d\u2019exposition, une nouvelle \u00e9tape\u2026","rel":"","context":"Dans &quot;Blogcaf\u00e9&quot;","block_context":{"text":"Blogcaf\u00e9","link":"https:\/\/lyonelkaufmann.ch\/Blog\/category\/blogcafe-2\/"},"img":{"alt_text":"","src":"https:\/\/i0.wp.com\/lyonelkaufmann.ch\/Blog\/wp-content\/uploads\/2020\/03\/swedish-design-museum-backpack-exhibition-image-3.jpg?fit=1000%2C500&ssl=1&resize=350%2C200","width":350,"height":200,"srcset":"https:\/\/i0.wp.com\/lyonelkaufmann.ch\/Blog\/wp-content\/uploads\/2020\/03\/swedish-design-museum-backpack-exhibition-image-3.jpg?fit=1000%2C500&ssl=1&resize=350%2C200 1x, https:\/\/i0.wp.com\/lyonelkaufmann.ch\/Blog\/wp-content\/uploads\/2020\/03\/swedish-design-museum-backpack-exhibition-image-3.jpg?fit=1000%2C500&ssl=1&resize=525%2C300 1.5x, https:\/\/i0.wp.com\/lyonelkaufmann.ch\/Blog\/wp-content\/uploads\/2020\/03\/swedish-design-museum-backpack-exhibition-image-3.jpg?fit=1000%2C500&ssl=1&resize=700%2C400 2x"},"classes":[]},{"id":21349,"url":"https:\/\/lyonelkaufmann.ch\/Blog\/2020\/03\/30\/disparition-de-jean-jacques-fernier-1931-2020-vice-president-de-linstitut-courbet-le-blog-de-la-loue-et-des-rivieres-comtoises\/","url_meta":{"origin":3864,"position":5},"title":"Disparition de Jean-Jacques Fernier (1931-2020), ancien conservateur du Mus\u00e9e Courbet","author":"Lyonel Kaufmann","date":"30 mars 2020","format":false,"excerpt":"L\u2019un des plus grands d\u00e9fenseurs de l\u2019oeuvre de Gustave Courbet, Jean-Jacques Fernier, est d\u00e9c\u00e9d\u00e9 \u00e0 son domicile parisien le 25 mars. Vice-pr\u00e9sident de l\u2019Institut Courbet et ancien conservateur du mus\u00e9e Courbet, il avait 89 ans. Loin de la tourmente \u00e9pid\u00e9mique et proche des siens, Jean-Jacques Fernier s\u2019est \u00e9teint chez lui,\u2026","rel":"","context":"Dans &quot;Blogcaf\u00e9&quot;","block_context":{"text":"Blogcaf\u00e9","link":"https:\/\/lyonelkaufmann.ch\/Blog\/category\/blogcafe-2\/"},"img":{"alt_text":"","src":"https:\/\/i0.wp.com\/lyonelkaufmann.ch\/Blog\/wp-content\/uploads\/2020\/03\/jjfernier-1024x683-1.jpg?fit=598%2C400&ssl=1&resize=350%2C200","width":350,"height":200,"srcset":"https:\/\/i0.wp.com\/lyonelkaufmann.ch\/Blog\/wp-content\/uploads\/2020\/03\/jjfernier-1024x683-1.jpg?fit=598%2C400&ssl=1&resize=350%2C200 1x, https:\/\/i0.wp.com\/lyonelkaufmann.ch\/Blog\/wp-content\/uploads\/2020\/03\/jjfernier-1024x683-1.jpg?fit=598%2C400&ssl=1&resize=525%2C300 1.5x"},"classes":[]}],"jetpack_likes_enabled":true,"_links":{"self":[{"href":"https:\/\/lyonelkaufmann.ch\/Blog\/wp-json\/wp\/v2\/posts\/3864","targetHints":{"allow":["GET"]}}],"collection":[{"href":"https:\/\/lyonelkaufmann.ch\/Blog\/wp-json\/wp\/v2\/posts"}],"about":[{"href":"https:\/\/lyonelkaufmann.ch\/Blog\/wp-json\/wp\/v2\/types\/post"}],"author":[{"embeddable":true,"href":"https:\/\/lyonelkaufmann.ch\/Blog\/wp-json\/wp\/v2\/users\/1"}],"replies":[{"embeddable":true,"href":"https:\/\/lyonelkaufmann.ch\/Blog\/wp-json\/wp\/v2\/comments?post=3864"}],"version-history":[{"count":0,"href":"https:\/\/lyonelkaufmann.ch\/Blog\/wp-json\/wp\/v2\/posts\/3864\/revisions"}],"wp:featuredmedia":[{"embeddable":true,"href":"https:\/\/lyonelkaufmann.ch\/Blog\/wp-json\/wp\/v2\/media\/13817"}],"wp:attachment":[{"href":"https:\/\/lyonelkaufmann.ch\/Blog\/wp-json\/wp\/v2\/media?parent=3864"}],"wp:term":[{"taxonomy":"category","embeddable":true,"href":"https:\/\/lyonelkaufmann.ch\/Blog\/wp-json\/wp\/v2\/categories?post=3864"},{"taxonomy":"post_tag","embeddable":true,"href":"https:\/\/lyonelkaufmann.ch\/Blog\/wp-json\/wp\/v2\/tags?post=3864"}],"curies":[{"name":"wp","href":"https:\/\/api.w.org\/{rel}","templated":true}]}}