{"id":4050,"date":"2011-09-04T09:18:09","date_gmt":"2011-09-04T09:18:09","guid":{"rendered":"http:\/\/lyonelkaufmann.ch\/histoire\/?p=4050"},"modified":"2011-09-04T09:18:09","modified_gmt":"2011-09-04T09:18:09","slug":"pourquoi-ne-peut-on-pas-voir-le-discours-de-martin-luther-king-i-have-a-dream-sur-youtube","status":"publish","type":"post","link":"https:\/\/lyonelkaufmann.ch\/Blog\/2011\/09\/04\/pourquoi-ne-peut-on-pas-voir-le-discours-de-martin-luther-king-i-have-a-dream-sur-youtube\/","title":{"rendered":"Pourquoi ne peut-on pas voir le discours de Martin Luther King &lsquo;I have a Dream&rsquo; sur Youtube?"},"content":{"rendered":"<p><strong>Surprise, le fameux discours du pasteur Martin Luther King ne tombera pas dans le domaine public avant 2038\u2026 Express.be nous en explique les raisons.<\/strong><\/p>\n<p><strong><img data-recalc-dims=\"1\" loading=\"lazy\" decoding=\"async\" style=\"display:block;margin-left:auto;margin-right:auto;\" title=\"20060829115601!Martin_Luther_King_-_March_on_Washington.jpg\" src=\"https:\/\/i0.wp.com\/lyonelkaufmann.ch\/histoire\/wp-content\/uploads\/2011\/09\/20060829115601Martin_Luther_King_-_March_on_Washington1.jpg?resize=240%2C300\" border=\"0\" alt=\"20060829115601 Martin Luther King March on Washington\" width=\"240\" height=\"300\" \/><\/strong><\/p>\n<blockquote><p>\u00abOn pourrait s\u2019attendre \u00e0 ce qu\u2019un discours historique tombe automatiquement dans le domaine public et devienne disponible \u00e0 la consultation gratuite sur Youtube. Mais ce n\u2019est pas le cas. Les droits de l&rsquo;\u00e9mouvant discours du pasteur am\u00e9ricain Martin Luther King du 28 ao\u00fbt 1963, \u00ab\u00a0I Have a Dream\u00a0\u00bb, que certains d\u00e9crivent comme le meilleur discours de l\u2019histoire, sont ainsi d\u00e9tenus par la famille de King.<br \/> En 1999, un tribunal a statu\u00e9 que ce discours \u00e9tait un spectacle qui s\u2019adressait aux m\u00e9dias d\u2019actualit\u00e9, et non pas au public [\u2026]\u00bb<\/p><\/blockquote>\n<p>Par contre, je viens de le trouver sur DailyMotion avec des sous-titres en fran\u00e7ais\u2026\u00a0<a href=\"http:\/\/www.dailymotion.com\/video\/x2vlq1_martin-luther-king-i-have-a-dream-s_news\">http:\/\/www.dailymotion.com\/video\/x2vlq1_martin-luther-king-i-have-a-dream-s_news<\/a><\/p>\n<p>Source : <a href=\"http:\/\/www.express.be\/joker\/?action=view&amp;cat=platdujour&amp;item=pourquoi-ne-peut-on-pas-voir-le-discours-de-martin-luther-king-i-have-a-dream-sur-youtube&amp;language=fr\">Pourquoi ne peut-on pas voir le discours de Martin Luther King &lsquo;I have a Dream&rsquo; sur Youtube?<\/a>.<\/p>\n<p>Cr\u00e9dit photo : Dr. Martin Luther King, Jr. speaking at the Civil Rights March on Washington, D.C., in 1963. Credit: National Archives and Records Administration<\/p>\n","protected":false},"excerpt":{"rendered":"<p>Surprise, le fameux discours du pasteur Martin Luther King ne tombera pas dans le domaine public avant 2038\u2026 Express.be nous en explique les raisons. \u00abOn pourrait s\u2019attendre \u00e0 ce qu\u2019un discours historique tombe automatiquement dans le domaine public et devienne disponible \u00e0 la consultation gratuite sur Youtube. Mais ce n\u2019est pas le cas. Les droits [&hellip;]<\/p>\n","protected":false},"author":1,"featured_media":13855,"comment_status":"open","ping_status":"open","sticky":false,"template":"","format":"standard","meta":{"_import_markdown_pro_load_document_selector":0,"_import_markdown_pro_submit_text_textarea":"","_genesis_hide_title":false,"_genesis_hide_breadcrumbs":false,"_genesis_hide_singular_image":false,"_genesis_hide_footer_widgets":false,"_genesis_custom_body_class":"","_genesis_custom_post_class":"","_genesis_layout":"","jetpack_post_was_ever_published":false,"_jetpack_newsletter_access":"","_jetpack_dont_email_post_to_subs":false,"_jetpack_newsletter_tier_id":0,"_jetpack_memberships_contains_paywalled_content":false,"_jetpack_memberships_contains_paid_content":false,"activitypub_content_warning":"","activitypub_content_visibility":"","activitypub_max_image_attachments":3,"activitypub_interaction_policy_quote":"anyone","activitypub_status":"","footnotes":"","jetpack_publicize_message":"","jetpack_publicize_feature_enabled":true,"jetpack_social_post_already_shared":true,"jetpack_social_options":{"image_generator_settings":{"template":"fullscreen","default_image_id":0,"font":"","enabled":false},"version":2}},"categories":[2],"tags":[],"class_list":{"0":"post-4050","1":"post","2":"type-post","3":"status-publish","4":"format-standard","5":"has-post-thumbnail","7":"category-histoire-2","8":"entry"},"jetpack_publicize_connections":[],"featured_image_src":"https:\/\/i0.wp.com\/lyonelkaufmann.ch\/Blog\/wp-content\/uploads\/2015\/03\/20060829115601Martin_Luther_King_-_March_on_Washington1.jpg?resize=240%2C300&ssl=1","featured_image_src_square":"https:\/\/i0.wp.com\/lyonelkaufmann.ch\/Blog\/wp-content\/uploads\/2015\/03\/20060829115601Martin_Luther_King_-_March_on_Washington1.jpg?resize=240%2C300&ssl=1","author_info":{"display_name":"Lyonel Kaufmann","author_link":"https:\/\/lyonelkaufmann.ch\/Blog\/author\/lyonelk\/"},"jetpack_featured_media_url":"https:\/\/i0.wp.com\/lyonelkaufmann.ch\/Blog\/wp-content\/uploads\/2015\/03\/20060829115601Martin_Luther_King_-_March_on_Washington1.jpg?fit=240%2C300&ssl=1","jetpack_sharing_enabled":true,"jetpack_shortlink":"https:\/\/wp.me\/p1qtF4-13k","jetpack-related-posts":[{"id":474,"url":"https:\/\/lyonelkaufmann.ch\/Blog\/2008\/11\/05\/an-american-dream-obama-et-lhistoire\/","url_meta":{"origin":4050,"position":0},"title":"\u00ab\u00a0An American Dream\u00a0\u00bb : Obama et l&rsquo;histoire","author":"Lyonel Kaufmann","date":"5 novembre 2008","format":false,"excerpt":"D'ici demain, Barack Obama entrera peut-\u00eatre dans l'histoire en devenant le premier afro-am\u00e9ricain \u00e0 acc\u00e9der \u00e0 la fonction pr\u00e9sidentielle, mais depuis le d\u00e9but de sa campagne il n'a cess\u00e9 de se positionner par rapport \u00e0 un ensemble de figures historiques am\u00e9ricaines. Cet article vous propose de revenir vers les \u00e9tapes\u2026","rel":"","context":"Dans &quot;histoire&quot;","block_context":{"text":"histoire","link":"https:\/\/lyonelkaufmann.ch\/Blog\/category\/histoire-2\/"},"img":{"alt_text":"","src":"https:\/\/i0.wp.com\/lyonelkaufmann.ch\/Blog\/wp-content\/uploads\/2015\/03\/024.jpg?fit=480%2C360&ssl=1&resize=350%2C200","width":350,"height":200},"classes":[]},{"id":4831,"url":"https:\/\/lyonelkaufmann.ch\/Blog\/2012\/01\/09\/comment-luther-est-devenu-viral-internetactu-net\/","url_meta":{"origin":4050,"position":1},"title":"Comment Luther est devenu viral | InternetActu.net","author":"Lyonel Kaufmann","date":"9 janvier 2012","format":false,"excerpt":"La lecture de la semaine d'InternetActu.net\u00a0est un article de l\u2019hebdomadaire britannique The Economist, intitul\u00e9 \u201cComment Luther est devenu viral\u201d. Ou comment Luther rejoint dans l'espace et le temps le printemps arabe. Et nous avec. Illustration de Matin Luther via\u00a0Wikimedia Commons [Domaine Public] En effet, pour le journal britannique ce qui\u2026","rel":"","context":"Dans &quot;histoire&quot;","block_context":{"text":"histoire","link":"https:\/\/lyonelkaufmann.ch\/Blog\/category\/histoire-2\/"},"img":{"alt_text":"","src":"https:\/\/i0.wp.com\/lyonelkaufmann.ch\/Blog\/wp-content\/uploads\/2015\/03\/v3_kp_Luther_media_reseaux_sociaux_wikimedia_portrait_domaine_public1.jpg?fit=600%2C403&ssl=1&resize=350%2C200","width":350,"height":200,"srcset":"https:\/\/i0.wp.com\/lyonelkaufmann.ch\/Blog\/wp-content\/uploads\/2015\/03\/v3_kp_Luther_media_reseaux_sociaux_wikimedia_portrait_domaine_public1.jpg?fit=600%2C403&ssl=1&resize=350%2C200 1x, https:\/\/i0.wp.com\/lyonelkaufmann.ch\/Blog\/wp-content\/uploads\/2015\/03\/v3_kp_Luther_media_reseaux_sociaux_wikimedia_portrait_domaine_public1.jpg?fit=600%2C403&ssl=1&resize=525%2C300 1.5x"},"classes":[]},{"id":5283,"url":"https:\/\/lyonelkaufmann.ch\/Blog\/2012\/01\/09\/comment-luther-est-devenu-viral-internetactu-net-2\/","url_meta":{"origin":4050,"position":2},"title":"Comment Luther est devenu viral | InternetActu.net","author":"Lyonel Kaufmann","date":"9 janvier 2012","format":false,"excerpt":"La lecture de la semaine d'InternetActu.net\u00a0est un article de l\u2019hebdomadaire britannique The Economist, intitul\u00e9 \u201cComment Luther est devenu viral\u201d. Ou comment Luther rejoint dans l'espace et le temps le printemps arabe. Et nous avec. Illustration de Matin Luther via\u00a0Wikimedia Commons [Domaine Public] En effet, pour le journal britannique ce qui\u2026","rel":"","context":"Dans &quot;Blogcaf\u00e9&quot;","block_context":{"text":"Blogcaf\u00e9","link":"https:\/\/lyonelkaufmann.ch\/Blog\/category\/blogcafe-2\/"},"img":{"alt_text":"","src":"https:\/\/i0.wp.com\/lyonelkaufmann.ch\/Blog\/wp-content\/uploads\/2015\/03\/v3_kp_Luther_media_reseaux_sociaux_wikimedia_portrait_domaine_public.jpg?fit=600%2C403&ssl=1&resize=350%2C200","width":350,"height":200,"srcset":"https:\/\/i0.wp.com\/lyonelkaufmann.ch\/Blog\/wp-content\/uploads\/2015\/03\/v3_kp_Luther_media_reseaux_sociaux_wikimedia_portrait_domaine_public.jpg?fit=600%2C403&ssl=1&resize=350%2C200 1x, https:\/\/i0.wp.com\/lyonelkaufmann.ch\/Blog\/wp-content\/uploads\/2015\/03\/v3_kp_Luther_media_reseaux_sociaux_wikimedia_portrait_domaine_public.jpg?fit=600%2C403&ssl=1&resize=525%2C300 1.5x"},"classes":[]},{"id":8549,"url":"https:\/\/lyonelkaufmann.ch\/Blog\/2014\/11\/15\/ouvrages-reformation-et-luther\/","url_meta":{"origin":4050,"position":3},"title":"Ouvrages : R\u00e9formation et Luther","author":"Lyonel Kaufmann","date":"15 novembre 2014","format":false,"excerpt":"Deux ouvrages importants, parus en allemand et consacr\u00e9s \u00e0 la R\u00e9forme ou \u00e0 Luther, viennent d\u2019\u00eatre publi\u00e9s en fran\u00e7ais. Martin Luther : rebelle dans une \u00e9poque de rupture par Heinz Schilling Avec cet ouvrage de r\u00e9f\u00e9rence, on sort de l\u2019histoire religieuse \u00ab eccl\u00e9siastique \u00bb, en g\u00e9n\u00e9ral apolog\u00e9tique, pour faire la\u2026","rel":"","context":"Dans &quot;histoire&quot;","block_context":{"text":"histoire","link":"https:\/\/lyonelkaufmann.ch\/Blog\/category\/histoire-2\/"},"img":{"alt_text":"","src":"https:\/\/i0.wp.com\/lyonelkaufmann.ch\/Blog\/wp-content\/uploads\/2015\/02\/1416067976.gif?fit=312%2C475&ssl=1&resize=350%2C200","width":350,"height":200},"classes":[]},{"id":12580,"url":"https:\/\/lyonelkaufmann.ch\/Blog\/2007\/02\/18\/alabamacafe\/","url_meta":{"origin":4050,"position":4},"title":"AlabamaCaf\u00e9","author":"Lyonel Kaufmann","date":"18 f\u00e9vrier 2007","format":false,"excerpt":"\u00a0Dr. Martin Luther King at Press Conference in Birmingham, AL 1963 \u00a9 Bruce Davidson | Magnum \"En mai 1961, je partis pour l'Alabama o\u00f9 se passaient les \u00e9v\u00e9nements que l'on sait contre les noirs. J'assistais \u00e0 des sc\u00e8nes de haine et de violence. Je fus m\u00eame arr\u00eat\u00e9 et chass\u00e9 de\u2026","rel":"","context":"Dans &quot;Blogcaf\u00e9&quot;","block_context":{"text":"Blogcaf\u00e9","link":"https:\/\/lyonelkaufmann.ch\/Blog\/category\/blogcafe-2\/"},"img":{"alt_text":"","src":"https:\/\/i0.wp.com\/lyonelkaufmann.ch\/Blog\/wp-content\/uploads\/2015\/03\/lutherking-800x533.jpg?fit=800%2C533&ssl=1&resize=350%2C200","width":350,"height":200,"srcset":"https:\/\/i0.wp.com\/lyonelkaufmann.ch\/Blog\/wp-content\/uploads\/2015\/03\/lutherking-800x533.jpg?fit=800%2C533&ssl=1&resize=350%2C200 1x, https:\/\/i0.wp.com\/lyonelkaufmann.ch\/Blog\/wp-content\/uploads\/2015\/03\/lutherking-800x533.jpg?fit=800%2C533&ssl=1&resize=525%2C300 1.5x, https:\/\/i0.wp.com\/lyonelkaufmann.ch\/Blog\/wp-content\/uploads\/2015\/03\/lutherking-800x533.jpg?fit=800%2C533&ssl=1&resize=700%2C400 2x"},"classes":[]},{"id":5538,"url":"https:\/\/lyonelkaufmann.ch\/Blog\/2012\/06\/17\/revue-de-presse-rodney-king-dead-at-47-history-news-network\/","url_meta":{"origin":4050,"position":5},"title":"Revue de presse : Rodney King dead at 47 | History News Network","author":"Lyonel Kaufmann","date":"17 juin 2012","format":false,"excerpt":"Rodney King, dont le passage \u00e0 tabac par la police de Los Angeles a contribu\u00e9 \u00e0 d\u00e9clencher les \u00e9meutes de 1992 de Los Angeles, est d\u00e9c\u00e9d\u00e9 dimanche \u00e0 son domicile de Rialto. Il avait 47 ans. Rodney King dead at 47 | History News Network Mise \u00e0 jour (18.06.2012) George\u2026","rel":"","context":"Dans &quot;histoire&quot;","block_context":{"text":"histoire","link":"https:\/\/lyonelkaufmann.ch\/Blog\/category\/histoire-2\/"},"img":{"alt_text":"","src":"https:\/\/i0.wp.com\/lyonelkaufmann.ch\/Blog\/wp-content\/uploads\/2015\/03\/blogcafe1.jpg?fit=1024%2C683&ssl=1&resize=350%2C200","width":350,"height":200,"srcset":"https:\/\/i0.wp.com\/lyonelkaufmann.ch\/Blog\/wp-content\/uploads\/2015\/03\/blogcafe1.jpg?fit=1024%2C683&ssl=1&resize=350%2C200 1x, https:\/\/i0.wp.com\/lyonelkaufmann.ch\/Blog\/wp-content\/uploads\/2015\/03\/blogcafe1.jpg?fit=1024%2C683&ssl=1&resize=525%2C300 1.5x, https:\/\/i0.wp.com\/lyonelkaufmann.ch\/Blog\/wp-content\/uploads\/2015\/03\/blogcafe1.jpg?fit=1024%2C683&ssl=1&resize=700%2C400 2x"},"classes":[]}],"jetpack_likes_enabled":true,"_links":{"self":[{"href":"https:\/\/lyonelkaufmann.ch\/Blog\/wp-json\/wp\/v2\/posts\/4050","targetHints":{"allow":["GET"]}}],"collection":[{"href":"https:\/\/lyonelkaufmann.ch\/Blog\/wp-json\/wp\/v2\/posts"}],"about":[{"href":"https:\/\/lyonelkaufmann.ch\/Blog\/wp-json\/wp\/v2\/types\/post"}],"author":[{"embeddable":true,"href":"https:\/\/lyonelkaufmann.ch\/Blog\/wp-json\/wp\/v2\/users\/1"}],"replies":[{"embeddable":true,"href":"https:\/\/lyonelkaufmann.ch\/Blog\/wp-json\/wp\/v2\/comments?post=4050"}],"version-history":[{"count":0,"href":"https:\/\/lyonelkaufmann.ch\/Blog\/wp-json\/wp\/v2\/posts\/4050\/revisions"}],"wp:featuredmedia":[{"embeddable":true,"href":"https:\/\/lyonelkaufmann.ch\/Blog\/wp-json\/wp\/v2\/media\/13855"}],"wp:attachment":[{"href":"https:\/\/lyonelkaufmann.ch\/Blog\/wp-json\/wp\/v2\/media?parent=4050"}],"wp:term":[{"taxonomy":"category","embeddable":true,"href":"https:\/\/lyonelkaufmann.ch\/Blog\/wp-json\/wp\/v2\/categories?post=4050"},{"taxonomy":"post_tag","embeddable":true,"href":"https:\/\/lyonelkaufmann.ch\/Blog\/wp-json\/wp\/v2\/tags?post=4050"}],"curies":[{"name":"wp","href":"https:\/\/api.w.org\/{rel}","templated":true}]}}