{"id":4074,"date":"2010-10-21T17:36:39","date_gmt":"2010-10-21T17:36:39","guid":{"rendered":"https:\/\/lyonelkaufmann.ch\/Blog\/2010\/10\/21\/coucher-de-soleil-sur-la-francophonie\/"},"modified":"2010-10-21T17:36:39","modified_gmt":"2010-10-21T17:36:39","slug":"coucher-de-soleil-sur-la-francophonie","status":"publish","type":"post","link":"https:\/\/lyonelkaufmann.ch\/Blog\/2010\/10\/21\/coucher-de-soleil-sur-la-francophonie\/","title":{"rendered":"Coucher de soleil sur la Francophonie"},"content":{"rendered":"<p style=\"text-align:center;\"><a href=\"https:\/\/i0.wp.com\/lyonelkaufmann.ch\/Blog\/wp-content\/uploads\/2010\/10\/iPhone-Capture.jpg\"><img data-recalc-dims=\"1\" loading=\"lazy\" decoding=\"async\" class=\"aligncenter\" src=\"https:\/\/i0.wp.com\/lyonelkaufmann.ch\/Blog\/wp-content\/uploads\/2010\/10\/iPhone-Capture.jpg?resize=614%2C461\" alt=\"Coucher de soleil sur la Francophonie\" width=\"614\" height=\"461\" \/><\/a><br \/>\nLe soleil se couche \u00e0 Montreux au sommet de la Francophonie. On attend le concert de Tafta.<\/p>\n","protected":false},"excerpt":{"rendered":"<p>Le soleil se couche \u00e0 Montreux au sommet de la Francophonie. On attend le concert de Tafta.<\/p>\n","protected":false},"author":1,"featured_media":13780,"comment_status":"open","ping_status":"open","sticky":false,"template":"","format":"aside","meta":{"_import_markdown_pro_load_document_selector":0,"_import_markdown_pro_submit_text_textarea":"","_genesis_hide_title":false,"_genesis_hide_breadcrumbs":false,"_genesis_hide_singular_image":false,"_genesis_hide_footer_widgets":false,"_genesis_custom_body_class":"","_genesis_custom_post_class":"","_genesis_layout":"","_jetpack_newsletter_access":"","_jetpack_dont_email_post_to_subs":false,"_jetpack_newsletter_tier_id":0,"_jetpack_memberships_contains_paywalled_content":false,"_jetpack_feature_clip_id":0,"_jetpack_memberships_contains_paid_content":false,"activitypub_content_warning":"","activitypub_content_visibility":"","activitypub_max_image_attachments":3,"activitypub_interaction_policy_quote":"anyone","activitypub_status":"","footnotes":"","jetpack_publicize_message":"","jetpack_publicize_feature_enabled":true,"jetpack_social_post_already_shared":true,"jetpack_social_options":{"image_generator_settings":{"template":"fullscreen","default_image_id":0,"font":"","enabled":false},"version":2},"jetpack_post_was_ever_published":false},"categories":[3],"tags":[],"class_list":["post-4074","post","type-post","status-publish","format-aside","has-post-thumbnail","category-blogcafe-2","post_format-post-format-aside","entry"],"jetpack_publicize_connections":[],"featured_image_src":"https:\/\/i0.wp.com\/lyonelkaufmann.ch\/Blog\/wp-content\/uploads\/2015\/03\/iPhone-Capture.jpg?resize=600%2C400&ssl=1","featured_image_src_square":"https:\/\/i0.wp.com\/lyonelkaufmann.ch\/Blog\/wp-content\/uploads\/2015\/03\/iPhone-Capture.jpg?resize=600%2C600&ssl=1","author_info":{"display_name":"Lyonel Kaufmann","author_link":"https:\/\/lyonelkaufmann.ch\/Blog\/author\/lyonelk\/"},"jetpack_sharing_enabled":true,"jetpack_shortlink":"https:\/\/wp.me\/p1qtF4-13I","jetpack-related-posts":[{"id":4076,"url":"https:\/\/lyonelkaufmann.ch\/Blog\/2010\/10\/21\/francophonie-tafta-en-concert\/","url_meta":{"origin":4074,"position":0},"title":"Francophonie : Tafta en concert","author":"Lyonel Kaufmann","date":"21 octobre 2010","format":"aside","excerpt":"Tafta en concert acoustique sous le March\u00e9 couvert. Montreux. Sommet de la Francophonie.","rel":"","context":"Dans &quot;Blogcaf\u00e9&quot;","block_context":{"text":"Blogcaf\u00e9","link":"https:\/\/lyonelkaufmann.ch\/Blog\/category\/blogcafe-2\/"},"img":{"alt_text":"","src":"https:\/\/i0.wp.com\/lyonelkaufmann.ch\/Blog\/wp-content\/uploads\/2015\/03\/iPhone-Capture1.jpg?fit=1024%2C768&ssl=1&resize=350%2C200","width":350,"height":200,"srcset":"https:\/\/i0.wp.com\/lyonelkaufmann.ch\/Blog\/wp-content\/uploads\/2015\/03\/iPhone-Capture1.jpg?fit=1024%2C768&ssl=1&resize=350%2C200 1x, https:\/\/i0.wp.com\/lyonelkaufmann.ch\/Blog\/wp-content\/uploads\/2015\/03\/iPhone-Capture1.jpg?fit=1024%2C768&ssl=1&resize=525%2C300 1.5x, https:\/\/i0.wp.com\/lyonelkaufmann.ch\/Blog\/wp-content\/uploads\/2015\/03\/iPhone-Capture1.jpg?fit=1024%2C768&ssl=1&resize=700%2C400 2x"},"classes":[]},{"id":20243,"url":"https:\/\/lyonelkaufmann.ch\/Blog\/2019\/07\/26\/coucher-de-soleil-paleo-19-24-juillet\/","url_meta":{"origin":4074,"position":1},"title":"Coucher de soleil | Pal\u00e9o 19 (24 juillet)","author":"Lyonel Kaufmann","date":"26 juillet 2019","format":false,"excerpt":"Alors que d\u00e9bute le concert de M sur la grande sc\u00e8ne, l'\u00e9clairagiste du ciel s\u2019invite derri\u00e8re les spectateurs pour un moment de pure magie. @paleofestival #paleo19 #nyon #suisse #musique #music #festival #petitmomentdebonheur #pentaxkp #pentax #kp","rel":"","context":"Dans &quot;Blogcaf\u00e9&quot;","block_context":{"text":"Blogcaf\u00e9","link":"https:\/\/lyonelkaufmann.ch\/Blog\/category\/blogcafe-2\/"},"img":{"alt_text":"","src":"https:\/\/i0.wp.com\/lyonelkaufmann.ch\/Blog\/wp-content\/uploads\/2019\/07\/img_0022.jpg?fit=1200%2C798&ssl=1&resize=350%2C200","width":350,"height":200,"srcset":"https:\/\/i0.wp.com\/lyonelkaufmann.ch\/Blog\/wp-content\/uploads\/2019\/07\/img_0022.jpg?fit=1200%2C798&ssl=1&resize=350%2C200 1x, https:\/\/i0.wp.com\/lyonelkaufmann.ch\/Blog\/wp-content\/uploads\/2019\/07\/img_0022.jpg?fit=1200%2C798&ssl=1&resize=525%2C300 1.5x, https:\/\/i0.wp.com\/lyonelkaufmann.ch\/Blog\/wp-content\/uploads\/2019\/07\/img_0022.jpg?fit=1200%2C798&ssl=1&resize=700%2C400 2x, https:\/\/i0.wp.com\/lyonelkaufmann.ch\/Blog\/wp-content\/uploads\/2019\/07\/img_0022.jpg?fit=1200%2C798&ssl=1&resize=1050%2C600 3x"},"classes":[]},{"id":20211,"url":"https:\/\/lyonelkaufmann.ch\/Blog\/2019\/07\/17\/coucher-de-soleil-villeneuve\/","url_meta":{"origin":4074,"position":2},"title":"Coucher de soleil |\u00a0Villeneuve","author":"Lyonel Kaufmann","date":"17 juillet 2019","format":false,"excerpt":"Coucher de soleil #encoreunebellejourn\u00e9e #villeneuve\u00a0#montreuxriviera #ete2019 #encoreunebellejourn\u00e9ed\u00e9t\u00e9","rel":"","context":"Dans &quot;Blogcaf\u00e9&quot;","block_context":{"text":"Blogcaf\u00e9","link":"https:\/\/lyonelkaufmann.ch\/Blog\/category\/blogcafe-2\/"},"img":{"alt_text":"","src":"https:\/\/i0.wp.com\/lyonelkaufmann.ch\/Blog\/wp-content\/uploads\/2019\/07\/EF862009-FC33-46A1-AB00-0DFBCBF758AB.png?fit=900%2C1200&ssl=1&resize=350%2C200","width":350,"height":200,"srcset":"https:\/\/i0.wp.com\/lyonelkaufmann.ch\/Blog\/wp-content\/uploads\/2019\/07\/EF862009-FC33-46A1-AB00-0DFBCBF758AB.png?fit=900%2C1200&ssl=1&resize=350%2C200 1x, https:\/\/i0.wp.com\/lyonelkaufmann.ch\/Blog\/wp-content\/uploads\/2019\/07\/EF862009-FC33-46A1-AB00-0DFBCBF758AB.png?fit=900%2C1200&ssl=1&resize=525%2C300 1.5x, https:\/\/i0.wp.com\/lyonelkaufmann.ch\/Blog\/wp-content\/uploads\/2019\/07\/EF862009-FC33-46A1-AB00-0DFBCBF758AB.png?fit=900%2C1200&ssl=1&resize=700%2C400 2x"},"classes":[]},{"id":12428,"url":"https:\/\/lyonelkaufmann.ch\/Blog\/2015\/02\/10\/coucher-de-soleil-sur-fourchette-photo-du-jour\/","url_meta":{"origin":4074,"position":3},"title":"Coucher de soleil sur fourchette |\u00a0Photo du jour","author":"Lyonel Kaufmann","date":"10 f\u00e9vrier 2015","format":false,"excerpt":"Croulant la semaine derni\u00e8re sous la neige, voici que la fourchette et les quais veveysans prennent des couleurs printani\u00e8res ce mardi au coucher du soleil\u2026 Elle est pas belle la vie\u2026","rel":"","context":"Dans &quot;Blogcaf\u00e9&quot;","block_context":{"text":"Blogcaf\u00e9","link":"https:\/\/lyonelkaufmann.ch\/Blog\/category\/blogcafe-2\/"},"img":{"alt_text":"","src":"https:\/\/i0.wp.com\/lyonelkaufmann.ch\/Blog\/wp-content\/uploads\/2015\/02\/fourchette.jpg?fit=1024%2C768&ssl=1&resize=350%2C200","width":350,"height":200,"srcset":"https:\/\/i0.wp.com\/lyonelkaufmann.ch\/Blog\/wp-content\/uploads\/2015\/02\/fourchette.jpg?fit=1024%2C768&ssl=1&resize=350%2C200 1x, https:\/\/i0.wp.com\/lyonelkaufmann.ch\/Blog\/wp-content\/uploads\/2015\/02\/fourchette.jpg?fit=1024%2C768&ssl=1&resize=525%2C300 1.5x, https:\/\/i0.wp.com\/lyonelkaufmann.ch\/Blog\/wp-content\/uploads\/2015\/02\/fourchette.jpg?fit=1024%2C768&ssl=1&resize=700%2C400 2x"},"classes":[]},{"id":28632,"url":"https:\/\/lyonelkaufmann.ch\/Blog\/2026\/08\/09\/2026-08-08-au-coucher-du-soleil\/","url_meta":{"origin":4074,"position":4},"title":"2026-08-08 Au coucher du soleil","author":"Lyonel Kaufmann","date":"9 ao\u00fbt 2026","format":false,"excerpt":"Dans un premier temps de cette fin de journ\u00e9e, l\u2019ambiance du d\u00e9cor \u00e9tait comparable \u00e0 celle d\u2019hier avec l\u2019id\u00e9e du large. Puis le soleil gentiment est descendu. Tr\u00e8s blanc avec des nuages. Rien qui n\u2019attire plus particuli\u00e8rement l\u2019\u0153il ou le doigt sur le d\u00e9clencheur. Jusqu\u2019\u00e0 que de blanc, le ciel\u2026","rel":"","context":"Dans &quot;Blogcaf\u00e9&quot;","block_context":{"text":"Blogcaf\u00e9","link":"https:\/\/lyonelkaufmann.ch\/Blog\/category\/blogcafe-2\/"},"img":{"alt_text":"","src":"https:\/\/i0.wp.com\/lyonelkaufmann.ch\/Blog\/wp-content\/uploads\/2026\/08\/DSC09697-scaled.jpeg?fit=1200%2C800&ssl=1&resize=350%2C200","width":350,"height":200,"srcset":"https:\/\/i0.wp.com\/lyonelkaufmann.ch\/Blog\/wp-content\/uploads\/2026\/08\/DSC09697-scaled.jpeg?fit=1200%2C800&ssl=1&resize=350%2C200 1x, https:\/\/i0.wp.com\/lyonelkaufmann.ch\/Blog\/wp-content\/uploads\/2026\/08\/DSC09697-scaled.jpeg?fit=1200%2C800&ssl=1&resize=525%2C300 1.5x, https:\/\/i0.wp.com\/lyonelkaufmann.ch\/Blog\/wp-content\/uploads\/2026\/08\/DSC09697-scaled.jpeg?fit=1200%2C800&ssl=1&resize=700%2C400 2x, https:\/\/i0.wp.com\/lyonelkaufmann.ch\/Blog\/wp-content\/uploads\/2026\/08\/DSC09697-scaled.jpeg?fit=1200%2C800&ssl=1&resize=1050%2C600 3x"},"classes":[]},{"id":11624,"url":"https:\/\/lyonelkaufmann.ch\/Blog\/2014\/07\/06\/coucher-de-soleil-depuis-le-jardin-roussy\/","url_meta":{"origin":4074,"position":5},"title":"Coucher de soleil depuis le Jardin Roussy","author":"Lyonel Kaufmann","date":"6 juillet 2014","format":false,"excerpt":"Alors que la F\u00eate de la Jeunesse et le Mundial br\u00e9silien battaient leur plein, le soleil se couchait depuis le Jardin Roussy, enrob\u00e9 de sa splendide solitude.","rel":"","context":"Dans &quot;Photo du jour&quot;","block_context":{"text":"Photo du jour","link":"https:\/\/lyonelkaufmann.ch\/Blog\/category\/photo-du-jour\/"},"img":{"alt_text":"","src":"https:\/\/i0.wp.com\/lyonelkaufmann.ch\/Blog\/wp-content\/uploads\/2015\/02\/du20jardin20roussy203a20coucher20de20soleil-xl.jpg?fit=1024%2C683&ssl=1&resize=350%2C200","width":350,"height":200,"srcset":"https:\/\/i0.wp.com\/lyonelkaufmann.ch\/Blog\/wp-content\/uploads\/2015\/02\/du20jardin20roussy203a20coucher20de20soleil-xl.jpg?fit=1024%2C683&ssl=1&resize=350%2C200 1x, https:\/\/i0.wp.com\/lyonelkaufmann.ch\/Blog\/wp-content\/uploads\/2015\/02\/du20jardin20roussy203a20coucher20de20soleil-xl.jpg?fit=1024%2C683&ssl=1&resize=525%2C300 1.5x, https:\/\/i0.wp.com\/lyonelkaufmann.ch\/Blog\/wp-content\/uploads\/2015\/02\/du20jardin20roussy203a20coucher20de20soleil-xl.jpg?fit=1024%2C683&ssl=1&resize=700%2C400 2x"},"classes":[]}],"jetpack_likes_enabled":true,"jetpack_featured_media_url":"https:\/\/i0.wp.com\/lyonelkaufmann.ch\/Blog\/wp-content\/uploads\/2015\/03\/iPhone-Capture.jpg?fit=1024%2C768&ssl=1","_links":{"self":[{"href":"https:\/\/lyonelkaufmann.ch\/Blog\/wp-json\/wp\/v2\/posts\/4074","targetHints":{"allow":["GET"]}}],"collection":[{"href":"https:\/\/lyonelkaufmann.ch\/Blog\/wp-json\/wp\/v2\/posts"}],"about":[{"href":"https:\/\/lyonelkaufmann.ch\/Blog\/wp-json\/wp\/v2\/types\/post"}],"author":[{"embeddable":true,"href":"https:\/\/lyonelkaufmann.ch\/Blog\/wp-json\/wp\/v2\/users\/1"}],"replies":[{"embeddable":true,"href":"https:\/\/lyonelkaufmann.ch\/Blog\/wp-json\/wp\/v2\/comments?post=4074"}],"version-history":[{"count":0,"href":"https:\/\/lyonelkaufmann.ch\/Blog\/wp-json\/wp\/v2\/posts\/4074\/revisions"}],"wp:featuredmedia":[{"embeddable":true,"href":"https:\/\/lyonelkaufmann.ch\/Blog\/wp-json\/wp\/v2\/media\/13780"}],"wp:attachment":[{"href":"https:\/\/lyonelkaufmann.ch\/Blog\/wp-json\/wp\/v2\/media?parent=4074"}],"wp:term":[{"taxonomy":"category","embeddable":true,"href":"https:\/\/lyonelkaufmann.ch\/Blog\/wp-json\/wp\/v2\/categories?post=4074"},{"taxonomy":"post_tag","embeddable":true,"href":"https:\/\/lyonelkaufmann.ch\/Blog\/wp-json\/wp\/v2\/tags?post=4074"}],"curies":[{"name":"wp","href":"https:\/\/api.w.org\/{rel}","templated":true}]}}