{"id":4092,"date":"2011-09-12T08:08:47","date_gmt":"2011-09-12T08:08:47","guid":{"rendered":"http:\/\/lyonelkaufmann.ch\/histoire\/?p=4092"},"modified":"2011-09-12T08:08:47","modified_gmt":"2011-09-12T08:08:47","slug":"les-704-bourre-pifs-dasterix-et-obelix-le-blog-de-m-colin","status":"publish","type":"post","link":"https:\/\/lyonelkaufmann.ch\/Blog\/2011\/09\/12\/les-704-bourre-pifs-dasterix-et-obelix-le-blog-de-m-colin\/","title":{"rendered":"Les 704 bourre-pifs d\u2019Ast\u00e9rix et Ob\u00e9lix | Le Blog de M.Colin"},"content":{"rendered":"<p style=\"text-align:center;\"><a href=\"http:\/\/svtcolin.blogspot.com\/2011\/09\/les-704-bourre-pifs-dasterix-et-obelix.html\"><img data-recalc-dims=\"1\" decoding=\"async\" src=\"https:\/\/i0.wp.com\/lyonelkaufmann.ch\/histoire\/wp-content\/uploads\/2011\/09\/57923788.png\" alt=\"\" \/><\/a><\/p>\n<p>Le tr\u00e8s s\u00e9rieux journal scientifique <em>\u00ab Acta Neurochirurgica \u00bb<\/em> (impact factor 1,47) a publi\u00e9 cet article :\u00a0\u201cTraumatic brain injuries in illustrated literature: experience from a series of over 700 head injuries in the Asterix comic books\u201d Marcel A. Kamp et al.\u00a0Les auteurs proposent une revue compl\u00e8te des quelques 704 blessures \u00e0 la t\u00eate recens\u00e9e dans les 34 albums de la c\u00e9l\u00e8bre s\u00e9rie gauloise de Goscinny\u00a0 et Uderzo : <em>Ast\u00e9rix le gaulois<\/em>. Ainsi apr\u00e8s une lecture attentive, ils livrent leurs conclusions sur les troubles observ\u00e9s, et les causes ou les facteurs corr\u00e9l\u00e9s \u00e0 ces diff\u00e9rents troubles\u2026 Des r\u00e9sultats marquants assur\u00e9ment\u00a0!<\/p>\n<p>A lire le compte-rendu de cet article par\u00a0<a href=\"http:\/\/svtcolin.blogspot.com\/2011\/09\/les-704-bourre-pifs-dasterix-et-obelix.html\">Le Blog de M.Colin: Les 704 bourre-pifs d\u2019Ast\u00e9rix et Ob\u00e9lix<\/a>.<\/p>\n","protected":false},"excerpt":{"rendered":"<p>Le tr\u00e8s s\u00e9rieux journal scientifique \u00ab Acta Neurochirurgica \u00bb (impact factor 1,47) a publi\u00e9 cet article :\u00a0\u201cTraumatic brain injuries in illustrated literature: experience from a series of over 700 head injuries in the Asterix comic books\u201d Marcel A. Kamp et al.\u00a0Les auteurs proposent une revue compl\u00e8te des quelques 704 blessures \u00e0 la t\u00eate recens\u00e9e dans [&hellip;]<\/p>\n","protected":false},"author":1,"featured_media":13856,"comment_status":"open","ping_status":"open","sticky":false,"template":"","format":"standard","meta":{"_import_markdown_pro_load_document_selector":0,"_import_markdown_pro_submit_text_textarea":"","_genesis_hide_title":false,"_genesis_hide_breadcrumbs":false,"_genesis_hide_singular_image":false,"_genesis_hide_footer_widgets":false,"_genesis_custom_body_class":"","_genesis_custom_post_class":"","_genesis_layout":"","jetpack_post_was_ever_published":false,"_jetpack_newsletter_access":"","_jetpack_dont_email_post_to_subs":false,"_jetpack_newsletter_tier_id":0,"_jetpack_memberships_contains_paywalled_content":false,"_jetpack_memberships_contains_paid_content":false,"activitypub_content_warning":"","activitypub_content_visibility":"","activitypub_max_image_attachments":3,"activitypub_interaction_policy_quote":"anyone","activitypub_status":"","footnotes":"","jetpack_publicize_message":"","jetpack_publicize_feature_enabled":true,"jetpack_social_post_already_shared":true,"jetpack_social_options":{"image_generator_settings":{"template":"fullscreen","default_image_id":0,"font":"","enabled":false},"version":2}},"categories":[2],"tags":[],"class_list":{"0":"post-4092","1":"post","2":"type-post","3":"status-publish","4":"format-standard","5":"has-post-thumbnail","7":"category-histoire-2","8":"entry"},"jetpack_publicize_connections":[],"featured_image_src":"https:\/\/i0.wp.com\/lyonelkaufmann.ch\/Blog\/wp-content\/uploads\/2015\/03\/57923788.png?resize=241%2C320&ssl=1","featured_image_src_square":"https:\/\/i0.wp.com\/lyonelkaufmann.ch\/Blog\/wp-content\/uploads\/2015\/03\/57923788.png?resize=241%2C320&ssl=1","author_info":{"display_name":"Lyonel Kaufmann","author_link":"https:\/\/lyonelkaufmann.ch\/Blog\/author\/lyonelk\/"},"jetpack_featured_media_url":"https:\/\/i0.wp.com\/lyonelkaufmann.ch\/Blog\/wp-content\/uploads\/2015\/03\/57923788.png?fit=241%2C320&ssl=1","jetpack_sharing_enabled":true,"jetpack_shortlink":"https:\/\/wp.me\/p1qtF4-140","jetpack-related-posts":[{"id":22589,"url":"https:\/\/lyonelkaufmann.ch\/Blog\/2021\/03\/06\/netflix-alain-chabat-va-realiser-une-serie-animee-sur-asterix\/","url_meta":{"origin":4092,"position":0},"title":"Netflix : Alain Chabat va r\u00e9aliser une s\u00e9rie\u00a0anim\u00e9e sur Ast\u00e9rix\u00a0","author":"Lyonel Kaufmann","date":"6 mars 2021","format":false,"excerpt":"Le Parisien\u00a0a r\u00e9v\u00e9l\u00e9 la mise en production par Netflix d\u2019une s\u00e9rie anim\u00e9e...","rel":"","context":"Dans &quot;Blogcaf\u00e9&quot;","block_context":{"text":"Blogcaf\u00e9","link":"https:\/\/lyonelkaufmann.ch\/Blog\/category\/blogcafe-2\/"},"img":{"alt_text":"","src":"https:\/\/i0.wp.com\/lyonelkaufmann.ch\/Blog\/wp-content\/uploads\/2020\/01\/E12974C5-2F3A-435D-968D-D1CF6D00AC6B.2208474ad2bf4319a39b46cfeda8b8d9.jpeg?fit=1200%2C800&ssl=1&resize=350%2C200","width":350,"height":200,"srcset":"https:\/\/i0.wp.com\/lyonelkaufmann.ch\/Blog\/wp-content\/uploads\/2020\/01\/E12974C5-2F3A-435D-968D-D1CF6D00AC6B.2208474ad2bf4319a39b46cfeda8b8d9.jpeg?fit=1200%2C800&ssl=1&resize=350%2C200 1x, https:\/\/i0.wp.com\/lyonelkaufmann.ch\/Blog\/wp-content\/uploads\/2020\/01\/E12974C5-2F3A-435D-968D-D1CF6D00AC6B.2208474ad2bf4319a39b46cfeda8b8d9.jpeg?fit=1200%2C800&ssl=1&resize=525%2C300 1.5x, https:\/\/i0.wp.com\/lyonelkaufmann.ch\/Blog\/wp-content\/uploads\/2020\/01\/E12974C5-2F3A-435D-968D-D1CF6D00AC6B.2208474ad2bf4319a39b46cfeda8b8d9.jpeg?fit=1200%2C800&ssl=1&resize=700%2C400 2x, https:\/\/i0.wp.com\/lyonelkaufmann.ch\/Blog\/wp-content\/uploads\/2020\/01\/E12974C5-2F3A-435D-968D-D1CF6D00AC6B.2208474ad2bf4319a39b46cfeda8b8d9.jpeg?fit=1200%2C800&ssl=1&resize=1050%2C600 3x"},"classes":[]},{"id":8456,"url":"https:\/\/lyonelkaufmann.ch\/Blog\/2014\/10\/10\/asterix-le-domaine-des-dieux\/","url_meta":{"origin":4092,"position":1},"title":"Ast\u00e9rix \u00abLe Domaine des Dieux\u00bb","author":"Lyonel Kaufmann","date":"10 octobre 2014","format":false,"excerpt":"Je d\u00e9couvre ce jour un texte datant de 2007 analysant l\u2019album \u00abLe Domaine des Dieux\u00bb, puis la bande-annonce de la sortie, pr\u00e9vue fin novembre, du dessin anim\u00e9 3D avec Alexandre Astier (Kaamelott) aux commandes. Tout d\u2019abord, l\u2019analyse par Loleck du \u00abDomaine des Dieux\u00bb : Le Domaine des dieux, publi\u00e9 dans\u2026","rel":"","context":"Dans &quot;histoire&quot;","block_context":{"text":"histoire","link":"https:\/\/lyonelkaufmann.ch\/Blog\/category\/histoire-2\/"},"img":{"alt_text":"","src":"https:\/\/i0.wp.com\/img.youtube.com\/vi\/U6y63JW_qv0\/0.jpg?resize=350%2C200","width":350,"height":200},"classes":[]},{"id":14548,"url":"https:\/\/lyonelkaufmann.ch\/Blog\/2015\/02\/22\/par-toutatis-la-veritable-histoire-de-nos-ancetres-les-gaulois\/","url_meta":{"origin":4092,"position":2},"title":"Par Toutatis ! La v\u00e9ritable histoire de nos anc\u00eatres les Gaulois","author":"Lyonel Kaufmann","date":"22 f\u00e9vrier 2015","format":false,"excerpt":"Tr\u00e9sor mon\u00e9taire de Laniscat. (\u00a9 Herv\u00e9 Paitier \/ Inrap) En 2011, pendant plus d\u2019un an, \u00e0 la Cit\u00e9 des sciences et de l\u2019industrie, Les Gaulois, une expo renversante montre une tentative de fabrique de l\u2019histoire et la construction d\u2019une des plus grandes mythologies politiques fran\u00e7aises. \u00c0 \u00adrebours des id\u00e9es re\u00e7ues\u2026","rel":"","context":"Dans &quot;histoire&quot;","block_context":{"text":"histoire","link":"https:\/\/lyonelkaufmann.ch\/Blog\/category\/histoire-2\/"},"img":{"alt_text":"","src":"https:\/\/i0.wp.com\/i.f1g.fr\/media\/ext\/x\/www.lefigaro.fr\/medias\/2011\/11\/07\/67e635f4-095a-11e1-9f7d-b31925f6bb41.jpg?resize=350%2C200","width":350,"height":200},"classes":[]},{"id":7840,"url":"https:\/\/lyonelkaufmann.ch\/Blog\/2007\/09\/02\/faudra-t-il-rcrire-les-albums-dastrix\/","url_meta":{"origin":4092,"position":3},"title":"Faudra-t-il r\u00e9\u00e9crire les albums d&rsquo;Ast\u00e9rix?","author":"Lyonel Kaufmann","date":"2 septembre 2007","format":false,"excerpt":"Ast\u00e9rix : Le domaine des dieux La vision du village gaulois perdu dans la for\u00eat face \u00e0 la grande civilisation romaine est \u00e0 revoir pour les arch\u00e9ologues. \u2018What we have found here proves that the Gauls were much more civilised than we thought. The Asterix albums will need to be\u2026","rel":"","context":"Dans &quot;histoire&quot;","block_context":{"text":"histoire","link":"https:\/\/lyonelkaufmann.ch\/Blog\/category\/histoire-2\/"},"img":{"alt_text":"","src":"https:\/\/i0.wp.com\/lyonelkaufmann.ch\/Blog\/wp-content\/uploads\/2015\/03\/asterix17_extrait.jpg?fit=460%2C580&ssl=1&resize=350%2C200","width":350,"height":200},"classes":[]},{"id":18254,"url":"https:\/\/lyonelkaufmann.ch\/Blog\/2017\/07\/17\/un-nouvel-album-pour-les-50-ans-de-corto-maltese\/","url_meta":{"origin":4092,"position":4},"title":"Un nouvel album pour les 50 ans de Corto Maltese","author":"Lyonel Kaufmann","date":"17 juillet 2017","format":false,"excerpt":"Certains h\u00e9ros ne meurent jamais. Corto Maltese, pourtant, avait presque disparu de la circulation apr\u00e8s la mort de son cr\u00e9ateur, Hugo Pratt, en 1995. Presque, mais voil\u00e0 que 20 ans plus tard paraissait un nouvel album de ses aventures, Sous le soleil de minuit. L'h\u00e9ritage a \u00e9t\u00e9 repris par le\u2026","rel":"","context":"Dans &quot;Blogcaf\u00e9&quot;","block_context":{"text":"Blogcaf\u00e9","link":"https:\/\/lyonelkaufmann.ch\/Blog\/category\/blogcafe-2\/"},"img":{"alt_text":"","src":"https:\/\/i0.wp.com\/lyonelkaufmann.ch\/Blog\/wp-content\/uploads\/2017\/07\/Image-18.07.17-00-42.jpeg?fit=805%2C1054&ssl=1&resize=350%2C200","width":350,"height":200,"srcset":"https:\/\/i0.wp.com\/lyonelkaufmann.ch\/Blog\/wp-content\/uploads\/2017\/07\/Image-18.07.17-00-42.jpeg?fit=805%2C1054&ssl=1&resize=350%2C200 1x, https:\/\/i0.wp.com\/lyonelkaufmann.ch\/Blog\/wp-content\/uploads\/2017\/07\/Image-18.07.17-00-42.jpeg?fit=805%2C1054&ssl=1&resize=525%2C300 1.5x, https:\/\/i0.wp.com\/lyonelkaufmann.ch\/Blog\/wp-content\/uploads\/2017\/07\/Image-18.07.17-00-42.jpeg?fit=805%2C1054&ssl=1&resize=700%2C400 2x"},"classes":[]},{"id":2779,"url":"https:\/\/lyonelkaufmann.ch\/Blog\/2010\/05\/06\/mshis11-bande-dessinee-et-histoire-atelier-4-5-2010\/","url_meta":{"origin":4092,"position":5},"title":"MSHIS11 Bande Dessin\u00e9e et Histoire (atelier 4.5.2010)","author":"Lyonel Kaufmann","date":"6 mai 2010","format":false,"excerpt":"A la suite de l'Atelier de ce dernier mardi consacr\u00e9 \u00e0 l'utilisation de la Bande Dessin\u00e9e en histoire, je fais ici l'inventaire des liens et r\u00e9f\u00e9rences utilis\u00e9es lors de cette s\u00e9ance. Au terme de ce parcours, je r\u00e9pertorie \u00e9galement les activit\u00e9s con\u00e7ues par les \u00e9tudiant-e-s lors de cet atelier. En\u2026","rel":"","context":"Dans &quot;histoire&quot;","block_context":{"text":"histoire","link":"https:\/\/lyonelkaufmann.ch\/Blog\/category\/histoire-2\/"},"img":{"alt_text":"","src":"https:\/\/i0.wp.com\/lyonelkaufmann.ch\/histoire\/wp-content\/uploads\/2010\/05\/HistoireBande.jpg?resize=350%2C200","width":350,"height":200},"classes":[]}],"jetpack_likes_enabled":true,"_links":{"self":[{"href":"https:\/\/lyonelkaufmann.ch\/Blog\/wp-json\/wp\/v2\/posts\/4092","targetHints":{"allow":["GET"]}}],"collection":[{"href":"https:\/\/lyonelkaufmann.ch\/Blog\/wp-json\/wp\/v2\/posts"}],"about":[{"href":"https:\/\/lyonelkaufmann.ch\/Blog\/wp-json\/wp\/v2\/types\/post"}],"author":[{"embeddable":true,"href":"https:\/\/lyonelkaufmann.ch\/Blog\/wp-json\/wp\/v2\/users\/1"}],"replies":[{"embeddable":true,"href":"https:\/\/lyonelkaufmann.ch\/Blog\/wp-json\/wp\/v2\/comments?post=4092"}],"version-history":[{"count":0,"href":"https:\/\/lyonelkaufmann.ch\/Blog\/wp-json\/wp\/v2\/posts\/4092\/revisions"}],"wp:featuredmedia":[{"embeddable":true,"href":"https:\/\/lyonelkaufmann.ch\/Blog\/wp-json\/wp\/v2\/media\/13856"}],"wp:attachment":[{"href":"https:\/\/lyonelkaufmann.ch\/Blog\/wp-json\/wp\/v2\/media?parent=4092"}],"wp:term":[{"taxonomy":"category","embeddable":true,"href":"https:\/\/lyonelkaufmann.ch\/Blog\/wp-json\/wp\/v2\/categories?post=4092"},{"taxonomy":"post_tag","embeddable":true,"href":"https:\/\/lyonelkaufmann.ch\/Blog\/wp-json\/wp\/v2\/tags?post=4092"}],"curies":[{"name":"wp","href":"https:\/\/api.w.org\/{rel}","templated":true}]}}