{"id":4096,"date":"2011-09-13T06:00:00","date_gmt":"2011-09-13T06:00:00","guid":{"rendered":"http:\/\/lyonelkaufmann.ch\/histoire\/?p=4096"},"modified":"2011-09-13T06:00:00","modified_gmt":"2011-09-13T06:00:00","slug":"est-on-intoxique-par-lhabitude-de-noter-les-eleves","status":"publish","type":"post","link":"https:\/\/lyonelkaufmann.ch\/Blog\/2011\/09\/13\/est-on-intoxique-par-lhabitude-de-noter-les-eleves\/","title":{"rendered":"Est-on intoxiqu\u00e9 par l\u2019habitude de noter les \u00e9l\u00e8ves?"},"content":{"rendered":"<p>Ailleurs, est-on intoxiqu\u00e9 par l\u2019habitude de noter les \u00e9l\u00e8ves? En revenant de Bolivie o\u00f9, il conduit depuis 10 ans des stages de formation pour les enseignants, Charles Pepinster s&rsquo;est demand\u00e9 si, l\u00e0-bas les profs \u00e9taient aussi \u00ab intoxiqu\u00e9s \u00bb par la notation que chez lui, en Belgique. L&rsquo;auteur se livre \u00e0 une petite exp\u00e9rimentation et constate qu\u2019en Occident, comme aux Am\u00e9riques, la dispersion de la note rend celle-ci non cr\u00e9dible. Alors, faut-il supprimer la note? La r\u00e9ponse de l&rsquo;auteur surprendra sans doute les lecteurs : \u00ab NON\u2026 pas tout de suite \u00bb. En effet, selon lui, il s\u2019agit de faire une cure de d\u00e9sintoxication de l\u2019institution car les profs, les parents (voire les experts th\u00e9oriques et les autorit\u00e9s) n\u2019ont jamais v\u00e9cu leur scolarit\u00e9 sans jugement chiffr\u00e9 et surtout n\u2019ont jamais conduit eux-m\u00eames des cohortes d\u2019\u00e9l\u00e8ves d\u00e9barrass\u00e9es du chantage de la notation. Que faire pour sortir de l\u2019addiction aux notes? Comme tout sevrage, c\u2019est difficile et \u00e7a n\u00e9cessite de l\u2019accompagnement car il faut m\u00ealer raison et sentiments. Charles Pepinster propose, en r\u00e9sum\u00e9, une philosophie g\u00e9n\u00e9rale ainsi que des mesures concr\u00e8tes pour quitter, enfin, le mesurage de l\u2019humain.<\/p>\n<p>L&rsquo;article : <a href=\"http:\/\/www.cea-ace.ca\/fr\/education-canada\/article\/pour-une-cure-de-d\u00e9sintoxication-des-profs-et-de-toute-l\u2019institution-scolai\">Pour une cure de d\u00e9sintoxication des profs et de toute l\u2019institution scolaire. | CEA<\/a>.<\/p>\n","protected":false},"excerpt":{"rendered":"<p>Ailleurs, est-on intoxiqu\u00e9 par l\u2019habitude de noter les \u00e9l\u00e8ves? En revenant de Bolivie o\u00f9, il conduit depuis 10 ans des stages de formation pour les enseignants, Charles Pepinster s&rsquo;est demand\u00e9 si, l\u00e0-bas les profs \u00e9taient aussi \u00ab intoxiqu\u00e9s \u00bb par la notation que chez lui, en Belgique. L&rsquo;auteur se livre \u00e0 une petite exp\u00e9rimentation et [&hellip;]<\/p>\n","protected":false},"author":1,"featured_media":14680,"comment_status":"open","ping_status":"open","sticky":false,"template":"","format":"standard","meta":{"_import_markdown_pro_load_document_selector":0,"_import_markdown_pro_submit_text_textarea":"","_genesis_hide_title":false,"_genesis_hide_breadcrumbs":false,"_genesis_hide_singular_image":false,"_genesis_hide_footer_widgets":false,"_genesis_custom_body_class":"","_genesis_custom_post_class":"","_genesis_layout":"","jetpack_post_was_ever_published":false,"_jetpack_newsletter_access":"","_jetpack_dont_email_post_to_subs":false,"_jetpack_newsletter_tier_id":0,"_jetpack_memberships_contains_paywalled_content":false,"_jetpack_memberships_contains_paid_content":false,"activitypub_content_warning":"","activitypub_content_visibility":"","activitypub_max_image_attachments":3,"activitypub_interaction_policy_quote":"anyone","activitypub_status":"","footnotes":"","jetpack_publicize_message":"","jetpack_publicize_feature_enabled":true,"jetpack_social_post_already_shared":true,"jetpack_social_options":{"image_generator_settings":{"template":"fullscreen","default_image_id":0,"font":"","enabled":false},"version":2}},"categories":[2],"tags":[],"class_list":{"0":"post-4096","1":"post","2":"type-post","3":"status-publish","4":"format-standard","5":"has-post-thumbnail","7":"category-histoire-2","8":"entry"},"jetpack_publicize_connections":[],"featured_image_src":"https:\/\/i0.wp.com\/lyonelkaufmann.ch\/Blog\/wp-content\/uploads\/2015\/03\/blogcafe1.jpg?resize=600%2C400&ssl=1","featured_image_src_square":"https:\/\/i0.wp.com\/lyonelkaufmann.ch\/Blog\/wp-content\/uploads\/2015\/03\/blogcafe1.jpg?resize=600%2C600&ssl=1","author_info":{"display_name":"Lyonel Kaufmann","author_link":"https:\/\/lyonelkaufmann.ch\/Blog\/author\/lyonelk\/"},"jetpack_featured_media_url":"https:\/\/i0.wp.com\/lyonelkaufmann.ch\/Blog\/wp-content\/uploads\/2015\/03\/blogcafe1.jpg?fit=1024%2C683&ssl=1","jetpack_sharing_enabled":true,"jetpack_shortlink":"https:\/\/wp.me\/p1qtF4-144","jetpack-related-posts":[{"id":2689,"url":"https:\/\/lyonelkaufmann.ch\/Blog\/2010\/04\/06\/facebook-oui-ou-non-dans-la-relation-prof-eleves\/","url_meta":{"origin":4096,"position":0},"title":"Facebook : oui ou non dans la relation prof-\u00e9l\u00e8ves?","author":"Lyonel Kaufmann","date":"6 avril 2010","format":false,"excerpt":"Le hasard de mes lectures et de ma veille a fait se rencontrer deux articles pr\u00e9sentant les relations profs-\u00e9l\u00e8ves avec Facebook. Deux extraits. Deux choix diff\u00e9rents concernant l'un des \u00e9l\u00e8ves, l'autre des \u00e9tudiants. Une r\u00e9flexion \u00e0 mener pour tout en chacun. Pourquoi je suis \"ami\" avec mes \u00e9tudiants - affordance.info\u2026","rel":"","context":"Dans &quot;histoire&quot;","block_context":{"text":"histoire","link":"https:\/\/lyonelkaufmann.ch\/Blog\/category\/histoire-2\/"},"img":{"alt_text":"","src":"https:\/\/i0.wp.com\/lyonelkaufmann.ch\/Blog\/wp-content\/uploads\/2015\/03\/4424871206_e25dd38211.jpg?fit=500%2C375&ssl=1&resize=350%2C200","width":350,"height":200},"classes":[]},{"id":7868,"url":"https:\/\/lyonelkaufmann.ch\/Blog\/2007\/11\/22\/24-de-visiteurs-en-plus-pour-wikipedia-en-france\/","url_meta":{"origin":4096,"position":1},"title":"24 % de visiteurs en plus pour Wikipedia en France","author":"Lyonel Kaufmann","date":"22 novembre 2007","format":false,"excerpt":"C'est la version du Figaro en ligne qui nous l'apprend : Parmi les dix sites les plus visit\u00e9s, le cabinet de mesure d\u2019audience Comscore rel\u00e8ve que Google est toujours en t\u00eate, avec pr\u00e8s de 20 millions de visiteurs uniques. Il est suivi par le site de Microsoft qui enregistre 17\u2026","rel":"","context":"Dans &quot;histoire&quot;","block_context":{"text":"histoire","link":"https:\/\/lyonelkaufmann.ch\/Blog\/category\/histoire-2\/"},"img":{"alt_text":"","src":"","width":0,"height":0},"classes":[]},{"id":7552,"url":"https:\/\/lyonelkaufmann.ch\/Blog\/2013\/10\/03\/problematiser-mais-vraiment-en-classe-dhistoire-chronique-no-145\/","url_meta":{"origin":4096,"position":2},"title":"Probl\u00e9matiser, mais vraiment, en classe d&rsquo;histoire | Chronique no 145","author":"Lyonel Kaufmann","date":"3 octobre 2013","format":false,"excerpt":"La parution r\u00e9cente de \u00ab\u00a0Didactique et enseignement de l'histoire-g\u00e9ographie au coll\u00e8ge et au lyc\u00e9e\u00bb de Yannick M\u00e9vel et Nicole Tutiaux Guillon permet de faire le point sur la question de la probl\u00e9matisation et du probl\u00e8me en classe d'histoire.\u00a0 Pr\u00e9alablement, l'ouvrage de Yannick M\u00e9vel et Nicole Tutiaux-Guillon propose par chapitre d'aborder\u2026","rel":"","context":"Dans &quot;histoire&quot;","block_context":{"text":"histoire","link":"https:\/\/lyonelkaufmann.ch\/Blog\/category\/histoire-2\/"},"img":{"alt_text":"145_chronique","src":"https:\/\/i0.wp.com\/lyonelkaufmann.ch\/histoire\/wp-content\/uploads\/2013\/10\/145_chronique.jpg?resize=350%2C200","width":350,"height":200},"classes":[]},{"id":24541,"url":"https:\/\/lyonelkaufmann.ch\/Blog\/2023\/12\/19\/de-lair-bye-standard-notes-et-merci\/","url_meta":{"origin":4096,"position":3},"title":"De l&rsquo;air\u2026 Bye Standard Notes (et merci)","author":"Lyonel Kaufmann","date":"19 d\u00e9cembre 2023","format":false,"excerpt":"La mise sur pied d\u2019un NextCloud domestique avec ma NextBox me conduit \u00e0 rapatrier progressivement sur celle-ci mon espace et mes outils de travail tant sur mes appareils que sur le Cloud. Ces derni\u00e8res ann\u00e9es, j\u2019ai notamment utilis\u00e9 Standard Notes qui est une solution en ligne, mais aussi utilisable via\u2026","rel":"","context":"Dans &quot;Blogcaf\u00e9&quot;","block_context":{"text":"Blogcaf\u00e9","link":"https:\/\/lyonelkaufmann.ch\/Blog\/category\/blogcafe-2\/"},"img":{"alt_text":"","src":"https:\/\/i0.wp.com\/lyonelkaufmann.ch\/Blog\/wp-content\/uploads\/2023\/12\/StandardNotes-scaled.jpg?fit=1200%2C381&ssl=1&resize=350%2C200","width":350,"height":200,"srcset":"https:\/\/i0.wp.com\/lyonelkaufmann.ch\/Blog\/wp-content\/uploads\/2023\/12\/StandardNotes-scaled.jpg?fit=1200%2C381&ssl=1&resize=350%2C200 1x, https:\/\/i0.wp.com\/lyonelkaufmann.ch\/Blog\/wp-content\/uploads\/2023\/12\/StandardNotes-scaled.jpg?fit=1200%2C381&ssl=1&resize=525%2C300 1.5x, https:\/\/i0.wp.com\/lyonelkaufmann.ch\/Blog\/wp-content\/uploads\/2023\/12\/StandardNotes-scaled.jpg?fit=1200%2C381&ssl=1&resize=700%2C400 2x, https:\/\/i0.wp.com\/lyonelkaufmann.ch\/Blog\/wp-content\/uploads\/2023\/12\/StandardNotes-scaled.jpg?fit=1200%2C381&ssl=1&resize=1050%2C600 3x"},"classes":[]},{"id":8596,"url":"https:\/\/lyonelkaufmann.ch\/Blog\/2014\/12\/02\/faut-il-en-finir-avec-les-notes-la-vie-des-idees\/","url_meta":{"origin":4096,"position":4},"title":"Faut-il en finir avec les notes ? | La Vie des id\u00e9es","author":"Lyonel Kaufmann","date":"2 d\u00e9cembre 2014","format":false,"excerpt":"La notation des \u00e9l\u00e8ves est de plus en plus contest\u00e9e, notamment par les chercheurs. Pour La Vie des id\u00e9es, Pierre Merle fait une synth\u00e8se des conclusions de ces travaux au moment o\u00f9 les institutions en France s\u2019emparent de la question et propose des pistes pour renouveler les pratiques d\u2019\u00e9valuation des\u2026","rel":"","context":"Dans &quot;histoire&quot;","block_context":{"text":"histoire","link":"https:\/\/lyonelkaufmann.ch\/Blog\/category\/histoire-2\/"},"img":{"alt_text":"","src":"https:\/\/i0.wp.com\/lyonelkaufmann.ch\/Blog\/wp-content\/uploads\/2015\/03\/blogcafe1.jpg?fit=1024%2C683&ssl=1&resize=350%2C200","width":350,"height":200,"srcset":"https:\/\/i0.wp.com\/lyonelkaufmann.ch\/Blog\/wp-content\/uploads\/2015\/03\/blogcafe1.jpg?fit=1024%2C683&ssl=1&resize=350%2C200 1x, https:\/\/i0.wp.com\/lyonelkaufmann.ch\/Blog\/wp-content\/uploads\/2015\/03\/blogcafe1.jpg?fit=1024%2C683&ssl=1&resize=525%2C300 1.5x, https:\/\/i0.wp.com\/lyonelkaufmann.ch\/Blog\/wp-content\/uploads\/2015\/03\/blogcafe1.jpg?fit=1024%2C683&ssl=1&resize=700%2C400 2x"},"classes":[]},{"id":7190,"url":"https:\/\/lyonelkaufmann.ch\/Blog\/2013\/06\/27\/revue-de-presse-histoire-et-geographie-liberons-les-eleves-du-programme-journal-dun-prof-dhistoire-rue89-les-blogs\/","url_meta":{"origin":4096,"position":5},"title":"Revue de presse : Histoire et g\u00e9ographie\u00a0: lib\u00e9rons les \u00e9l\u00e8ves du programme | Journal d\u2019un prof d\u2019histoire | Rue89 Les blogs","author":"Lyonel Kaufmann","date":"27 juin 2013","format":false,"excerpt":"\u00abDavantage peut-\u00eatre que les sujets d\u2019examen en eux-m\u00eames, c\u2019est la lourdeur des programmes qui focalise le m\u00e9contentement, renforc\u00e9 par le refus obstin\u00e9 de l\u2019Education nationale de prendre en consid\u00e9ration ce que les enseignants sont quasi unanimes \u2013 chose rare \u2013 \u00e0 lui signifier : en classe d\u2019examen, est-il vraiment pertinent\u2026","rel":"","context":"Dans &quot;histoire&quot;","block_context":{"text":"histoire","link":"https:\/\/lyonelkaufmann.ch\/Blog\/category\/histoire-2\/"},"img":{"alt_text":"","src":"https:\/\/i0.wp.com\/lyonelkaufmann.ch\/Blog\/wp-content\/uploads\/2015\/03\/blogcafe1.jpg?fit=1024%2C683&ssl=1&resize=350%2C200","width":350,"height":200,"srcset":"https:\/\/i0.wp.com\/lyonelkaufmann.ch\/Blog\/wp-content\/uploads\/2015\/03\/blogcafe1.jpg?fit=1024%2C683&ssl=1&resize=350%2C200 1x, https:\/\/i0.wp.com\/lyonelkaufmann.ch\/Blog\/wp-content\/uploads\/2015\/03\/blogcafe1.jpg?fit=1024%2C683&ssl=1&resize=525%2C300 1.5x, https:\/\/i0.wp.com\/lyonelkaufmann.ch\/Blog\/wp-content\/uploads\/2015\/03\/blogcafe1.jpg?fit=1024%2C683&ssl=1&resize=700%2C400 2x"},"classes":[]}],"jetpack_likes_enabled":true,"_links":{"self":[{"href":"https:\/\/lyonelkaufmann.ch\/Blog\/wp-json\/wp\/v2\/posts\/4096","targetHints":{"allow":["GET"]}}],"collection":[{"href":"https:\/\/lyonelkaufmann.ch\/Blog\/wp-json\/wp\/v2\/posts"}],"about":[{"href":"https:\/\/lyonelkaufmann.ch\/Blog\/wp-json\/wp\/v2\/types\/post"}],"author":[{"embeddable":true,"href":"https:\/\/lyonelkaufmann.ch\/Blog\/wp-json\/wp\/v2\/users\/1"}],"replies":[{"embeddable":true,"href":"https:\/\/lyonelkaufmann.ch\/Blog\/wp-json\/wp\/v2\/comments?post=4096"}],"version-history":[{"count":0,"href":"https:\/\/lyonelkaufmann.ch\/Blog\/wp-json\/wp\/v2\/posts\/4096\/revisions"}],"wp:featuredmedia":[{"embeddable":true,"href":"https:\/\/lyonelkaufmann.ch\/Blog\/wp-json\/wp\/v2\/media\/14680"}],"wp:attachment":[{"href":"https:\/\/lyonelkaufmann.ch\/Blog\/wp-json\/wp\/v2\/media?parent=4096"}],"wp:term":[{"taxonomy":"category","embeddable":true,"href":"https:\/\/lyonelkaufmann.ch\/Blog\/wp-json\/wp\/v2\/categories?post=4096"},{"taxonomy":"post_tag","embeddable":true,"href":"https:\/\/lyonelkaufmann.ch\/Blog\/wp-json\/wp\/v2\/tags?post=4096"}],"curies":[{"name":"wp","href":"https:\/\/api.w.org\/{rel}","templated":true}]}}