{"id":4127,"date":"2011-09-22T12:10:31","date_gmt":"2011-09-22T12:10:31","guid":{"rendered":"http:\/\/lyonelkaufmann.ch\/histoire\/?p=4127"},"modified":"2011-09-22T12:10:31","modified_gmt":"2011-09-22T12:10:31","slug":"la-boite-a-outils-des-historiens-les-historiens-seront-ils-finalement-programmeurs","status":"publish","type":"post","link":"https:\/\/lyonelkaufmann.ch\/Blog\/2011\/09\/22\/la-boite-a-outils-des-historiens-les-historiens-seront-ils-finalement-programmeurs\/","title":{"rendered":"La Boite \u00e0 Outils des Historiens: Les historiens seront-ils finalement programmeurs ?"},"content":{"rendered":"<p><strong>Un article qui prend comme point de d\u00e9part la fameuse phare d&rsquo;Emmanuel Le Roy Ladurie :\u00a0\u00ab\u00a0les historiens seront programmeurs ou ils ne seront plus\u00a0\u00bb pour l&rsquo;actualiser par rapport \u00e0 aujourd&rsquo;hui. A lire donc.<\/strong><\/p>\n<blockquote><p>\u00abUn spectre hante les r\u00e9flexions autour du tournant num\u00e9rique qui affecte le m\u00e9tier d&rsquo;historien&#8230; Il s&rsquo;agit d&rsquo;une d\u00e9claration, faite par Emmanuel Le Roy Ladurie, \u00e0 la suite d&rsquo;une conf\u00e9rence concernant l\u2019usage du quantitatif en histoire qui eut lieu en 1967 \u00e0 Ann Arbor (v<a href=\"http:\/\/www.jstor.org\/pss\/203882\">oir ici<\/a>, texte repris en 1974 dans\u00a0<a href=\"http:\/\/www.amazon.fr\/territoire-lhistorien-Emmanuel-Roy-Ladurie\/dp\/2070284182\"><em>Le territoire de l&rsquo;historien<\/em><\/a>) :<\/p>\n<div style=\"text-align:center;\"><strong>\u00ab\u00a0les historiens seront programmeurs ou ils ne seront plus\u00a0\u00bb<\/strong><\/div>\n<p><\/p>\n<div style=\"text-align:justify;\">Plus de quarante ans plus tard, alors que les historiens semblent s&rsquo;interroger collectivement sur le r\u00f4le des outils informatiques et des ressources num\u00e9riques dans les transformations qui affectent leur m\u00e9tier (voir\u00a0<a href=\"http:\/\/lamop.univ-paris1.fr\/spip.php?article483\">ici<\/a>,<a style=\"text-decoration:none;color:#2187bb;\" href=\"http:\/\/historiacritica.uniandes.edu.co\/indexar.php?c=Revista+No+43\">l\u00e0<\/a>, ou\u00a0<a href=\"http:\/\/www.boiteaoutils.info\/2011\/03\/le-metier-dhistorien-lere-numerique.html\">l\u00e0<\/a>), la question de la n\u00e9cessit\u00e9 d&rsquo;apprendre \u00e0 \u00ab\u00a0programmer\u00a0\u00bb se pose sous un angle diff\u00e9rent.<\/div>\n<div style=\"text-align:justify;\">Sur son site,\u00a0<a href=\"http:\/\/www.clavert.net\/\">Fr\u00e9d\u00e9ric Clavert<\/a> [\u2026]\u00a0a r\u00e9cemment propos\u00e9 quelques \u00ab\u00a0pens\u00e9es \u00e9parses\u00a0\u00bb sur \u00ab\u00a0<a href=\"http:\/\/www.clavert.net\/wordpress\/?p=385\">le code et l&rsquo;historien contemporan\u00e9iste<\/a>\u00ab\u00a0. Prenant pour pr\u00e9texte les r\u00e9flexions suscit\u00e9es par ce texte tr\u00e8s stimulant, ce billet se veut une sorte de compl\u00e9ment\/prolongation \u00e0 celles que Franziska et moi avons entam\u00e9es sur le \u00ab\u00a0<a href=\"http:\/\/www.boiteaoutils.info\/2011\/08\/vers-un-socle-commun-de-formation-aux.html\">socle commun<\/a>\u00a0\u00bb et la n\u00e9cessit\u00e9 d&rsquo;une\u00a0<a href=\"http:\/\/act.hypotheses.org\/1195\">meilleure (in)formation des historiens<\/a> aux outils num\u00e9riques, pour un article \u00e0 para\u00eetre en fin d&rsquo;ann\u00e9e dans la\u00a0<em>Revue d&rsquo;histoire moderne et contemporaine<\/em> (et dont nous discuterons bient\u00f4t \u00e0 Blois &#8211;\u00a0<a href=\"http:\/\/www.rdv-histoire.com\/IMG\/pdf\/rdvh-2011.pdf\">cf. pp. 14\/15<\/a>)\u00bb<\/div>\n<\/blockquote>\n<p>Lire la suite : <a href=\"http:\/\/www.boiteaoutils.info\/2011\/09\/les-historiens-seront-ils-finalement.html\">La Boite \u00e0 Outils des Historiens: Les historiens seront-ils finalement programmeurs ?<\/a>.<\/p>\n","protected":false},"excerpt":{"rendered":"<p>Un article qui prend comme point de d\u00e9part la fameuse phare d&rsquo;Emmanuel Le Roy Ladurie :\u00a0\u00ab\u00a0les historiens seront programmeurs ou ils ne seront plus\u00a0\u00bb pour l&rsquo;actualiser par rapport \u00e0 aujourd&rsquo;hui. A lire donc. \u00abUn spectre hante les r\u00e9flexions autour du tournant num\u00e9rique qui affecte le m\u00e9tier d&rsquo;historien&#8230; Il s&rsquo;agit d&rsquo;une d\u00e9claration, faite par Emmanuel Le [&hellip;]<\/p>\n","protected":false},"author":1,"featured_media":14680,"comment_status":"open","ping_status":"open","sticky":false,"template":"","format":"standard","meta":{"_import_markdown_pro_load_document_selector":0,"_import_markdown_pro_submit_text_textarea":"","_genesis_hide_title":false,"_genesis_hide_breadcrumbs":false,"_genesis_hide_singular_image":false,"_genesis_hide_footer_widgets":false,"_genesis_custom_body_class":"","_genesis_custom_post_class":"","_genesis_layout":"","jetpack_post_was_ever_published":false,"_jetpack_newsletter_access":"","_jetpack_dont_email_post_to_subs":false,"_jetpack_newsletter_tier_id":0,"_jetpack_memberships_contains_paywalled_content":false,"_jetpack_memberships_contains_paid_content":false,"activitypub_content_warning":"","activitypub_content_visibility":"","activitypub_max_image_attachments":3,"activitypub_interaction_policy_quote":"anyone","activitypub_status":"","footnotes":"","jetpack_publicize_message":"","jetpack_publicize_feature_enabled":true,"jetpack_social_post_already_shared":true,"jetpack_social_options":{"image_generator_settings":{"template":"fullscreen","default_image_id":0,"font":"","enabled":false},"version":2}},"categories":[2],"tags":[],"class_list":{"0":"post-4127","1":"post","2":"type-post","3":"status-publish","4":"format-standard","5":"has-post-thumbnail","7":"category-histoire-2","8":"entry"},"jetpack_publicize_connections":[],"featured_image_src":"https:\/\/i0.wp.com\/lyonelkaufmann.ch\/Blog\/wp-content\/uploads\/2015\/03\/blogcafe1.jpg?resize=600%2C400&ssl=1","featured_image_src_square":"https:\/\/i0.wp.com\/lyonelkaufmann.ch\/Blog\/wp-content\/uploads\/2015\/03\/blogcafe1.jpg?resize=600%2C600&ssl=1","author_info":{"display_name":"Lyonel Kaufmann","author_link":"https:\/\/lyonelkaufmann.ch\/Blog\/author\/lyonelk\/"},"jetpack_featured_media_url":"https:\/\/i0.wp.com\/lyonelkaufmann.ch\/Blog\/wp-content\/uploads\/2015\/03\/blogcafe1.jpg?fit=1024%2C683&ssl=1","jetpack_sharing_enabled":true,"jetpack_shortlink":"https:\/\/wp.me\/p1qtF4-14z","jetpack-related-posts":[{"id":4748,"url":"https:\/\/lyonelkaufmann.ch\/Blog\/2011\/12\/24\/revue-de-presse-23-decembre-2011\/","url_meta":{"origin":4127,"position":0},"title":"Revue de presse : Les \u00ab digital natives \u00bb ne naissent pas chercheurs\u2026 (23 d\u00e9cembre 2011)","author":"Lyonel Kaufmann","date":"24 d\u00e9cembre 2011","format":false,"excerpt":"La Boite \u00e0 Outils des Historiens: Les \u00ab digital natives \u00bb ne naissent pas chercheurs\u2026 | La bo\u00eete \u00e0 outils des historiens dans Archimag ! Dans le cadre d\u2019un article \u00e0 para\u00eetre dans la Revued\u2019histoire moderne et contemporaine, \u00c9milien Ruiz a tent\u00e9 de proposer une typologie des trois principales transformations\u2026","rel":"","context":"Dans &quot;histoire&quot;","block_context":{"text":"histoire","link":"https:\/\/lyonelkaufmann.ch\/Blog\/category\/histoire-2\/"},"img":{"alt_text":"","src":"https:\/\/i0.wp.com\/lyonelkaufmann.ch\/Blog\/wp-content\/uploads\/2015\/03\/blogcafe1.jpg?fit=1024%2C683&ssl=1&resize=350%2C200","width":350,"height":200,"srcset":"https:\/\/i0.wp.com\/lyonelkaufmann.ch\/Blog\/wp-content\/uploads\/2015\/03\/blogcafe1.jpg?fit=1024%2C683&ssl=1&resize=350%2C200 1x, https:\/\/i0.wp.com\/lyonelkaufmann.ch\/Blog\/wp-content\/uploads\/2015\/03\/blogcafe1.jpg?fit=1024%2C683&ssl=1&resize=525%2C300 1.5x, https:\/\/i0.wp.com\/lyonelkaufmann.ch\/Blog\/wp-content\/uploads\/2015\/03\/blogcafe1.jpg?fit=1024%2C683&ssl=1&resize=700%2C400 2x"},"classes":[]},{"id":7861,"url":"https:\/\/lyonelkaufmann.ch\/Blog\/2007\/10\/29\/roy-rosenzweig-19502007\/","url_meta":{"origin":4127,"position":1},"title":"Roy Rosenzweig (1950\u20142007)","author":"Lyonel Kaufmann","date":"29 octobre 2007","format":false,"excerpt":"Roy Rosenzweig (1950\u20142007) Roy Rosenzweig n'est pas un historien fort connu dans nos contr\u00e9es. C'est dommage. Historien am\u00e9ricain, il est un des pionniers relativement \u00e0 l'histoire et l'utilisation des nouveaux m\u00e9dias. Ses pr\u00e9occupations portaient notamment sur la mise \u00e0 disposition de ressources historiques sous forme digitale (Digital history). Parmi ses\u2026","rel":"","context":"Dans &quot;histoire&quot;","block_context":{"text":"histoire","link":"https:\/\/lyonelkaufmann.ch\/Blog\/category\/histoire-2\/"},"img":{"alt_text":"","src":"https:\/\/i0.wp.com\/lyonelkaufmann.ch\/Blog\/wp-content\/uploads\/2015\/03\/158.jpg?fit=234%2C252&ssl=1&resize=350%2C200","width":350,"height":200},"classes":[]},{"id":8498,"url":"https:\/\/lyonelkaufmann.ch\/Blog\/2014\/11\/05\/regards-dun-historien-sur-les-sciences-humaines-numeriques\/","url_meta":{"origin":4127,"position":2},"title":"Regards d\u2019un historien sur les sciences humaines num\u00e9riques","author":"Lyonel Kaufmann","date":"5 novembre 2014","format":false,"excerpt":"En f\u00e9vrier dernier, l\u2019expression digital humanities atteignait la cote de 100\u00a0% sur Google Trends. Pour certains enthousiastes, ces sciences humaines num\u00e9riques repr\u00e9senteraient l\u2019avenir, voire une planche de salut pour les programmes en lettres, sciences humaines et sciences sociales, qui souffrent d\u2019une remise en question de leur valeur \u00e9manant de la\u2026","rel":"","context":"Dans &quot;histoire&quot;","block_context":{"text":"histoire","link":"https:\/\/lyonelkaufmann.ch\/Blog\/category\/histoire-2\/"},"img":{"alt_text":"","src":"","width":0,"height":0},"classes":[]},{"id":6730,"url":"https:\/\/lyonelkaufmann.ch\/Blog\/2013\/01\/21\/revue-de-presse-blogs-et-histoire-quelques-observations-et-retours-dexperiences-devenir-historien-ne\/","url_meta":{"origin":4127,"position":3},"title":"Revue de presse : Blogs et histoire : quelques observations et retours d\u2019exp\u00e9riences | Devenir historien-ne","author":"Lyonel Kaufmann","date":"21 janvier 2013","format":false,"excerpt":"Chercher, enseigner, bloguer: une exp\u00e9rience de doctorant en histoire \u00e0 l\u2019\u00e8re num\u00e9rique. Il s\u2019agit d\u2019une pr\u00e9sentation des usages possibles du blog en histoire et d\u2019une tentative ultra-pros\u00e9lyte d'Emilien Ruiz de convaincre de l\u2019int\u00e9r\u00eat de se lancer dans ce type d\u2019exp\u00e9riences\u2026.Blogs et histoire : quelques observations et retours d\u2019exp\u00e9riences | Devenir\u2026","rel":"","context":"Dans &quot;histoire&quot;","block_context":{"text":"histoire","link":"https:\/\/lyonelkaufmann.ch\/Blog\/category\/histoire-2\/"},"img":{"alt_text":"","src":"https:\/\/i0.wp.com\/lyonelkaufmann.ch\/Blog\/wp-content\/uploads\/2015\/03\/blogcafe1.jpg?fit=1024%2C683&ssl=1&resize=350%2C200","width":350,"height":200,"srcset":"https:\/\/i0.wp.com\/lyonelkaufmann.ch\/Blog\/wp-content\/uploads\/2015\/03\/blogcafe1.jpg?fit=1024%2C683&ssl=1&resize=350%2C200 1x, https:\/\/i0.wp.com\/lyonelkaufmann.ch\/Blog\/wp-content\/uploads\/2015\/03\/blogcafe1.jpg?fit=1024%2C683&ssl=1&resize=525%2C300 1.5x, https:\/\/i0.wp.com\/lyonelkaufmann.ch\/Blog\/wp-content\/uploads\/2015\/03\/blogcafe1.jpg?fit=1024%2C683&ssl=1&resize=700%2C400 2x"},"classes":[]},{"id":4445,"url":"https:\/\/lyonelkaufmann.ch\/Blog\/2011\/03\/10\/le-metier-dhistorien-a-lere-numerique-nouvelles\/","url_meta":{"origin":4127,"position":4},"title":"Le m\u00e9tier d\u2019historien \u00e0 l\u2019\u00e8re num\u00e9rique : nouvelles pratiques, nouvelle \u00e9pist\u00e9mologie ? | L&rsquo;\u00e9dition \u00e9lectronique ouverte","author":"Lyonel Kaufmann","date":"10 mars 2011","format":false,"excerpt":"Samedi 12 mars, entre 9h00 et 12h30, le Cl\u00e9o participera \u00e0 une table ronde de la Soci\u00e9t\u00e9 d\u2019Histoire Moderne et Contemporaine (SHMC). Pr\u00e9sentation\u00a0: En quoi les outils num\u00e9riques changent-ils notre mani\u00e8re de travailler\u00a0? Il ne s\u2019agit pas ici de revenir sur les rapports entre informatique et histoire, mais bien plut\u00f4t\u2026","rel":"","context":"Dans &quot;histoire&quot;","block_context":{"text":"histoire","link":"https:\/\/lyonelkaufmann.ch\/Blog\/category\/histoire-2\/"},"img":{"alt_text":"","src":"https:\/\/i0.wp.com\/leo.hypotheses.org\/files\/2011\/03\/3433425269_933e258b7a_z-300x201.jpg?resize=350%2C200","width":350,"height":200},"classes":[]},{"id":9201,"url":"https:\/\/lyonelkaufmann.ch\/Blog\/2013\/01\/21\/revue-de-presse-blogs-et-histoire-quelques-observations-et-retours-dexperiences-devenir-historien-ne-2\/","url_meta":{"origin":4127,"position":5},"title":"Revue de presse : Blogs et histoire : quelques observations et retours d\u2019exp\u00e9riences | Devenir historien-ne","author":"Lyonel Kaufmann","date":"21 janvier 2013","format":false,"excerpt":"Chercher, enseigner, bloguer: une exp\u00e9rience de doctorant en histoire \u00e0 l\u2019\u00e8re num\u00e9rique. Il s\u2019agit d\u2019une pr\u00e9sentation des usages possibles du blog en histoire et d\u2019une tentative ultra-pros\u00e9lyte d'Emilien Ruiz de convaincre de l\u2019int\u00e9r\u00eat de se lancer dans ce type d\u2019exp\u00e9riences\u2026.Blogs et histoire : quelques observations et retours d\u2019exp\u00e9riences | Devenir\u2026","rel":"","context":"Dans &quot;L'Expresso&quot;","block_context":{"text":"L'Expresso","link":"https:\/\/lyonelkaufmann.ch\/Blog\/category\/breves\/"},"img":{"alt_text":"","src":"https:\/\/i0.wp.com\/lyonelkaufmann.ch\/Blog\/wp-content\/uploads\/2015\/03\/blogcafe1.jpg?fit=1024%2C683&ssl=1&resize=350%2C200","width":350,"height":200,"srcset":"https:\/\/i0.wp.com\/lyonelkaufmann.ch\/Blog\/wp-content\/uploads\/2015\/03\/blogcafe1.jpg?fit=1024%2C683&ssl=1&resize=350%2C200 1x, https:\/\/i0.wp.com\/lyonelkaufmann.ch\/Blog\/wp-content\/uploads\/2015\/03\/blogcafe1.jpg?fit=1024%2C683&ssl=1&resize=525%2C300 1.5x, https:\/\/i0.wp.com\/lyonelkaufmann.ch\/Blog\/wp-content\/uploads\/2015\/03\/blogcafe1.jpg?fit=1024%2C683&ssl=1&resize=700%2C400 2x"},"classes":[]}],"jetpack_likes_enabled":true,"_links":{"self":[{"href":"https:\/\/lyonelkaufmann.ch\/Blog\/wp-json\/wp\/v2\/posts\/4127","targetHints":{"allow":["GET"]}}],"collection":[{"href":"https:\/\/lyonelkaufmann.ch\/Blog\/wp-json\/wp\/v2\/posts"}],"about":[{"href":"https:\/\/lyonelkaufmann.ch\/Blog\/wp-json\/wp\/v2\/types\/post"}],"author":[{"embeddable":true,"href":"https:\/\/lyonelkaufmann.ch\/Blog\/wp-json\/wp\/v2\/users\/1"}],"replies":[{"embeddable":true,"href":"https:\/\/lyonelkaufmann.ch\/Blog\/wp-json\/wp\/v2\/comments?post=4127"}],"version-history":[{"count":0,"href":"https:\/\/lyonelkaufmann.ch\/Blog\/wp-json\/wp\/v2\/posts\/4127\/revisions"}],"wp:featuredmedia":[{"embeddable":true,"href":"https:\/\/lyonelkaufmann.ch\/Blog\/wp-json\/wp\/v2\/media\/14680"}],"wp:attachment":[{"href":"https:\/\/lyonelkaufmann.ch\/Blog\/wp-json\/wp\/v2\/media?parent=4127"}],"wp:term":[{"taxonomy":"category","embeddable":true,"href":"https:\/\/lyonelkaufmann.ch\/Blog\/wp-json\/wp\/v2\/categories?post=4127"},{"taxonomy":"post_tag","embeddable":true,"href":"https:\/\/lyonelkaufmann.ch\/Blog\/wp-json\/wp\/v2\/tags?post=4127"}],"curies":[{"name":"wp","href":"https:\/\/api.w.org\/{rel}","templated":true}]}}