{"id":4149,"date":"2011-10-04T00:37:53","date_gmt":"2011-10-04T00:37:53","guid":{"rendered":"http:\/\/lyonelkaufmann.ch\/histoire\/2011\/10\/04\/cafe-histoire-10042011\/"},"modified":"2011-10-04T00:37:53","modified_gmt":"2011-10-04T00:37:53","slug":"cafe-histoire-10042011","status":"publish","type":"post","link":"https:\/\/lyonelkaufmann.ch\/Blog\/2011\/10\/04\/cafe-histoire-10042011\/","title":{"rendered":"Les banques, d\u2019une crise \u00e0 l\u2019autre | La Vie des id\u00e9es"},"content":{"rendered":"<ul class=\"diigo-linkroll\">\n<li>\n<p class=\"diigo-link\"><a href=\"http:\/\/www.laviedesidees.fr\/Les-banques-d-une-crise-a-l-autre.html\" rel=\"nofollow\">Les banques, d\u2019une crise \u00e0 l\u2019autre &#8211; La Vie des id\u00e9es<\/a><\/p>\n<p class=\"diigo-description\">Un tour d\u2019horizon de l\u2019histoire des banques commerciales \u00e0 travers le r\u00e9cit de leurs crises, de leur r\u00e9gulation et de leurs liens avec le pouvoir politique et mon\u00e9taire. Richard Grossman offre une mise en perspective tr\u00e8s utile pour comprendre les d\u00e9fis lanc\u00e9s par la crise actuelle.<\/p>\n<p class=\"diigo-tags\"><a style=\"color:#000 !important;text-decoration:none !important;\" href=\"http:\/\/groups.diigo.com\/cloud\/histoire-20\">Tags<\/a>: <a href=\"http:\/\/groups.diigo.com\/histoire-20\/bookmark\/tag\/RevuePresse\">RevuePresse<\/a>, <a href=\"http:\/\/groups.diigo.com\/histoire-20\/bookmark\/tag\/histoire\">histoire<\/a>, <a href=\"http:\/\/groups.diigo.com\/histoire-20\/bookmark\/tag\/politis\">politis<\/a>, <a href=\"http:\/\/groups.diigo.com\/histoire-20\/bookmark\/tag\/banques\">banques<\/a>, <a href=\"http:\/\/groups.diigo.com\/histoire-20\/bookmark\/tag\/CriseEconomique\">CriseEconomique<\/a>, <a href=\"http:\/\/groups.diigo.com\/histoire-20\/bookmark\/tag\/CriseFinanci\u00e8re\">CriseFinanci\u00e8re<\/a><\/p>\n<\/li>\n<\/ul>\n<p>Posted from <a href=\"http:\/\/www.diigo.com\">Diigo<\/a>. The rest of <strong>Histoire 2.0<\/strong> <a href=\"http:\/\/groups.diigo.com\/group\/histoire-20\">group favorite links<\/a> are here.<\/p>\n","protected":false},"excerpt":{"rendered":"<p>Les banques, d\u2019une crise \u00e0 l\u2019autre &#8211; La Vie des id\u00e9es Un tour d\u2019horizon de l\u2019histoire des banques commerciales \u00e0 travers le r\u00e9cit de leurs crises, de leur r\u00e9gulation et de leurs liens avec le pouvoir politique et mon\u00e9taire. Richard Grossman offre une mise en perspective tr\u00e8s utile pour comprendre les d\u00e9fis lanc\u00e9s par la [&hellip;]<\/p>\n","protected":false},"author":1,"featured_media":14680,"comment_status":"open","ping_status":"open","sticky":false,"template":"","format":"standard","meta":{"_import_markdown_pro_load_document_selector":0,"_import_markdown_pro_submit_text_textarea":"","_genesis_hide_title":false,"_genesis_hide_breadcrumbs":false,"_genesis_hide_singular_image":false,"_genesis_hide_footer_widgets":false,"_genesis_custom_body_class":"","_genesis_custom_post_class":"","_genesis_layout":"","jetpack_post_was_ever_published":false,"_jetpack_newsletter_access":"","_jetpack_dont_email_post_to_subs":false,"_jetpack_newsletter_tier_id":0,"_jetpack_memberships_contains_paywalled_content":false,"_jetpack_memberships_contains_paid_content":false,"activitypub_content_warning":"","activitypub_content_visibility":"","activitypub_max_image_attachments":3,"activitypub_interaction_policy_quote":"anyone","activitypub_status":"","footnotes":"","jetpack_publicize_message":"","jetpack_publicize_feature_enabled":true,"jetpack_social_post_already_shared":true,"jetpack_social_options":{"image_generator_settings":{"template":"fullscreen","default_image_id":0,"font":"","enabled":false},"version":2}},"categories":[2],"tags":[],"class_list":{"0":"post-4149","1":"post","2":"type-post","3":"status-publish","4":"format-standard","5":"has-post-thumbnail","7":"category-histoire-2","8":"entry"},"jetpack_publicize_connections":[],"featured_image_src":"https:\/\/i0.wp.com\/lyonelkaufmann.ch\/Blog\/wp-content\/uploads\/2015\/03\/blogcafe1.jpg?resize=600%2C400&ssl=1","featured_image_src_square":"https:\/\/i0.wp.com\/lyonelkaufmann.ch\/Blog\/wp-content\/uploads\/2015\/03\/blogcafe1.jpg?resize=600%2C600&ssl=1","author_info":{"display_name":"Lyonel Kaufmann","author_link":"https:\/\/lyonelkaufmann.ch\/Blog\/author\/lyonelk\/"},"jetpack_featured_media_url":"https:\/\/i0.wp.com\/lyonelkaufmann.ch\/Blog\/wp-content\/uploads\/2015\/03\/blogcafe1.jpg?fit=1024%2C683&ssl=1","jetpack_sharing_enabled":true,"jetpack_shortlink":"https:\/\/wp.me\/p1qtF4-14V","jetpack-related-posts":[{"id":14560,"url":"https:\/\/lyonelkaufmann.ch\/Blog\/2015\/02\/24\/revue-de-presse-la-bce-et-la-crise-du-capitalisme-en-europe\/","url_meta":{"origin":4149,"position":0},"title":"Revue de Presse : La BCE et la crise du capitalisme en Europe","author":"Lyonel Kaufmann","date":"24 f\u00e9vrier 2015","format":false,"excerpt":"Selon Cl\u00e9ment Fontan, la Banque centrale europ\u00e9enne a outrepass\u00e9 ses pr\u00e9rogatives et a, sans contr\u00f4le d\u00e9mocratique, trait\u00e9 de mani\u00e8re trop diff\u00e9renci\u00e9e l'aide qu'elle apporte aux \u00c9tats et celle qu'elle alloue au syst\u00e8me financier. Mon commentaire : A lire pour mieux comprendre les tenants et aboutissements de la crise grecque et\u2026","rel":"","context":"Dans &quot;Diary&quot;","block_context":{"text":"Diary","link":"https:\/\/lyonelkaufmann.ch\/Blog\/category\/diary\/"},"img":{"alt_text":"","src":"https:\/\/i0.wp.com\/lyonelkaufmann.ch\/Blog\/wp-content\/uploads\/2015\/03\/blogcafe1.jpg?fit=1024%2C683&ssl=1&resize=350%2C200","width":350,"height":200,"srcset":"https:\/\/i0.wp.com\/lyonelkaufmann.ch\/Blog\/wp-content\/uploads\/2015\/03\/blogcafe1.jpg?fit=1024%2C683&ssl=1&resize=350%2C200 1x, https:\/\/i0.wp.com\/lyonelkaufmann.ch\/Blog\/wp-content\/uploads\/2015\/03\/blogcafe1.jpg?fit=1024%2C683&ssl=1&resize=525%2C300 1.5x, https:\/\/i0.wp.com\/lyonelkaufmann.ch\/Blog\/wp-content\/uploads\/2015\/03\/blogcafe1.jpg?fit=1024%2C683&ssl=1&resize=700%2C400 2x"},"classes":[]},{"id":7875,"url":"https:\/\/lyonelkaufmann.ch\/Blog\/2012\/02\/23\/la-creation-de-letat-grec-au-xixe-siecle-la-vie-des-idees\/","url_meta":{"origin":4149,"position":1},"title":"La cr\u00e9ation de l\u2019\u00c9tat grec au XIXe si\u00e8cle | La Vie des id\u00e9es","author":"Lyonel Kaufmann","date":"23 f\u00e9vrier 2012","format":false,"excerpt":"La crise de l\u2019\u00c9tat grec (I).Entretien avec Anastassios Anastassiadis (premi\u00e8re partie) Via Scoop.it - histoire La crise grecque est d\u2019abord celle de l\u2019\u00c9tat grec et de sa l\u00e9gitimit\u00e9. Il faut remonter au XIXe si\u00e8cle pour comprendre la d\u00e9fiance des populations vis-\u00e0-vis de la bureaucratie et le r\u00f4le des puissances internationales\u2026","rel":"","context":"Dans &quot;histoire&quot;","block_context":{"text":"histoire","link":"https:\/\/lyonelkaufmann.ch\/Blog\/category\/histoire-2\/"},"img":{"alt_text":"","src":"http:\/\/img.scoop.it\/-KMZC_PGoUdkoMcYGRxM8Tl72eJkfbmt4t8yenImKBXEejxNn4ZJNZ2ss5Ku7Cxt","width":350,"height":200},"classes":[]},{"id":12622,"url":"https:\/\/lyonelkaufmann.ch\/Blog\/2008\/10\/28\/links-for-2008-10-28-2\/","url_meta":{"origin":4149,"position":2},"title":"Crise financi\u00e8re : il y a plan et plan","author":"Lyonel Kaufmann","date":"28 octobre 2008","format":"aside","excerpt":"Crise financi\u00e8re : il y a plan et plan par Guillaume Duval - issu de Articles web Alternatives Economiques n\u00b0052 Octobre 2007 Comparaison par Guillaume Duval des plans britanniques et fran\u00e7ais Chapeau de l'article: Les banques britanniques ont d\u00fb accepter des conditions tr\u00e8s strictes pour b\u00e9n\u00e9ficier des fonds publics, tandis\u2026","rel":"","context":"Dans &quot;Blogcaf\u00e9&quot;","block_context":{"text":"Blogcaf\u00e9","link":"https:\/\/lyonelkaufmann.ch\/Blog\/category\/blogcafe-2\/"},"img":{"alt_text":"","src":"https:\/\/i0.wp.com\/lyonelkaufmann.ch\/Blog\/wp-content\/uploads\/2015\/03\/blogcafe1.jpg?fit=1024%2C683&ssl=1&resize=350%2C200","width":350,"height":200,"srcset":"https:\/\/i0.wp.com\/lyonelkaufmann.ch\/Blog\/wp-content\/uploads\/2015\/03\/blogcafe1.jpg?fit=1024%2C683&ssl=1&resize=350%2C200 1x, https:\/\/i0.wp.com\/lyonelkaufmann.ch\/Blog\/wp-content\/uploads\/2015\/03\/blogcafe1.jpg?fit=1024%2C683&ssl=1&resize=525%2C300 1.5x, https:\/\/i0.wp.com\/lyonelkaufmann.ch\/Blog\/wp-content\/uploads\/2015\/03\/blogcafe1.jpg?fit=1024%2C683&ssl=1&resize=700%2C400 2x"},"classes":[]},{"id":6535,"url":"https:\/\/lyonelkaufmann.ch\/Blog\/2004\/01\/15\/ils-etaient-suisses-mais-aussi-negriers\/","url_meta":{"origin":4149,"position":3},"title":"Ils \u00e9taient Suisses\u2026 mais aussi n\u00e9griers","author":"Lyonel Kaufmann","date":"15 janvier 2004","format":false,"excerpt":"Dans son \u00e9dition du mercredi 14 janvier 2004, les journaux suisses\u00a0La Libert\u00e9\u00a0et\u00a0Le Courrier\u00a0consacrent un dossier relativement aux Suisses ayant fait commerce d'esclaves. Ainsi, au Ghana, \u00e0 Cape Coast, un ancien ch\u00e2teau fortifi\u00e9 a \u00e9t\u00e9 un haut lieu de la traite n\u00e9gri\u00e8re, reconnu lieu de m\u00e9moire de la traite n\u00e9gri\u00e8re et\u2026","rel":"","context":"Dans &quot;histoire&quot;","block_context":{"text":"histoire","link":"https:\/\/lyonelkaufmann.ch\/Blog\/category\/histoire-2\/"},"img":{"alt_text":"","src":"https:\/\/i0.wp.com\/lyonelkaufmann.ch\/Blog\/wp-content\/uploads\/2015\/03\/blogcafe1.jpg?fit=1024%2C683&ssl=1&resize=350%2C200","width":350,"height":200,"srcset":"https:\/\/i0.wp.com\/lyonelkaufmann.ch\/Blog\/wp-content\/uploads\/2015\/03\/blogcafe1.jpg?fit=1024%2C683&ssl=1&resize=350%2C200 1x, https:\/\/i0.wp.com\/lyonelkaufmann.ch\/Blog\/wp-content\/uploads\/2015\/03\/blogcafe1.jpg?fit=1024%2C683&ssl=1&resize=525%2C300 1.5x, https:\/\/i0.wp.com\/lyonelkaufmann.ch\/Blog\/wp-content\/uploads\/2015\/03\/blogcafe1.jpg?fit=1024%2C683&ssl=1&resize=700%2C400 2x"},"classes":[]},{"id":15006,"url":"https:\/\/lyonelkaufmann.ch\/Blog\/2015\/06\/30\/humour-noir-tsipras-est-un-voyou-communiste-causeur\/","url_meta":{"origin":4149,"position":4},"title":"Humour noir : Tsipras est un voyou communiste | Causeur","author":"Lyonel Kaufmann","date":"30 juin 2015","format":false,"excerpt":"On a beau s\u2019y attendre, cela pique toujours un peu les yeux: le traitement de l\u2019affaire grecque par la presse de ce week-end rel\u00e8ve dans son immense majorit\u00e9 du parti-pris le plus \u00e9hont\u00e9. Illustration de la part de Causeur. Morceaux choisis. \u00abDe m\u00eame, il a paru au JDD \u00a0utile de\u2026","rel":"","context":"Dans &quot;politis&quot;","block_context":{"text":"politis","link":"https:\/\/lyonelkaufmann.ch\/Blog\/category\/politis\/"},"img":{"alt_text":"","src":"https:\/\/i0.wp.com\/lyonelkaufmann.ch\/Blog\/wp-content\/uploads\/2015\/06\/grexit-tsipras-communiste.jpg?fit=460%2C280&ssl=1&resize=350%2C200","width":350,"height":200},"classes":[]},{"id":5081,"url":"https:\/\/lyonelkaufmann.ch\/Blog\/2005\/04\/14\/une-banque-suisse-avait-aid-spolier-des-victimes-des-nazis\/","url_meta":{"origin":4149,"position":5},"title":"Une banque suisse avait aid\u00e9 \u00e0 spolier des victimes des nazis","author":"Lyonel Kaufmann","date":"14 avril 2005","format":false,"excerpt":"NEW YORK - Une banque suisse doit verser 26,45 millions de francs \u00e0 deux familles autrichiennes parce qu'elle a activement aid\u00e9 \u00e0 les d\u00e9poss\u00e9der de leurs actions \u00e0 l'\u00e9poque nazie. Le nom de la banque n'est pas publi\u00e9 dans la d\u00e9cision du tribunal am\u00e9ricain. L'agence de presse autrichienne APA indique\u2026","rel":"","context":"Dans &quot;histoire&quot;","block_context":{"text":"histoire","link":"https:\/\/lyonelkaufmann.ch\/Blog\/category\/histoire-2\/"},"img":{"alt_text":"","src":"https:\/\/i0.wp.com\/lyonelkaufmann.ch\/Blog\/wp-content\/uploads\/2015\/03\/blogcafe1.jpg?fit=1024%2C683&ssl=1&resize=350%2C200","width":350,"height":200,"srcset":"https:\/\/i0.wp.com\/lyonelkaufmann.ch\/Blog\/wp-content\/uploads\/2015\/03\/blogcafe1.jpg?fit=1024%2C683&ssl=1&resize=350%2C200 1x, https:\/\/i0.wp.com\/lyonelkaufmann.ch\/Blog\/wp-content\/uploads\/2015\/03\/blogcafe1.jpg?fit=1024%2C683&ssl=1&resize=525%2C300 1.5x, https:\/\/i0.wp.com\/lyonelkaufmann.ch\/Blog\/wp-content\/uploads\/2015\/03\/blogcafe1.jpg?fit=1024%2C683&ssl=1&resize=700%2C400 2x"},"classes":[]}],"jetpack_likes_enabled":true,"_links":{"self":[{"href":"https:\/\/lyonelkaufmann.ch\/Blog\/wp-json\/wp\/v2\/posts\/4149","targetHints":{"allow":["GET"]}}],"collection":[{"href":"https:\/\/lyonelkaufmann.ch\/Blog\/wp-json\/wp\/v2\/posts"}],"about":[{"href":"https:\/\/lyonelkaufmann.ch\/Blog\/wp-json\/wp\/v2\/types\/post"}],"author":[{"embeddable":true,"href":"https:\/\/lyonelkaufmann.ch\/Blog\/wp-json\/wp\/v2\/users\/1"}],"replies":[{"embeddable":true,"href":"https:\/\/lyonelkaufmann.ch\/Blog\/wp-json\/wp\/v2\/comments?post=4149"}],"version-history":[{"count":0,"href":"https:\/\/lyonelkaufmann.ch\/Blog\/wp-json\/wp\/v2\/posts\/4149\/revisions"}],"wp:featuredmedia":[{"embeddable":true,"href":"https:\/\/lyonelkaufmann.ch\/Blog\/wp-json\/wp\/v2\/media\/14680"}],"wp:attachment":[{"href":"https:\/\/lyonelkaufmann.ch\/Blog\/wp-json\/wp\/v2\/media?parent=4149"}],"wp:term":[{"taxonomy":"category","embeddable":true,"href":"https:\/\/lyonelkaufmann.ch\/Blog\/wp-json\/wp\/v2\/categories?post=4149"},{"taxonomy":"post_tag","embeddable":true,"href":"https:\/\/lyonelkaufmann.ch\/Blog\/wp-json\/wp\/v2\/tags?post=4149"}],"curies":[{"name":"wp","href":"https:\/\/api.w.org\/{rel}","templated":true}]}}