{"id":4156,"date":"2011-10-07T00:38:34","date_gmt":"2011-10-07T00:38:34","guid":{"rendered":"http:\/\/lyonelkaufmann.ch\/histoire\/2011\/10\/07\/cafe-histoire-10072011\/"},"modified":"2011-10-07T00:38:34","modified_gmt":"2011-10-07T00:38:34","slug":"cafe-histoire-10072011","status":"publish","type":"post","link":"https:\/\/lyonelkaufmann.ch\/Blog\/2011\/10\/07\/cafe-histoire-10072011\/","title":{"rendered":"Tablettes or not tablettes ? | Les blogs Educpros.fr"},"content":{"rendered":"<ul class=\"diigo-linkroll\">\n<li>\n<p class=\"diigo-link\"><a href=\"http:\/\/blog.educpros.fr\/blog\/2011\/10\/06\/tablettes-or-not-tablettes\" rel=\"nofollow\">Tablettes or not tablettes ? | Les blogs Educpros.fr<\/a><\/p>\n<p class=\"diigo-description\">\u00ab\u00a0Au-del\u00e0 de l\u2019Op\u00e9ration \u00ab Tablettes \u00e0 un euro par jour \u00bb pour les \u00e9tudiants de Laurent Wauquiez, quelles sont vraies questions \u00e9ducatives \u00e0 se poser ? Avec des r\u00e9ponses diff\u00e9rentes entre l&rsquo;universit\u00e9 et le primaire\/secondaire?\u00a0\u00bb<\/p>\n<p class=\"diigo-tags\"><a style=\"color:#000 !important;text-decoration:none !important;\" href=\"http:\/\/groups.diigo.com\/cloud\/histoire-20\">Tags<\/a>: <a href=\"http:\/\/groups.diigo.com\/histoire-20\/bookmark\/tag\/RevuePresse\">RevuePresse<\/a>, <a href=\"http:\/\/groups.diigo.com\/histoire-20\/bookmark\/tag\/histoire\">histoire<\/a>, <a href=\"http:\/\/groups.diigo.com\/histoire-20\/bookmark\/tag\/iPad\">iPad<\/a>, <a href=\"http:\/\/groups.diigo.com\/histoire-20\/bookmark\/tag\/tablettes\">tablettes<\/a>, <a href=\"http:\/\/groups.diigo.com\/histoire-20\/bookmark\/tag\/M\u00e9diaTIC\">M\u00e9diaTIC<\/a><\/p>\n<\/li>\n<\/ul>\n<p>Posted from <a href=\"http:\/\/www.diigo.com\">Diigo<\/a>. The rest of <strong>Histoire 2.0<\/strong> <a href=\"http:\/\/groups.diigo.com\/group\/histoire-20\">group favorite links<\/a> are here.<\/p>\n","protected":false},"excerpt":{"rendered":"<p>Tablettes or not tablettes ? | Les blogs Educpros.fr \u00ab\u00a0Au-del\u00e0 de l\u2019Op\u00e9ration \u00ab Tablettes \u00e0 un euro par jour \u00bb pour les \u00e9tudiants de Laurent Wauquiez, quelles sont vraies questions \u00e9ducatives \u00e0 se poser ? Avec des r\u00e9ponses diff\u00e9rentes entre l&rsquo;universit\u00e9 et le primaire\/secondaire?\u00a0\u00bb Tags: RevuePresse, histoire, iPad, tablettes, M\u00e9diaTIC Posted from Diigo. The rest [&hellip;]<\/p>\n","protected":false},"author":1,"featured_media":14680,"comment_status":"open","ping_status":"open","sticky":false,"template":"","format":"standard","meta":{"_import_markdown_pro_load_document_selector":0,"_import_markdown_pro_submit_text_textarea":"","_genesis_hide_title":false,"_genesis_hide_breadcrumbs":false,"_genesis_hide_singular_image":false,"_genesis_hide_footer_widgets":false,"_genesis_custom_body_class":"","_genesis_custom_post_class":"","_genesis_layout":"","jetpack_post_was_ever_published":false,"_jetpack_newsletter_access":"","_jetpack_dont_email_post_to_subs":false,"_jetpack_newsletter_tier_id":0,"_jetpack_memberships_contains_paywalled_content":false,"_jetpack_memberships_contains_paid_content":false,"activitypub_content_warning":"","activitypub_content_visibility":"","activitypub_max_image_attachments":3,"activitypub_interaction_policy_quote":"anyone","activitypub_status":"","footnotes":"","jetpack_publicize_message":"","jetpack_publicize_feature_enabled":true,"jetpack_social_post_already_shared":true,"jetpack_social_options":{"image_generator_settings":{"template":"fullscreen","default_image_id":0,"font":"","enabled":false},"version":2}},"categories":[2],"tags":[],"class_list":{"0":"post-4156","1":"post","2":"type-post","3":"status-publish","4":"format-standard","5":"has-post-thumbnail","7":"category-histoire-2","8":"entry"},"jetpack_publicize_connections":[],"featured_image_src":"https:\/\/i0.wp.com\/lyonelkaufmann.ch\/Blog\/wp-content\/uploads\/2015\/03\/blogcafe1.jpg?resize=600%2C400&ssl=1","featured_image_src_square":"https:\/\/i0.wp.com\/lyonelkaufmann.ch\/Blog\/wp-content\/uploads\/2015\/03\/blogcafe1.jpg?resize=600%2C600&ssl=1","author_info":{"display_name":"Lyonel Kaufmann","author_link":"https:\/\/lyonelkaufmann.ch\/Blog\/author\/lyonelk\/"},"jetpack_featured_media_url":"https:\/\/i0.wp.com\/lyonelkaufmann.ch\/Blog\/wp-content\/uploads\/2015\/03\/blogcafe1.jpg?fit=1024%2C683&ssl=1","jetpack_sharing_enabled":true,"jetpack_shortlink":"https:\/\/wp.me\/p1qtF4-152","jetpack-related-posts":[{"id":4769,"url":"https:\/\/lyonelkaufmann.ch\/Blog\/2011\/08\/07\/les-tablettes-tactiles-dans-lenseignement-premieres-etudes-lagence-nationale-des-usages-des-tice\/","url_meta":{"origin":4156,"position":0},"title":"Les tablettes tactiles dans l\u2019enseignement : premi\u00e8res \u00e9tudes | L&rsquo;Agence nationale des Usages des TICE","author":"Lyonel Kaufmann","date":"7 ao\u00fbt 2011","format":"aside","excerpt":"L\u2019usage des tablettes dans l\u2019\u00e9ducation est encore r\u00e9cent et il faut \u00eatre prudent avant d\u2019envisager la g\u00e9n\u00e9ralisation de cet outil. Quelques \u00e9tudes recens\u00e9es au niveau international montrent que l\u2019int\u00e9r\u00eat des tablettes d\u00e9pend notamment des applications logicielles disponibles et de ses usages en situation de mobilit\u00e9. Il est recommand\u00e9 de s\u2019assurer\u2026","rel":"","context":"Dans &quot;Blogcaf\u00e9&quot;","block_context":{"text":"Blogcaf\u00e9","link":"https:\/\/lyonelkaufmann.ch\/Blog\/category\/blogcafe-2\/"},"img":{"alt_text":"","src":"https:\/\/i0.wp.com\/lyonelkaufmann.ch\/Blog\/wp-content\/uploads\/2015\/03\/blogcafe1.jpg?fit=1024%2C683&ssl=1&resize=350%2C200","width":350,"height":200,"srcset":"https:\/\/i0.wp.com\/lyonelkaufmann.ch\/Blog\/wp-content\/uploads\/2015\/03\/blogcafe1.jpg?fit=1024%2C683&ssl=1&resize=350%2C200 1x, https:\/\/i0.wp.com\/lyonelkaufmann.ch\/Blog\/wp-content\/uploads\/2015\/03\/blogcafe1.jpg?fit=1024%2C683&ssl=1&resize=525%2C300 1.5x, https:\/\/i0.wp.com\/lyonelkaufmann.ch\/Blog\/wp-content\/uploads\/2015\/03\/blogcafe1.jpg?fit=1024%2C683&ssl=1&resize=700%2C400 2x"},"classes":[]},{"id":6560,"url":"https:\/\/lyonelkaufmann.ch\/Blog\/2012\/12\/08\/les-tablettes-tactiles-dans-leducation-et-lenseignement\/","url_meta":{"origin":4156,"position":1},"title":"Les tablettes tactiles dans l&rsquo;\u00e9ducation et l&rsquo;enseignement","author":"Lyonel Kaufmann","date":"8 d\u00e9cembre 2012","format":false,"excerpt":"Ce nouveau site a comme objectif de\u00a0recenser les usages et t\u00e9moignages\u00a0relativement \u00e0 l'utilisation de tablettes tactiles dans l'enseignement. Il a pour ambition que\u00a0parents, professeurs et \u00e9l\u00e8ves puissent mieux comprendre ce qui pourrait les concerner. Le site proposera \u00e9galement des\u00a0outils p\u00e9dagogiques, \u00e9labor\u00e9s par des professionnels reconnus dans le but de participer\u2026","rel":"","context":"Dans &quot;histoire&quot;","block_context":{"text":"histoire","link":"https:\/\/lyonelkaufmann.ch\/Blog\/category\/histoire-2\/"},"img":{"alt_text":"","src":"https:\/\/i0.wp.com\/lyonelkaufmann.ch\/Blog\/wp-content\/uploads\/2015\/03\/elevevsprof-606x204.jpg?fit=606%2C204&ssl=1&resize=350%2C200","width":350,"height":200,"srcset":"https:\/\/i0.wp.com\/lyonelkaufmann.ch\/Blog\/wp-content\/uploads\/2015\/03\/elevevsprof-606x204.jpg?fit=606%2C204&ssl=1&resize=350%2C200 1x, https:\/\/i0.wp.com\/lyonelkaufmann.ch\/Blog\/wp-content\/uploads\/2015\/03\/elevevsprof-606x204.jpg?fit=606%2C204&ssl=1&resize=525%2C300 1.5x"},"classes":[]},{"id":6118,"url":"https:\/\/lyonelkaufmann.ch\/Blog\/2012\/08\/31\/ludovia2012-tablettes-en-classe-un-outil-a-integrer\/","url_meta":{"origin":4156,"position":2},"title":"#Ludovia2012 : Tablettes en classe : un outil \u00e0 int\u00e9grer","author":"Lyonel Kaufmann","date":"31 ao\u00fbt 2012","format":false,"excerpt":"A Ludovia,\u00a0Carole Lopez, enseignante en maternelle, a pr\u00e9sent\u00e9 un exemple tr\u00e8s convaincant d'utilisation d'une tablette num\u00e9rique en classe. Carole Lopez n'utilise pas la tablette pour la tablette, mais pour sa plus-value dans certaines activit\u00e9s d'apprentissage. Elle l'emploie \u00e9galement en compl\u00e9ment \u00e0 d'autres techniques et activit\u00e9s. La vid\u00e9o nous pr\u00e9sente une\u2026","rel":"","context":"Dans &quot;histoire&quot;","block_context":{"text":"histoire","link":"https:\/\/lyonelkaufmann.ch\/Blog\/category\/histoire-2\/"},"img":{"alt_text":"","src":"https:\/\/i0.wp.com\/lyonelkaufmann.ch\/Blog\/wp-content\/uploads\/2015\/03\/0121.jpg?fit=480%2C360&ssl=1&resize=350%2C200","width":350,"height":200},"classes":[]},{"id":3719,"url":"https:\/\/lyonelkaufmann.ch\/Blog\/2011\/05\/01\/utilisation-de-tablettes-tactiles-en-primaire-agence-nationale-des-usages-des-tice\/","url_meta":{"origin":4156,"position":3},"title":"Utilisation de tablettes tactiles en primaire | Agence nationale des Usages des TICE","author":"Lyonel Kaufmann","date":"1 mai 2011","format":false,"excerpt":"L'Agence nationale des Usages des TICE \u00a0pr\u00e9sente un t\u00e9moignage tr\u00e8s int\u00e9ressant d'un prof et de ses \u00e9l\u00e8ves du primaire concernant l'emploi en classe de tablettes tactiles (iPad). Alain Jourdan, professeur des \u00e9coles, participe \u00e0 une exp\u00e9rimentation de tablettes tactiles conduite par la mission TICE et le CRDP de l\u2019acad\u00e9mie de\u2026","rel":"","context":"Dans &quot;histoire&quot;","block_context":{"text":"histoire","link":"https:\/\/lyonelkaufmann.ch\/Blog\/category\/histoire-2\/"},"img":{"alt_text":"","src":"https:\/\/i0.wp.com\/lyonelkaufmann.ch\/Blog\/wp-content\/uploads\/2015\/03\/blogcafe1.jpg?fit=1024%2C683&ssl=1&resize=350%2C200","width":350,"height":200,"srcset":"https:\/\/i0.wp.com\/lyonelkaufmann.ch\/Blog\/wp-content\/uploads\/2015\/03\/blogcafe1.jpg?fit=1024%2C683&ssl=1&resize=350%2C200 1x, https:\/\/i0.wp.com\/lyonelkaufmann.ch\/Blog\/wp-content\/uploads\/2015\/03\/blogcafe1.jpg?fit=1024%2C683&ssl=1&resize=525%2C300 1.5x, https:\/\/i0.wp.com\/lyonelkaufmann.ch\/Blog\/wp-content\/uploads\/2015\/03\/blogcafe1.jpg?fit=1024%2C683&ssl=1&resize=700%2C400 2x"},"classes":[]},{"id":3688,"url":"https:\/\/lyonelkaufmann.ch\/Blog\/2011\/04\/29\/sortez-vos-tablettes-aujourdhui-cours\/","url_meta":{"origin":4156,"position":4},"title":"Sortez vos tablettes, aujourd&rsquo;hui cours&#8230;","author":"Lyonel Kaufmann","date":"29 avril 2011","format":false,"excerpt":"Pour Fabrice Comte, la tablette \"g\u00e9n\u00e8re de l'int\u00e9r\u00eat pour le cours, beaucoup plus que le manuel. Dans une salle ordinaire, \u00e0 tout moment, elle permet de travailler sur un texte en temps r\u00e9el, de trouver dautres textes argumentatifs qui illustrent un avis ou en prennent le contrepied.\"\u00a0 Mais nest ce\u2026","rel":"","context":"Dans &quot;histoire&quot;","block_context":{"text":"histoire","link":"https:\/\/lyonelkaufmann.ch\/Blog\/category\/histoire-2\/"},"img":{"alt_text":"","src":"https:\/\/i0.wp.com\/lyonelkaufmann.ch\/Blog\/wp-content\/uploads\/2015\/03\/blogcafe1.jpg?fit=1024%2C683&ssl=1&resize=350%2C200","width":350,"height":200,"srcset":"https:\/\/i0.wp.com\/lyonelkaufmann.ch\/Blog\/wp-content\/uploads\/2015\/03\/blogcafe1.jpg?fit=1024%2C683&ssl=1&resize=350%2C200 1x, https:\/\/i0.wp.com\/lyonelkaufmann.ch\/Blog\/wp-content\/uploads\/2015\/03\/blogcafe1.jpg?fit=1024%2C683&ssl=1&resize=525%2C300 1.5x, https:\/\/i0.wp.com\/lyonelkaufmann.ch\/Blog\/wp-content\/uploads\/2015\/03\/blogcafe1.jpg?fit=1024%2C683&ssl=1&resize=700%2C400 2x"},"classes":[]},{"id":3007,"url":"https:\/\/lyonelkaufmann.ch\/Blog\/2009\/12\/03\/time-fait-la-demo-dun-magazine-sur-tablette\/","url_meta":{"origin":4156,"position":5},"title":"Time fait la d\u00e9mo d&rsquo;un magazine sur tablette","author":"Lyonel Kaufmann","date":"3 d\u00e9cembre 2009","format":"aside","excerpt":"Time fait la d\u00e9mo d'un magazine sur tablette La presse a un avenir \u00e0 condition d'innover sur la forme comme sur le contenu. Ici la forme me para\u00eet int\u00e9ressante et laisse pr\u00e9sager de ce que pourrait \u00eatre une tablette Apple, notamment en lien avec iTunes (musique, radios vid\u00e9os, films livres\u2026","rel":"","context":"Dans &quot;Blogcaf\u00e9&quot;","block_context":{"text":"Blogcaf\u00e9","link":"https:\/\/lyonelkaufmann.ch\/Blog\/category\/blogcafe-2\/"},"img":{"alt_text":"","src":"https:\/\/i0.wp.com\/lyonelkaufmann.ch\/Blog\/wp-content\/uploads\/2015\/03\/070.jpg?fit=480%2C360&ssl=1&resize=350%2C200","width":350,"height":200},"classes":[]}],"jetpack_likes_enabled":true,"_links":{"self":[{"href":"https:\/\/lyonelkaufmann.ch\/Blog\/wp-json\/wp\/v2\/posts\/4156","targetHints":{"allow":["GET"]}}],"collection":[{"href":"https:\/\/lyonelkaufmann.ch\/Blog\/wp-json\/wp\/v2\/posts"}],"about":[{"href":"https:\/\/lyonelkaufmann.ch\/Blog\/wp-json\/wp\/v2\/types\/post"}],"author":[{"embeddable":true,"href":"https:\/\/lyonelkaufmann.ch\/Blog\/wp-json\/wp\/v2\/users\/1"}],"replies":[{"embeddable":true,"href":"https:\/\/lyonelkaufmann.ch\/Blog\/wp-json\/wp\/v2\/comments?post=4156"}],"version-history":[{"count":0,"href":"https:\/\/lyonelkaufmann.ch\/Blog\/wp-json\/wp\/v2\/posts\/4156\/revisions"}],"wp:featuredmedia":[{"embeddable":true,"href":"https:\/\/lyonelkaufmann.ch\/Blog\/wp-json\/wp\/v2\/media\/14680"}],"wp:attachment":[{"href":"https:\/\/lyonelkaufmann.ch\/Blog\/wp-json\/wp\/v2\/media?parent=4156"}],"wp:term":[{"taxonomy":"category","embeddable":true,"href":"https:\/\/lyonelkaufmann.ch\/Blog\/wp-json\/wp\/v2\/categories?post=4156"},{"taxonomy":"post_tag","embeddable":true,"href":"https:\/\/lyonelkaufmann.ch\/Blog\/wp-json\/wp\/v2\/tags?post=4156"}],"curies":[{"name":"wp","href":"https:\/\/api.w.org\/{rel}","templated":true}]}}