{"id":4171,"date":"2011-10-11T00:37:22","date_gmt":"2011-10-11T00:37:22","guid":{"rendered":"http:\/\/lyonelkaufmann.ch\/histoire\/2011\/10\/11\/cafe-histoire-10112011\/"},"modified":"2011-10-11T00:37:22","modified_gmt":"2011-10-11T00:37:22","slug":"cafe-histoire-10112011","status":"publish","type":"post","link":"https:\/\/lyonelkaufmann.ch\/Blog\/2011\/10\/11\/cafe-histoire-10112011\/","title":{"rendered":"Affrontements \u00e0 Chicago | La Vie des id\u00e9es"},"content":{"rendered":"<ul class=\"diigo-linkroll\">\n<li>\n<p class=\"diigo-link\"><a href=\"http:\/\/www.laviedesidees.fr\/Affrontements-a-Chicago.html\" rel=\"nofollow\">Affrontements \u00e0 Chicago | La Vie des id\u00e9es<\/a><\/p>\n<p class=\"diigo-description\">Dans un ouvrage consacr\u00e9 au mouvement de contestation dont la m\u00e9tropole am\u00e9ricaine fut le th\u00e9\u00e2tre entre 1965 et 1973, Caroline Rolland-Diamond r\u00e9v\u00e8le l\u2019\u00e9tendue de la r\u00e9pression et la constitution d\u2019alliances improbables par-del\u00e0 les limites des campus. Un regard fran\u00e7ais sur les \u00e9v\u00e9nements met en \u00e9vidence les similarit\u00e9s du moment 68 de part et d\u2019autre de l\u2019Atlantique.<\/p>\n<p class=\"diigo-tags\"><a style=\"color:#000 !important;text-decoration:none !important;\" href=\"http:\/\/groups.diigo.com\/cloud\/histoire-20\">Tags<\/a>: <a href=\"http:\/\/groups.diigo.com\/histoire-20\/bookmark\/tag\/RevuePresse\">RevuePresse<\/a>, <a href=\"http:\/\/groups.diigo.com\/histoire-20\/bookmark\/tag\/histoire\">histoire<\/a>, <a href=\"http:\/\/groups.diigo.com\/histoire-20\/bookmark\/tag\/politis\">politis<\/a>, <a href=\"http:\/\/groups.diigo.com\/histoire-20\/bookmark\/tag\/Chicago\">Chicago<\/a>, <a href=\"http:\/\/groups.diigo.com\/histoire-20\/bookmark\/tag\/Mai68\">Mai68<\/a>, <a href=\"http:\/\/groups.diigo.com\/histoire-20\/bookmark\/tag\/Mai1968\">Mai1968<\/a><\/p>\n<\/li>\n<\/ul>\n<p>Posted from <a href=\"http:\/\/www.diigo.com\">Diigo<\/a>. The rest of <strong>Histoire 2.0<\/strong> <a href=\"http:\/\/groups.diigo.com\/group\/histoire-20\">group favorite links<\/a> are here.<\/p>\n","protected":false},"excerpt":{"rendered":"<p>Affrontements \u00e0 Chicago | La Vie des id\u00e9es Dans un ouvrage consacr\u00e9 au mouvement de contestation dont la m\u00e9tropole am\u00e9ricaine fut le th\u00e9\u00e2tre entre 1965 et 1973, Caroline Rolland-Diamond r\u00e9v\u00e8le l\u2019\u00e9tendue de la r\u00e9pression et la constitution d\u2019alliances improbables par-del\u00e0 les limites des campus. Un regard fran\u00e7ais sur les \u00e9v\u00e9nements met en \u00e9vidence les similarit\u00e9s [&hellip;]<\/p>\n","protected":false},"author":1,"featured_media":14680,"comment_status":"open","ping_status":"open","sticky":false,"template":"","format":"standard","meta":{"_import_markdown_pro_load_document_selector":0,"_import_markdown_pro_submit_text_textarea":"","_genesis_hide_title":false,"_genesis_hide_breadcrumbs":false,"_genesis_hide_singular_image":false,"_genesis_hide_footer_widgets":false,"_genesis_custom_body_class":"","_genesis_custom_post_class":"","_genesis_layout":"","jetpack_post_was_ever_published":false,"_jetpack_newsletter_access":"","_jetpack_dont_email_post_to_subs":false,"_jetpack_newsletter_tier_id":0,"_jetpack_memberships_contains_paywalled_content":false,"_jetpack_memberships_contains_paid_content":false,"activitypub_content_warning":"","activitypub_content_visibility":"","activitypub_max_image_attachments":3,"activitypub_interaction_policy_quote":"anyone","activitypub_status":"","footnotes":"","jetpack_publicize_message":"","jetpack_publicize_feature_enabled":true,"jetpack_social_post_already_shared":true,"jetpack_social_options":{"image_generator_settings":{"template":"fullscreen","default_image_id":0,"font":"","enabled":false},"version":2}},"categories":[2],"tags":[],"class_list":{"0":"post-4171","1":"post","2":"type-post","3":"status-publish","4":"format-standard","5":"has-post-thumbnail","7":"category-histoire-2","8":"entry"},"jetpack_publicize_connections":[],"featured_image_src":"https:\/\/i0.wp.com\/lyonelkaufmann.ch\/Blog\/wp-content\/uploads\/2015\/03\/blogcafe1.jpg?resize=600%2C400&ssl=1","featured_image_src_square":"https:\/\/i0.wp.com\/lyonelkaufmann.ch\/Blog\/wp-content\/uploads\/2015\/03\/blogcafe1.jpg?resize=600%2C600&ssl=1","author_info":{"display_name":"Lyonel Kaufmann","author_link":"https:\/\/lyonelkaufmann.ch\/Blog\/author\/lyonelk\/"},"jetpack_featured_media_url":"https:\/\/i0.wp.com\/lyonelkaufmann.ch\/Blog\/wp-content\/uploads\/2015\/03\/blogcafe1.jpg?fit=1024%2C683&ssl=1","jetpack_sharing_enabled":true,"jetpack_shortlink":"https:\/\/wp.me\/p1qtF4-15h","jetpack-related-posts":[{"id":11783,"url":"https:\/\/lyonelkaufmann.ch\/Blog\/2014\/07\/06\/la-photographe-vivian-maier-entre-mystere-et-surexposition-telerama-fr\/","url_meta":{"origin":4171,"position":0},"title":"La photographe Vivian Maier, entre myst\u00e8re et surexposition | T\u00e9l\u00e9rama.fr","author":"Lyonel Kaufmann","date":"6 juillet 2014","format":false,"excerpt":"Autoportrait, sans date - \u00a9 Vivian Maier\/Collection John Maloof Courtesy Howard Greenberg Gallery, New York Les Douches La Galerie, Paris N\u00e9e \u00e0 New York en 1926, Vivian Maier mourut \u00e0 Chicago en 2009, dans l\u2019anonymat. Avant de ressortir de l\u2019oubli, quand ce qui avait \u00e9t\u00e9 sa double vie \u00e9clata au\u2026","rel":"","context":"Dans &quot;Blogcaf\u00e9&quot;","block_context":{"text":"Blogcaf\u00e9","link":"https:\/\/lyonelkaufmann.ch\/Blog\/category\/blogcafe-2\/"},"img":{"alt_text":"","src":"https:\/\/i0.wp.com\/lyonelkaufmann.ch\/Blog\/wp-content\/uploads\/2015\/02\/wpid-recherche-vivian-desesperementm158426-2014-07-6-16-27.jpg?fit=455%2C455&ssl=1&resize=350%2C200","width":350,"height":200},"classes":[]},{"id":6714,"url":"https:\/\/lyonelkaufmann.ch\/Blog\/2013\/01\/20\/le-travail-a-la-chaine-a-cent-ans-lusine-nouvelle\/","url_meta":{"origin":4171,"position":1},"title":"Le travail \u00e0 la cha\u00eene a cent ans |\u00a0L&rsquo;usine nouvelle","author":"Lyonel Kaufmann","date":"20 janvier 2013","format":false,"excerpt":"Il y a cent ans tout juste, une nouvelle m\u00e9thode de production faisait son apparition dans l'usine de Ford de Highland Park, \u00e0 Detroit. Ce syst\u00e8me est d\u00e9riv\u00e9 du d\u00e9pe\u00e7age des animaux dans les abattoirs de Chicago. Henry Ford a fait appel \u00e0 l'ing\u00e9nieur Frederic Taylor, l'inventeur de l'organisation scientifique\u2026","rel":"","context":"Dans &quot;histoire&quot;","block_context":{"text":"histoire","link":"https:\/\/lyonelkaufmann.ch\/Blog\/category\/histoire-2\/"},"img":{"alt_text":"","src":"","width":0,"height":0},"classes":[]},{"id":1032,"url":"https:\/\/lyonelkaufmann.ch\/Blog\/2008\/07\/19\/les-lectures-de-mon-ete\/","url_meta":{"origin":4171,"position":2},"title":"Les lectures de mon \u00e9t\u00e9","author":"Lyonel Kaufmann","date":"19 juillet 2008","format":"aside","excerpt":"C\u2019est la pause estivale. Enfin, pas tant que cela lorsque je regarde le temps. Toujours est-il que le rythme ralentit et que c\u2019est le temps des lectures de vacances. Voici les ouvrages que j'emporte sous le bras pour la plage. Si vous aimez la lecture, peut-\u00eatre que ces ouvrages vous\u2026","rel":"","context":"Dans &quot;Blogcaf\u00e9&quot;","block_context":{"text":"Blogcaf\u00e9","link":"https:\/\/lyonelkaufmann.ch\/Blog\/category\/blogcafe-2\/"},"img":{"alt_text":"imgres.jpg","src":"http:\/\/tbn0.google.com\/images?q=tbn:K2zMGb871T6McM:http:\/\/www.ppur.org\/couvertures\/978-2-88074-733-6_small.jpg","width":350,"height":200},"classes":[]},{"id":8956,"url":"https:\/\/lyonelkaufmann.ch\/Blog\/2012\/12\/30\/33tours-entre-nostalgie-et-modernite-retrospective-2012\/","url_meta":{"origin":4171,"position":3},"title":"33Tours : entre nostalgie et modernit\u00e9 |\u00a0R\u00e9trospective 2012","author":"Lyonel Kaufmann","date":"30 d\u00e9cembre 2012","format":false,"excerpt":"De Chicago \u00e0 Jason Collett en passant par Springsteen et Fleet Foxes mon \u00e9coute et mon actualit\u00e9 musicale se sont aussi conjugu\u00e9e sur vinyle. Qui l'eut cr\u00fb apr\u00e8s l'arriv\u00e9e des CD et des mp3? D\u00e9but janvier, un\u00a0bon vieux Chicago pointait le bout de son nez avec l\u2019album X. Hormis son\u2026","rel":"","context":"Dans &quot;Blogcaf\u00e9&quot;","block_context":{"text":"Blogcaf\u00e9","link":"https:\/\/lyonelkaufmann.ch\/Blog\/category\/blogcafe-2\/"},"img":{"alt_text":"","src":"https:\/\/i0.wp.com\/lyonelkaufmann.ch\/Blog\/wp-content\/uploads\/2015\/03\/0107.jpg?fit=480%2C360&ssl=1&resize=350%2C200","width":350,"height":200},"classes":[]},{"id":6502,"url":"https:\/\/lyonelkaufmann.ch\/Blog\/2012\/11\/30\/berlin-annees-1930-dans-le-jardin-de-la-bete\/","url_meta":{"origin":4171,"position":4},"title":"Berlin ann\u00e9es 1930 : \u00abDans le jardin de la b\u00eate\u00bb","author":"Lyonel Kaufmann","date":"30 novembre 2012","format":false,"excerpt":"Dans cet essai \u00e9crit sous la forme d'un roman, Erik Larson\u00a0brosse la d\u00e9couverte de l'Allemagne nazie par l'Am\u00e9ricain William E. Dodd, nomm\u00e9 en 1933 ambassadeur \u00e0 Berlin - poste qu'il occupera jusqu'en 1937 -, et sa fille Martha, \u00e2g\u00e9e de 24 ans.\u00a0 Nommer en 1933 William E. Dodd, modeste professeur\u2026","rel":"","context":"Dans &quot;histoire&quot;","block_context":{"text":"histoire","link":"https:\/\/lyonelkaufmann.ch\/Blog\/category\/histoire-2\/"},"img":{"alt_text":"1797943 6 2e4e couverture de l ouvrage d erik larson dans le 40b96db63e0bc023b8ad027f7591871e","src":"https:\/\/i0.wp.com\/lyonelkaufmann.ch\/histoire\/wp-content\/uploads\/2012\/11\/1797943_6_2e4e_couverture-de-l-ouvrage-d-erik-larson-dans-le_40b96db63e0bc023b8ad027f7591871e1.jpg?resize=350%2C200","width":350,"height":200},"classes":[]},{"id":5634,"url":"https:\/\/lyonelkaufmann.ch\/Blog\/2012\/07\/18\/qui-ecrira-notre-histoire-la-vie-des-idees\/","url_meta":{"origin":4171,"position":5},"title":"Qui \u00e9crira notre histoire ? | La Vie des id\u00e9es","author":"Lyonel Kaufmann","date":"18 juillet 2012","format":false,"excerpt":"Jusqu\u2019\u00e0 aujourd\u2019hui, les archives du ghetto de Varsovie n\u2019\u00e9taient connues que des seuls sp\u00e9cialistes. L\u2019historien am\u00e9ricain Samuel Kassow nous les pr\u00e9sente sous un jour nouveau\u00a0: l\u2019\u0153uvre d\u2019une \u00e9quipe dont la mission \u00e9tait de faire entendre le quotidien d\u2019une communaut\u00e9 en cours d\u2019extermination. Qui \u00e9crira notre histoire ? - La Vie\u2026","rel":"","context":"Dans &quot;histoire&quot;","block_context":{"text":"histoire","link":"https:\/\/lyonelkaufmann.ch\/Blog\/category\/histoire-2\/"},"img":{"alt_text":"","src":"https:\/\/i0.wp.com\/lyonelkaufmann.ch\/histoire\/wp-content\/uploads\/2012\/07\/arton1982-c12af.jpg?resize=350%2C200","width":350,"height":200},"classes":[]}],"jetpack_likes_enabled":true,"_links":{"self":[{"href":"https:\/\/lyonelkaufmann.ch\/Blog\/wp-json\/wp\/v2\/posts\/4171","targetHints":{"allow":["GET"]}}],"collection":[{"href":"https:\/\/lyonelkaufmann.ch\/Blog\/wp-json\/wp\/v2\/posts"}],"about":[{"href":"https:\/\/lyonelkaufmann.ch\/Blog\/wp-json\/wp\/v2\/types\/post"}],"author":[{"embeddable":true,"href":"https:\/\/lyonelkaufmann.ch\/Blog\/wp-json\/wp\/v2\/users\/1"}],"replies":[{"embeddable":true,"href":"https:\/\/lyonelkaufmann.ch\/Blog\/wp-json\/wp\/v2\/comments?post=4171"}],"version-history":[{"count":0,"href":"https:\/\/lyonelkaufmann.ch\/Blog\/wp-json\/wp\/v2\/posts\/4171\/revisions"}],"wp:featuredmedia":[{"embeddable":true,"href":"https:\/\/lyonelkaufmann.ch\/Blog\/wp-json\/wp\/v2\/media\/14680"}],"wp:attachment":[{"href":"https:\/\/lyonelkaufmann.ch\/Blog\/wp-json\/wp\/v2\/media?parent=4171"}],"wp:term":[{"taxonomy":"category","embeddable":true,"href":"https:\/\/lyonelkaufmann.ch\/Blog\/wp-json\/wp\/v2\/categories?post=4171"},{"taxonomy":"post_tag","embeddable":true,"href":"https:\/\/lyonelkaufmann.ch\/Blog\/wp-json\/wp\/v2\/tags?post=4171"}],"curies":[{"name":"wp","href":"https:\/\/api.w.org\/{rel}","templated":true}]}}