{"id":4317,"date":"2011-11-16T07:01:56","date_gmt":"2011-11-16T07:01:56","guid":{"rendered":"http:\/\/lyonelkaufmann.ch\/histoire\/?p=4317"},"modified":"2011-11-16T07:01:56","modified_gmt":"2011-11-16T07:01:56","slug":"les-hommes-libres-ismael-ferroukhi-zero-de-conduite","status":"publish","type":"post","link":"https:\/\/lyonelkaufmann.ch\/Blog\/2011\/11\/16\/les-hommes-libres-ismael-ferroukhi-zero-de-conduite\/","title":{"rendered":"Les Hommes libres (Isma\u00ebl Ferroukhi) | Z\u00e9ro de conduite"},"content":{"rendered":"<p><strong>Cinq ans apr\u00e8s\u00a0<a href=\"http:\/\/www.zerodeconduite.net\/indigenes\">Indig\u00e8nes<\/a> de Rachid Bouchareb, Isma\u00ebl Ferroukhi l\u00e8ve le coin d&rsquo;un autre voile : le r\u00f4le des Maghr\u00e9bins sous l&rsquo;Occupation, et notamment dans la R\u00e9sistance. <\/strong><\/p>\n<p><img data-recalc-dims=\"1\" loading=\"lazy\" decoding=\"async\" style=\"display:block;margin-left:auto;margin-right:auto;\" title=\"header_leshommeslibres.jpg\" src=\"https:\/\/i0.wp.com\/lyonelkaufmann.ch\/histoire\/wp-content\/uploads\/2011\/11\/header_leshommeslibres.jpg?resize=480%2C113\" border=\"0\" alt=\"Header leshommeslibres\" width=\"480\" height=\"113\" \/><\/p>\n<p>En s&rsquo;appuyant sur des travaux d&rsquo;historiens, les quelques archives et t\u00e9moignages disponibles, le r\u00e9alisateur du\u00a0<em>Grand Voyage<\/em> (2004) fait revivre la\u00a0<strong>communaut\u00e9 maghr\u00e9bine <\/strong>de l&rsquo;\u00e9poque.\u00a0Il montre le petit peuple des ouvriers parisiens r\u00e9duits \u00e0 la survie par l&rsquo;Occupation, mais aussi\u00a0<strong>quelques hommes d&rsquo;exception<\/strong> comme Si Kaddour Ben Ghabrit, Recteur de la Mosqu\u00e9e de Paris qui, sous couvert de ses bonnes relations avec les autorit\u00e9s allemandes, r\u00e9ussit \u00e0 aider des r\u00e9sistants et des juifs en les cachant dans les sous-sols de la Mosqu\u00e9e.<\/p>\n<p><em>Les Hommes libres<\/em> s&rsquo;appuie sur un duo de com\u00e9diens : Tahar Rahim d&rsquo;<a href=\"http:\/\/www.zerodeconduite.net\/blog\/index.php?itemid=18701\">Un Proph\u00e8te<\/a> (Younes) et Michael Lonsdale en Ben Ghabrit.<\/p>\n<p>Z\u00e9rodeconduite.net consacre au film ce site p\u00e9dagogique\u00a0et ce dossier en\u00a0<strong>Histoire<\/strong>. Si le dossier est de bonne facture, regroupe un riche dossier documentaire compl\u00e9mentaire et propose d&rsquo;int\u00e9ressantes activit\u00e9s pour les \u00e9l\u00e8ves, je regrette vivement qu&rsquo;\u00e0 aucun moment il ne travaille v\u00e9ritablement \u00e0 partir d&rsquo;une analyse des images et des sp\u00e9cificit\u00e9s du m\u00e9dium.<\/p>\n<p>Source : <a href=\"http:\/\/www.zerodeconduite.net\/leshommeslibres\/dossier_pedagogique.html\">Les Hommes libres &#8211; Un film de Isma\u00ebl Ferroukhi &#8211; Dossier p\u00e9dagogique<\/a>.<\/p>\n","protected":false},"excerpt":{"rendered":"<p>Cinq ans apr\u00e8s\u00a0Indig\u00e8nes de Rachid Bouchareb, Isma\u00ebl Ferroukhi l\u00e8ve le coin d&rsquo;un autre voile : le r\u00f4le des Maghr\u00e9bins sous l&rsquo;Occupation, et notamment dans la R\u00e9sistance. En s&rsquo;appuyant sur des travaux d&rsquo;historiens, les quelques archives et t\u00e9moignages disponibles, le r\u00e9alisateur du\u00a0Grand Voyage (2004) fait revivre la\u00a0communaut\u00e9 maghr\u00e9bine de l&rsquo;\u00e9poque.\u00a0Il montre le petit peuple des ouvriers [&hellip;]<\/p>\n","protected":false},"author":1,"featured_media":14037,"comment_status":"open","ping_status":"open","sticky":false,"template":"","format":"standard","meta":{"_import_markdown_pro_load_document_selector":0,"_import_markdown_pro_submit_text_textarea":"","_genesis_hide_title":false,"_genesis_hide_breadcrumbs":false,"_genesis_hide_singular_image":false,"_genesis_hide_footer_widgets":false,"_genesis_custom_body_class":"","_genesis_custom_post_class":"","_genesis_layout":"","jetpack_post_was_ever_published":false,"_jetpack_newsletter_access":"","_jetpack_dont_email_post_to_subs":false,"_jetpack_newsletter_tier_id":0,"_jetpack_memberships_contains_paywalled_content":false,"_jetpack_memberships_contains_paid_content":false,"activitypub_content_warning":"","activitypub_content_visibility":"","activitypub_max_image_attachments":3,"activitypub_interaction_policy_quote":"anyone","activitypub_status":"","footnotes":"","jetpack_publicize_message":"","jetpack_publicize_feature_enabled":true,"jetpack_social_post_already_shared":true,"jetpack_social_options":{"image_generator_settings":{"template":"fullscreen","default_image_id":0,"font":"","enabled":false},"version":2}},"categories":[2],"tags":[],"class_list":{"0":"post-4317","1":"post","2":"type-post","3":"status-publish","4":"format-standard","5":"has-post-thumbnail","7":"category-histoire-2","8":"entry"},"jetpack_publicize_connections":[],"featured_image_src":"https:\/\/i0.wp.com\/lyonelkaufmann.ch\/Blog\/wp-content\/uploads\/2015\/03\/header_leshommeslibres.jpg?resize=480%2C113&ssl=1","featured_image_src_square":"https:\/\/i0.wp.com\/lyonelkaufmann.ch\/Blog\/wp-content\/uploads\/2015\/03\/header_leshommeslibres.jpg?resize=480%2C113&ssl=1","author_info":{"display_name":"Lyonel Kaufmann","author_link":"https:\/\/lyonelkaufmann.ch\/Blog\/author\/lyonelk\/"},"jetpack_featured_media_url":"https:\/\/i0.wp.com\/lyonelkaufmann.ch\/Blog\/wp-content\/uploads\/2015\/03\/header_leshommeslibres.jpg?fit=480%2C113&ssl=1","jetpack_sharing_enabled":true,"jetpack_shortlink":"https:\/\/wp.me\/p1qtF4-17D","jetpack-related-posts":[{"id":12695,"url":"https:\/\/lyonelkaufmann.ch\/Blog\/2011\/03\/10\/policiers-francais-sous-loccupation-k-classroom\/","url_meta":{"origin":4317,"position":0},"title":"Policiers fran\u00e7ais sous l&rsquo;Occupation | K-classroom","author":"Lyonel Kaufmann","date":"10 mars 2011","format":"aside","excerpt":"Jean-Marc Berli\u00e8re, Policiers fran\u00e7ais sous l'Occupation, Paris, \u00e9ditions Perrin (Tempus), 2009.Cet ouvrage peut \u00eatre consid\u00e9r\u00e9 comme une histoire g\u00e9n\u00e9rale de la Police fran\u00e7aise sous l\u2019Occupation, sur les choix qu\u2019elle a op\u00e9r\u00e9s, entre collaboration, attentisme, indiff\u00e9rence ou r\u00e9sistance. Mais son point de vue est original. Jean-Marc Berli\u00e8re a choisi de travailler\u2026","rel":"","context":"Dans &quot;L'Expresso&quot;","block_context":{"text":"L'Expresso","link":"https:\/\/lyonelkaufmann.ch\/Blog\/category\/breves\/"},"img":{"alt_text":"","src":"https:\/\/i0.wp.com\/lh4.googleusercontent.com\/-ykulX5_BxSs\/TXe5giSaq-I\/AAAAAAAABck\/JqvJno1DcFE\/s320\/policiers-franais-sous-l-occupation-d-aprs-les-archives-de-l-puration-8651364.jpeg?resize=350%2C200&ssl=1","width":350,"height":200},"classes":[]},{"id":2918,"url":"https:\/\/lyonelkaufmann.ch\/Blog\/2010\/07\/21\/film-histoire-la-resistance\/","url_meta":{"origin":4317,"position":1},"title":"Film &amp; Histoire : La R\u00e9sistance","author":"Lyonel Kaufmann","date":"21 juillet 2010","format":false,"excerpt":"La pause estivale est l'occasion de rattraper ses retards en lecture de toutes sortes. Je vous proposerai donc quelques ouvrages ou lecture en ligne en lien avec le cin\u00e9ma et l'histoire. Pour le reste, le site tournera tr\u00e8s certainement au ralenti. Bon \u00e9t\u00e9! Dans son article \u00abLes repr\u00e9sentations successives de\u2026","rel":"","context":"Dans &quot;histoire&quot;","block_context":{"text":"histoire","link":"https:\/\/lyonelkaufmann.ch\/Blog\/category\/histoire-2\/"},"img":{"alt_text":"","src":"https:\/\/i0.wp.com\/lyonelkaufmann.ch\/Blog\/wp-content\/uploads\/2015\/03\/blogcafe1.jpg?fit=1024%2C683&ssl=1&resize=350%2C200","width":350,"height":200,"srcset":"https:\/\/i0.wp.com\/lyonelkaufmann.ch\/Blog\/wp-content\/uploads\/2015\/03\/blogcafe1.jpg?fit=1024%2C683&ssl=1&resize=350%2C200 1x, https:\/\/i0.wp.com\/lyonelkaufmann.ch\/Blog\/wp-content\/uploads\/2015\/03\/blogcafe1.jpg?fit=1024%2C683&ssl=1&resize=525%2C300 1.5x, https:\/\/i0.wp.com\/lyonelkaufmann.ch\/Blog\/wp-content\/uploads\/2015\/03\/blogcafe1.jpg?fit=1024%2C683&ssl=1&resize=700%2C400 2x"},"classes":[]},{"id":19900,"url":"https:\/\/lyonelkaufmann.ch\/Blog\/2019\/01\/13\/le-quotidien-singulier-de-la-jeunesse-francaise-sous-loccupation\/","url_meta":{"origin":4317,"position":2},"title":"Le quotidien singulier de la jeunesse fran\u00e7aise sous l\u2019Occupation","author":"Lyonel Kaufmann","date":"13 janvier 2019","format":false,"excerpt":"\u00a0\u00a0\u00a0\u00a0\u00a0\u00a0 La jeunesse des ann\u00e9es 1940, vivant sous l\u2019Occupation allemande au rythme de la guerre totale, est ballott\u00e9e entre interdits, restrictions, peur des bombardements \u2013 et crainte toujours vive des repr\u00e9sailles de l\u2019occupant. Ce que l\u2019on appel\u00e9 a posteriori la \u00ab G\u00e9n\u00e9ration 40 \u00bb rassemble les jeunes Fran\u00e7ais n\u00e9s dans\u2026","rel":"","context":"Dans &quot;histoire&quot;","block_context":{"text":"histoire","link":"https:\/\/lyonelkaufmann.ch\/Blog\/category\/histoire-2\/"},"img":{"alt_text":"","src":"","width":0,"height":0},"classes":[]},{"id":7685,"url":"https:\/\/lyonelkaufmann.ch\/Blog\/2006\/03\/26\/comment-les-elites-et-les-intellectuels-ont-ils-traverse-la-deuxieme-guerre-mondiale-des-elites-dans-la-tourmentedes-elites-dans-la-tourmente-le-monde-des-livres\/","url_meta":{"origin":4317,"position":3},"title":"Des \u00e9lites dans la tourmente (Le Monde des livres)","author":"Lyonel Kaufmann","date":"26 mars 2006","format":false,"excerpt":"Plusieurs ouvrages reprennent cette question complexe par des biais diff\u00e9rents avec des r\u00e9sultats significatifs ? Le journal Le Monde (cahier Le Monde des Livres), dat\u00e9 du 23 mars 2006, vous offre un compte-rendu des ouvrages suivants : Technorati Tags: intellectuels, occupation, nazisme, Vichy LA VIE CULTURELLE SOUS L'OCCUPATION de St\u00e9phanie\u2026","rel":"","context":"Dans &quot;histoire&quot;","block_context":{"text":"histoire","link":"https:\/\/lyonelkaufmann.ch\/Blog\/category\/histoire-2\/"},"img":{"alt_text":"","src":"https:\/\/i0.wp.com\/lyonelkaufmann.ch\/Blog\/wp-content\/uploads\/2015\/03\/blogcafe1.jpg?fit=1024%2C683&ssl=1&resize=350%2C200","width":350,"height":200,"srcset":"https:\/\/i0.wp.com\/lyonelkaufmann.ch\/Blog\/wp-content\/uploads\/2015\/03\/blogcafe1.jpg?fit=1024%2C683&ssl=1&resize=350%2C200 1x, https:\/\/i0.wp.com\/lyonelkaufmann.ch\/Blog\/wp-content\/uploads\/2015\/03\/blogcafe1.jpg?fit=1024%2C683&ssl=1&resize=525%2C300 1.5x, https:\/\/i0.wp.com\/lyonelkaufmann.ch\/Blog\/wp-content\/uploads\/2015\/03\/blogcafe1.jpg?fit=1024%2C683&ssl=1&resize=700%2C400 2x"},"classes":[]},{"id":25265,"url":"https:\/\/lyonelkaufmann.ch\/Blog\/2024\/03\/29\/les-jeunes-autochtones-se-mobilisent-pour-sauver-des-vies-radio-canada\/","url_meta":{"origin":4317,"position":4},"title":"Les jeunes Autochtones se mobilisent pour sauver des vies | Radio-Canada","author":"Lyonel Kaufmann","date":"29 mars 2024","format":false,"excerpt":"Selon les derni\u00e8res statistiques, les jeunes Autochtones sont six fois plus susceptibles de mourir d'un suicide. Pour contrer ce ph\u00e9nom\u00e8ne qui touche de plein fouet les communaut\u00e9s de l\u2019Ontario, plusieurs refusent une quelconque fatalit\u00e9 en se mobilisant pour aider les plus vuln\u00e9rables. Hanna Sewell est une ojibw\u00e9e de 21ans, membre\u2026","rel":"","context":"Dans &quot;Blogcaf\u00e9&quot;","block_context":{"text":"Blogcaf\u00e9","link":"https:\/\/lyonelkaufmann.ch\/Blog\/category\/blogcafe-2\/"},"img":{"alt_text":"","src":"https:\/\/i0.wp.com\/lyonelkaufmann.ch\/Blog\/wp-content\/uploads\/2024\/03\/Capture-decran-2024-03-29-a-01.31.56.png?fit=1200%2C905&ssl=1&resize=350%2C200","width":350,"height":200,"srcset":"https:\/\/i0.wp.com\/lyonelkaufmann.ch\/Blog\/wp-content\/uploads\/2024\/03\/Capture-decran-2024-03-29-a-01.31.56.png?fit=1200%2C905&ssl=1&resize=350%2C200 1x, https:\/\/i0.wp.com\/lyonelkaufmann.ch\/Blog\/wp-content\/uploads\/2024\/03\/Capture-decran-2024-03-29-a-01.31.56.png?fit=1200%2C905&ssl=1&resize=525%2C300 1.5x, https:\/\/i0.wp.com\/lyonelkaufmann.ch\/Blog\/wp-content\/uploads\/2024\/03\/Capture-decran-2024-03-29-a-01.31.56.png?fit=1200%2C905&ssl=1&resize=700%2C400 2x, https:\/\/i0.wp.com\/lyonelkaufmann.ch\/Blog\/wp-content\/uploads\/2024\/03\/Capture-decran-2024-03-29-a-01.31.56.png?fit=1200%2C905&ssl=1&resize=1050%2C600 3x"},"classes":[]},{"id":966,"url":"https:\/\/lyonelkaufmann.ch\/Blog\/2009\/02\/12\/la-peur-gabriel-chevallier-biblioblog\/","url_meta":{"origin":4317,"position":5},"title":"La peur &#8211; Gabriel Chevallier | Biblioblog","author":"Lyonel Kaufmann","date":"12 f\u00e9vrier 2009","format":false,"excerpt":"Jamais un roman n\u2019aura racont\u00e9 la guerre des tranch\u00e9es avec tant de d\u00e9tails, tant de...","rel":"","context":"Dans &quot;histoire&quot;","block_context":{"text":"histoire","link":"https:\/\/lyonelkaufmann.ch\/Blog\/category\/histoire-2\/"},"img":{"alt_text":"","src":"http:\/\/tbn1.google.com\/images?q=tbn:3wLJTrF7ndc74M:http:\/\/www.benzinemag.net\/images\/romans\/2008_11\/peur.jpg","width":350,"height":200},"classes":[]}],"jetpack_likes_enabled":true,"_links":{"self":[{"href":"https:\/\/lyonelkaufmann.ch\/Blog\/wp-json\/wp\/v2\/posts\/4317","targetHints":{"allow":["GET"]}}],"collection":[{"href":"https:\/\/lyonelkaufmann.ch\/Blog\/wp-json\/wp\/v2\/posts"}],"about":[{"href":"https:\/\/lyonelkaufmann.ch\/Blog\/wp-json\/wp\/v2\/types\/post"}],"author":[{"embeddable":true,"href":"https:\/\/lyonelkaufmann.ch\/Blog\/wp-json\/wp\/v2\/users\/1"}],"replies":[{"embeddable":true,"href":"https:\/\/lyonelkaufmann.ch\/Blog\/wp-json\/wp\/v2\/comments?post=4317"}],"version-history":[{"count":0,"href":"https:\/\/lyonelkaufmann.ch\/Blog\/wp-json\/wp\/v2\/posts\/4317\/revisions"}],"wp:featuredmedia":[{"embeddable":true,"href":"https:\/\/lyonelkaufmann.ch\/Blog\/wp-json\/wp\/v2\/media\/14037"}],"wp:attachment":[{"href":"https:\/\/lyonelkaufmann.ch\/Blog\/wp-json\/wp\/v2\/media?parent=4317"}],"wp:term":[{"taxonomy":"category","embeddable":true,"href":"https:\/\/lyonelkaufmann.ch\/Blog\/wp-json\/wp\/v2\/categories?post=4317"},{"taxonomy":"post_tag","embeddable":true,"href":"https:\/\/lyonelkaufmann.ch\/Blog\/wp-json\/wp\/v2\/tags?post=4317"}],"curies":[{"name":"wp","href":"https:\/\/api.w.org\/{rel}","templated":true}]}}