{"id":4378,"date":"2011-11-30T15:53:43","date_gmt":"2011-11-30T15:53:43","guid":{"rendered":"http:\/\/lyonelkaufmann.ch\/histoire\/?p=4378"},"modified":"2011-11-30T15:53:43","modified_gmt":"2011-11-30T15:53:43","slug":"zoos-humains-ce-quil-en-reste-mediapart","status":"publish","type":"post","link":"https:\/\/lyonelkaufmann.ch\/Blog\/2011\/11\/30\/zoos-humains-ce-quil-en-reste-mediapart\/","title":{"rendered":"Zoos humains\u00a0: ce qu\u2019il en reste | Mediapart"},"content":{"rendered":"<p><a href=\"https:\/\/i0.wp.com\/lyonelkaufmann.ch\/histoire\/wp-content\/uploads\/2011\/11\/ymago_affiche_exhibitions.jpg\"><img data-recalc-dims=\"1\" loading=\"lazy\" decoding=\"async\" class=\"alignleft size-full wp-image-4380\" title=\"ymago_affiche_exhibitions\" src=\"https:\/\/i0.wp.com\/lyonelkaufmann.ch\/histoire\/wp-content\/uploads\/2011\/11\/ymago_affiche_exhibitions.jpg?resize=300%2C450\" alt=\"\" width=\"300\" height=\"450\" \/><\/a>Sur la photographie, un homme en chapeau, costume et \u00e9paisse moustache, se tient debout au milieu d\u2019une famille de pygm\u00e9es allong\u00e9s \u00e0 ses pieds, sur lesquels il pose une main et un regard dominateurs\u2026 L&rsquo;affiche de l&rsquo;exposition Exhibitions, l\u2019invention du sauvage qui vient d&rsquo;ouvrir ses portes au Mus\u00e9e du quai Branly est l&rsquo;une des images les plus d\u00e9rangeantes placard\u00e9es dans tout Paris depuis longtemps.<br \/>\nEn faisant le choix d\u2019exposer les exhib\u00e9s, le quai Branly s\u2019aventure sur un terrain explicitement politique.<\/p>\n<p>Sous la houlette du footballeur Lilian Thuram, co-commissaire avec les historiens Pascal Blanchard et Nanette Jacomijn Snoep, l&rsquo;exposition retrace la m\u00e9moire d\u2019un temps o\u00f9 les centaines de millions d\u2019enfants et de parents qui se sont press\u00e9s dans les exhibitions \u00abzoologiques\u00bb montrant des \u00abhommes de couleur\u00bb ne doutaient pas que les races humaines existaient. Et ne se valaient pas.<\/p>\n<p><a href=\"http:\/\/www.mediapart.fr\/journal\/culture-idees\/291111\/zoos-humains-ce-qu-il-en-reste\">Zoos humains\u00a0: ce qu\u2019il en reste | Mediapart<\/a>.<\/p>\n","protected":false},"excerpt":{"rendered":"<p>Sur la photographie, un homme en chapeau, costume et \u00e9paisse moustache, se tient debout au milieu d\u2019une famille de pygm\u00e9es allong\u00e9s \u00e0 ses pieds, sur lesquels il pose une main et un regard dominateurs\u2026 L&rsquo;affiche de l&rsquo;exposition Exhibitions, l\u2019invention du sauvage qui vient d&rsquo;ouvrir ses portes au Mus\u00e9e du quai Branly est l&rsquo;une des images [&hellip;]<\/p>\n","protected":false},"author":1,"featured_media":14039,"comment_status":"open","ping_status":"open","sticky":false,"template":"","format":"standard","meta":{"_import_markdown_pro_load_document_selector":0,"_import_markdown_pro_submit_text_textarea":"","_genesis_hide_title":false,"_genesis_hide_breadcrumbs":false,"_genesis_hide_singular_image":false,"_genesis_hide_footer_widgets":false,"_genesis_custom_body_class":"","_genesis_custom_post_class":"","_genesis_layout":"","jetpack_post_was_ever_published":false,"_jetpack_newsletter_access":"","_jetpack_dont_email_post_to_subs":false,"_jetpack_newsletter_tier_id":0,"_jetpack_memberships_contains_paywalled_content":false,"_jetpack_memberships_contains_paid_content":false,"activitypub_content_warning":"","activitypub_content_visibility":"","activitypub_max_image_attachments":3,"activitypub_interaction_policy_quote":"anyone","activitypub_status":"","footnotes":"","jetpack_publicize_message":"","jetpack_publicize_feature_enabled":true,"jetpack_social_post_already_shared":true,"jetpack_social_options":{"image_generator_settings":{"template":"fullscreen","default_image_id":0,"font":"","enabled":false},"version":2}},"categories":[2],"tags":[],"class_list":{"0":"post-4378","1":"post","2":"type-post","3":"status-publish","4":"format-standard","5":"has-post-thumbnail","7":"category-histoire-2","8":"entry"},"jetpack_publicize_connections":[],"featured_image_src":"https:\/\/i0.wp.com\/lyonelkaufmann.ch\/Blog\/wp-content\/uploads\/2015\/03\/ymago_affiche_exhibitions.jpg?resize=300%2C400&ssl=1","featured_image_src_square":"https:\/\/i0.wp.com\/lyonelkaufmann.ch\/Blog\/wp-content\/uploads\/2015\/03\/ymago_affiche_exhibitions.jpg?resize=300%2C450&ssl=1","author_info":{"display_name":"Lyonel Kaufmann","author_link":"https:\/\/lyonelkaufmann.ch\/Blog\/author\/lyonelk\/"},"jetpack_featured_media_url":"https:\/\/i0.wp.com\/lyonelkaufmann.ch\/Blog\/wp-content\/uploads\/2015\/03\/ymago_affiche_exhibitions.jpg?fit=300%2C450&ssl=1","jetpack_sharing_enabled":true,"jetpack_shortlink":"https:\/\/wp.me\/p1qtF4-18C","jetpack-related-posts":[{"id":12761,"url":"https:\/\/lyonelkaufmann.ch\/Blog\/2012\/06\/23\/photo-du-jour-quai-de-clarens\/","url_meta":{"origin":4378,"position":0},"title":"Photo du Jour | Quai de Clarens","author":"Lyonel Kaufmann","date":"23 juin 2012","format":"image","excerpt":"Photo du Jour | Quai de Clarens, a photo by\u00a0lyonelkaufmann\u00a0on Flickr. Ce dernier jeudi, ma fl\u00e2nerie se poursuit en direction des quais de Clarens, en direction du Pierrier. Un coup d\u2019oeil sur cette magnifique verri\u00e8re\u2026 et hop c\u2019est fugacement la vie de ch\u00e2teau.","rel":"","context":"Dans &quot;L'Expresso&quot;","block_context":{"text":"L'Expresso","link":"https:\/\/lyonelkaufmann.ch\/Blog\/category\/breves\/"},"img":{"alt_text":"","src":"https:\/\/i0.wp.com\/lyonelkaufmann.ch\/Blog\/wp-content\/uploads\/2015\/03\/Clarens2.jpg?fit=949%2C628&ssl=1&resize=350%2C200","width":350,"height":200,"srcset":"https:\/\/i0.wp.com\/lyonelkaufmann.ch\/Blog\/wp-content\/uploads\/2015\/03\/Clarens2.jpg?fit=949%2C628&ssl=1&resize=350%2C200 1x, https:\/\/i0.wp.com\/lyonelkaufmann.ch\/Blog\/wp-content\/uploads\/2015\/03\/Clarens2.jpg?fit=949%2C628&ssl=1&resize=525%2C300 1.5x, https:\/\/i0.wp.com\/lyonelkaufmann.ch\/Blog\/wp-content\/uploads\/2015\/03\/Clarens2.jpg?fit=949%2C628&ssl=1&resize=700%2C400 2x"},"classes":[]},{"id":18869,"url":"https:\/\/lyonelkaufmann.ch\/Blog\/2017\/12\/04\/viva-yakari-montreux-quai\/","url_meta":{"origin":4378,"position":1},"title":"Viva Yakari #montreux #quai","author":"Lyonel Kaufmann","date":"4 d\u00e9cembre 2017","format":false,"excerpt":"from Instagram: http:\/\/ift.tt\/2zJGSwM","rel":"","context":"Dans &quot;Blogcaf\u00e9&quot;","block_context":{"text":"Blogcaf\u00e9","link":"https:\/\/lyonelkaufmann.ch\/Blog\/category\/blogcafe-2\/"},"img":{"alt_text":"","src":"","width":0,"height":0},"classes":[]},{"id":19737,"url":"https:\/\/lyonelkaufmann.ch\/Blog\/2018\/12\/02\/sur-le-quai-regrets-dete\/","url_meta":{"origin":4378,"position":2},"title":"Sur le quai : regrets d\u2019\u00e9t\u00e9","author":"Lyonel Kaufmann","date":"2 d\u00e9cembre 2018","format":false,"excerpt":"#ricoh #ricohgrii #GRII #automne #carnet flic.kr\/p\/2axvt6d","rel":"","context":"Dans &quot;Photo du jour&quot;","block_context":{"text":"Photo du jour","link":"https:\/\/lyonelkaufmann.ch\/Blog\/category\/photo-du-jour\/"},"img":{"alt_text":"","src":"https:\/\/i0.wp.com\/lyonelkaufmann.ch\/Blog\/wp-content\/uploads\/2018\/12\/image_56547272056683.jpg?resize=350%2C200&ssl=1","width":350,"height":200,"srcset":"https:\/\/i0.wp.com\/lyonelkaufmann.ch\/Blog\/wp-content\/uploads\/2018\/12\/image_56547272056683.jpg?resize=350%2C200&ssl=1 1x, https:\/\/i0.wp.com\/lyonelkaufmann.ch\/Blog\/wp-content\/uploads\/2018\/12\/image_56547272056683.jpg?resize=525%2C300&ssl=1 1.5x, https:\/\/i0.wp.com\/lyonelkaufmann.ch\/Blog\/wp-content\/uploads\/2018\/12\/image_56547272056683.jpg?resize=700%2C400&ssl=1 2x, https:\/\/i0.wp.com\/lyonelkaufmann.ch\/Blog\/wp-content\/uploads\/2018\/12\/image_56547272056683.jpg?resize=1050%2C600&ssl=1 3x, https:\/\/i0.wp.com\/lyonelkaufmann.ch\/Blog\/wp-content\/uploads\/2018\/12\/image_56547272056683.jpg?resize=1400%2C800&ssl=1 4x"},"classes":[]},{"id":20567,"url":"https:\/\/lyonelkaufmann.ch\/Blog\/2019\/12\/23\/quai-perdonnet-vevey\/","url_meta":{"origin":4378,"position":3},"title":"Quai Perdonnet &#8211; Vevey","author":"Lyonel Kaufmann","date":"23 d\u00e9cembre 2019","format":false,"excerpt":"En ce dimanche d\u2019avant Avant, le lac se d\u00e9cha\u00eene et les mouettes tourbillonnent.\u00a0 #Roadbook #Vevey #Perdonnet #Lac #Hipstamatic #Jane #Inas1982 #TripleCrown","rel":"","context":"Dans &quot;Blogcaf\u00e9&quot;","block_context":{"text":"Blogcaf\u00e9","link":"https:\/\/lyonelkaufmann.ch\/Blog\/category\/blogcafe-2\/"},"img":{"alt_text":"","src":"https:\/\/i0.wp.com\/lyonelkaufmann.ch\/Blog\/wp-content\/uploads\/2019\/12\/image_d83c6aea-9787-406b-bb42-b43e4df98702.1577012047278-73mp224s3cj7uahn-c2u9vpjjx8hgsvjg.jpeg?fit=1080%2C1080&ssl=1&resize=350%2C200","width":350,"height":200,"srcset":"https:\/\/i0.wp.com\/lyonelkaufmann.ch\/Blog\/wp-content\/uploads\/2019\/12\/image_d83c6aea-9787-406b-bb42-b43e4df98702.1577012047278-73mp224s3cj7uahn-c2u9vpjjx8hgsvjg.jpeg?fit=1080%2C1080&ssl=1&resize=350%2C200 1x, https:\/\/i0.wp.com\/lyonelkaufmann.ch\/Blog\/wp-content\/uploads\/2019\/12\/image_d83c6aea-9787-406b-bb42-b43e4df98702.1577012047278-73mp224s3cj7uahn-c2u9vpjjx8hgsvjg.jpeg?fit=1080%2C1080&ssl=1&resize=525%2C300 1.5x, https:\/\/i0.wp.com\/lyonelkaufmann.ch\/Blog\/wp-content\/uploads\/2019\/12\/image_d83c6aea-9787-406b-bb42-b43e4df98702.1577012047278-73mp224s3cj7uahn-c2u9vpjjx8hgsvjg.jpeg?fit=1080%2C1080&ssl=1&resize=700%2C400 2x, https:\/\/i0.wp.com\/lyonelkaufmann.ch\/Blog\/wp-content\/uploads\/2019\/12\/image_d83c6aea-9787-406b-bb42-b43e4df98702.1577012047278-73mp224s3cj7uahn-c2u9vpjjx8hgsvjg.jpeg?fit=1080%2C1080&ssl=1&resize=1050%2C600 3x"},"classes":[]},{"id":24976,"url":"https:\/\/lyonelkaufmann.ch\/Blog\/2024\/02\/03\/quai-de-la-veveyse-02-02-2024\/","url_meta":{"origin":4378,"position":4},"title":"Quai de la Veveyse (02.02.2024","author":"Lyonel Kaufmann","date":"3 f\u00e9vrier 2024","format":false,"excerpt":"https:\/\/youtu.be\/3BQIc5sMs7s?si=ltL8eowjxto_4k-y L\u2019impression d\u2019\u00eatre plus au printemps qu\u2019en hiver. La rivi\u00e8re canalis\u00e9e de la Veveyse arrivant \u00e0 l\u2019embouchure du lac L\u00e9man et s\u2019avan\u00e7ant dans le lac. Le ciel est nuageux et moutonneux. Le soleil se couche sur un fond orang\u00e9. En ombre chinoise au bord de la rive, cinq silhouettes, \u00e0\u2026","rel":"","context":"Dans &quot;Blogcaf\u00e9&quot;","block_context":{"text":"Blogcaf\u00e9","link":"https:\/\/lyonelkaufmann.ch\/Blog\/category\/blogcafe-2\/"},"img":{"alt_text":"","src":"https:\/\/i0.wp.com\/lyonelkaufmann.ch\/Blog\/wp-content\/uploads\/2024\/02\/img_6750.jpg?fit=1200%2C802&ssl=1&resize=350%2C200","width":350,"height":200,"srcset":"https:\/\/i0.wp.com\/lyonelkaufmann.ch\/Blog\/wp-content\/uploads\/2024\/02\/img_6750.jpg?fit=1200%2C802&ssl=1&resize=350%2C200 1x, https:\/\/i0.wp.com\/lyonelkaufmann.ch\/Blog\/wp-content\/uploads\/2024\/02\/img_6750.jpg?fit=1200%2C802&ssl=1&resize=525%2C300 1.5x, https:\/\/i0.wp.com\/lyonelkaufmann.ch\/Blog\/wp-content\/uploads\/2024\/02\/img_6750.jpg?fit=1200%2C802&ssl=1&resize=700%2C400 2x, https:\/\/i0.wp.com\/lyonelkaufmann.ch\/Blog\/wp-content\/uploads\/2024\/02\/img_6750.jpg?fit=1200%2C802&ssl=1&resize=1050%2C600 3x"},"classes":[]},{"id":20319,"url":"https:\/\/lyonelkaufmann.ch\/Blog\/2019\/09\/22\/trace-des-passages-simplon-26-lausanne\/","url_meta":{"origin":4378,"position":5},"title":"Traces de passages | Simplon 26 Lausanne","author":"Lyonel Kaufmann","date":"22 septembre 2019","format":false,"excerpt":"Ce dimanche 22 septembre 2019 repr\u00e9sentait la derni\u00e8re occasion \u00e0 la fois de visiter l'immeuble Simplon 26 \u00e0 Lausanne et de visiter l'exposition r\u00e9alis\u00e9e avant sa d\u00e9molition. Voici quelques photos de l'immeuble et de l'exposition. Depuis le quai de la voie 9 \u00e0 Lausanne, les pendulaires ont probablement aper\u00e7u ses\u2026","rel":"","context":"Dans &quot;Blogcaf\u00e9&quot;","block_context":{"text":"Blogcaf\u00e9","link":"https:\/\/lyonelkaufmann.ch\/Blog\/category\/blogcafe-2\/"},"img":{"alt_text":"","src":"https:\/\/i0.wp.com\/lyonelkaufmann.ch\/Blog\/wp-content\/uploads\/2019\/09\/eca57c55-717a-40ed-a99a-1ccb8950c1b5.jpg?fit=798%2C1200&ssl=1&resize=350%2C200","width":350,"height":200,"srcset":"https:\/\/i0.wp.com\/lyonelkaufmann.ch\/Blog\/wp-content\/uploads\/2019\/09\/eca57c55-717a-40ed-a99a-1ccb8950c1b5.jpg?fit=798%2C1200&ssl=1&resize=350%2C200 1x, https:\/\/i0.wp.com\/lyonelkaufmann.ch\/Blog\/wp-content\/uploads\/2019\/09\/eca57c55-717a-40ed-a99a-1ccb8950c1b5.jpg?fit=798%2C1200&ssl=1&resize=525%2C300 1.5x, https:\/\/i0.wp.com\/lyonelkaufmann.ch\/Blog\/wp-content\/uploads\/2019\/09\/eca57c55-717a-40ed-a99a-1ccb8950c1b5.jpg?fit=798%2C1200&ssl=1&resize=700%2C400 2x"},"classes":[]}],"jetpack_likes_enabled":true,"_links":{"self":[{"href":"https:\/\/lyonelkaufmann.ch\/Blog\/wp-json\/wp\/v2\/posts\/4378","targetHints":{"allow":["GET"]}}],"collection":[{"href":"https:\/\/lyonelkaufmann.ch\/Blog\/wp-json\/wp\/v2\/posts"}],"about":[{"href":"https:\/\/lyonelkaufmann.ch\/Blog\/wp-json\/wp\/v2\/types\/post"}],"author":[{"embeddable":true,"href":"https:\/\/lyonelkaufmann.ch\/Blog\/wp-json\/wp\/v2\/users\/1"}],"replies":[{"embeddable":true,"href":"https:\/\/lyonelkaufmann.ch\/Blog\/wp-json\/wp\/v2\/comments?post=4378"}],"version-history":[{"count":0,"href":"https:\/\/lyonelkaufmann.ch\/Blog\/wp-json\/wp\/v2\/posts\/4378\/revisions"}],"wp:featuredmedia":[{"embeddable":true,"href":"https:\/\/lyonelkaufmann.ch\/Blog\/wp-json\/wp\/v2\/media\/14039"}],"wp:attachment":[{"href":"https:\/\/lyonelkaufmann.ch\/Blog\/wp-json\/wp\/v2\/media?parent=4378"}],"wp:term":[{"taxonomy":"category","embeddable":true,"href":"https:\/\/lyonelkaufmann.ch\/Blog\/wp-json\/wp\/v2\/categories?post=4378"},{"taxonomy":"post_tag","embeddable":true,"href":"https:\/\/lyonelkaufmann.ch\/Blog\/wp-json\/wp\/v2\/tags?post=4378"}],"curies":[{"name":"wp","href":"https:\/\/api.w.org\/{rel}","templated":true}]}}