{"id":4449,"date":"2011-02-28T17:28:00","date_gmt":"2011-02-28T16:28:00","guid":{"rendered":"http:\/\/lyonelkaufmann.ch\/histoire\/2011\/02\/28\/mort-du-dernier-veteran-americain-de-14-18\/"},"modified":"2011-02-28T17:28:00","modified_gmt":"2011-02-28T16:28:00","slug":"mort-du-dernier-veteran-americain-de-14-18","status":"publish","type":"post","link":"https:\/\/lyonelkaufmann.ch\/Blog\/2011\/02\/28\/mort-du-dernier-veteran-americain-de-14-18\/","title":{"rendered":"Mort du dernier v\u00e9t\u00e9ran am\u00e9ricain de 14-18"},"content":{"rendered":"<p><a href=\"https:\/\/i0.wp.com\/lyonelkaufmann.ch\/Blog\/wp-content\/uploads\/2011\/02\/F0CE351E-6BEB-42B4-8F3C-BA928F4A733D8.jpg\" target=\"_blank\"><img data-recalc-dims=\"1\" loading=\"lazy\" decoding=\"async\" src=\"https:\/\/i0.wp.com\/lyonelkaufmann.ch\/Blog\/wp-content\/uploads\/2011\/02\/F0CE351E-6BEB-42B4-8F3C-BA928F4A733D8.jpg?resize=190%2C281\" border=\"0\" width=\"190\" height=\"281\" style=\"margin:5px;\" \/><\/a><br \/>ETATS-UNIS | Le dernier v\u00e9t\u00e9ran am\u00e9ricain de la Premi\u00e8re guerre mondiale, Franck Buckles, qui avait menti sur son \u00e2ge pour pouvoir s\u2019enroler en 1917, est mort chez lui \u00e0 l\u2019\u00e2ge de 110 ans, a rapport\u00e9 lundi la cha\u00eene de t\u00e9l\u00e9vision CNN. <br \/>via <a href=\"http:\/\/www.24heures.ch\/dernier-veteran-us-premiere-guerre-mondiale-eteint-110-ans-2011-02-28\" target=\"_blank\">Le dernier v\u00e9t\u00e9ran US de la Premi\u00e8re guerre mondiale s&#8217;est \u00e9teint \u00e0 110 ans | 24 heures<\/a><br \/>Cr\u00e9dit photo&#160;: Franck Buckles recevant la l\u00e9gion d&#8217;honneur en 2007. Wikipedia<\/p>\n","protected":false},"excerpt":{"rendered":"<p>ETATS-UNIS | Le dernier v\u00e9t\u00e9ran am\u00e9ricain de la Premi\u00e8re guerre mondiale, Franck Buckles, qui avait menti sur son \u00e2ge pour pouvoir s\u2019enroler en 1917, est mort chez lui \u00e0 l\u2019\u00e2ge de 110 ans, a rapport\u00e9 lundi la cha\u00eene de t\u00e9l\u00e9vision CNN. via Le dernier v\u00e9t\u00e9ran US de la Premi\u00e8re guerre mondiale s&#8217;est \u00e9teint \u00e0 110 [&hellip;]<\/p>\n","protected":false},"author":1,"featured_media":13821,"comment_status":"open","ping_status":"open","sticky":false,"template":"","format":"standard","meta":{"_import_markdown_pro_load_document_selector":0,"_import_markdown_pro_submit_text_textarea":"","_genesis_hide_title":false,"_genesis_hide_breadcrumbs":false,"_genesis_hide_singular_image":false,"_genesis_hide_footer_widgets":false,"_genesis_custom_body_class":"","_genesis_custom_post_class":"","_genesis_layout":"","jetpack_post_was_ever_published":false,"_jetpack_newsletter_access":"","_jetpack_dont_email_post_to_subs":false,"_jetpack_newsletter_tier_id":0,"_jetpack_memberships_contains_paywalled_content":false,"_jetpack_memberships_contains_paid_content":false,"activitypub_content_warning":"","activitypub_content_visibility":"","activitypub_max_image_attachments":3,"activitypub_interaction_policy_quote":"anyone","activitypub_status":"","footnotes":"","jetpack_publicize_message":"","jetpack_publicize_feature_enabled":true,"jetpack_social_post_already_shared":true,"jetpack_social_options":{"image_generator_settings":{"template":"fullscreen","default_image_id":0,"font":"","enabled":false},"version":2}},"categories":[2],"tags":[],"class_list":{"0":"post-4449","1":"post","2":"type-post","3":"status-publish","4":"format-standard","5":"has-post-thumbnail","7":"category-histoire-2","8":"entry"},"jetpack_publicize_connections":[],"featured_image_src":"https:\/\/i0.wp.com\/lyonelkaufmann.ch\/Blog\/wp-content\/uploads\/2015\/03\/F0CE351E-6BEB-42B4-8F3C-BA928F4A733D8.jpg?resize=405%2C400&ssl=1","featured_image_src_square":"https:\/\/i0.wp.com\/lyonelkaufmann.ch\/Blog\/wp-content\/uploads\/2015\/03\/F0CE351E-6BEB-42B4-8F3C-BA928F4A733D8.jpg?resize=405%2C599&ssl=1","author_info":{"display_name":"Lyonel Kaufmann","author_link":"https:\/\/lyonelkaufmann.ch\/Blog\/author\/lyonelk\/"},"jetpack_featured_media_url":"https:\/\/i0.wp.com\/lyonelkaufmann.ch\/Blog\/wp-content\/uploads\/2015\/03\/F0CE351E-6BEB-42B4-8F3C-BA928F4A733D8.jpg?fit=405%2C599&ssl=1","jetpack_sharing_enabled":true,"jetpack_shortlink":"https:\/\/wp.me\/p1qtF4-19L","jetpack-related-posts":[{"id":3743,"url":"https:\/\/lyonelkaufmann.ch\/Blog\/2011\/05\/05\/premiere-guerre-mondiale-mort-du-dernier-poilu-tsrinfo-ch-2\/","url_meta":{"origin":4449,"position":0},"title":"Premi\u00e8re Guerre mondiale: mort du dernier \u00ab\u00a0poilu\u00a0\u00bb | tsrinfo.ch","author":"Lyonel Kaufmann","date":"5 mai 2011","format":false,"excerpt":"Claude Choules \u00e9tait le dernier ancien combattant survivant de la Grande Guerre dans le monde, apr\u00e8s le d\u00e9c\u00e8s fin f\u00e9vrier \u00e0 110 ans de Franck Buckles, dernier v\u00e9t\u00e9ran am\u00e9ricain de la Premi\u00e8re Guerre mondiale, qui avait lui aussi menti sur son \u00e2ge pour pouvoir s'enr\u00f4ler en 1917. Le v\u00e9t\u00e9ran britannique\u2026","rel":"","context":"Dans &quot;histoire&quot;","block_context":{"text":"histoire","link":"https:\/\/lyonelkaufmann.ch\/Blog\/category\/histoire-2\/"},"img":{"alt_text":"","src":"https:\/\/i0.wp.com\/lyonelkaufmann.ch\/Blog\/wp-content\/uploads\/2015\/03\/Claude_Choules.jpg?fit=480%2C270&ssl=1&resize=350%2C200","width":350,"height":200},"classes":[]},{"id":7877,"url":"https:\/\/lyonelkaufmann.ch\/Blog\/2013\/11\/05\/la-premiere-guerre-mondiale-une-passion-litteraire-francaise\/","url_meta":{"origin":4449,"position":1},"title":"La Premi\u00e8re Guerre mondiale : une passion litt\u00e9raire fran\u00e7aise ?","author":"Lyonel Kaufmann","date":"5 novembre 2013","format":false,"excerpt":"Juste avant le d\u00e9but officiel des comm\u00e9morations du centenaire de la Premi\u00e8re Guerre mondiale, le Prix Goncourt d\u00e9cerne son prix \u00e0 un roman ayant la Premi\u00e8re Guerre mondiale comme toile de fond tout comme elle le fit en 1916 lorsqu'elle d\u00e9cerna son prix, report\u00e9 pour cause du d\u00e9clenchement des hostilit\u00e9s,\u2026","rel":"","context":"Dans &quot;histoire&quot;","block_context":{"text":"histoire","link":"https:\/\/lyonelkaufmann.ch\/Blog\/category\/histoire-2\/"},"img":{"alt_text":"","src":"https:\/\/i0.wp.com\/lyonelkaufmann.ch\/Blog\/wp-content\/uploads\/2015\/03\/r-POILUS-GRANDE-GUERRE-large570.jpg?fit=570%2C238&ssl=1&resize=350%2C200","width":350,"height":200,"srcset":"https:\/\/i0.wp.com\/lyonelkaufmann.ch\/Blog\/wp-content\/uploads\/2015\/03\/r-POILUS-GRANDE-GUERRE-large570.jpg?fit=570%2C238&ssl=1&resize=350%2C200 1x, https:\/\/i0.wp.com\/lyonelkaufmann.ch\/Blog\/wp-content\/uploads\/2015\/03\/r-POILUS-GRANDE-GUERRE-large570.jpg?fit=570%2C238&ssl=1&resize=525%2C300 1.5x"},"classes":[]},{"id":300,"url":"https:\/\/lyonelkaufmann.ch\/Blog\/2008\/03\/13\/decede-lazare-ponticelli-fait-basuler-la-grande-guerre-dans-lhi\/","url_meta":{"origin":4449,"position":2},"title":"D\u00e9c\u00e9d\u00e9, Lazare Ponticelli fait basuler la Grande Guerre dans l&rsquo;Histoire","author":"Lyonel Kaufmann","date":"13 mars 2008","format":false,"excerpt":"Depuis le 24 janvier 2008, Lazare Ponticelli \u00e9tait le dernier poilu survivant de la Premi\u00e8re Guerre mondiale. En effet, Louis de Cazenave, ancien combattant de la guerre 1914-1918, venait de d\u00e9c\u00e9der \u00e0 l'\u00e2ge de 110 ans. Un peu moins de 2 mois plus tard, Lazare Ponticelli rejoignait \u00e0 110 ans\u2026","rel":"","context":"Dans &quot;histoire&quot;","block_context":{"text":"histoire","link":"https:\/\/lyonelkaufmann.ch\/Blog\/category\/histoire-2\/"},"img":{"alt_text":"","src":"","width":0,"height":0},"classes":[]},{"id":2671,"url":"https:\/\/lyonelkaufmann.ch\/Blog\/2010\/03\/26\/lautre-guerre-de-louis-pergaud-la-republique-des-livres\/","url_meta":{"origin":4449,"position":3},"title":"L\u2019autre guerre de Louis Pergaud | La r\u00e9publique des livres","author":"Lyonel Kaufmann","date":"26 mars 2010","format":false,"excerpt":"En lisant aujourd'hui cet extrait de la correspondance de guerre de Louis Pergeaud (l'auteur de la Guerre des boutons), sous-lieutenant lors de la Premi\u00e8re Guerre mondiale, je ne peux que faire le rapprochement avec les Sentiers de la Gloire de Stanley Kubrik (1957) et au colonel Dax interpr\u00e9t\u00e9 par Kirk\u2026","rel":"","context":"Dans &quot;histoire&quot;","block_context":{"text":"histoire","link":"https:\/\/lyonelkaufmann.ch\/Blog\/category\/histoire-2\/"},"img":{"alt_text":"","src":"https:\/\/i0.wp.com\/lyonelkaufmann.ch\/histoire\/wp-content\/uploads\/2010\/03\/pergaud-military.1269576105.jpg?resize=350%2C200","width":350,"height":200},"classes":[]},{"id":10943,"url":"https:\/\/lyonelkaufmann.ch\/Blog\/2013\/11\/08\/ouvrage-compagnie-k-de-william-march\/","url_meta":{"origin":4449,"position":4},"title":"Ouvrage : Compagnie K de William March","author":"Lyonel Kaufmann","date":"8 novembre 2013","format":false,"excerpt":"D\u00e9cembre 1917. Une compagnie de l\u2019US Marines Corps d\u00e9barque en France et est envoy\u00e9e au front. Pour la premi\u00e8re fois, les hommes de la Compagnie K d\u00e9couvrent la guerre : attaques de nuit, balles qui sifflent, obus qui explosent, ordres absurdes, grondement de l'artillerie, la pluie et le froid, la\u2026","rel":"","context":"Dans &quot;Blogcaf\u00e9&quot;","block_context":{"text":"Blogcaf\u00e9","link":"https:\/\/lyonelkaufmann.ch\/Blog\/category\/blogcafe-2\/"},"img":{"alt_text":"","src":"https:\/\/i0.wp.com\/www.gallmeister.fr\/\/images\/book_v_562.jpg?resize=350%2C200","width":350,"height":200},"classes":[]},{"id":7880,"url":"https:\/\/lyonelkaufmann.ch\/Blog\/2013\/11\/09\/exclusif-on-a-retrouve-les-unes-de-journaux-de-la-premiere-guerre-mondiale-slate\/","url_meta":{"origin":4449,"position":5},"title":"EXCLUSIF On a retrouv\u00e9 les unes de journaux de la Premi\u00e8re Guerre mondiale | Slate","author":"Lyonel Kaufmann","date":"9 novembre 2013","format":false,"excerpt":"Il y a quelques semaines, lors du Colombus Day (le jour lors duquel les Am\u00e9ricains comm\u00e9morent la d\u00e9couverte du continent par l'explorateur), le New York Magazine avait imagin\u00e9 des fausses unes des journaux am\u00e9ricains s'ils avaient couvert cet \u00e9v\u00e8nement. Pour inaugurer en l\u00e9g\u00e9ret\u00e9 une s\u00e9rie d'articles marquant le d\u00e9but des\u2026","rel":"","context":"Dans &quot;histoire&quot;","block_context":{"text":"histoire","link":"https:\/\/lyonelkaufmann.ch\/Blog\/category\/histoire-2\/"},"img":{"alt_text":"","src":"https:\/\/i0.wp.com\/lyonelkaufmann.ch\/Blog\/wp-content\/uploads\/2015\/03\/liberation_fake.jpg?fit=460%2C582&ssl=1&resize=350%2C200","width":350,"height":200},"classes":[]}],"jetpack_likes_enabled":true,"_links":{"self":[{"href":"https:\/\/lyonelkaufmann.ch\/Blog\/wp-json\/wp\/v2\/posts\/4449","targetHints":{"allow":["GET"]}}],"collection":[{"href":"https:\/\/lyonelkaufmann.ch\/Blog\/wp-json\/wp\/v2\/posts"}],"about":[{"href":"https:\/\/lyonelkaufmann.ch\/Blog\/wp-json\/wp\/v2\/types\/post"}],"author":[{"embeddable":true,"href":"https:\/\/lyonelkaufmann.ch\/Blog\/wp-json\/wp\/v2\/users\/1"}],"replies":[{"embeddable":true,"href":"https:\/\/lyonelkaufmann.ch\/Blog\/wp-json\/wp\/v2\/comments?post=4449"}],"version-history":[{"count":0,"href":"https:\/\/lyonelkaufmann.ch\/Blog\/wp-json\/wp\/v2\/posts\/4449\/revisions"}],"wp:featuredmedia":[{"embeddable":true,"href":"https:\/\/lyonelkaufmann.ch\/Blog\/wp-json\/wp\/v2\/media\/13821"}],"wp:attachment":[{"href":"https:\/\/lyonelkaufmann.ch\/Blog\/wp-json\/wp\/v2\/media?parent=4449"}],"wp:term":[{"taxonomy":"category","embeddable":true,"href":"https:\/\/lyonelkaufmann.ch\/Blog\/wp-json\/wp\/v2\/categories?post=4449"},{"taxonomy":"post_tag","embeddable":true,"href":"https:\/\/lyonelkaufmann.ch\/Blog\/wp-json\/wp\/v2\/tags?post=4449"}],"curies":[{"name":"wp","href":"https:\/\/api.w.org\/{rel}","templated":true}]}}