{"id":4452,"date":"2011-02-27T12:24:14","date_gmt":"2011-02-27T11:24:14","guid":{"rendered":"http:\/\/lyonelkaufmann.ch\/histoire\/2011\/02\/27\/une-revolution-tunisienne-lumieres-du-siecle\/"},"modified":"2011-02-27T12:24:14","modified_gmt":"2011-02-27T11:24:14","slug":"une-revolution-tunisienne-lumieres-du-siecle","status":"publish","type":"post","link":"https:\/\/lyonelkaufmann.ch\/Blog\/2011\/02\/27\/une-revolution-tunisienne-lumieres-du-siecle\/","title":{"rendered":"Une r\u00e9volution tunisienne | Lumi\u00e8res du Si\u00e8cle"},"content":{"rendered":"<div class=\"posterous_autopost\">\n<div class=\"posterous_bookmarklet_entry\">\n<blockquote class=\"posterous_medium_quote\"><p>Cette r\u00e9volution est tunisienne et non un avatar de la R\u00e9volution fran\u00e7aise. Le contexte est tr\u00e8s diff\u00e9rent: la mondialisation, le r\u00f4le de l&#8217;arm\u00e9e, des femmes, des classes moyennes, les logiques postcoloniales et l&#8217;ombre de l&#8217;islamisme font de la R\u00e9volution tunisienne un \u00e9v\u00e8nement sans pareil, m\u00eame s&#8217;il pr\u00e9sente certains m\u00e9canismes communs \u00e0 d&#8217;autres r\u00e9volutions<\/p><\/blockquote>\n<div class=\"posterous_quote_citation\">via <a href=\"http:\/\/lumieresdusiecle.blogs.nouvelobs.com\/archive\/2011\/01\/14\/une-revolution-tunisienne.html\" target=\"_blank\">lumieresdusiecle.blogs.nouvelobs.com<\/a><\/div>\n<p>Un excellent blog pour d\u00e9coder le flux des informations actuelles sur le mode arabe et \u00e9viter les raccourcis entre leur situation actuelle et nos r\u00e9f\u00e9rences historiques occidentales.<\/p>\n<\/div>\n<\/div>\n","protected":false},"excerpt":{"rendered":"<p>Cette r\u00e9volution est tunisienne et non un avatar de la R\u00e9volution fran\u00e7aise. Le contexte est tr\u00e8s diff\u00e9rent: la mondialisation, le r\u00f4le de l&#8217;arm\u00e9e, des femmes, des classes moyennes, les logiques postcoloniales et l&#8217;ombre de l&#8217;islamisme font de la R\u00e9volution tunisienne un \u00e9v\u00e8nement sans pareil, m\u00eame s&#8217;il pr\u00e9sente certains m\u00e9canismes communs \u00e0 d&#8217;autres r\u00e9volutions via lumieresdusiecle.blogs.nouvelobs.com [&hellip;]<\/p>\n","protected":false},"author":1,"featured_media":14680,"comment_status":"open","ping_status":"open","sticky":false,"template":"","format":"standard","meta":{"_import_markdown_pro_load_document_selector":0,"_import_markdown_pro_submit_text_textarea":"","_genesis_hide_title":false,"_genesis_hide_breadcrumbs":false,"_genesis_hide_singular_image":false,"_genesis_hide_footer_widgets":false,"_genesis_custom_body_class":"","_genesis_custom_post_class":"","_genesis_layout":"","jetpack_post_was_ever_published":false,"_jetpack_newsletter_access":"","_jetpack_dont_email_post_to_subs":false,"_jetpack_newsletter_tier_id":0,"_jetpack_memberships_contains_paywalled_content":false,"_jetpack_memberships_contains_paid_content":false,"activitypub_content_warning":"","activitypub_content_visibility":"","activitypub_max_image_attachments":3,"activitypub_interaction_policy_quote":"anyone","activitypub_status":"","footnotes":"","jetpack_publicize_message":"","jetpack_publicize_feature_enabled":true,"jetpack_social_post_already_shared":true,"jetpack_social_options":{"image_generator_settings":{"template":"fullscreen","default_image_id":0,"font":"","enabled":false},"version":2}},"categories":[2],"tags":[],"class_list":{"0":"post-4452","1":"post","2":"type-post","3":"status-publish","4":"format-standard","5":"has-post-thumbnail","7":"category-histoire-2","8":"entry"},"jetpack_publicize_connections":[],"featured_image_src":"https:\/\/i0.wp.com\/lyonelkaufmann.ch\/Blog\/wp-content\/uploads\/2015\/03\/blogcafe1.jpg?resize=600%2C400&ssl=1","featured_image_src_square":"https:\/\/i0.wp.com\/lyonelkaufmann.ch\/Blog\/wp-content\/uploads\/2015\/03\/blogcafe1.jpg?resize=600%2C600&ssl=1","author_info":{"display_name":"Lyonel Kaufmann","author_link":"https:\/\/lyonelkaufmann.ch\/Blog\/author\/lyonelk\/"},"jetpack_featured_media_url":"https:\/\/i0.wp.com\/lyonelkaufmann.ch\/Blog\/wp-content\/uploads\/2015\/03\/blogcafe1.jpg?fit=1024%2C683&ssl=1","jetpack_sharing_enabled":true,"jetpack_shortlink":"https:\/\/wp.me\/p1qtF4-19O","jetpack-related-posts":[{"id":6965,"url":"https:\/\/lyonelkaufmann.ch\/Blog\/2013\/04\/16\/revue-de-presse-la-ronde-des-revolutions-la-vie-des-idees\/","url_meta":{"origin":4452,"position":0},"title":"Revue de presse : La ronde des r\u00e9volutions | La Vie des id\u00e9es","author":"Lyonel Kaufmann","date":"16 avril 2013","format":false,"excerpt":"Pourquoi la r\u00e9volution tunisienne de 2011 a-t-elle \u00e9t\u00e9 per\u00e7ue en France comme une r\u00e9\u00e9dition de 1789\u00a0? Pourquoi les r\u00e9volutionnaires tunisiens se sont-ils reconnus dans un \u00ab\u00a0printemps arabe\u00a0\u00bb, hommage aux r\u00e9volutions de 1848\u00a0? L\u2019historien Guillaume Mazeau enqu\u00eate sur ces constructions en miroir et sur nos rapports aux temporalit\u00e9s r\u00e9volutionnaires.La ronde des\u2026","rel":"","context":"Dans &quot;histoire&quot;","block_context":{"text":"histoire","link":"https:\/\/lyonelkaufmann.ch\/Blog\/category\/histoire-2\/"},"img":{"alt_text":"","src":"https:\/\/i0.wp.com\/lyonelkaufmann.ch\/Blog\/wp-content\/uploads\/2015\/03\/blogcafe1.jpg?fit=1024%2C683&ssl=1&resize=350%2C200","width":350,"height":200,"srcset":"https:\/\/i0.wp.com\/lyonelkaufmann.ch\/Blog\/wp-content\/uploads\/2015\/03\/blogcafe1.jpg?fit=1024%2C683&ssl=1&resize=350%2C200 1x, https:\/\/i0.wp.com\/lyonelkaufmann.ch\/Blog\/wp-content\/uploads\/2015\/03\/blogcafe1.jpg?fit=1024%2C683&ssl=1&resize=525%2C300 1.5x, https:\/\/i0.wp.com\/lyonelkaufmann.ch\/Blog\/wp-content\/uploads\/2015\/03\/blogcafe1.jpg?fit=1024%2C683&ssl=1&resize=700%2C400 2x"},"classes":[]},{"id":3485,"url":"https:\/\/lyonelkaufmann.ch\/Blog\/2011\/02\/06\/la-revolution-francaise-lady-gaga-le-monde-arabe-et-nous\/","url_meta":{"origin":4452,"position":1},"title":"La R\u00e9volution fran\u00e7aise, Lady Gaga, le monde arabe et nous","author":"Lyonel Kaufmann","date":"6 f\u00e9vrier 2011","format":false,"excerpt":"L'actualit\u00e9 r\u00e9cente du monde arabe et celle de la culture web r\u00e9cente mettent la R\u00e9volution fran\u00e7aise \u00e0 l'honneur. Mais si d'un c\u00f4t\u00e9, c'est plut\u00f4t le c\u00f4t\u00e9 royaliste et le monde de la noblesse qui sont mis en avant, l'actualit\u00e9 ne manque pas de remettre la question citoyenne et du peuple\u2026","rel":"","context":"Dans &quot;histoire&quot;","block_context":{"text":"histoire","link":"https:\/\/lyonelkaufmann.ch\/Blog\/category\/histoire-2\/"},"img":{"alt_text":"","src":"https:\/\/i0.wp.com\/lyonelkaufmann.ch\/Blog\/wp-content\/uploads\/2015\/03\/091.jpg?fit=480%2C360&ssl=1&resize=350%2C200","width":350,"height":200},"classes":[]},{"id":6174,"url":"https:\/\/lyonelkaufmann.ch\/Blog\/2012\/09\/26\/la-revolution-francaise-un-evenement-de-la-raison-sensible-1787-1799-revolution-francaise\/","url_meta":{"origin":4452,"position":2},"title":"La R\u00e9volution fran\u00e7aise : un \u00e9v\u00e9nement de la raison sensible (1787-1799)","author":"Lyonel Kaufmann","date":"26 septembre 2012","format":false,"excerpt":"Extrait de l'Avant-propos de l'ouvrage de Sophie Wahnich (2012). La R\u00e9volution fran\u00e7aise. Un \u00e9v\u00e9nement de la raison sensible, 1787-1799. Paris : Hachette Sup\u00e9rieur. \u00abL\u2019histoire de la R\u00e9volution fran\u00e7aise depuis le bicentenaire semblait vou\u00e9e \u00e0 la comm\u00e9moration et \u00e0 son calendrier. La revisiter permettait de se rem\u00e9morer origines, fondements, et errements\u2026","rel":"","context":"Dans &quot;histoire&quot;","block_context":{"text":"histoire","link":"https:\/\/lyonelkaufmann.ch\/Blog\/category\/histoire-2\/"},"img":{"alt_text":"","src":"https:\/\/i0.wp.com\/lyonelkaufmann.ch\/histoire\/wp-content\/uploads\/2012\/09\/hachette_wahnich.png?resize=350%2C200","width":350,"height":200},"classes":[]},{"id":6275,"url":"https:\/\/lyonelkaufmann.ch\/Blog\/2012\/10\/15\/la-revolution-francaise-dalbert-mathiez-revolution-francaise\/","url_meta":{"origin":4452,"position":3},"title":"La R\u00e9volution fran\u00e7aise d&rsquo;Albert Mathiez &#8211; R\u00e9volution Fran\u00e7aise","author":"Lyonel Kaufmann","date":"15 octobre 2012","format":false,"excerpt":"Albert Mathiez, La R\u00e9volution fran\u00e7aise, Paris, Bartillat, 2012, 658 p. Introduction de Yannick Bosc et Florence Gauthier. Cette r\u00e9\u00e9dition rassemble en un seul volume les trois parties de l'ouvrage publi\u00e9es entre 1922 et 1927\u00a0: La Chute de la royaut\u00e9\u00a0; La Gironde et la Montagne\u00a0; La Terreur. Pour la premi\u00e8re fois,\u2026","rel":"","context":"Dans &quot;histoire&quot;","block_context":{"text":"histoire","link":"https:\/\/lyonelkaufmann.ch\/Blog\/category\/histoire-2\/"},"img":{"alt_text":"Mathiez bartillat","src":"https:\/\/i0.wp.com\/lyonelkaufmann.ch\/histoire\/wp-content\/uploads\/2012\/10\/mathiez_bartillat.png?resize=350%2C200","width":350,"height":200},"classes":[]},{"id":6964,"url":"https:\/\/lyonelkaufmann.ch\/Blog\/2013\/04\/16\/la-revolution-francaise-en-chansons-revolution-francaise\/","url_meta":{"origin":4452,"position":4},"title":"La R\u00e9volution fran\u00e7aise en chansons | R\u00e9volution Fran\u00e7aise","author":"Lyonel Kaufmann","date":"16 avril 2013","format":false,"excerpt":"Le site R\u00e9volution fran\u00e7aise.net\u00a0a s\u00e9lectionn\u00e9 quelques exemples de chansons r\u00e9volutionnaire en ligne sur YouTube. Les chansons ont jou\u00e9 un r\u00f4le important dans la circulation des id\u00e9es et des st\u00e9r\u00e9otypes politiques pendant la R\u00e9volution fran\u00e7aise. Certaines de ces chansons sont elles-m\u00eames des \"\u00e9v\u00e9nements\" r\u00e9volutionnaires\u00a0: La \"Marseillaise\" bien s\u00fbr, mais aussi le\u2026","rel":"","context":"Dans &quot;histoire&quot;","block_context":{"text":"histoire","link":"https:\/\/lyonelkaufmann.ch\/Blog\/category\/histoire-2\/"},"img":{"alt_text":"","src":"https:\/\/i0.wp.com\/lyonelkaufmann.ch\/Blog\/wp-content\/uploads\/2015\/03\/blogcafe1.jpg?fit=1024%2C683&ssl=1&resize=350%2C200","width":350,"height":200,"srcset":"https:\/\/i0.wp.com\/lyonelkaufmann.ch\/Blog\/wp-content\/uploads\/2015\/03\/blogcafe1.jpg?fit=1024%2C683&ssl=1&resize=350%2C200 1x, https:\/\/i0.wp.com\/lyonelkaufmann.ch\/Blog\/wp-content\/uploads\/2015\/03\/blogcafe1.jpg?fit=1024%2C683&ssl=1&resize=525%2C300 1.5x, https:\/\/i0.wp.com\/lyonelkaufmann.ch\/Blog\/wp-content\/uploads\/2015\/03\/blogcafe1.jpg?fit=1024%2C683&ssl=1&resize=700%2C400 2x"},"classes":[]},{"id":20365,"url":"https:\/\/lyonelkaufmann.ch\/Blog\/2019\/10\/08\/revolution-par-alessandro-barrico\/","url_meta":{"origin":4452,"position":5},"title":"R\u00e9volution par Alessandro Barrico","author":"Lyonel Kaufmann","date":"8 octobre 2019","format":false,"excerpt":"\"R\u00e9volution est un terme plut\u00f4t g\u00e9n\u00e9rique que nous employons avec une certaine d\u00e9sinvolture. Nous nous en servons aussi bien pour d\u00e9finir des bouleversements historiques qui ont fait des milliers de morts (R\u00e9volution fran\u00e7aise, R\u00e9volution russe) que pour qualifier des broutilles telles que le passage \u00e0 trois d\u00e9fenseurs de notre \u00e9quipe\u2026","rel":"","context":"Dans &quot;Blogcaf\u00e9&quot;","block_context":{"text":"Blogcaf\u00e9","link":"https:\/\/lyonelkaufmann.ch\/Blog\/category\/blogcafe-2\/"},"img":{"alt_text":"","src":"","width":0,"height":0},"classes":[]}],"jetpack_likes_enabled":true,"_links":{"self":[{"href":"https:\/\/lyonelkaufmann.ch\/Blog\/wp-json\/wp\/v2\/posts\/4452","targetHints":{"allow":["GET"]}}],"collection":[{"href":"https:\/\/lyonelkaufmann.ch\/Blog\/wp-json\/wp\/v2\/posts"}],"about":[{"href":"https:\/\/lyonelkaufmann.ch\/Blog\/wp-json\/wp\/v2\/types\/post"}],"author":[{"embeddable":true,"href":"https:\/\/lyonelkaufmann.ch\/Blog\/wp-json\/wp\/v2\/users\/1"}],"replies":[{"embeddable":true,"href":"https:\/\/lyonelkaufmann.ch\/Blog\/wp-json\/wp\/v2\/comments?post=4452"}],"version-history":[{"count":0,"href":"https:\/\/lyonelkaufmann.ch\/Blog\/wp-json\/wp\/v2\/posts\/4452\/revisions"}],"wp:featuredmedia":[{"embeddable":true,"href":"https:\/\/lyonelkaufmann.ch\/Blog\/wp-json\/wp\/v2\/media\/14680"}],"wp:attachment":[{"href":"https:\/\/lyonelkaufmann.ch\/Blog\/wp-json\/wp\/v2\/media?parent=4452"}],"wp:term":[{"taxonomy":"category","embeddable":true,"href":"https:\/\/lyonelkaufmann.ch\/Blog\/wp-json\/wp\/v2\/categories?post=4452"},{"taxonomy":"post_tag","embeddable":true,"href":"https:\/\/lyonelkaufmann.ch\/Blog\/wp-json\/wp\/v2\/tags?post=4452"}],"curies":[{"name":"wp","href":"https:\/\/api.w.org\/{rel}","templated":true}]}}