{"id":4457,"date":"2011-02-16T08:08:09","date_gmt":"2011-02-16T07:08:09","guid":{"rendered":"http:\/\/lyonelkaufmann.ch\/histoire\/2011\/02\/16\/linternet-guidant-le-peuple-presseurop\/"},"modified":"2011-02-16T08:08:09","modified_gmt":"2011-02-16T07:08:09","slug":"linternet-guidant-le-peuple-presseurop","status":"publish","type":"post","link":"https:\/\/lyonelkaufmann.ch\/Blog\/2011\/02\/16\/linternet-guidant-le-peuple-presseurop\/","title":{"rendered":"L\u2019internet guidant le peuple | Presseurop"},"content":{"rendered":"<p><img data-recalc-dims=\"1\" loading=\"lazy\" decoding=\"async\" height=\"296\" width=\"490\" src=\"https:\/\/i0.wp.com\/posterous.com\/getfile\/files.posterous.com\/histoire\/yhJmyHwvhvAbrznlDBIyfcgfvvuGewmlJEFInnbGrAfBnifgIwDzqqokiAmI\/media_httpwwwpresseur_EJEya.jpg.scaled600.jpg?resize=490%2C296\" \/> via <a href=\"http:\/\/www.presseurop.eu\/fr\/content\/picture\/498941-l-internet-guidant-le-peuple\" target=\"_blank\">presseurop.eu<\/a><\/p>\n<p>Dans les rues \u00e9gyptiennes en r\u00e9volte contre le r\u00e9gime de Hosni Moubarak, Internet et les r\u00e9seaux sociaux ont remplac\u00e9 les barricades et les armes des grandes r\u00e9volutions europ\u00e9ennes du XIXe si\u00e8cle. Et Marianne prend le voile\u2026 est-ce pr\u00e9monitoire? <br \/>Je note aussi qu&#8217;Internet et les r\u00e9seaux sociaux ne seraient rien sans la pr\u00e9sence du relais m\u00e9dias form\u00e9 ici par Al-Jazeera. Comme le dit Yves Gonzalez-Quijano<\/p>\n<blockquote><p>le point central de la n\u00e9buleuse informationnelle, au moins pour la grande masse des acteurs capables d\u2019\u00eatre mobilis\u00e9s pour cr\u00e9er des rapports de force sur le terrain, c\u2019est encore la t\u00e9l\u00e9vision et, au sein du paysage num\u00e9rique actuel, Al-Jazeera.<a href=\"http:\/\/cpa.hypotheses.org\/2484#sdfootnote1sym\" target=\"_blank\">Les \u00ab&#160;origines culturelles num\u00e9riques&#160;\u00bb de la R\u00e9volution arabe<\/a><\/p><\/blockquote>\n","protected":false},"excerpt":{"rendered":"<p>via presseurop.eu Dans les rues \u00e9gyptiennes en r\u00e9volte contre le r\u00e9gime de Hosni Moubarak, Internet et les r\u00e9seaux sociaux ont remplac\u00e9 les barricades et les armes des grandes r\u00e9volutions europ\u00e9ennes du XIXe si\u00e8cle. Et Marianne prend le voile\u2026 est-ce pr\u00e9monitoire? Je note aussi qu&#8217;Internet et les r\u00e9seaux sociaux ne seraient rien sans la pr\u00e9sence du [&hellip;]<\/p>\n","protected":false},"author":1,"featured_media":5805,"comment_status":"open","ping_status":"open","sticky":false,"template":"","format":"standard","meta":{"_import_markdown_pro_load_document_selector":0,"_import_markdown_pro_submit_text_textarea":"","_genesis_hide_title":false,"_genesis_hide_breadcrumbs":false,"_genesis_hide_singular_image":false,"_genesis_hide_footer_widgets":false,"_genesis_custom_body_class":"","_genesis_custom_post_class":"","_genesis_layout":"","jetpack_post_was_ever_published":false,"_jetpack_newsletter_access":"","_jetpack_dont_email_post_to_subs":false,"_jetpack_newsletter_tier_id":0,"_jetpack_memberships_contains_paywalled_content":false,"_jetpack_memberships_contains_paid_content":false,"activitypub_content_warning":"","activitypub_content_visibility":"","activitypub_max_image_attachments":3,"activitypub_interaction_policy_quote":"anyone","activitypub_status":"","footnotes":"","jetpack_publicize_message":"","jetpack_publicize_feature_enabled":true,"jetpack_social_post_already_shared":true,"jetpack_social_options":{"image_generator_settings":{"template":"fullscreen","default_image_id":0,"font":"","enabled":false},"version":2}},"categories":[2],"tags":[],"class_list":{"0":"post-4457","1":"post","2":"type-post","3":"status-publish","4":"format-standard","5":"has-post-thumbnail","7":"category-histoire-2","8":"entry"},"jetpack_publicize_connections":[],"featured_image_src":null,"featured_image_src_square":null,"author_info":{"display_name":"Lyonel Kaufmann","author_link":"https:\/\/lyonelkaufmann.ch\/Blog\/author\/lyonelk\/"},"jetpack_featured_media_url":"","jetpack_sharing_enabled":true,"jetpack_shortlink":"https:\/\/wp.me\/p1qtF4-19T","jetpack-related-posts":[{"id":3756,"url":"https:\/\/lyonelkaufmann.ch\/Blog\/2010\/10\/14\/mise-au-point-sur-les-usages-des-reseaux-sociaux-et-la-participation-en-ligne\/","url_meta":{"origin":4457,"position":0},"title":"Mise au point sur les usages des r\u00e9seaux sociaux et la participation en ligne","author":"Lyonel Kaufmann","date":"14 octobre 2010","format":"aside","excerpt":"via InternetActu.netMarsouin, le M\u00f4le armoricain de recherche sur la soci\u00e9t\u00e9 et les usages d\u2019internet est une source pr\u00e9cieuse ... Read More >>","rel":"","context":"Dans &quot;L'Expresso&quot;","block_context":{"text":"L'Expresso","link":"https:\/\/lyonelkaufmann.ch\/Blog\/category\/breves\/"},"img":{"alt_text":"","src":"https:\/\/i0.wp.com\/lyonelkaufmann.ch\/Blog\/wp-content\/uploads\/2015\/03\/tableau1marsouin.png?fit=500%2C369&ssl=1&resize=350%2C200","width":350,"height":200},"classes":[]},{"id":980,"url":"https:\/\/lyonelkaufmann.ch\/Blog\/2009\/02\/16\/comment-le-web-revolutionne-la-recherche\/","url_meta":{"origin":4457,"position":1},"title":"Comment le Web r\u00e9volutionne la recherche","author":"Lyonel Kaufmann","date":"16 f\u00e9vrier 2009","format":false,"excerpt":"\u00abBlogs, journaux en ligne, r\u00e9seaux sociaux\u2026 Internet permet aux chercheurs de faire conna\u00eetre...","rel":"","context":"Dans &quot;histoire&quot;","block_context":{"text":"histoire","link":"https:\/\/lyonelkaufmann.ch\/Blog\/category\/histoire-2\/"},"img":{"alt_text":"","src":"https:\/\/i0.wp.com\/lyonelkaufmann.ch\/Blog\/wp-content\/uploads\/2015\/03\/blogcafe1.jpg?fit=1024%2C683&ssl=1&resize=350%2C200","width":350,"height":200,"srcset":"https:\/\/i0.wp.com\/lyonelkaufmann.ch\/Blog\/wp-content\/uploads\/2015\/03\/blogcafe1.jpg?fit=1024%2C683&ssl=1&resize=350%2C200 1x, https:\/\/i0.wp.com\/lyonelkaufmann.ch\/Blog\/wp-content\/uploads\/2015\/03\/blogcafe1.jpg?fit=1024%2C683&ssl=1&resize=525%2C300 1.5x, https:\/\/i0.wp.com\/lyonelkaufmann.ch\/Blog\/wp-content\/uploads\/2015\/03\/blogcafe1.jpg?fit=1024%2C683&ssl=1&resize=700%2C400 2x"},"classes":[]},{"id":21489,"url":"https:\/\/lyonelkaufmann.ch\/Blog\/2020\/04\/19\/enquete-quand-internet-sera-chinois\/","url_meta":{"origin":4457,"position":2},"title":"Enqu\u00eate. Quand Internet sera chinois |\u00a0Courrier International","author":"Lyonel Kaufmann","date":"19 avril 2020","format":false,"excerpt":"Enqu\u00eate du Financial Times, traduite par le Courrier International. Quand Internet sera chinois https:\/\/ift.tt\/2KgiOZt Coupant l\u2019herbe sous le pied aux Am\u00e9ricains et aux Europ\u00e9ens, des ing\u00e9nieurs du g\u00e9ant Huawei sont d\u00e9j\u00e0 en train d\u2019inventer l\u2019Internet de demain. Le Financial Times a men\u00e9 l\u2019enqu\u00eate. P\u00e9kin peut-il imposer au reste du monde\u2026","rel":"","context":"Dans &quot;Blogcaf\u00e9&quot;","block_context":{"text":"Blogcaf\u00e9","link":"https:\/\/lyonelkaufmann.ch\/Blog\/category\/blogcafe-2\/"},"img":{"alt_text":"","src":"","width":0,"height":0},"classes":[]},{"id":6324,"url":"https:\/\/lyonelkaufmann.ch\/Blog\/2012\/10\/24\/lutilisation-dinternet-par-les-jeunes-devient-de-plus-en-plus-mobile-rtsinfo-ch\/","url_meta":{"origin":4457,"position":3},"title":"L&rsquo;utilisation d&rsquo;Internet par les jeunes devient de plus en plus mobile | rtsinfo.ch","author":"Lyonel Kaufmann","date":"24 octobre 2012","format":false,"excerpt":"Les jeunes Suisses sont de plus en plus nombreux \u00e0 surfer sur Internet avec leur smartphone tout en regardant un autre \u00e9cran. C'est l'une des conclusions de la deuxi\u00e8me \u00e9tude JAMES sur les habitudes d'utilisation des m\u00e9dias par les 12-19 ans. L\u2019\u00e9tude montre en outre que le th\u00e8me de la\u2026","rel":"","context":"Dans &quot;histoire&quot;","block_context":{"text":"histoire","link":"https:\/\/lyonelkaufmann.ch\/Blog\/category\/histoire-2\/"},"img":{"alt_text":"","src":"https:\/\/i0.wp.com\/lyonelkaufmann.ch\/Blog\/wp-content\/uploads\/2015\/03\/blogcafe1.jpg?fit=1024%2C683&ssl=1&resize=350%2C200","width":350,"height":200,"srcset":"https:\/\/i0.wp.com\/lyonelkaufmann.ch\/Blog\/wp-content\/uploads\/2015\/03\/blogcafe1.jpg?fit=1024%2C683&ssl=1&resize=350%2C200 1x, https:\/\/i0.wp.com\/lyonelkaufmann.ch\/Blog\/wp-content\/uploads\/2015\/03\/blogcafe1.jpg?fit=1024%2C683&ssl=1&resize=525%2C300 1.5x, https:\/\/i0.wp.com\/lyonelkaufmann.ch\/Blog\/wp-content\/uploads\/2015\/03\/blogcafe1.jpg?fit=1024%2C683&ssl=1&resize=700%2C400 2x"},"classes":[]},{"id":898,"url":"https:\/\/lyonelkaufmann.ch\/Blog\/2009\/01\/30\/il-ny-a-pas-de-solution-imparable-pour-proteger-les-enfants-sur-linternet-internetactu\/","url_meta":{"origin":4457,"position":4},"title":"Il n&rsquo;y a pas de solution imparable pour prot\u00e9ger les enfants sur l&rsquo;internet | InternetActu","author":"Lyonel Kaufmann","date":"30 janvier 2009","format":false,"excerpt":"Selon\u00a0un rapport\u00a0publi\u00e9 par l\u2019Internet Safety Technological Task Force et le\u00a0Berkman Center for...","rel":"","context":"Dans &quot;histoire&quot;","block_context":{"text":"histoire","link":"https:\/\/lyonelkaufmann.ch\/Blog\/category\/histoire-2\/"},"img":{"alt_text":"","src":"https:\/\/i0.wp.com\/lyonelkaufmann.ch\/Blog\/wp-content\/uploads\/2015\/03\/blogcafe1.jpg?fit=1024%2C683&ssl=1&resize=350%2C200","width":350,"height":200,"srcset":"https:\/\/i0.wp.com\/lyonelkaufmann.ch\/Blog\/wp-content\/uploads\/2015\/03\/blogcafe1.jpg?fit=1024%2C683&ssl=1&resize=350%2C200 1x, https:\/\/i0.wp.com\/lyonelkaufmann.ch\/Blog\/wp-content\/uploads\/2015\/03\/blogcafe1.jpg?fit=1024%2C683&ssl=1&resize=525%2C300 1.5x, https:\/\/i0.wp.com\/lyonelkaufmann.ch\/Blog\/wp-content\/uploads\/2015\/03\/blogcafe1.jpg?fit=1024%2C683&ssl=1&resize=700%2C400 2x"},"classes":[]},{"id":4316,"url":"https:\/\/lyonelkaufmann.ch\/Blog\/2011\/01\/22\/ceci-est-votre-vie-privee-donnee-pour-vous-zero-seconde\/","url_meta":{"origin":4457,"position":5},"title":"Ceci est votre vie priv\u00e9e donn\u00e9e pour vous | Z\u00e9ro seconde","author":"Lyonel Kaufmann","date":"22 janvier 2011","format":"aside","excerpt":"Il n'y a pas de revers sur Internet, pas de coin pour parler dans le dos de qui que ce soit du moins pas sur une longue p\u00e9riode. Tout finit par se savoir. L'espace priv\u00e9, finalement, se r\u00e9duira \u00e0 terme \u00e0 tout ce qui nest pas capt\u00e9 par un appareil\u2026","rel":"","context":"Dans &quot;L'Expresso&quot;","block_context":{"text":"L'Expresso","link":"https:\/\/lyonelkaufmann.ch\/Blog\/category\/breves\/"},"img":{"alt_text":"","src":"https:\/\/i0.wp.com\/lyonelkaufmann.ch\/Blog\/wp-content\/uploads\/2015\/03\/blogcafe1.jpg?fit=1024%2C683&ssl=1&resize=350%2C200","width":350,"height":200,"srcset":"https:\/\/i0.wp.com\/lyonelkaufmann.ch\/Blog\/wp-content\/uploads\/2015\/03\/blogcafe1.jpg?fit=1024%2C683&ssl=1&resize=350%2C200 1x, https:\/\/i0.wp.com\/lyonelkaufmann.ch\/Blog\/wp-content\/uploads\/2015\/03\/blogcafe1.jpg?fit=1024%2C683&ssl=1&resize=525%2C300 1.5x, https:\/\/i0.wp.com\/lyonelkaufmann.ch\/Blog\/wp-content\/uploads\/2015\/03\/blogcafe1.jpg?fit=1024%2C683&ssl=1&resize=700%2C400 2x"},"classes":[]}],"jetpack_likes_enabled":true,"_links":{"self":[{"href":"https:\/\/lyonelkaufmann.ch\/Blog\/wp-json\/wp\/v2\/posts\/4457","targetHints":{"allow":["GET"]}}],"collection":[{"href":"https:\/\/lyonelkaufmann.ch\/Blog\/wp-json\/wp\/v2\/posts"}],"about":[{"href":"https:\/\/lyonelkaufmann.ch\/Blog\/wp-json\/wp\/v2\/types\/post"}],"author":[{"embeddable":true,"href":"https:\/\/lyonelkaufmann.ch\/Blog\/wp-json\/wp\/v2\/users\/1"}],"replies":[{"embeddable":true,"href":"https:\/\/lyonelkaufmann.ch\/Blog\/wp-json\/wp\/v2\/comments?post=4457"}],"version-history":[{"count":0,"href":"https:\/\/lyonelkaufmann.ch\/Blog\/wp-json\/wp\/v2\/posts\/4457\/revisions"}],"wp:featuredmedia":[{"embeddable":true,"href":"https:\/\/lyonelkaufmann.ch\/Blog\/wp-json\/"}],"wp:attachment":[{"href":"https:\/\/lyonelkaufmann.ch\/Blog\/wp-json\/wp\/v2\/media?parent=4457"}],"wp:term":[{"taxonomy":"category","embeddable":true,"href":"https:\/\/lyonelkaufmann.ch\/Blog\/wp-json\/wp\/v2\/categories?post=4457"},{"taxonomy":"post_tag","embeddable":true,"href":"https:\/\/lyonelkaufmann.ch\/Blog\/wp-json\/wp\/v2\/tags?post=4457"}],"curies":[{"name":"wp","href":"https:\/\/api.w.org\/{rel}","templated":true}]}}