{"id":4562,"date":"2009-12-21T10:37:06","date_gmt":"2009-12-21T09:37:06","guid":{"rendered":"http:\/\/lyonelkaufmann.ch\/histoire\/2009\/12\/21\/le-plagiat-numerique-fait-bouger-les-evaluations\/"},"modified":"2009-12-21T10:37:06","modified_gmt":"2009-12-21T09:37:06","slug":"le-plagiat-numerique-fait-bouger-les-evaluations","status":"publish","type":"post","link":"https:\/\/lyonelkaufmann.ch\/Blog\/2009\/12\/21\/le-plagiat-numerique-fait-bouger-les-evaluations\/","title":{"rendered":"Le plagiat num\u00e9rique fait bouger les \u00e9valuations universitaires"},"content":{"rendered":"<p>Selon une \u00e9tude de Jo Badget et Jon Scott, Universit\u00e9 de Leicester (UK), les logiciels utilis\u00e9s par les universit\u00e9s pour traquer les plagiaires on des effets sur les pratiques p\u00e9dagogiques. Les enseignants prennent conscience que les travaux qu&#8217;ils donnent peuvent \u00eatre copi\u00e9s-coll\u00e9s \u00e0 partir de Google. Du coup ils d\u00e9veloppent deux actions&#160;: former les \u00e9tudiants \u00e0 cette question, d&#8217;autre part changer les types d&#8217;exercices.<\/p>\n<p><b>L&#8217;\u00e9tude&#160;:<\/b> <b>D<a target=\"_blank\" href=\"http:\/\/evidencenet.pbworks.com\/f\/Badge_Scott_plagiarism.pdf\">ealing with plagiarism in the digital age<\/a> (format .pdf)<\/b><\/p>\n<p><b>La source:<\/b> <a href=\"http:\/\/www.cafepedagogique.net\/lexpresso\/Pages\/2009\/12\/21122009Accueil.aspx\" target=\"_blank\">L&#8217;Expresso du 21 D\u00e9cembre 2009<\/a><\/p>\n","protected":false},"excerpt":{"rendered":"<p>Selon une \u00e9tude de Jo Badget et Jon Scott, Universit\u00e9 de Leicester (UK), les logiciels utilis\u00e9s par les universit\u00e9s pour traquer les plagiaires on des effets sur les pratiques p\u00e9dagogiques. Les enseignants prennent conscience que les travaux qu&#8217;ils donnent peuvent \u00eatre copi\u00e9s-coll\u00e9s \u00e0 partir de Google. Du coup ils d\u00e9veloppent deux actions&#160;: former les \u00e9tudiants [&hellip;]<\/p>\n","protected":false},"author":1,"featured_media":14680,"comment_status":"open","ping_status":"open","sticky":false,"template":"","format":"standard","meta":{"_import_markdown_pro_load_document_selector":0,"_import_markdown_pro_submit_text_textarea":"","_genesis_hide_title":false,"_genesis_hide_breadcrumbs":false,"_genesis_hide_singular_image":false,"_genesis_hide_footer_widgets":false,"_genesis_custom_body_class":"","_genesis_custom_post_class":"","_genesis_layout":"","jetpack_post_was_ever_published":false,"_jetpack_newsletter_access":"","_jetpack_dont_email_post_to_subs":false,"_jetpack_newsletter_tier_id":0,"_jetpack_memberships_contains_paywalled_content":false,"_jetpack_memberships_contains_paid_content":false,"activitypub_content_warning":"","activitypub_content_visibility":"","activitypub_max_image_attachments":3,"activitypub_interaction_policy_quote":"anyone","activitypub_status":"","footnotes":"","jetpack_publicize_message":"","jetpack_publicize_feature_enabled":true,"jetpack_social_post_already_shared":true,"jetpack_social_options":{"image_generator_settings":{"template":"fullscreen","default_image_id":0,"font":"","enabled":false},"version":2}},"categories":[2],"tags":[],"class_list":{"0":"post-4562","1":"post","2":"type-post","3":"status-publish","4":"format-standard","5":"has-post-thumbnail","7":"category-histoire-2","8":"entry"},"jetpack_publicize_connections":[],"featured_image_src":"https:\/\/i0.wp.com\/lyonelkaufmann.ch\/Blog\/wp-content\/uploads\/2015\/03\/blogcafe1.jpg?resize=600%2C400&ssl=1","featured_image_src_square":"https:\/\/i0.wp.com\/lyonelkaufmann.ch\/Blog\/wp-content\/uploads\/2015\/03\/blogcafe1.jpg?resize=600%2C600&ssl=1","author_info":{"display_name":"Lyonel Kaufmann","author_link":"https:\/\/lyonelkaufmann.ch\/Blog\/author\/lyonelk\/"},"jetpack_featured_media_url":"https:\/\/i0.wp.com\/lyonelkaufmann.ch\/Blog\/wp-content\/uploads\/2015\/03\/blogcafe1.jpg?fit=1024%2C683&ssl=1","jetpack_sharing_enabled":true,"jetpack_shortlink":"https:\/\/wp.me\/p1qtF4-1bA","jetpack-related-posts":[{"id":7887,"url":"https:\/\/lyonelkaufmann.ch\/Blog\/2013\/12\/11\/les-mooc-deja-has-been-jdn-management\/","url_meta":{"origin":4562,"position":0},"title":"Les MOOC, d\u00e9j\u00e0 has-been ? | JDN Management","author":"Lyonel Kaufmann","date":"11 d\u00e9cembre 2013","format":false,"excerpt":"Je souligne d'abord : \u00abL'ambition affich\u00e9e des MOOC est d'instruire le plus grand nombre et surtout de rendre accessible l'\u00e9ducation au monde entier. Telle \u00e9tait (et est toujours) la volont\u00e9 de la plateforme Coursera. Mais une nouvelle \u00e9tude, publi\u00e9e par des chercheurs de Penn State University dans la revue Nature,\u2026","rel":"","context":"Dans &quot;histoire&quot;","block_context":{"text":"histoire","link":"https:\/\/lyonelkaufmann.ch\/Blog\/category\/histoire-2\/"},"img":{"alt_text":"","src":"","width":0,"height":0},"classes":[]},{"id":4262,"url":"https:\/\/lyonelkaufmann.ch\/Blog\/2010\/12\/16\/le-the-meilleur-que-le-fendant-pour-digerer-une-fondue-au-fromage\/","url_meta":{"origin":4562,"position":1},"title":"Le th\u00e9 meilleur que le fendant pour dig\u00e9rer une fondue au fromage!","author":"Lyonel Kaufmann","date":"16 d\u00e9cembre 2010","format":"aside","excerpt":"via Cmic BlogUn mythe s\u2019effondre! Le web bruissait ce matin du r\u00e9sultat d\u2019une \u00e9tude tr\u00e8s s\u00e9rieuse men\u00e9e par l\u2019Universit\u00e9 ... Read More >>","rel":"","context":"Dans &quot;L'Expresso&quot;","block_context":{"text":"L'Expresso","link":"https:\/\/lyonelkaufmann.ch\/Blog\/category\/breves\/"},"img":{"alt_text":"","src":"https:\/\/i0.wp.com\/lyonelkaufmann.ch\/Blog\/wp-content\/uploads\/2015\/03\/3158989615_ec54b532b3.jpg?fit=500%2C480&ssl=1&resize=350%2C200","width":350,"height":200},"classes":[]},{"id":2582,"url":"https:\/\/lyonelkaufmann.ch\/Blog\/2010\/02\/22\/facebook-nocif-pour-les-ados\/","url_meta":{"origin":4562,"position":2},"title":"Facebook, nocif pour les ados ? | Sciences humaines","author":"Lyonel Kaufmann","date":"22 f\u00e9vrier 2010","format":false,"excerpt":"\u00ab Les parents des jeunes adolescents sans probl\u00e8mes n\u2019ont pas \u00e0 s\u2019inqui\u00e9ter de l\u2019influence des sites sociaux En revanche, pr\u00e9vient-elle, ces sites ne compensent pas la solitude ou les difficult\u00e9s relationnelles, et renforcent les penchants morbides des adolescents \u00ab \u00e0 probl\u00e8mes \u00bb. Propos de Amori Yee Mikami, professeure de psychologie\u2026","rel":"","context":"Dans &quot;histoire&quot;","block_context":{"text":"histoire","link":"https:\/\/lyonelkaufmann.ch\/Blog\/category\/histoire-2\/"},"img":{"alt_text":"","src":"https:\/\/i0.wp.com\/lyonelkaufmann.ch\/Blog\/wp-content\/uploads\/2015\/03\/blogcafe1.jpg?fit=1024%2C683&ssl=1&resize=350%2C200","width":350,"height":200,"srcset":"https:\/\/i0.wp.com\/lyonelkaufmann.ch\/Blog\/wp-content\/uploads\/2015\/03\/blogcafe1.jpg?fit=1024%2C683&ssl=1&resize=350%2C200 1x, https:\/\/i0.wp.com\/lyonelkaufmann.ch\/Blog\/wp-content\/uploads\/2015\/03\/blogcafe1.jpg?fit=1024%2C683&ssl=1&resize=525%2C300 1.5x, https:\/\/i0.wp.com\/lyonelkaufmann.ch\/Blog\/wp-content\/uploads\/2015\/03\/blogcafe1.jpg?fit=1024%2C683&ssl=1&resize=700%2C400 2x"},"classes":[]},{"id":4015,"url":"https:\/\/lyonelkaufmann.ch\/Blog\/2011\/09\/02\/les-mises-en-scene-de-la-guerre-au-xxe-siecle-theatre-et-cinema\/","url_meta":{"origin":4562,"position":3},"title":"Les mises en sc\u00e8ne de la guerre au XX\u00e8 si\u00e8cle, Th\u00e9\u00e2tre et cin\u00e9ma","author":"Lyonel Kaufmann","date":"2 septembre 2011","format":false,"excerpt":"Un ouvrage \u00e0 lire pour les enseignants qui abordent les conflits charni\u00e8res pr\u00e9sent\u00e9s en classe d'histoire \u00e0 l'aide du film de fiction ou du film documentaire. La pr\u00e9sentation de l'\u00e9diteur (c'est nous qui mettons en gras) \u00abSi le xxe si\u00e8cle a \u00e9t\u00e9 celui des guerres, il a \u00e9t\u00e9 aussi celui\u2026","rel":"","context":"Dans &quot;histoire&quot;","block_context":{"text":"histoire","link":"https:\/\/lyonelkaufmann.ch\/Blog\/category\/histoire-2\/"},"img":{"alt_text":"84736100099960L","src":"https:\/\/i0.wp.com\/lyonelkaufmann.ch\/histoire\/wp-content\/uploads\/2011\/09\/84736100099960L.gif?resize=350%2C200","width":350,"height":200},"classes":[]},{"id":7133,"url":"https:\/\/lyonelkaufmann.ch\/Blog\/2013\/06\/05\/revue-de-presse-developper-les-sciences-humaines-numeriques-au-quebec-histoireengagee\/","url_meta":{"origin":4562,"position":4},"title":"Revue de presse : D\u00e9velopper les sciences humaines num\u00e9riques au Qu\u00e9bec | HistoireEngag\u00e9e","author":"Lyonel Kaufmann","date":"5 juin 2013","format":false,"excerpt":"Louis-Pascal Rousseau chemine dans le monde de la recherche en histoire depuis une quinzaine d\u2019ann\u00e9es. De ses ann\u00e9es pass\u00e9es \u00e0 l\u2019Universit\u00e9 Laval jusqu\u2019\u00e0 celles qui l\u2019ont men\u00e9 \u00e0 l\u2019Universit\u00e9 de Pennsylvanie ainsi qu\u2019\u00e0 l\u2019\u00c9cole des hautes \u00e9tudes en sciences sociales \u00e0 Paris, il a acquis une riche exp\u00e9rience dans les\u2026","rel":"","context":"Dans &quot;histoire&quot;","block_context":{"text":"histoire","link":"https:\/\/lyonelkaufmann.ch\/Blog\/category\/histoire-2\/"},"img":{"alt_text":"","src":"https:\/\/i0.wp.com\/lyonelkaufmann.ch\/Blog\/wp-content\/uploads\/2015\/03\/blogcafe1.jpg?fit=1024%2C683&ssl=1&resize=350%2C200","width":350,"height":200,"srcset":"https:\/\/i0.wp.com\/lyonelkaufmann.ch\/Blog\/wp-content\/uploads\/2015\/03\/blogcafe1.jpg?fit=1024%2C683&ssl=1&resize=350%2C200 1x, https:\/\/i0.wp.com\/lyonelkaufmann.ch\/Blog\/wp-content\/uploads\/2015\/03\/blogcafe1.jpg?fit=1024%2C683&ssl=1&resize=525%2C300 1.5x, https:\/\/i0.wp.com\/lyonelkaufmann.ch\/Blog\/wp-content\/uploads\/2015\/03\/blogcafe1.jpg?fit=1024%2C683&ssl=1&resize=700%2C400 2x"},"classes":[]},{"id":2729,"url":"https:\/\/lyonelkaufmann.ch\/Blog\/2010\/04\/18\/des-etudiant-e-s-multi-taches-pedagogie-universitaire\/","url_meta":{"origin":4562,"position":5},"title":"Des \u00e9tudiant-e-s \u00abmulti-t\u00e2ches\u00bb\u00a0? | P\u00e9dagogie universitaire","author":"Lyonel Kaufmann","date":"18 avril 2010","format":false,"excerpt":"Je viens de lire ce tr\u00e8s int\u00e9ressant article du Blog P\u00e9dagogie universitaire consacr\u00e9 \u00e0 la pr\u00e9sence, \u00e0 l'universit\u00e9, de plus en plus d'\u00e9tudiant-e-s venant au cours avec leur ordinateur portable. R\u00e9cemment Andr\u00e9 Gunthert a fait \u00e9tat de sa r\u00e9flexion concernant cet aspect-l\u00e0 des choses plus particuli\u00e8rement concernant Facebook (Enseigner face\u2026","rel":"","context":"Dans &quot;histoire&quot;","block_context":{"text":"histoire","link":"https:\/\/lyonelkaufmann.ch\/Blog\/category\/histoire-2\/"},"img":{"alt_text":"","src":"https:\/\/i0.wp.com\/lyonelkaufmann.ch\/Blog\/wp-content\/uploads\/2015\/03\/blogcafe1.jpg?fit=1024%2C683&ssl=1&resize=350%2C200","width":350,"height":200,"srcset":"https:\/\/i0.wp.com\/lyonelkaufmann.ch\/Blog\/wp-content\/uploads\/2015\/03\/blogcafe1.jpg?fit=1024%2C683&ssl=1&resize=350%2C200 1x, https:\/\/i0.wp.com\/lyonelkaufmann.ch\/Blog\/wp-content\/uploads\/2015\/03\/blogcafe1.jpg?fit=1024%2C683&ssl=1&resize=525%2C300 1.5x, https:\/\/i0.wp.com\/lyonelkaufmann.ch\/Blog\/wp-content\/uploads\/2015\/03\/blogcafe1.jpg?fit=1024%2C683&ssl=1&resize=700%2C400 2x"},"classes":[]}],"jetpack_likes_enabled":true,"_links":{"self":[{"href":"https:\/\/lyonelkaufmann.ch\/Blog\/wp-json\/wp\/v2\/posts\/4562","targetHints":{"allow":["GET"]}}],"collection":[{"href":"https:\/\/lyonelkaufmann.ch\/Blog\/wp-json\/wp\/v2\/posts"}],"about":[{"href":"https:\/\/lyonelkaufmann.ch\/Blog\/wp-json\/wp\/v2\/types\/post"}],"author":[{"embeddable":true,"href":"https:\/\/lyonelkaufmann.ch\/Blog\/wp-json\/wp\/v2\/users\/1"}],"replies":[{"embeddable":true,"href":"https:\/\/lyonelkaufmann.ch\/Blog\/wp-json\/wp\/v2\/comments?post=4562"}],"version-history":[{"count":0,"href":"https:\/\/lyonelkaufmann.ch\/Blog\/wp-json\/wp\/v2\/posts\/4562\/revisions"}],"wp:featuredmedia":[{"embeddable":true,"href":"https:\/\/lyonelkaufmann.ch\/Blog\/wp-json\/wp\/v2\/media\/14680"}],"wp:attachment":[{"href":"https:\/\/lyonelkaufmann.ch\/Blog\/wp-json\/wp\/v2\/media?parent=4562"}],"wp:term":[{"taxonomy":"category","embeddable":true,"href":"https:\/\/lyonelkaufmann.ch\/Blog\/wp-json\/wp\/v2\/categories?post=4562"},{"taxonomy":"post_tag","embeddable":true,"href":"https:\/\/lyonelkaufmann.ch\/Blog\/wp-json\/wp\/v2\/tags?post=4562"}],"curies":[{"name":"wp","href":"https:\/\/api.w.org\/{rel}","templated":true}]}}