{"id":4674,"date":"2009-02-27T08:33:59","date_gmt":"2009-02-27T07:33:59","guid":{"rendered":"http:\/\/lyonelkaufmann.ch\/histoire\/2009\/02\/27\/pour-sa-pedagogie-luniversite-innove-le-temps\/"},"modified":"2009-02-27T08:33:59","modified_gmt":"2009-02-27T07:33:59","slug":"pour-sa-pedagogie-luniversite-innove-le-temps-2","status":"publish","type":"post","link":"https:\/\/lyonelkaufmann.ch\/Blog\/2009\/02\/27\/pour-sa-pedagogie-luniversite-innove-le-temps-2\/","title":{"rendered":"\u00abPour sa p\u00e9dagogie, l\u2019universit\u00e9 innove\u00bb | Le Temps"},"content":{"rendered":"<p>Elle \u00e9tait fi\u00e8re de l\u2019annoncer, en\u00a0<a href=\"http:\/\/www.letemps.ch\/Page\/Uuid\/d12d86e8-e34c-11dd-b87c-1c3fffea55dc\/LUniversit%C3%A9_de_Lausanne_%C3%A0_lheure_diTunes\" target=\"_blank\">janvier<\/a>: l\u2019Universit\u00e9 de Lausanne, la premi\u00e8re en Suisse, s\u2019invite sur la section acad\u00e9mique de la plateforme multim\u00e9dia iTunes. Cette initiative s\u2019ajoute \u00e0 d\u2019autres lanc\u00e9es \u00e0 Lausanne, comme la cr\u00e9ation d\u2019<a href=\"http:\/\/www.unil.ch\/uniboard\/page20778.html\" target=\"_blank\">Uniboard<\/a>, une\u00a0<a href=\"http:\/\/www.letemps.ch\/Page\/Uuid\/9544100c-aa08-11dd-bf59-ad3d6140ad87\/Un_logiciel_%C3%A0_lassaut_du_march%C3%A9_%C3%A9ducatif\" target=\"_blank\">tablette<\/a> tactile que l\u2019enseignant utilise pour montrer des documents PowerPoint, \u00e9crire des notes projet\u00e9es \u00e0 l\u2019\u00e9cran, int\u00e9grer des vid\u00e9os\u2026 Vice-recteur charg\u00e9 de la valorisation de l\u2019enseignement et de la qualit\u00e9, Jacques Lanar\u00e8s s\u2019explique sur ces d\u00e9marches.<\/p>\n<p>L&#8217;entretien:\u00a0<a href=\"http:\/\/www.letemps.ch\/Page\/Uuid\/deb82930-044e-11de-908f-592a0c322e2e%7C0\" target=\"_blank\">LeTemps.ch | \u00abPour sa p\u00e9dagogie, l\u2019universit\u00e9 innove\u00bb<\/a><\/p>\n","protected":false},"excerpt":{"rendered":"<p>Elle \u00e9tait fi\u00e8re de l\u2019annoncer, en\u00a0janvier: l\u2019Universit\u00e9 de Lausanne, la premi\u00e8re en Suisse, s\u2019invite sur la section acad\u00e9mique de la plateforme multim\u00e9dia iTunes. Cette initiative s\u2019ajoute \u00e0 d\u2019autres lanc\u00e9es \u00e0 Lausanne, comme la cr\u00e9ation d\u2019Uniboard, une\u00a0tablette tactile que l\u2019enseignant utilise pour montrer des documents PowerPoint, \u00e9crire des notes projet\u00e9es \u00e0 l\u2019\u00e9cran, int\u00e9grer des vid\u00e9os\u2026 Vice-recteur [&hellip;]<\/p>\n","protected":false},"author":1,"featured_media":14680,"comment_status":"open","ping_status":"open","sticky":false,"template":"","format":"standard","meta":{"_import_markdown_pro_load_document_selector":0,"_import_markdown_pro_submit_text_textarea":"","_genesis_hide_title":false,"_genesis_hide_breadcrumbs":false,"_genesis_hide_singular_image":false,"_genesis_hide_footer_widgets":false,"_genesis_custom_body_class":"","_genesis_custom_post_class":"","_genesis_layout":"","jetpack_post_was_ever_published":false,"_jetpack_newsletter_access":"","_jetpack_dont_email_post_to_subs":false,"_jetpack_newsletter_tier_id":0,"_jetpack_memberships_contains_paywalled_content":false,"_jetpack_memberships_contains_paid_content":false,"activitypub_content_warning":"","activitypub_content_visibility":"","activitypub_max_image_attachments":3,"activitypub_interaction_policy_quote":"anyone","activitypub_status":"","footnotes":"","jetpack_publicize_message":"","jetpack_publicize_feature_enabled":true,"jetpack_social_post_already_shared":true,"jetpack_social_options":{"image_generator_settings":{"template":"fullscreen","default_image_id":0,"font":"","enabled":false},"version":2}},"categories":[2],"tags":[],"class_list":{"0":"post-4674","1":"post","2":"type-post","3":"status-publish","4":"format-standard","5":"has-post-thumbnail","7":"category-histoire-2","8":"entry"},"jetpack_publicize_connections":[],"featured_image_src":"https:\/\/i0.wp.com\/lyonelkaufmann.ch\/Blog\/wp-content\/uploads\/2015\/03\/blogcafe1.jpg?resize=600%2C400&ssl=1","featured_image_src_square":"https:\/\/i0.wp.com\/lyonelkaufmann.ch\/Blog\/wp-content\/uploads\/2015\/03\/blogcafe1.jpg?resize=600%2C600&ssl=1","author_info":{"display_name":"Lyonel Kaufmann","author_link":"https:\/\/lyonelkaufmann.ch\/Blog\/author\/lyonelk\/"},"jetpack_featured_media_url":"https:\/\/i0.wp.com\/lyonelkaufmann.ch\/Blog\/wp-content\/uploads\/2015\/03\/blogcafe1.jpg?fit=1024%2C683&ssl=1","jetpack_sharing_enabled":true,"jetpack_shortlink":"https:\/\/wp.me\/p1qtF4-1do","jetpack-related-posts":[{"id":1118,"url":"https:\/\/lyonelkaufmann.ch\/Blog\/2009\/02\/28\/pour-sa-pedagogie-luniversite-innove-le-temps\/","url_meta":{"origin":4674,"position":0},"title":"\u00abPour sa p\u00e9dagogie, l\u2019universit\u00e9 innove\u00bb | Le Temps","author":"Lyonel Kaufmann","date":"28 f\u00e9vrier 2009","format":false,"excerpt":"Elle \u00e9tait fi\u00e8re de l\u2019annoncer, en\u00a0janvier: l\u2019Universit\u00e9 de Lausanne, la premi\u00e8re en Suisse, s\u2019invite sur la section acad\u00e9mique de la plateforme multim\u00e9dia iTunes. Cette initiative s\u2019ajoute \u00e0 d\u2019autres lanc\u00e9es \u00e0 Lausanne, comme la cr\u00e9ation d\u2019Uniboard, une\u00a0tablette tactile que l\u2019enseignant utilise pour montrer des documents PowerPoint, \u00e9crire des notes projet\u00e9es \u00e0\u2026","rel":"","context":"Dans &quot;histoire&quot;","block_context":{"text":"histoire","link":"https:\/\/lyonelkaufmann.ch\/Blog\/category\/histoire-2\/"},"img":{"alt_text":"","src":"https:\/\/i0.wp.com\/lyonelkaufmann.ch\/Blog\/wp-content\/uploads\/2015\/03\/blogcafe1.jpg?fit=1024%2C683&ssl=1&resize=350%2C200","width":350,"height":200,"srcset":"https:\/\/i0.wp.com\/lyonelkaufmann.ch\/Blog\/wp-content\/uploads\/2015\/03\/blogcafe1.jpg?fit=1024%2C683&ssl=1&resize=350%2C200 1x, https:\/\/i0.wp.com\/lyonelkaufmann.ch\/Blog\/wp-content\/uploads\/2015\/03\/blogcafe1.jpg?fit=1024%2C683&ssl=1&resize=525%2C300 1.5x, https:\/\/i0.wp.com\/lyonelkaufmann.ch\/Blog\/wp-content\/uploads\/2015\/03\/blogcafe1.jpg?fit=1024%2C683&ssl=1&resize=700%2C400 2x"},"classes":[]},{"id":6814,"url":"https:\/\/lyonelkaufmann.ch\/Blog\/2013\/02\/20\/mooc-la-standardisation-ou-linnovation-internetactu-net\/","url_meta":{"origin":4674,"position":1},"title":"Mooc : la standardisation ou l\u2019innovation ? \u00ab InternetActu.net","author":"Lyonel Kaufmann","date":"20 f\u00e9vrier 2013","format":false,"excerpt":"Le d\u00e9veloppement des cours en ligne massifs et ouverts (Mooc pour massive online open courses) attise autant l\u2019enthousiasme que le rejet. Pourtant, ils n\u2019ont rien de magique et paraissent bien souvent plus une r\u00e9ponse \u00e9conomique qu\u2019\u00e9ducative. En accentuant la concurrence entre universit\u00e9s et entre les \u00e9tudiants eux-m\u00eames\u2026 les Mooc semblent\u2026","rel":"","context":"Dans &quot;histoire&quot;","block_context":{"text":"histoire","link":"https:\/\/lyonelkaufmann.ch\/Blog\/category\/histoire-2\/"},"img":{"alt_text":"","src":"https:\/\/i0.wp.com\/lyonelkaufmann.ch\/Blog\/wp-content\/uploads\/2015\/03\/DAY-OF-THE-MOOC.gif?fit=896%2C566&ssl=1&resize=350%2C200","width":350,"height":200,"srcset":"https:\/\/i0.wp.com\/lyonelkaufmann.ch\/Blog\/wp-content\/uploads\/2015\/03\/DAY-OF-THE-MOOC.gif?fit=896%2C566&ssl=1&resize=350%2C200 1x, https:\/\/i0.wp.com\/lyonelkaufmann.ch\/Blog\/wp-content\/uploads\/2015\/03\/DAY-OF-THE-MOOC.gif?fit=896%2C566&ssl=1&resize=525%2C300 1.5x, https:\/\/i0.wp.com\/lyonelkaufmann.ch\/Blog\/wp-content\/uploads\/2015\/03\/DAY-OF-THE-MOOC.gif?fit=896%2C566&ssl=1&resize=700%2C400 2x"},"classes":[]},{"id":7637,"url":"https:\/\/lyonelkaufmann.ch\/Blog\/2013\/10\/29\/revue-presse-moocs-toujours-2\/","url_meta":{"origin":4674,"position":2},"title":"Revue Presse : MOOCs\u2026 toujours (2)","author":"Lyonel Kaufmann","date":"29 octobre 2013","format":false,"excerpt":"Les\u00a0MOOCs\u00a0n\u2019arr\u00eatent pas de faire parler d\u2019eux sur la to\u00eele. Voici deux nouveaux et int\u00e9ressants articles \u00e0 leur sujet.\u00a0 Quand le MOOC d\u00e9\u00e7oit les \u00e9tudiants | Thot Cursus Un professeur am\u00e9ricain demand\u00e9 \u00e0 ses \u00e9tudiants de suivre le MOOC de leur choix et d'en faire un compte-rendu \u00e9crit. Il a compil\u00e9\u2026","rel":"","context":"Dans &quot;histoire&quot;","block_context":{"text":"histoire","link":"https:\/\/lyonelkaufmann.ch\/Blog\/category\/histoire-2\/"},"img":{"alt_text":"","src":"https:\/\/i0.wp.com\/lyonelkaufmann.ch\/Blog\/wp-content\/uploads\/2015\/03\/blogcafe1.jpg?fit=1024%2C683&ssl=1&resize=350%2C200","width":350,"height":200,"srcset":"https:\/\/i0.wp.com\/lyonelkaufmann.ch\/Blog\/wp-content\/uploads\/2015\/03\/blogcafe1.jpg?fit=1024%2C683&ssl=1&resize=350%2C200 1x, https:\/\/i0.wp.com\/lyonelkaufmann.ch\/Blog\/wp-content\/uploads\/2015\/03\/blogcafe1.jpg?fit=1024%2C683&ssl=1&resize=525%2C300 1.5x, https:\/\/i0.wp.com\/lyonelkaufmann.ch\/Blog\/wp-content\/uploads\/2015\/03\/blogcafe1.jpg?fit=1024%2C683&ssl=1&resize=700%2C400 2x"},"classes":[]},{"id":10895,"url":"https:\/\/lyonelkaufmann.ch\/Blog\/2013\/10\/29\/revue-presse-moocs-toujours-2-2\/","url_meta":{"origin":4674,"position":3},"title":"Revue Presse : MOOCs\u2026 toujours (2)","author":"Lyonel Kaufmann","date":"29 octobre 2013","format":false,"excerpt":"Les\u00a0MOOCs\u00a0n\u2019arr\u00eatent pas de faire parler d\u2019eux sur la to\u00eele. Voici deux nouveaux et int\u00e9ressants articles \u00e0 leur sujet.\u00a0 Quand le MOOC d\u00e9\u00e7oit les \u00e9tudiants | Thot Cursus Un professeur am\u00e9ricain demand\u00e9 \u00e0 ses \u00e9tudiants de suivre le MOOC de leur choix et d'en faire un compte-rendu \u00e9crit. Il a compil\u00e9\u2026","rel":"","context":"Dans &quot;L'Expresso&quot;","block_context":{"text":"L'Expresso","link":"https:\/\/lyonelkaufmann.ch\/Blog\/category\/breves\/"},"img":{"alt_text":"","src":"https:\/\/i0.wp.com\/lyonelkaufmann.ch\/Blog\/wp-content\/uploads\/2015\/03\/blogcafe1.jpg?fit=1024%2C683&ssl=1&resize=350%2C200","width":350,"height":200,"srcset":"https:\/\/i0.wp.com\/lyonelkaufmann.ch\/Blog\/wp-content\/uploads\/2015\/03\/blogcafe1.jpg?fit=1024%2C683&ssl=1&resize=350%2C200 1x, https:\/\/i0.wp.com\/lyonelkaufmann.ch\/Blog\/wp-content\/uploads\/2015\/03\/blogcafe1.jpg?fit=1024%2C683&ssl=1&resize=525%2C300 1.5x, https:\/\/i0.wp.com\/lyonelkaufmann.ch\/Blog\/wp-content\/uploads\/2015\/03\/blogcafe1.jpg?fit=1024%2C683&ssl=1&resize=700%2C400 2x"},"classes":[]},{"id":7647,"url":"https:\/\/lyonelkaufmann.ch\/Blog\/2013\/11\/01\/lhistoire-est-elle-soluble-dans-les-moocs-chronique-no-146\/","url_meta":{"origin":4674,"position":4},"title":"L&rsquo;histoire est-elle soluble dans les MOOCs? |\u00a0Chronique no 146","author":"Lyonel Kaufmann","date":"1 novembre 2013","format":false,"excerpt":"Associez deux \u00e9l\u00e9ments de l\u2019actualit\u00e9 avec d\u2019un c\u00f4t\u00e9 les comm\u00e9morations \u00e0 venir de 14-18 et, de l\u2019autre, les MOOC et vous avez un duo qui devrait faire parler de lui. C\u2019est ainsi que France Universit\u00e9 Num\u00e9rique (FUN, faut oser!), vous propose son MOOC d\u00e9di\u00e9 \u00e0 l'enseignement de l'histoire \u2014 La\u2026","rel":"","context":"Dans &quot;histoire&quot;","block_context":{"text":"histoire","link":"https:\/\/lyonelkaufmann.ch\/Blog\/category\/histoire-2\/"},"img":{"alt_text":"","src":"https:\/\/i0.wp.com\/lyonelkaufmann.ch\/Blog\/wp-content\/uploads\/2015\/03\/DAY-OF-THE-MOOC1.gif?fit=896%2C566&ssl=1&resize=350%2C200","width":350,"height":200,"srcset":"https:\/\/i0.wp.com\/lyonelkaufmann.ch\/Blog\/wp-content\/uploads\/2015\/03\/DAY-OF-THE-MOOC1.gif?fit=896%2C566&ssl=1&resize=350%2C200 1x, https:\/\/i0.wp.com\/lyonelkaufmann.ch\/Blog\/wp-content\/uploads\/2015\/03\/DAY-OF-THE-MOOC1.gif?fit=896%2C566&ssl=1&resize=525%2C300 1.5x, https:\/\/i0.wp.com\/lyonelkaufmann.ch\/Blog\/wp-content\/uploads\/2015\/03\/DAY-OF-THE-MOOC1.gif?fit=896%2C566&ssl=1&resize=700%2C400 2x"},"classes":[]},{"id":9863,"url":"https:\/\/lyonelkaufmann.ch\/Blog\/2013\/05\/31\/les-moocs-vont-ils-tuer-la-formation-a-distance-thot-cursus-2\/","url_meta":{"origin":4674,"position":5},"title":"Les MOOCs vont-ils tuer la formation \u00e0 distance ? | Thot Cursus","author":"Lyonel Kaufmann","date":"31 mai 2013","format":false,"excerpt":"See on Scoop.it - Enseigner avec le num\u00e9rique au 21e si\u00e8cle \u00abDans la premi\u00e8re enqu\u00eate sur les concepteurs de MOOCs, r\u00e9alis\u00e9e par\u00a0The Chronicle of Higher Education\u00a0, on constate que les enseignants qui se sont lanc\u00e9s les premiers dans les MOOCs n'\u00e9taient auparavant pas favorables au e-learning. Leur opinion a chang\u00e9\u2026","rel":"","context":"Dans &quot;Blogcaf\u00e9&quot;","block_context":{"text":"Blogcaf\u00e9","link":"https:\/\/lyonelkaufmann.ch\/Blog\/category\/blogcafe-2\/"},"img":{"alt_text":"","src":"http:\/\/img.scoop.it\/QCVqtHBbAxnuqLU45eot_zl72eJkfbmt4t8yenImKBXEejxNn4ZJNZ2ss5Ku7Cxt","width":350,"height":200},"classes":[]}],"jetpack_likes_enabled":true,"_links":{"self":[{"href":"https:\/\/lyonelkaufmann.ch\/Blog\/wp-json\/wp\/v2\/posts\/4674","targetHints":{"allow":["GET"]}}],"collection":[{"href":"https:\/\/lyonelkaufmann.ch\/Blog\/wp-json\/wp\/v2\/posts"}],"about":[{"href":"https:\/\/lyonelkaufmann.ch\/Blog\/wp-json\/wp\/v2\/types\/post"}],"author":[{"embeddable":true,"href":"https:\/\/lyonelkaufmann.ch\/Blog\/wp-json\/wp\/v2\/users\/1"}],"replies":[{"embeddable":true,"href":"https:\/\/lyonelkaufmann.ch\/Blog\/wp-json\/wp\/v2\/comments?post=4674"}],"version-history":[{"count":0,"href":"https:\/\/lyonelkaufmann.ch\/Blog\/wp-json\/wp\/v2\/posts\/4674\/revisions"}],"wp:featuredmedia":[{"embeddable":true,"href":"https:\/\/lyonelkaufmann.ch\/Blog\/wp-json\/wp\/v2\/media\/14680"}],"wp:attachment":[{"href":"https:\/\/lyonelkaufmann.ch\/Blog\/wp-json\/wp\/v2\/media?parent=4674"}],"wp:term":[{"taxonomy":"category","embeddable":true,"href":"https:\/\/lyonelkaufmann.ch\/Blog\/wp-json\/wp\/v2\/categories?post=4674"},{"taxonomy":"post_tag","embeddable":true,"href":"https:\/\/lyonelkaufmann.ch\/Blog\/wp-json\/wp\/v2\/tags?post=4674"}],"curies":[{"name":"wp","href":"https:\/\/api.w.org\/{rel}","templated":true}]}}