{"id":4792,"date":"2012-01-02T09:56:28","date_gmt":"2012-01-02T09:56:28","guid":{"rendered":"http:\/\/lyonelkaufmann.ch\/histoire\/?p=4792"},"modified":"2012-01-02T09:56:28","modified_gmt":"2012-01-02T09:56:28","slug":"lhistoire-par-le-bas-contre-le-recit-national-dune-configuration-des-annees-68-et-de-sa-deliaison-aggiornamento-hist-geo","status":"publish","type":"post","link":"https:\/\/lyonelkaufmann.ch\/Blog\/2012\/01\/02\/lhistoire-par-le-bas-contre-le-recit-national-dune-configuration-des-annees-68-et-de-sa-deliaison-aggiornamento-hist-geo\/","title":{"rendered":"L\u2019histoire par le bas contre le r\u00e9cit national ? d\u2019une configuration des ann\u00e9es 68 et de sa d\u00e9liaison | aggiornamento hist-geo"},"content":{"rendered":"<p><strong>Cet article pose les termes du d\u00e9bat sur l&rsquo;enseignement de l&rsquo;histoire en France sous l&rsquo;\u00e9clairage des d\u00e9bats post-1968 et ceux issus de la fameuse pol\u00e9mique initi\u00e9e par Alain Decaux dans le Figaro :\u00a0<em>Fran\u00e7ais, on n\u2019apprend plus l\u2019histoire \u00e0 vos enfants\u00a0!<\/em><\/strong><\/p>\n<p>D&rsquo;un c\u00f4t\u00e9, de 1984 \u00e0 1992, la parution \u00e9chelonn\u00e9e des Lieux de m\u00e9moire au titre de la trilogie R\u00e9publique \/ Nation \/ France engage le renouvellement du genre qu\u2019est le r\u00e9cit national par l\u2019apport de l\u2019approche m\u00e9morielle et la topique du lieu.<\/p>\n<p>De l&rsquo;autre,\u00a0en terme historiographique, l\u2019histoire par le bas en France peut se lire soit comme l\u2019expression de la Nouvelle histoire pratiqu\u00e9e par l\u2019Ecole des Annales, soit comme l\u2019\u00e9cho de\u00a0pratiqu\u00e9e outre-manche par E.P Thompson. Si toutes deux participent d\u2019une d\u00e9construction du roman national, la premi\u00e8re de ces approches trouve \u00e0 s\u2019inscrire peu ou prou dans l\u2019\u00e9difice disciplinaire de l\u2019histoire entre recherche et enseignement quand la seconde s\u2019entend davantage comme l\u2019irruption d\u2019une radicalit\u00e9 politique sur la sc\u00e8ne fran\u00e7aise de l\u2019histoire.\u00a0Le r\u00e9cit national est alors interrog\u00e9 \u00e0 partir d\u2019une histoire centr\u00e9e sur le r\u00e9cit des luttes populaires. Suzanne Citron est la principale figure de proue pour son int\u00e9gration au niveau scolaire.<\/p>\n<p>Ce texte est une intervention de Vincent Chambarlhac au s\u00e9minaire \u201cLa fabrication du commun\/r\u00e9cits de l\u2019histoire nationale par des \u00e9l\u00e8ves. Il est \u00e0 comprendre comme une r\u00e9flexion \u201cen cours\u201d propre au travail d\u2019un s\u00e9minaire.<\/p>\n<p>via\u00a0<a href=\"http:\/\/aggiornamento.hypotheses.org\/692\">L\u2019histoire par le bas contre le r\u00e9cit national ? d\u2019une configuration des ann\u00e9es 68 et de sa d\u00e9liaison | aggiornamento hist-geo<\/a>.<\/p>\n","protected":false},"excerpt":{"rendered":"<p>Cet article pose les termes du d\u00e9bat sur l&rsquo;enseignement de l&rsquo;histoire en France sous l&rsquo;\u00e9clairage des d\u00e9bats post-1968 et ceux issus de la fameuse pol\u00e9mique initi\u00e9e par Alain Decaux dans le Figaro :\u00a0Fran\u00e7ais, on n\u2019apprend plus l\u2019histoire \u00e0 vos enfants\u00a0! D&rsquo;un c\u00f4t\u00e9, de 1984 \u00e0 1992, la parution \u00e9chelonn\u00e9e des Lieux de m\u00e9moire au titre [&hellip;]<\/p>\n","protected":false},"author":1,"featured_media":14680,"comment_status":"open","ping_status":"open","sticky":false,"template":"","format":"standard","meta":{"_import_markdown_pro_load_document_selector":0,"_import_markdown_pro_submit_text_textarea":"","_genesis_hide_title":false,"_genesis_hide_breadcrumbs":false,"_genesis_hide_singular_image":false,"_genesis_hide_footer_widgets":false,"_genesis_custom_body_class":"","_genesis_custom_post_class":"","_genesis_layout":"","jetpack_post_was_ever_published":false,"_jetpack_newsletter_access":"","_jetpack_dont_email_post_to_subs":false,"_jetpack_newsletter_tier_id":0,"_jetpack_memberships_contains_paywalled_content":false,"_jetpack_memberships_contains_paid_content":false,"activitypub_content_warning":"","activitypub_content_visibility":"","activitypub_max_image_attachments":3,"activitypub_interaction_policy_quote":"anyone","activitypub_status":"","footnotes":"","jetpack_publicize_message":"","jetpack_publicize_feature_enabled":true,"jetpack_social_post_already_shared":true,"jetpack_social_options":{"image_generator_settings":{"template":"fullscreen","default_image_id":0,"font":"","enabled":false},"version":2}},"categories":[2],"tags":[],"class_list":{"0":"post-4792","1":"post","2":"type-post","3":"status-publish","4":"format-standard","5":"has-post-thumbnail","7":"category-histoire-2","8":"entry"},"jetpack_publicize_connections":[],"featured_image_src":"https:\/\/i0.wp.com\/lyonelkaufmann.ch\/Blog\/wp-content\/uploads\/2015\/03\/blogcafe1.jpg?resize=600%2C400&ssl=1","featured_image_src_square":"https:\/\/i0.wp.com\/lyonelkaufmann.ch\/Blog\/wp-content\/uploads\/2015\/03\/blogcafe1.jpg?resize=600%2C600&ssl=1","author_info":{"display_name":"Lyonel Kaufmann","author_link":"https:\/\/lyonelkaufmann.ch\/Blog\/author\/lyonelk\/"},"jetpack_featured_media_url":"https:\/\/i0.wp.com\/lyonelkaufmann.ch\/Blog\/wp-content\/uploads\/2015\/03\/blogcafe1.jpg?fit=1024%2C683&ssl=1","jetpack_sharing_enabled":true,"jetpack_shortlink":"https:\/\/wp.me\/p1qtF4-1fi","jetpack-related-posts":[{"id":7195,"url":"https:\/\/lyonelkaufmann.ch\/Blog\/2013\/06\/30\/lhistoire-globale-est-elle-une-menace-pour-lenseignement-de-lhistoire-en-france\/","url_meta":{"origin":4792,"position":0},"title":"L\u2019histoire globale est-elle une menace pour l\u2019enseignement de l\u2019histoire en France ?","author":"Lyonel Kaufmann","date":"30 juin 2013","format":false,"excerpt":"Dans un article consacr\u00e9 \u00e0\u00a0L\u2019histoire globale en d\u00e9bats, le blog Histoire Globale conteste l'affirmation de Pierre Nora, dans le dernier num\u00e9ro de la revue Le D\u00e9bat, selon laquelle l\u2019histoire globale serait une menace pour l\u2019enseignement de l\u2019histoire en France. Dans l'\u00e9ditorial du dernier num\u00e9ro de la revue Le D\u00e9bat, Pierre\u2026","rel":"","context":"Dans &quot;histoire&quot;","block_context":{"text":"histoire","link":"https:\/\/lyonelkaufmann.ch\/Blog\/category\/histoire-2\/"},"img":{"alt_text":"","src":"https:\/\/i0.wp.com\/lyonelkaufmann.ch\/Blog\/wp-content\/uploads\/2015\/03\/blogcafe1.jpg?fit=1024%2C683&ssl=1&resize=350%2C200","width":350,"height":200,"srcset":"https:\/\/i0.wp.com\/lyonelkaufmann.ch\/Blog\/wp-content\/uploads\/2015\/03\/blogcafe1.jpg?fit=1024%2C683&ssl=1&resize=350%2C200 1x, https:\/\/i0.wp.com\/lyonelkaufmann.ch\/Blog\/wp-content\/uploads\/2015\/03\/blogcafe1.jpg?fit=1024%2C683&ssl=1&resize=525%2C300 1.5x, https:\/\/i0.wp.com\/lyonelkaufmann.ch\/Blog\/wp-content\/uploads\/2015\/03\/blogcafe1.jpg?fit=1024%2C683&ssl=1&resize=700%2C400 2x"},"classes":[]},{"id":6966,"url":"https:\/\/lyonelkaufmann.ch\/Blog\/2013\/04\/16\/les-nouvelles-guerres-de-lhistoire-scolaire-the-history-education-network\/","url_meta":{"origin":4792,"position":1},"title":"Les nouvelles guerres de l\u2019histoire scolaire | The History Education Network","author":"Lyonel Kaufmann","date":"16 avril 2013","format":false,"excerpt":"A m\u00e9diter :\u00abLa reprise des hostilit\u00e9s entre les partisans d\u2019un enseignement ax\u00e9 sur la construction d\u2019une conscience identitaire nationale et les d\u00e9fenseurs d\u2019une approche centr\u00e9e sur le d\u00e9veloppement d\u2019une pens\u00e9e critique et rigoureuse met en lumi\u00e8re la faiblesse strat\u00e9gique de ces derniers. Au Qu\u00e9bec, le d\u00e9bat qui a pris la\u2026","rel":"","context":"Dans &quot;histoire&quot;","block_context":{"text":"histoire","link":"https:\/\/lyonelkaufmann.ch\/Blog\/category\/histoire-2\/"},"img":{"alt_text":"","src":"https:\/\/i0.wp.com\/thenhier.ca\/sites\/default\/files\/Karlstad.jpg?resize=350%2C200","width":350,"height":200},"classes":[]},{"id":8054,"url":"https:\/\/lyonelkaufmann.ch\/Blog\/2014\/06\/22\/lhistoire-globale-au-college-de-france-histoire-globale\/","url_meta":{"origin":4792,"position":2},"title":"L\u2019histoire globale au Coll\u00e8ge de France ? | Histoire Globale","author":"Lyonel Kaufmann","date":"22 juin 2014","format":false,"excerpt":"Le 28 novembre dernier, Sanjay Subrahmanyam inaugurait une nouvelle chaire au Coll\u00e8ge de France (en ligne). Son intitul\u00e9, \u00ab\u00a0Histoire globale de la premi\u00e8re modernit\u00e9\u00a0\u00bb, ne pouvait que plaire, a priori, aux auteurs de ce blog et \u00e0 tous ceux, en France, qui appellent de leurs v\u0153ux le d\u00e9veloppement de l\u2019histoire\u2026","rel":"","context":"Dans &quot;histoire&quot;","block_context":{"text":"histoire","link":"https:\/\/lyonelkaufmann.ch\/Blog\/category\/histoire-2\/"},"img":{"alt_text":"","src":"https:\/\/i0.wp.com\/lyonelkaufmann.ch\/Blog\/wp-content\/uploads\/2015\/03\/0138.jpg?fit=480%2C360&ssl=1&resize=350%2C200","width":350,"height":200},"classes":[]},{"id":6983,"url":"https:\/\/lyonelkaufmann.ch\/Blog\/2013\/04\/21\/la-commune-de-paris-relance-les-debats-memoriels-a-lassemblee-histoire-memoire-et-societe\/","url_meta":{"origin":4792,"position":3},"title":"La Commune de Paris relance les d\u00e9bats m\u00e9moriels \u00e0 l&rsquo;Assembl\u00e9e | Histoire, M\u00e9moire et Soci\u00e9t\u00e9","author":"Lyonel Kaufmann","date":"21 avril 2013","format":false,"excerpt":"Le lundi 8 avril 2013, la pr\u00e9sidence de l'Assembl\u00e9e nationale a enregistr\u00e9\u00a0\u00a0une proposition de r\u00e9solution visant \u00e0 rendre justice aux victimes de la r\u00e9pression de la Commune de Paris de 1871. Pour\u00a0Micka\u00ebl BERTRAND : Cette tendance irr\u00e9pressible du Parlement \u00e0 se prononcer ponctuellement sur des sujets historiques est l'une des\u2026","rel":"","context":"Dans &quot;histoire&quot;","block_context":{"text":"histoire","link":"https:\/\/lyonelkaufmann.ch\/Blog\/category\/histoire-2\/"},"img":{"alt_text":"20130421-100327.jpg","src":"https:\/\/i0.wp.com\/lyonelkaufmann.ch\/histoire\/wp-content\/uploads\/2013\/04\/20130421-100327-201x300.jpg?resize=350%2C200","width":350,"height":200},"classes":[]},{"id":7208,"url":"https:\/\/lyonelkaufmann.ch\/Blog\/2013\/07\/15\/revue-de-presse-shoah-entre-impression-de-reel-et-recit-realiste-cinemadoc\/","url_meta":{"origin":4792,"position":4},"title":"Revue de presse : Shoah, entre impression de r\u00e9el et r\u00e9cit r\u00e9aliste | Cin\u00e9madoc","author":"Lyonel Kaufmann","date":"15 juillet 2013","format":false,"excerpt":"La recherche de R\u00e9my Besson sur le film Shoah permet d\u2019\u00e9tablir que le r\u00e9gime de v\u00e9rit\u00e9 dont Shoah rel\u00e8ve n\u2019est pas celui de l\u2019histoire orale, mais bien de celui d\u2019un film de cin\u00e9ma extr\u00eamement construit, aussi bien lors du tournage que lors du montage. Seul un travail en archive permet\u2026","rel":"","context":"Dans &quot;histoire&quot;","block_context":{"text":"histoire","link":"https:\/\/lyonelkaufmann.ch\/Blog\/category\/histoire-2\/"},"img":{"alt_text":"","src":"https:\/\/i0.wp.com\/lyonelkaufmann.ch\/Blog\/wp-content\/uploads\/2015\/03\/blogcafe1.jpg?fit=1024%2C683&ssl=1&resize=350%2C200","width":350,"height":200,"srcset":"https:\/\/i0.wp.com\/lyonelkaufmann.ch\/Blog\/wp-content\/uploads\/2015\/03\/blogcafe1.jpg?fit=1024%2C683&ssl=1&resize=350%2C200 1x, https:\/\/i0.wp.com\/lyonelkaufmann.ch\/Blog\/wp-content\/uploads\/2015\/03\/blogcafe1.jpg?fit=1024%2C683&ssl=1&resize=525%2C300 1.5x, https:\/\/i0.wp.com\/lyonelkaufmann.ch\/Blog\/wp-content\/uploads\/2015\/03\/blogcafe1.jpg?fit=1024%2C683&ssl=1&resize=700%2C400 2x"},"classes":[]},{"id":7253,"url":"https:\/\/lyonelkaufmann.ch\/Blog\/2013\/08\/04\/revue-de-presse-le-reveil-de-la-querelle-des-historiens-une-polemique-memorielle-a-lechelle-nationale-et-europeenne-histoire-memoire-et-societe\/","url_meta":{"origin":4792,"position":5},"title":"Revue de presse : Le r\u00e9veil de la querelle des historiens : une pol\u00e9mique m\u00e9morielle \u00e0 l&rsquo;\u00e9chelle nationale et europ\u00e9enne &#8211; Histoire, M\u00e9moire et Soci\u00e9t\u00e9","author":"Lyonel Kaufmann","date":"4 ao\u00fbt 2013","format":false,"excerpt":"C'est l'un des d\u00e9bats historiographiques les plus passionnants de la seconde moiti\u00e9 du XX\u00e8me si\u00e8cle. Il consiste \u00e0 s'interroger sur la possibilit\u00e9 et la l\u00e9gitimit\u00e9 d'une comparaison entre le nazisme et le communisme. Tr\u00e8s bonne synth\u00e8se de Mickael Bertrand.Le r\u00e9veil de la querelle des historiens : une pol\u00e9mique m\u00e9morielle \u00e0\u2026","rel":"","context":"Dans &quot;histoire&quot;","block_context":{"text":"histoire","link":"https:\/\/lyonelkaufmann.ch\/Blog\/category\/histoire-2\/"},"img":{"alt_text":"","src":"https:\/\/i0.wp.com\/lyonelkaufmann.ch\/Blog\/wp-content\/uploads\/2015\/03\/blogcafe1.jpg?fit=1024%2C683&ssl=1&resize=350%2C200","width":350,"height":200,"srcset":"https:\/\/i0.wp.com\/lyonelkaufmann.ch\/Blog\/wp-content\/uploads\/2015\/03\/blogcafe1.jpg?fit=1024%2C683&ssl=1&resize=350%2C200 1x, https:\/\/i0.wp.com\/lyonelkaufmann.ch\/Blog\/wp-content\/uploads\/2015\/03\/blogcafe1.jpg?fit=1024%2C683&ssl=1&resize=525%2C300 1.5x, https:\/\/i0.wp.com\/lyonelkaufmann.ch\/Blog\/wp-content\/uploads\/2015\/03\/blogcafe1.jpg?fit=1024%2C683&ssl=1&resize=700%2C400 2x"},"classes":[]}],"jetpack_likes_enabled":true,"_links":{"self":[{"href":"https:\/\/lyonelkaufmann.ch\/Blog\/wp-json\/wp\/v2\/posts\/4792","targetHints":{"allow":["GET"]}}],"collection":[{"href":"https:\/\/lyonelkaufmann.ch\/Blog\/wp-json\/wp\/v2\/posts"}],"about":[{"href":"https:\/\/lyonelkaufmann.ch\/Blog\/wp-json\/wp\/v2\/types\/post"}],"author":[{"embeddable":true,"href":"https:\/\/lyonelkaufmann.ch\/Blog\/wp-json\/wp\/v2\/users\/1"}],"replies":[{"embeddable":true,"href":"https:\/\/lyonelkaufmann.ch\/Blog\/wp-json\/wp\/v2\/comments?post=4792"}],"version-history":[{"count":0,"href":"https:\/\/lyonelkaufmann.ch\/Blog\/wp-json\/wp\/v2\/posts\/4792\/revisions"}],"wp:featuredmedia":[{"embeddable":true,"href":"https:\/\/lyonelkaufmann.ch\/Blog\/wp-json\/wp\/v2\/media\/14680"}],"wp:attachment":[{"href":"https:\/\/lyonelkaufmann.ch\/Blog\/wp-json\/wp\/v2\/media?parent=4792"}],"wp:term":[{"taxonomy":"category","embeddable":true,"href":"https:\/\/lyonelkaufmann.ch\/Blog\/wp-json\/wp\/v2\/categories?post=4792"},{"taxonomy":"post_tag","embeddable":true,"href":"https:\/\/lyonelkaufmann.ch\/Blog\/wp-json\/wp\/v2\/tags?post=4792"}],"curies":[{"name":"wp","href":"https:\/\/api.w.org\/{rel}","templated":true}]}}