{"id":4908,"date":"2012-01-21T09:26:07","date_gmt":"2012-01-21T09:26:07","guid":{"rendered":"http:\/\/lyonelkaufmann.ch\/histoire\/?p=4908"},"modified":"2012-01-21T09:26:07","modified_gmt":"2012-01-21T09:26:07","slug":"la-publicite-plus-dangereuse-que-les-reseaux-sociaux","status":"publish","type":"post","link":"https:\/\/lyonelkaufmann.ch\/Blog\/2012\/01\/21\/la-publicite-plus-dangereuse-que-les-reseaux-sociaux\/","title":{"rendered":"La publicit\u00e9 plus dangereuse que les r\u00e9seaux sociaux?"},"content":{"rendered":"<p><strong>On oublie trop souvent, rappelle Bruno Devauchelle, que ce qui sert d\u2019entr\u00e9e dans la culture pour les jeunes est couramment la publicit\u00e9 et son corollaire la consommation<\/strong><\/p>\n<p>Or indique-t-il<\/p>\n<blockquote><p>ce qui est impressionnant pour le p\u00e9dagogue de la transmission, c\u2019est la redoutable efficacit\u00e9 de ces industries de l\u2019information communication. Un enseignant demandait r\u00e9cemment comment faire pour \u00eatre \u00ab\u00a0aussi int\u00e9ressant\u00a0\u00bb devant ces \u00e9l\u00e8ves et ainsi mieux capter leur attention\u2026 Avec l\u2019arriv\u00e9e massive des TIC dans l\u2019univers scolaire, on propulse la question au coeur d\u2019un espace qui tentait de s\u2019en pr\u00e9server jusqu\u2019alors. Deux probl\u00e8mes se posent : faut-il ou non accueillir cette intrusion ? Comment \u00e9duquer dans un tel contexte ? Or les discours portent bien davantage sur les m\u00e9faits des r\u00e9seaux sociaux et des conduites addictives que sur cette \u00ab\u00a0pollution cognitive\u00a0\u00bb et ses effets \u00e0 court moyen et long terme. Ainsi l\u2019\u00e9cole se trouve-t-elle en concurrence de mani\u00e8re redoutable avec cet univers dont on ne parle jamais et qui pourtant est bien plus \u00ab\u00a0efficace\u00a0\u00bb et dangereux que les r\u00e9seaux sociaux et autres jeux vid\u00e9o.<\/p><\/blockquote>\n<p>Merci \u00e0 Bruno Devauchelle de lancer le d\u00e9bat. Celui-ci interroge aussi sur la focalisation de la soi-disant dangerosit\u00e9 des r\u00e9seaux sociaux qui, \u00e0 mon avis, ont plus avoir avec les tenants d&rsquo;un discours moralisateur que d&rsquo;une dangerosit\u00e9 av\u00e9r\u00e9e. Ce discours moralisateur est d&rsquo;ailleurs fort ancien et n&rsquo;est que la reprise ou la continuit\u00e9 d&rsquo;un discours moralisateur n\u00e9 avec\u00a0l&rsquo;arriv\u00e9e du cin\u00e9ma, puis repris avec celle de la t\u00e9l\u00e9vision ((L&rsquo;influence pernicieuse du cin\u00e9ma, en particulier sur le jeune public, est d\u00e9nonc\u00e9e d\u00e8s les ann\u00e9es 1900. Le cin\u00e9ma est m\u00eame alors consid\u00e9r\u00e9 par certains comme une invention du diable. A lire :<\/p>\n<ul>\n<li><a href=\"http:\/\/bibliotheque.sciences-po.fr\/statique\/censure-cinema\/religion\/index.html\" target=\"_blank\">Censure et cin\u00e9ma un tour du monde<\/a> | Biblioth\u00e8que de science po<\/li>\n<li>COSANDEY, Roland, Andr\u00e9 Gaudreault et Tom Gunning (dir.),\u00a0<em>Une invention du diable? Cin\u00e9ma des premiers temps et religion\/An Invention of the Devil? Religion and Early Cinema<\/em>, Lausanne\/Qu\u00e9bec, Payot Lausanne\/Presses de l\u2019Universit\u00e9 Laval, 1992, 383 p.))<\/li>\n<\/ul>\n<p>via\u00a0<a href=\"http:\/\/www.brunodevauchelle.com\/blog\/?p=972\">Et si la plus efficace des \u00e9coles \u00e9tait la publicit\u00e9 !!! \u00ab Veille et Analyse TICE<\/a>.<\/p>\n","protected":false},"excerpt":{"rendered":"<p>On oublie trop souvent, rappelle Bruno Devauchelle, que ce qui sert d\u2019entr\u00e9e dans la culture pour les jeunes est couramment la publicit\u00e9 et son corollaire la consommation Or indique-t-il ce qui est impressionnant pour le p\u00e9dagogue de la transmission, c\u2019est la redoutable efficacit\u00e9 de ces industries de l\u2019information communication. Un enseignant demandait r\u00e9cemment comment faire [&hellip;]<\/p>\n","protected":false},"author":1,"featured_media":14680,"comment_status":"open","ping_status":"open","sticky":false,"template":"","format":"standard","meta":{"_import_markdown_pro_load_document_selector":0,"_import_markdown_pro_submit_text_textarea":"","_genesis_hide_title":false,"_genesis_hide_breadcrumbs":false,"_genesis_hide_singular_image":false,"_genesis_hide_footer_widgets":false,"_genesis_custom_body_class":"","_genesis_custom_post_class":"","_genesis_layout":"","jetpack_post_was_ever_published":false,"_jetpack_newsletter_access":"","_jetpack_dont_email_post_to_subs":false,"_jetpack_newsletter_tier_id":0,"_jetpack_memberships_contains_paywalled_content":false,"_jetpack_memberships_contains_paid_content":false,"activitypub_content_warning":"","activitypub_content_visibility":"","activitypub_max_image_attachments":3,"activitypub_interaction_policy_quote":"anyone","activitypub_status":"","footnotes":"","jetpack_publicize_message":"","jetpack_publicize_feature_enabled":true,"jetpack_social_post_already_shared":true,"jetpack_social_options":{"image_generator_settings":{"template":"fullscreen","default_image_id":0,"font":"","enabled":false},"version":2}},"categories":[2],"tags":[],"class_list":{"0":"post-4908","1":"post","2":"type-post","3":"status-publish","4":"format-standard","5":"has-post-thumbnail","7":"category-histoire-2","8":"entry"},"jetpack_publicize_connections":[],"featured_image_src":"https:\/\/i0.wp.com\/lyonelkaufmann.ch\/Blog\/wp-content\/uploads\/2015\/03\/blogcafe1.jpg?resize=600%2C400&ssl=1","featured_image_src_square":"https:\/\/i0.wp.com\/lyonelkaufmann.ch\/Blog\/wp-content\/uploads\/2015\/03\/blogcafe1.jpg?resize=600%2C600&ssl=1","author_info":{"display_name":"Lyonel Kaufmann","author_link":"https:\/\/lyonelkaufmann.ch\/Blog\/author\/lyonelk\/"},"jetpack_featured_media_url":"https:\/\/i0.wp.com\/lyonelkaufmann.ch\/Blog\/wp-content\/uploads\/2015\/03\/blogcafe1.jpg?fit=1024%2C683&ssl=1","jetpack_sharing_enabled":true,"jetpack_shortlink":"https:\/\/wp.me\/p1qtF4-1ha","jetpack-related-posts":[{"id":21782,"url":"https:\/\/lyonelkaufmann.ch\/Blog\/2020\/06\/24\/le-boycott-des-publicites-sur-facebook-est-il-en-train-de-prendre-courrier-international\/","url_meta":{"origin":4908,"position":0},"title":"Le boycott des publicit\u00e9s sur Facebook est-il en train de prendre ? |\u00a0Courrier international","author":"Lyonel Kaufmann","date":"24 juin 2020","format":false,"excerpt":"Une campagne appelant les marques \u00e0 faire pression sur le r\u00e9seau social am\u00e9ricain en retirant leurs publicit\u00e9s de ses plateformes en juillet fait des adeptes. Patagonia, The North Face, Mozilla\u2026 : ils sont chaque jour plus nombreux pour pousser Facebook \u00e0 agir contre la haine et le racisme. La publicit\u00e9\u2026","rel":"","context":"Dans &quot;Blogcaf\u00e9&quot;","block_context":{"text":"Blogcaf\u00e9","link":"https:\/\/lyonelkaufmann.ch\/Blog\/category\/blogcafe-2\/"},"img":{"alt_text":"","src":"https:\/\/i0.wp.com\/lyonelkaufmann.ch\/Blog\/wp-content\/uploads\/2020\/06\/DraggedImage.53405fe4e471402f811a20ec849f21c9.png?fit=1200%2C788&ssl=1&resize=350%2C200","width":350,"height":200,"srcset":"https:\/\/i0.wp.com\/lyonelkaufmann.ch\/Blog\/wp-content\/uploads\/2020\/06\/DraggedImage.53405fe4e471402f811a20ec849f21c9.png?fit=1200%2C788&ssl=1&resize=350%2C200 1x, https:\/\/i0.wp.com\/lyonelkaufmann.ch\/Blog\/wp-content\/uploads\/2020\/06\/DraggedImage.53405fe4e471402f811a20ec849f21c9.png?fit=1200%2C788&ssl=1&resize=525%2C300 1.5x, https:\/\/i0.wp.com\/lyonelkaufmann.ch\/Blog\/wp-content\/uploads\/2020\/06\/DraggedImage.53405fe4e471402f811a20ec849f21c9.png?fit=1200%2C788&ssl=1&resize=700%2C400 2x, https:\/\/i0.wp.com\/lyonelkaufmann.ch\/Blog\/wp-content\/uploads\/2020\/06\/DraggedImage.53405fe4e471402f811a20ec849f21c9.png?fit=1200%2C788&ssl=1&resize=1050%2C600 3x"},"classes":[]},{"id":19632,"url":"https:\/\/lyonelkaufmann.ch\/Blog\/2018\/11\/04\/comment-recuperer-une-archive-de-toutes-vos-publications-sur-les-reseaux-sociaux-les-outils-de-la-veille\/","url_meta":{"origin":4908,"position":1},"title":"Comment r\u00e9cup\u00e9rer une archive de toutes vos publications sur les r\u00e9seaux sociaux | Les outils de la veille","author":"Lyonel Kaufmann","date":"4 novembre 2018","format":false,"excerpt":"Comment r\u00e9cup\u00e9rer tous les tweets que vous avez post\u00e9s sur votre compte Twitter depuis le premier jour ? Comment faire la m\u00eame chose pour Facebook, LinkedIn ou encore Instagram ? Il peut parfois s\u2019av\u00e9rer utile de t\u00e9l\u00e9charger, re\u00e9cup\u00e9rer et sauvegarder l\u2019ensemble des publications publi\u00e9es sur les r\u00e9seaux sociaux. La plupart\u2026","rel":"","context":"Dans &quot;Blogcaf\u00e9&quot;","block_context":{"text":"Blogcaf\u00e9","link":"https:\/\/lyonelkaufmann.ch\/Blog\/category\/blogcafe-2\/"},"img":{"alt_text":"","src":"","width":0,"height":0},"classes":[]},{"id":3779,"url":"https:\/\/lyonelkaufmann.ch\/Blog\/2010\/10\/17\/demenagement-2-0-comment-exporter-vos-donnees-dans-les-reseaux-medias-sociaux\/","url_meta":{"origin":4908,"position":2},"title":"D\u00e9m\u00e9nagement 2.0: comment exporter vos donn\u00e9es dans les r\u00e9seaux-m\u00e9dias sociaux","author":"Lyonel Kaufmann","date":"17 octobre 2010","format":"aside","excerpt":"via N'ayez pas peur !! Le blog sur les nouvelles formes de communicationD\u00e9m\u00e9nagement 2.0: comment exporter vos donn\u00e9es dans les r\u00e9seaux-m\u00e9dias sociaux un texte original de N'ayez pas peur !! ... Read More >>","rel":"","context":"Dans &quot;L'Expresso&quot;","block_context":{"text":"L'Expresso","link":"https:\/\/lyonelkaufmann.ch\/Blog\/category\/breves\/"},"img":{"alt_text":"","src":"https:\/\/i0.wp.com\/lyonelkaufmann.ch\/Blog\/wp-content\/uploads\/2015\/03\/blogcafe1.jpg?fit=1024%2C683&ssl=1&resize=350%2C200","width":350,"height":200,"srcset":"https:\/\/i0.wp.com\/lyonelkaufmann.ch\/Blog\/wp-content\/uploads\/2015\/03\/blogcafe1.jpg?fit=1024%2C683&ssl=1&resize=350%2C200 1x, https:\/\/i0.wp.com\/lyonelkaufmann.ch\/Blog\/wp-content\/uploads\/2015\/03\/blogcafe1.jpg?fit=1024%2C683&ssl=1&resize=525%2C300 1.5x, https:\/\/i0.wp.com\/lyonelkaufmann.ch\/Blog\/wp-content\/uploads\/2015\/03\/blogcafe1.jpg?fit=1024%2C683&ssl=1&resize=700%2C400 2x"},"classes":[]},{"id":20529,"url":"https:\/\/lyonelkaufmann.ch\/Blog\/2019\/11\/30\/les-amities-des-adolescents-sont-elles-hackees-par-les-reseaux-sociaux\/","url_meta":{"origin":4908,"position":3},"title":"Les amiti\u00e9s des adolescents sont-elles \u00ab\u00a0hack\u00e9es\u00a0\u00bb par les\u00a0r\u00e9seaux sociaux\u00a0?","author":"Lyonel Kaufmann","date":"30 novembre 2019","format":false,"excerpt":"Cr\u00e9ateur du bouton like de Facebook, dont il a reconnu le fonctionnement addictif, Justin Rosenstein compare m\u00eame Snapchat \u00e0 une drogue, l\u2019h\u00e9ro\u00efne. Face \u00e0 ces machines de guerre \u00e9conomique, comment les adolescents r\u00e9ussissent-ils \u00e0 pr\u00e9server l\u2019authenticit\u00e9 de leurs relations amicales\u00a0? Comment parviennent-ils \u00e0 prot\u00e9ger leur vie prive\u0301e et la civilit\u00e9\u2026","rel":"","context":"Dans &quot;Blogcaf\u00e9&quot;","block_context":{"text":"Blogcaf\u00e9","link":"https:\/\/lyonelkaufmann.ch\/Blog\/category\/blogcafe-2\/"},"img":{"alt_text":"","src":"","width":0,"height":0},"classes":[]},{"id":4831,"url":"https:\/\/lyonelkaufmann.ch\/Blog\/2012\/01\/09\/comment-luther-est-devenu-viral-internetactu-net\/","url_meta":{"origin":4908,"position":4},"title":"Comment Luther est devenu viral | InternetActu.net","author":"Lyonel Kaufmann","date":"9 janvier 2012","format":false,"excerpt":"La lecture de la semaine d'InternetActu.net\u00a0est un article de l\u2019hebdomadaire britannique The Economist, intitul\u00e9 \u201cComment Luther est devenu viral\u201d. Ou comment Luther rejoint dans l'espace et le temps le printemps arabe. Et nous avec. Illustration de Matin Luther via\u00a0Wikimedia Commons [Domaine Public] En effet, pour le journal britannique ce qui\u2026","rel":"","context":"Dans &quot;histoire&quot;","block_context":{"text":"histoire","link":"https:\/\/lyonelkaufmann.ch\/Blog\/category\/histoire-2\/"},"img":{"alt_text":"","src":"https:\/\/i0.wp.com\/lyonelkaufmann.ch\/Blog\/wp-content\/uploads\/2015\/03\/v3_kp_Luther_media_reseaux_sociaux_wikimedia_portrait_domaine_public1.jpg?fit=600%2C403&ssl=1&resize=350%2C200","width":350,"height":200,"srcset":"https:\/\/i0.wp.com\/lyonelkaufmann.ch\/Blog\/wp-content\/uploads\/2015\/03\/v3_kp_Luther_media_reseaux_sociaux_wikimedia_portrait_domaine_public1.jpg?fit=600%2C403&ssl=1&resize=350%2C200 1x, https:\/\/i0.wp.com\/lyonelkaufmann.ch\/Blog\/wp-content\/uploads\/2015\/03\/v3_kp_Luther_media_reseaux_sociaux_wikimedia_portrait_domaine_public1.jpg?fit=600%2C403&ssl=1&resize=525%2C300 1.5x"},"classes":[]},{"id":5283,"url":"https:\/\/lyonelkaufmann.ch\/Blog\/2012\/01\/09\/comment-luther-est-devenu-viral-internetactu-net-2\/","url_meta":{"origin":4908,"position":5},"title":"Comment Luther est devenu viral | InternetActu.net","author":"Lyonel Kaufmann","date":"9 janvier 2012","format":false,"excerpt":"La lecture de la semaine d'InternetActu.net\u00a0est un article de l\u2019hebdomadaire britannique The Economist, intitul\u00e9 \u201cComment Luther est devenu viral\u201d. Ou comment Luther rejoint dans l'espace et le temps le printemps arabe. Et nous avec. Illustration de Matin Luther via\u00a0Wikimedia Commons [Domaine Public] En effet, pour le journal britannique ce qui\u2026","rel":"","context":"Dans &quot;Blogcaf\u00e9&quot;","block_context":{"text":"Blogcaf\u00e9","link":"https:\/\/lyonelkaufmann.ch\/Blog\/category\/blogcafe-2\/"},"img":{"alt_text":"","src":"https:\/\/i0.wp.com\/lyonelkaufmann.ch\/Blog\/wp-content\/uploads\/2015\/03\/v3_kp_Luther_media_reseaux_sociaux_wikimedia_portrait_domaine_public.jpg?fit=600%2C403&ssl=1&resize=350%2C200","width":350,"height":200,"srcset":"https:\/\/i0.wp.com\/lyonelkaufmann.ch\/Blog\/wp-content\/uploads\/2015\/03\/v3_kp_Luther_media_reseaux_sociaux_wikimedia_portrait_domaine_public.jpg?fit=600%2C403&ssl=1&resize=350%2C200 1x, https:\/\/i0.wp.com\/lyonelkaufmann.ch\/Blog\/wp-content\/uploads\/2015\/03\/v3_kp_Luther_media_reseaux_sociaux_wikimedia_portrait_domaine_public.jpg?fit=600%2C403&ssl=1&resize=525%2C300 1.5x"},"classes":[]}],"jetpack_likes_enabled":true,"_links":{"self":[{"href":"https:\/\/lyonelkaufmann.ch\/Blog\/wp-json\/wp\/v2\/posts\/4908","targetHints":{"allow":["GET"]}}],"collection":[{"href":"https:\/\/lyonelkaufmann.ch\/Blog\/wp-json\/wp\/v2\/posts"}],"about":[{"href":"https:\/\/lyonelkaufmann.ch\/Blog\/wp-json\/wp\/v2\/types\/post"}],"author":[{"embeddable":true,"href":"https:\/\/lyonelkaufmann.ch\/Blog\/wp-json\/wp\/v2\/users\/1"}],"replies":[{"embeddable":true,"href":"https:\/\/lyonelkaufmann.ch\/Blog\/wp-json\/wp\/v2\/comments?post=4908"}],"version-history":[{"count":0,"href":"https:\/\/lyonelkaufmann.ch\/Blog\/wp-json\/wp\/v2\/posts\/4908\/revisions"}],"wp:featuredmedia":[{"embeddable":true,"href":"https:\/\/lyonelkaufmann.ch\/Blog\/wp-json\/wp\/v2\/media\/14680"}],"wp:attachment":[{"href":"https:\/\/lyonelkaufmann.ch\/Blog\/wp-json\/wp\/v2\/media?parent=4908"}],"wp:term":[{"taxonomy":"category","embeddable":true,"href":"https:\/\/lyonelkaufmann.ch\/Blog\/wp-json\/wp\/v2\/categories?post=4908"},{"taxonomy":"post_tag","embeddable":true,"href":"https:\/\/lyonelkaufmann.ch\/Blog\/wp-json\/wp\/v2\/tags?post=4908"}],"curies":[{"name":"wp","href":"https:\/\/api.w.org\/{rel}","templated":true}]}}