{"id":4913,"date":"2012-01-21T09:41:43","date_gmt":"2012-01-21T09:41:43","guid":{"rendered":"http:\/\/lyonelkaufmann.ch\/histoire\/?p=4913"},"modified":"2012-01-21T09:41:43","modified_gmt":"2012-01-21T09:41:43","slug":"albums-dauschwitz-un-documentaire-en-avant-premiere-telerama","status":"publish","type":"post","link":"https:\/\/lyonelkaufmann.ch\/Blog\/2012\/01\/21\/albums-dauschwitz-un-documentaire-en-avant-premiere-telerama\/","title":{"rendered":"\u201cAlbum(s) d&rsquo;Auschwitz\u201d, un documentaire en avant-premi\u00e8re | T\u00e9l\u00e9rama"},"content":{"rendered":"<p>Trois cents photos prises par des SS t\u00e9moignent de la banalit\u00e9 du mal \u00e0 Auschwitz, en 1944. Le documentaire de William Karel et Blanche Finger est propos\u00e9 en avant-premi\u00e8re du samedi 21 janvier \u00e0 19h00 au dimanche 22 janvier 23 h00 sur T\u00e9l\u00e9rama.fr. Il sera ensuite diffus\u00e9 mardi 24 janvier sur France 2.<\/p>\n<p style=\"text-align:center;\"><a href=\"http:\/\/television.telerama.fr\/television\/album-s-d-auschwitz-un-documentaire-en-avant-premiere-sur-telerama-fr,77076.php\"><img data-recalc-dims=\"1\" src=\"https:\/\/i0.wp.com\/lyonelkaufmann.ch\/histoire\/wp-content\/uploads\/2012\/01\/album-s-d-auschwitz-un-documentaire-en-avant-premiere-sur-telerama-frM67514.jpg\" alt='' \/><\/a><\/p>\n<p>via<a href=\"http:\/\/television.telerama.fr\/television\/album-s-d-auschwitz-un-documentaire-en-avant-premiere-sur-telerama-fr,77076.php\">\u201cAlbum(s) d&rsquo;Auschwitz\u201d, un documentaire en avant-premi\u00e8re sur T\u00e9l\u00e9rama.fr &#8211; T\u00e9l\u00e9vision &#8211; T\u00e9l\u00e9rama.fr<\/a>.<\/p>\n","protected":false},"excerpt":{"rendered":"<p>Trois cents photos prises par des SS t\u00e9moignent de la banalit\u00e9 du mal \u00e0 Auschwitz, en 1944. Le documentaire de William Karel et Blanche Finger est propos\u00e9 en avant-premi\u00e8re du samedi 21 janvier \u00e0 19h00 au dimanche 22 janvier 23 h00 sur T\u00e9l\u00e9rama.fr. Il sera ensuite diffus\u00e9 mardi 24 janvier sur France 2. via\u201cAlbum(s) d&rsquo;Auschwitz\u201d, [&hellip;]<\/p>\n","protected":false},"author":1,"featured_media":14043,"comment_status":"open","ping_status":"open","sticky":false,"template":"","format":"standard","meta":{"_import_markdown_pro_load_document_selector":0,"_import_markdown_pro_submit_text_textarea":"","_genesis_hide_title":false,"_genesis_hide_breadcrumbs":false,"_genesis_hide_singular_image":false,"_genesis_hide_footer_widgets":false,"_genesis_custom_body_class":"","_genesis_custom_post_class":"","_genesis_layout":"","jetpack_post_was_ever_published":false,"_jetpack_newsletter_access":"","_jetpack_dont_email_post_to_subs":false,"_jetpack_newsletter_tier_id":0,"_jetpack_memberships_contains_paywalled_content":false,"_jetpack_memberships_contains_paid_content":false,"activitypub_content_warning":"","activitypub_content_visibility":"","activitypub_max_image_attachments":3,"activitypub_interaction_policy_quote":"anyone","activitypub_status":"","footnotes":"","jetpack_publicize_message":"","jetpack_publicize_feature_enabled":true,"jetpack_social_post_already_shared":true,"jetpack_social_options":{"image_generator_settings":{"template":"fullscreen","default_image_id":0,"font":"","enabled":false},"version":2}},"categories":[2],"tags":[],"class_list":{"0":"post-4913","1":"post","2":"type-post","3":"status-publish","4":"format-standard","5":"has-post-thumbnail","7":"category-histoire-2","8":"entry"},"jetpack_publicize_connections":[],"featured_image_src":"https:\/\/i0.wp.com\/lyonelkaufmann.ch\/Blog\/wp-content\/uploads\/2015\/03\/album-s-d-auschwitz-un-documentaire-en-avant-premiere-sur-telerama-frM67514.jpg?resize=455%2C300&ssl=1","featured_image_src_square":"https:\/\/i0.wp.com\/lyonelkaufmann.ch\/Blog\/wp-content\/uploads\/2015\/03\/album-s-d-auschwitz-un-documentaire-en-avant-premiere-sur-telerama-frM67514.jpg?resize=455%2C300&ssl=1","author_info":{"display_name":"Lyonel Kaufmann","author_link":"https:\/\/lyonelkaufmann.ch\/Blog\/author\/lyonelk\/"},"jetpack_featured_media_url":"https:\/\/i0.wp.com\/lyonelkaufmann.ch\/Blog\/wp-content\/uploads\/2015\/03\/album-s-d-auschwitz-un-documentaire-en-avant-premiere-sur-telerama-frM67514.jpg?fit=455%2C300&ssl=1","jetpack_sharing_enabled":true,"jetpack_shortlink":"https:\/\/wp.me\/p1qtF4-1hf","jetpack-related-posts":[{"id":5075,"url":"https:\/\/lyonelkaufmann.ch\/Blog\/2005\/01\/24\/commmorations-auschwitz\/","url_meta":{"origin":4913,"position":0},"title":"Comm\u00e9morations Auschwitz","author":"Lyonel Kaufmann","date":"24 janvier 2005","format":false,"excerpt":"Cette semaine une place tr\u00e8s importante est faite aux comm\u00e9morations de la lib\u00e9ration il y a 60 ans du Camp d'Auschwitz. Toutes les t\u00e9l\u00e9visions offrent l'un ou l'autre des principaux films, t\u00e9l\u00e9films ou documentaires traitant de l'horreur absolue qu'on repr\u00e9sent\u00e9 les camps d'extermination et Auschwitz plus particuli\u00e8rement, symbole de l'horreur\u2026","rel":"","context":"Dans &quot;histoire&quot;","block_context":{"text":"histoire","link":"https:\/\/lyonelkaufmann.ch\/Blog\/category\/histoire-2\/"},"img":{"alt_text":"","src":"https:\/\/i0.wp.com\/lyonelkaufmann.ch\/Blog\/wp-content\/uploads\/2015\/03\/blogcafe1.jpg?fit=1024%2C683&ssl=1&resize=350%2C200","width":350,"height":200,"srcset":"https:\/\/i0.wp.com\/lyonelkaufmann.ch\/Blog\/wp-content\/uploads\/2015\/03\/blogcafe1.jpg?fit=1024%2C683&ssl=1&resize=350%2C200 1x, https:\/\/i0.wp.com\/lyonelkaufmann.ch\/Blog\/wp-content\/uploads\/2015\/03\/blogcafe1.jpg?fit=1024%2C683&ssl=1&resize=525%2C300 1.5x, https:\/\/i0.wp.com\/lyonelkaufmann.ch\/Blog\/wp-content\/uploads\/2015\/03\/blogcafe1.jpg?fit=1024%2C683&ssl=1&resize=700%2C400 2x"},"classes":[]},{"id":11783,"url":"https:\/\/lyonelkaufmann.ch\/Blog\/2014\/07\/06\/la-photographe-vivian-maier-entre-mystere-et-surexposition-telerama-fr\/","url_meta":{"origin":4913,"position":1},"title":"La photographe Vivian Maier, entre myst\u00e8re et surexposition | T\u00e9l\u00e9rama.fr","author":"Lyonel Kaufmann","date":"6 juillet 2014","format":false,"excerpt":"Autoportrait, sans date - \u00a9 Vivian Maier\/Collection John Maloof Courtesy Howard Greenberg Gallery, New York Les Douches La Galerie, Paris N\u00e9e \u00e0 New York en 1926, Vivian Maier mourut \u00e0 Chicago en 2009, dans l\u2019anonymat. Avant de ressortir de l\u2019oubli, quand ce qui avait \u00e9t\u00e9 sa double vie \u00e9clata au\u2026","rel":"","context":"Dans &quot;Blogcaf\u00e9&quot;","block_context":{"text":"Blogcaf\u00e9","link":"https:\/\/lyonelkaufmann.ch\/Blog\/category\/blogcafe-2\/"},"img":{"alt_text":"","src":"https:\/\/i0.wp.com\/lyonelkaufmann.ch\/Blog\/wp-content\/uploads\/2015\/02\/wpid-recherche-vivian-desesperementm158426-2014-07-6-16-27.jpg?fit=455%2C455&ssl=1&resize=350%2C200","width":350,"height":200},"classes":[]},{"id":7908,"url":"https:\/\/lyonelkaufmann.ch\/Blog\/2014\/01\/27\/revue-de-presse-des-malles-retracent-la-vie-dune-famille-disparue-a-auschwitz\/","url_meta":{"origin":4913,"position":2},"title":"Revue de Presse : Des malles retracent la vie d&rsquo;une famille disparue \u00e0 Auschwitz","author":"Lyonel Kaufmann","date":"27 janvier 2014","format":false,"excerpt":"Entrepos\u00e9es depuis 1945 dans les combles de la mairie du village d'Auvillar, une quinzaine de valises n'avaient jamais \u00e9t\u00e9 r\u00e9clam\u00e9es. Elles appartenaient \u00e0 une famille juive qui a p\u00e9ri \u00e0 Auschwitz. Un t\u00e9moignage posthume poignant et un travail de reconstitution remarquable. ((Par contre certains commentaires post\u00e9s \u00e0 la suite de\u2026","rel":"","context":"Dans &quot;histoire&quot;","block_context":{"text":"histoire","link":"https:\/\/lyonelkaufmann.ch\/Blog\/category\/histoire-2\/"},"img":{"alt_text":"wpid-6875919-des-malles-retracent-la-vie-d-une-famille-disparue-a-auschwitz-2014-01-27-23-58.jpg","src":"https:\/\/i0.wp.com\/lyonelkaufmann.ch\/histoire\/wp-content\/uploads\/2014\/01\/wpid-6875919-des-malles-retracent-la-vie-d-une-famille-disparue-a-auschwitz-2014-01-27-23-58.jpg?resize=350%2C200","width":350,"height":200,"srcset":"https:\/\/i0.wp.com\/lyonelkaufmann.ch\/histoire\/wp-content\/uploads\/2014\/01\/wpid-6875919-des-malles-retracent-la-vie-d-une-famille-disparue-a-auschwitz-2014-01-27-23-58.jpg?resize=350%2C200 1x, https:\/\/i0.wp.com\/lyonelkaufmann.ch\/histoire\/wp-content\/uploads\/2014\/01\/wpid-6875919-des-malles-retracent-la-vie-d-une-famille-disparue-a-auschwitz-2014-01-27-23-58.jpg?resize=525%2C300 1.5x, https:\/\/i0.wp.com\/lyonelkaufmann.ch\/histoire\/wp-content\/uploads\/2014\/01\/wpid-6875919-des-malles-retracent-la-vie-d-une-famille-disparue-a-auschwitz-2014-01-27-23-58.jpg?resize=700%2C400 2x"},"classes":[]},{"id":6043,"url":"https:\/\/lyonelkaufmann.ch\/Blog\/2012\/08\/26\/auschwitz-symbole-de-lholocauste-tourisme-marianne\/","url_meta":{"origin":4913,"position":3},"title":"Auschwitz, symbole de \u00abl\u2019holocauste-tourisme\u00bb | Marianne","author":"Lyonel Kaufmann","date":"26 ao\u00fbt 2012","format":false,"excerpt":"Le camp d'Auschwitz, en Pologne, serait-il devenu le parfait contre-exemple du travail de m\u00e9moire ? C'est ce que soutient Gilbert Casasus, professeur en \u00e9tudes europ\u00e9ennes, qui met en cause un syst\u00e8me de visites guid\u00e9es o\u00f9 superficiel et compassion dominent, au d\u00e9triment de l'histoire et de l'information. Apr\u00e8s plus de deux\u2026","rel":"","context":"Dans &quot;histoire&quot;","block_context":{"text":"histoire","link":"https:\/\/lyonelkaufmann.ch\/Blog\/category\/histoire-2\/"},"img":{"alt_text":"","src":"https:\/\/i0.wp.com\/lyonelkaufmann.ch\/Blog\/wp-content\/uploads\/2015\/03\/Bundesarchiv_Bild_175-04413_KZ_Auschwitz_Einfahrt.jpg?fit=800%2C504&ssl=1&resize=350%2C200","width":350,"height":200,"srcset":"https:\/\/i0.wp.com\/lyonelkaufmann.ch\/Blog\/wp-content\/uploads\/2015\/03\/Bundesarchiv_Bild_175-04413_KZ_Auschwitz_Einfahrt.jpg?fit=800%2C504&ssl=1&resize=350%2C200 1x, https:\/\/i0.wp.com\/lyonelkaufmann.ch\/Blog\/wp-content\/uploads\/2015\/03\/Bundesarchiv_Bild_175-04413_KZ_Auschwitz_Einfahrt.jpg?fit=800%2C504&ssl=1&resize=525%2C300 1.5x, https:\/\/i0.wp.com\/lyonelkaufmann.ch\/Blog\/wp-content\/uploads\/2015\/03\/Bundesarchiv_Bild_175-04413_KZ_Auschwitz_Einfahrt.jpg?fit=800%2C504&ssl=1&resize=700%2C400 2x"},"classes":[]},{"id":7956,"url":"https:\/\/lyonelkaufmann.ch\/Blog\/2014\/04\/09\/revue-de-presse-le-temoignage-exceptionnel-du-seul-deporte-volontaire-a-auschwitz-liberation\/","url_meta":{"origin":4913,"position":4},"title":"Revue de Presse : Le t\u00e9moignage exceptionnel du seul d\u00e9port\u00e9 volontaire \u00e0 Auschwitz | Lib\u00e9ration","author":"Lyonel Kaufmann","date":"9 avril 2014","format":false,"excerpt":"Witold Pilecki t\u00e9moigne \u00e0 Varsovie le 3 mars 1948 (Photo PAP. AFP) Varsovie. 19 septembre 1940. Un officier de r\u00e9serve polonais, Witold Pilecki, se fait volontairement rafler par les Allemands et interner \u00e0 Auschwitz pour y tisser un r\u00e9seau de r\u00e9sistance: \u00abLe Rapport Pilecki\u00bb, \u00e0 para\u00eetre en avril, livre le\u2026","rel":"","context":"Dans &quot;histoire&quot;","block_context":{"text":"histoire","link":"https:\/\/lyonelkaufmann.ch\/Blog\/category\/histoire-2\/"},"img":{"alt_text":"","src":"https:\/\/i0.wp.com\/lyonelkaufmann.ch\/Blog\/wp-content\/uploads\/2015\/03\/1gdDQis.jpg?fit=768%2C494&ssl=1&resize=350%2C200","width":350,"height":200,"srcset":"https:\/\/i0.wp.com\/lyonelkaufmann.ch\/Blog\/wp-content\/uploads\/2015\/03\/1gdDQis.jpg?fit=768%2C494&ssl=1&resize=350%2C200 1x, https:\/\/i0.wp.com\/lyonelkaufmann.ch\/Blog\/wp-content\/uploads\/2015\/03\/1gdDQis.jpg?fit=768%2C494&ssl=1&resize=525%2C300 1.5x, https:\/\/i0.wp.com\/lyonelkaufmann.ch\/Blog\/wp-content\/uploads\/2015\/03\/1gdDQis.jpg?fit=768%2C494&ssl=1&resize=700%2C400 2x"},"classes":[]},{"id":8884,"url":"https:\/\/lyonelkaufmann.ch\/Blog\/2015\/02\/18\/revue-de-presse-auschwitz-aggiormento\/","url_meta":{"origin":4913,"position":5},"title":"Revue de Presse : Auschwitz | Aggiormento","author":"Lyonel Kaufmann","date":"18 f\u00e9vrier 2015","format":false,"excerpt":"Tal Bruttmann, Auschwitz, Paris, La D\u00e9couverte, Rep\u00e8res, 2015, 128 p., 10\u20ac. A partir de l\u2019ouvrage de Tal Bruttmann, Samuel Kuhn pr\u00e9sente la particularit\u00e9 des t\u00e9moignages des survivants de l\u2019univers concentrationnaire qui ne peuvent dire l\u2019indicible qu\u2019indirectement, soit le massacre de 6 millions de Juifs, majoritairement mort \u00e0 leur arriv\u00e9e et\u2026","rel":"","context":"Dans &quot;histoire&quot;","block_context":{"text":"histoire","link":"https:\/\/lyonelkaufmann.ch\/Blog\/category\/histoire-2\/"},"img":{"alt_text":"images","src":"https:\/\/i0.wp.com\/f.hypotheses.org\/wp-content\/blogs.dir\/357\/files\/2015\/02\/images.jpg?resize=350%2C200","width":350,"height":200},"classes":[]}],"jetpack_likes_enabled":true,"_links":{"self":[{"href":"https:\/\/lyonelkaufmann.ch\/Blog\/wp-json\/wp\/v2\/posts\/4913","targetHints":{"allow":["GET"]}}],"collection":[{"href":"https:\/\/lyonelkaufmann.ch\/Blog\/wp-json\/wp\/v2\/posts"}],"about":[{"href":"https:\/\/lyonelkaufmann.ch\/Blog\/wp-json\/wp\/v2\/types\/post"}],"author":[{"embeddable":true,"href":"https:\/\/lyonelkaufmann.ch\/Blog\/wp-json\/wp\/v2\/users\/1"}],"replies":[{"embeddable":true,"href":"https:\/\/lyonelkaufmann.ch\/Blog\/wp-json\/wp\/v2\/comments?post=4913"}],"version-history":[{"count":0,"href":"https:\/\/lyonelkaufmann.ch\/Blog\/wp-json\/wp\/v2\/posts\/4913\/revisions"}],"wp:featuredmedia":[{"embeddable":true,"href":"https:\/\/lyonelkaufmann.ch\/Blog\/wp-json\/wp\/v2\/media\/14043"}],"wp:attachment":[{"href":"https:\/\/lyonelkaufmann.ch\/Blog\/wp-json\/wp\/v2\/media?parent=4913"}],"wp:term":[{"taxonomy":"category","embeddable":true,"href":"https:\/\/lyonelkaufmann.ch\/Blog\/wp-json\/wp\/v2\/categories?post=4913"},{"taxonomy":"post_tag","embeddable":true,"href":"https:\/\/lyonelkaufmann.ch\/Blog\/wp-json\/wp\/v2\/tags?post=4913"}],"curies":[{"name":"wp","href":"https:\/\/api.w.org\/{rel}","templated":true}]}}