{"id":4922,"date":"2012-01-22T13:00:18","date_gmt":"2012-01-22T13:00:18","guid":{"rendered":"http:\/\/lyonelkaufmann.ch\/histoire\/?p=4922"},"modified":"2012-01-22T13:00:18","modified_gmt":"2012-01-22T13:00:18","slug":"et-si-apple-etait-devenu-editeur-jeux-de-mots-et-dimages","status":"publish","type":"post","link":"https:\/\/lyonelkaufmann.ch\/Blog\/2012\/01\/22\/et-si-apple-etait-devenu-editeur-jeux-de-mots-et-dimages\/","title":{"rendered":"Et si Apple \u00e9tait devenu \u00e9diteur? |\u00a0Jeux de mots et d&rsquo;images"},"content":{"rendered":"<span class=\"embed-youtube\" style=\"text-align:center; display: block;\"><iframe loading=\"lazy\" class=\"youtube-player\" width=\"640\" height=\"360\" src=\"https:\/\/www.youtube.com\/embed\/1qo3nYQu6FM?version=3&#038;rel=0&#038;showsearch=0&#038;showinfo=1&#038;iv_load_policy=1&#038;fs=1&#038;hl=fr-FR&#038;autohide=2&#038;wmode=transparent\" allowfullscreen=\"true\" style=\"border:0;\" sandbox=\"allow-scripts allow-same-origin allow-popups allow-presentation allow-popups-to-escape-sandbox\"><\/iframe><\/span>\n<p><strong>Voil\u00e0 un excellent article bas\u00e9 sur les annonces faites cette semaine par Apple concernant le monde de l&rsquo;\u00e9ducation, l&rsquo;iPad et les manuels num\u00e9riques.<\/strong><\/p>\n<blockquote><p>\u00abpour le moment, le mod\u00e8le propos\u00e9 par Apple n\u2019est pas tellement diff\u00e9rent de celui des \u00e9diteurs scolaires traditionnels. Un peu plus multim\u00e9dia, mais pas beaucoup plus ouvert aux dynamiques sociales et \u00e0 la co-construction. Pas moins ax\u00e9 sur l\u2019enseignement et pas beaucoup plus sur l\u2019apprentissage. En cela, la d\u00e9marche d\u2019Apple est tr\u00e8s innovatrice, mais pas particuli\u00e8rement r\u00e9volutionnaire.\u00bb<\/p><\/blockquote>\n<p>J&rsquo;ajouterai que les outils de cr\u00e9ation propos\u00e9s aux enseignants sont int\u00e9ressants, mais que la r\u00e9ussite ou non du mod\u00e8le mis en place par Apple r\u00e9sidera dans sa capacit\u00e9 \u00e0 s\u00e9duire les \u00e9diteurs scolaires et celle \u00e0 amener les \u00e9coles et les enseignants \u00e0 acheter ses manuels\u2026 et donc des iPad. En effet, je crois assez peu au mod\u00e8le qui verrait les enseignants massivement s&#8217;emparer de l&rsquo;outil pour contourner le march\u00e9 des \u00e9diteurs de manuels num\u00e9riques.<\/p>\n<p>Si cela \u00e9tait, l\u00e0 se situerait la v\u00e9ritable r\u00e9volution du syst\u00e8me scolaire. \u00a0Le statut de l&rsquo;enseignant \u00e9voluerait notamment en direction d&rsquo;une profession lib\u00e9rale. ((La profession lib\u00e9rale d\u00e9signe toute profession exerc\u00e9e sur la base de qualifications appropri\u00e9es, \u00e0 titre personnel, sous sa propre responsabilit\u00e9 et de fa\u00e7on professionnellement ind\u00e9pendante, en offrant des services intellectuels et conceptuel dans l&rsquo;int\u00e9r\u00eat du client et du public.))<\/p>\n<p>via\u00a0<a href=\"http:\/\/remolino.qc.ca\/2012\/01\/20\/et-si-apple-etait-devenu-editeur\/\">Et si Apple \u00e9tait devenu \u00e9diteur? \u00ab Jeux de mots et d&rsquo;images<\/a>.<\/p>\n","protected":false},"excerpt":{"rendered":"<p>Voil\u00e0 un excellent article bas\u00e9 sur les annonces faites cette semaine par Apple concernant le monde de l&rsquo;\u00e9ducation, l&rsquo;iPad et les manuels num\u00e9riques. \u00abpour le moment, le mod\u00e8le propos\u00e9 par Apple n\u2019est pas tellement diff\u00e9rent de celui des \u00e9diteurs scolaires traditionnels. Un peu plus multim\u00e9dia, mais pas beaucoup plus ouvert aux dynamiques sociales et \u00e0 [&hellip;]<\/p>\n","protected":false},"author":1,"featured_media":14044,"comment_status":"open","ping_status":"open","sticky":false,"template":"","format":"standard","meta":{"_import_markdown_pro_load_document_selector":0,"_import_markdown_pro_submit_text_textarea":"","_genesis_hide_title":false,"_genesis_hide_breadcrumbs":false,"_genesis_hide_singular_image":false,"_genesis_hide_footer_widgets":false,"_genesis_custom_body_class":"","_genesis_custom_post_class":"","_genesis_layout":"","jetpack_post_was_ever_published":false,"_jetpack_newsletter_access":"","_jetpack_dont_email_post_to_subs":false,"_jetpack_newsletter_tier_id":0,"_jetpack_memberships_contains_paywalled_content":false,"_jetpack_memberships_contains_paid_content":false,"activitypub_content_warning":"","activitypub_content_visibility":"","activitypub_max_image_attachments":3,"activitypub_interaction_policy_quote":"anyone","activitypub_status":"","footnotes":"","jetpack_publicize_message":"","jetpack_publicize_feature_enabled":true,"jetpack_social_post_already_shared":true,"jetpack_social_options":{"image_generator_settings":{"template":"fullscreen","default_image_id":0,"font":"","enabled":false},"version":2}},"categories":[2],"tags":[],"class_list":{"0":"post-4922","1":"post","2":"type-post","3":"status-publish","4":"format-standard","5":"has-post-thumbnail","7":"category-histoire-2","8":"entry"},"jetpack_publicize_connections":[],"featured_image_src":"https:\/\/i0.wp.com\/lyonelkaufmann.ch\/Blog\/wp-content\/uploads\/2015\/03\/0115.jpg?resize=480%2C360&ssl=1","featured_image_src_square":"https:\/\/i0.wp.com\/lyonelkaufmann.ch\/Blog\/wp-content\/uploads\/2015\/03\/0115.jpg?resize=480%2C360&ssl=1","author_info":{"display_name":"Lyonel Kaufmann","author_link":"https:\/\/lyonelkaufmann.ch\/Blog\/author\/lyonelk\/"},"jetpack_featured_media_url":"https:\/\/i0.wp.com\/lyonelkaufmann.ch\/Blog\/wp-content\/uploads\/2015\/03\/0115.jpg?fit=480%2C360&ssl=1","jetpack_sharing_enabled":true,"jetpack_shortlink":"https:\/\/wp.me\/p1qtF4-1ho","jetpack-related-posts":[{"id":5271,"url":"https:\/\/lyonelkaufmann.ch\/Blog\/2012\/04\/11\/revue-de-presse-lincidence-dapple-sur-les-manuels-scolaires-numeriques-actualitte\/","url_meta":{"origin":4922,"position":0},"title":"Revue de presse : L&rsquo;incidence d&rsquo;Apple sur les manuels scolaires num\u00e9riques | ActuaLitt\u00e9","author":"Lyonel Kaufmann","date":"11 avril 2012","format":false,"excerpt":"Le lancement cette ann\u00e9e de l'iPad 3, et quelques semaines plus t\u00f4t, de la version 2 de l'application iBooks a marqu\u00e9 la volont\u00e9 d'Apple de prendre part \u00e0 l'environnement scolaire. WorldWideLearn, une soci\u00e9t\u00e9 sp\u00e9cialis\u00e9e dans les nouvelles technologies de l'\u00e9ducation, vient de proposer un aper\u00e7u infographique de ce qu'Apple a\u2026","rel":"","context":"Dans &quot;histoire&quot;","block_context":{"text":"histoire","link":"https:\/\/lyonelkaufmann.ch\/Blog\/category\/histoire-2\/"},"img":{"alt_text":"","src":"https:\/\/i0.wp.com\/lyonelkaufmann.ch\/Blog\/wp-content\/uploads\/2015\/03\/blogcafe1.jpg?fit=1024%2C683&ssl=1&resize=350%2C200","width":350,"height":200,"srcset":"https:\/\/i0.wp.com\/lyonelkaufmann.ch\/Blog\/wp-content\/uploads\/2015\/03\/blogcafe1.jpg?fit=1024%2C683&ssl=1&resize=350%2C200 1x, https:\/\/i0.wp.com\/lyonelkaufmann.ch\/Blog\/wp-content\/uploads\/2015\/03\/blogcafe1.jpg?fit=1024%2C683&ssl=1&resize=525%2C300 1.5x, https:\/\/i0.wp.com\/lyonelkaufmann.ch\/Blog\/wp-content\/uploads\/2015\/03\/blogcafe1.jpg?fit=1024%2C683&ssl=1&resize=700%2C400 2x"},"classes":[]},{"id":12649,"url":"https:\/\/lyonelkaufmann.ch\/Blog\/2010\/01\/28\/ipad-le-chainon-manquant\/","url_meta":{"origin":4922,"position":1},"title":"iPad le cha\u00eenon manquant?","author":"Lyonel Kaufmann","date":"28 janvier 2010","format":"aside","excerpt":"La pr\u00e9sentation du iPad d'Apple est sans nul doute l'actu du jour et de ses prochains jours. On ne manquera pas de disserter sur le produit et ses potentialit\u00e9s. Premi\u00e8res impressions et revue de presse. Personnellement, hier soir, je n'\u00e9tais pas riv\u00e9 \u00e0 mon \u00e9cran et aux informations distill\u00e9s live\u2026","rel":"","context":"Dans &quot;Blogcaf\u00e9&quot;","block_context":{"text":"Blogcaf\u00e9","link":"https:\/\/lyonelkaufmann.ch\/Blog\/category\/blogcafe-2\/"},"img":{"alt_text":"","src":"https:\/\/i0.wp.com\/lyonelkaufmann.ch\/Blog\/wp-content\/uploads\/2010\/01\/ipad_clavier_450-300x298.jpg?resize=350%2C200","width":350,"height":200},"classes":[]},{"id":354,"url":"https:\/\/lyonelkaufmann.ch\/Blog\/2006\/10\/11\/google-docs-ex-writely-et-apple\/","url_meta":{"origin":4922,"position":2},"title":"Google Docs (ex-Writely) et Apple","author":"Lyonel Kaufmann","date":"11 octobre 2006","format":false,"excerpt":"Diff\u00e9rents sites ont d\u00e9j\u00e0 signal\u00e9 la r\u00e9union de Writely et de Spreadsheets dans Google Docs. Sa mise en perspective par les commentateurs dans un affrontement r\u00e9el ou imaginaire avec la suite Office de Microsoft n'a \u00e9videmment pas manqu\u00e9. Pour ma part, en l'\u00e9tat actuel, ces deux outils correspondent \u00e0 des\u2026","rel":"","context":"Dans &quot;Blogcaf\u00e9&quot;","block_context":{"text":"Blogcaf\u00e9","link":"https:\/\/lyonelkaufmann.ch\/Blog\/category\/blogcafe-2\/"},"img":{"alt_text":"","src":"https:\/\/i0.wp.com\/lyonelkaufmann.ch\/Blog\/wp-content\/uploads\/2015\/03\/blogcafe1.jpg?fit=1024%2C683&ssl=1&resize=350%2C200","width":350,"height":200,"srcset":"https:\/\/i0.wp.com\/lyonelkaufmann.ch\/Blog\/wp-content\/uploads\/2015\/03\/blogcafe1.jpg?fit=1024%2C683&ssl=1&resize=350%2C200 1x, https:\/\/i0.wp.com\/lyonelkaufmann.ch\/Blog\/wp-content\/uploads\/2015\/03\/blogcafe1.jpg?fit=1024%2C683&ssl=1&resize=525%2C300 1.5x, https:\/\/i0.wp.com\/lyonelkaufmann.ch\/Blog\/wp-content\/uploads\/2015\/03\/blogcafe1.jpg?fit=1024%2C683&ssl=1&resize=700%2C400 2x"},"classes":[]},{"id":839,"url":"https:\/\/lyonelkaufmann.ch\/Blog\/2007\/12\/27\/addict-au-mac-et-apple\/","url_meta":{"origin":4922,"position":3},"title":"Addict au Mac et \u00e0 Apple?","author":"Lyonel Kaufmann","date":"27 d\u00e9cembre 2007","format":"aside","excerpt":"C'est toujours plus beau lorsque l'utilit\u00e9 du quizz\/sondage vous para\u00eet futile ! 74%How Addicted to Apple Are You?Find Ultrasound technician schools near you Et vous?","rel":"","context":"Dans &quot;Blogcaf\u00e9&quot;","block_context":{"text":"Blogcaf\u00e9","link":"https:\/\/lyonelkaufmann.ch\/Blog\/category\/blogcafe-2\/"},"img":{"alt_text":"","src":"https:\/\/i0.wp.com\/lyonelkaufmann.ch\/Blog\/wp-content\/uploads\/2015\/03\/blogcafe1.jpg?fit=1024%2C683&ssl=1&resize=350%2C200","width":350,"height":200,"srcset":"https:\/\/i0.wp.com\/lyonelkaufmann.ch\/Blog\/wp-content\/uploads\/2015\/03\/blogcafe1.jpg?fit=1024%2C683&ssl=1&resize=350%2C200 1x, https:\/\/i0.wp.com\/lyonelkaufmann.ch\/Blog\/wp-content\/uploads\/2015\/03\/blogcafe1.jpg?fit=1024%2C683&ssl=1&resize=525%2C300 1.5x, https:\/\/i0.wp.com\/lyonelkaufmann.ch\/Blog\/wp-content\/uploads\/2015\/03\/blogcafe1.jpg?fit=1024%2C683&ssl=1&resize=700%2C400 2x"},"classes":[]},{"id":21043,"url":"https:\/\/lyonelkaufmann.ch\/Blog\/2020\/01\/20\/quest-devenu-evernote\/","url_meta":{"origin":4922,"position":4},"title":"Qu\u2019est devenu Evernote ?","author":"Lyonel Kaufmann","date":"20 janvier 2020","format":false,"excerpt":"En 2014, je listais Evernote comme l'une de mes 10 applications phares utilis\u00e9es avec mon iPad. Depuis lors, les choses ont bien chang\u00e9e et Evernote est pass\u00e9 \u00e0 l'arri\u00e8re-plan de mes utilisations. Qu\u2019y a-t-il \u00e0 dire concernant Evernote en ce d\u00e9but 2020 ? Point de situation. Plusieurs raisons \u00e0 cela.\u2026","rel":"","context":"Dans &quot;Blogcaf\u00e9&quot;","block_context":{"text":"Blogcaf\u00e9","link":"https:\/\/lyonelkaufmann.ch\/Blog\/category\/blogcafe-2\/"},"img":{"alt_text":"","src":"https:\/\/i0.wp.com\/lyonelkaufmann.ch\/Blog\/wp-content\/uploads\/2020\/01\/67301726-CF4C-47E1-93D9-BA889212E048.jpeg?fit=474%2C474&ssl=1&resize=350%2C200","width":350,"height":200},"classes":[]},{"id":23552,"url":"https:\/\/lyonelkaufmann.ch\/Blog\/2023\/03\/12\/un-apple-airtag-pour-localiser-votre-moto-4h10\/","url_meta":{"origin":4922,"position":5},"title":"Un Apple AirTag pour localiser votre moto ? | 4h10","author":"Lyonel Kaufmann","date":"12 mars 2023","format":false,"excerpt":"Les AirTags sont-ils une bonne solution pour remplacer les traceur GPS moto ? C'est assur\u00e9ment une alternative \u00e0 ne pas n\u00e9gliger ! Le plus et les moins \u00e0 lire sur 4h10.com\/un-apple-airtag-pour-localiser-votre-moto\/","rel":"","context":"Dans &quot;Blogcaf\u00e9&quot;","block_context":{"text":"Blogcaf\u00e9","link":"https:\/\/lyonelkaufmann.ch\/Blog\/category\/blogcafe-2\/"},"img":{"alt_text":"","src":"https:\/\/i0.wp.com\/lyonelkaufmann.ch\/Blog\/wp-content\/uploads\/2023\/03\/img_5686.jpg?fit=1200%2C675&ssl=1&resize=350%2C200","width":350,"height":200,"srcset":"https:\/\/i0.wp.com\/lyonelkaufmann.ch\/Blog\/wp-content\/uploads\/2023\/03\/img_5686.jpg?fit=1200%2C675&ssl=1&resize=350%2C200 1x, https:\/\/i0.wp.com\/lyonelkaufmann.ch\/Blog\/wp-content\/uploads\/2023\/03\/img_5686.jpg?fit=1200%2C675&ssl=1&resize=525%2C300 1.5x, https:\/\/i0.wp.com\/lyonelkaufmann.ch\/Blog\/wp-content\/uploads\/2023\/03\/img_5686.jpg?fit=1200%2C675&ssl=1&resize=700%2C400 2x, https:\/\/i0.wp.com\/lyonelkaufmann.ch\/Blog\/wp-content\/uploads\/2023\/03\/img_5686.jpg?fit=1200%2C675&ssl=1&resize=1050%2C600 3x"},"classes":[]}],"jetpack_likes_enabled":true,"_links":{"self":[{"href":"https:\/\/lyonelkaufmann.ch\/Blog\/wp-json\/wp\/v2\/posts\/4922","targetHints":{"allow":["GET"]}}],"collection":[{"href":"https:\/\/lyonelkaufmann.ch\/Blog\/wp-json\/wp\/v2\/posts"}],"about":[{"href":"https:\/\/lyonelkaufmann.ch\/Blog\/wp-json\/wp\/v2\/types\/post"}],"author":[{"embeddable":true,"href":"https:\/\/lyonelkaufmann.ch\/Blog\/wp-json\/wp\/v2\/users\/1"}],"replies":[{"embeddable":true,"href":"https:\/\/lyonelkaufmann.ch\/Blog\/wp-json\/wp\/v2\/comments?post=4922"}],"version-history":[{"count":0,"href":"https:\/\/lyonelkaufmann.ch\/Blog\/wp-json\/wp\/v2\/posts\/4922\/revisions"}],"wp:featuredmedia":[{"embeddable":true,"href":"https:\/\/lyonelkaufmann.ch\/Blog\/wp-json\/wp\/v2\/media\/14044"}],"wp:attachment":[{"href":"https:\/\/lyonelkaufmann.ch\/Blog\/wp-json\/wp\/v2\/media?parent=4922"}],"wp:term":[{"taxonomy":"category","embeddable":true,"href":"https:\/\/lyonelkaufmann.ch\/Blog\/wp-json\/wp\/v2\/categories?post=4922"},{"taxonomy":"post_tag","embeddable":true,"href":"https:\/\/lyonelkaufmann.ch\/Blog\/wp-json\/wp\/v2\/tags?post=4922"}],"curies":[{"name":"wp","href":"https:\/\/api.w.org\/{rel}","templated":true}]}}