{"id":4975,"date":"2012-01-28T14:55:57","date_gmt":"2012-01-28T14:55:57","guid":{"rendered":"http:\/\/lyonelkaufmann.ch\/histoire\/?p=4975"},"modified":"2012-01-28T14:55:57","modified_gmt":"2012-01-28T14:55:57","slug":"faire-le-choix-deduquer-ce-nest-pas-uniquement-reprimer-veille-et-analyse-tice","status":"publish","type":"post","link":"https:\/\/lyonelkaufmann.ch\/Blog\/2012\/01\/28\/faire-le-choix-deduquer-ce-nest-pas-uniquement-reprimer-veille-et-analyse-tice\/","title":{"rendered":"Faire le choix d\u2019\u00e9duquer ce n\u2019est pas uniquement r\u00e9primer | Veille et Analyse TICE"},"content":{"rendered":"<blockquote><p>\u00abLe cyber harc\u00e8lement ouvre les yeux non pas sur la dangerosit\u00e9 des technologies mais sur le harc\u00e8lement ordinaire et sur son effectivit\u00e9.\u00bb<\/p><\/blockquote>\n<p>via\u00a0<a href=\"http:\/\/www.brunodevauchelle.com\/blog\/?p=987\">Faire le choix d\u2019\u00e9duquer ce n\u2019est pas uniquement r\u00e9primer \u00ab Veille et Analyse TICE<\/a>.<\/p>\n","protected":false},"excerpt":{"rendered":"<p>\u00abLe cyber harc\u00e8lement ouvre les yeux non pas sur la dangerosit\u00e9 des technologies mais sur le harc\u00e8lement ordinaire et sur son effectivit\u00e9.\u00bb via\u00a0Faire le choix d\u2019\u00e9duquer ce n\u2019est pas uniquement r\u00e9primer \u00ab Veille et Analyse TICE.<\/p>\n","protected":false},"author":1,"featured_media":14680,"comment_status":"open","ping_status":"open","sticky":false,"template":"","format":"aside","meta":{"_import_markdown_pro_load_document_selector":0,"_import_markdown_pro_submit_text_textarea":"","_genesis_hide_title":false,"_genesis_hide_breadcrumbs":false,"_genesis_hide_singular_image":false,"_genesis_hide_footer_widgets":false,"_genesis_custom_body_class":"","_genesis_custom_post_class":"","_genesis_layout":"","jetpack_post_was_ever_published":false,"_jetpack_newsletter_access":"","_jetpack_dont_email_post_to_subs":false,"_jetpack_newsletter_tier_id":0,"_jetpack_memberships_contains_paywalled_content":false,"_jetpack_memberships_contains_paid_content":false,"activitypub_content_warning":"","activitypub_content_visibility":"","activitypub_max_image_attachments":3,"activitypub_interaction_policy_quote":"anyone","activitypub_status":"","footnotes":"","jetpack_publicize_message":"","jetpack_publicize_feature_enabled":true,"jetpack_social_post_already_shared":true,"jetpack_social_options":{"image_generator_settings":{"template":"fullscreen","default_image_id":0,"font":"","enabled":false},"version":2}},"categories":[2],"tags":[],"class_list":{"0":"post-4975","1":"post","2":"type-post","3":"status-publish","4":"format-aside","5":"has-post-thumbnail","7":"category-histoire-2","8":"post_format-post-format-aside","9":"entry"},"jetpack_publicize_connections":[],"featured_image_src":"https:\/\/i0.wp.com\/lyonelkaufmann.ch\/Blog\/wp-content\/uploads\/2015\/03\/blogcafe1.jpg?resize=600%2C400&ssl=1","featured_image_src_square":"https:\/\/i0.wp.com\/lyonelkaufmann.ch\/Blog\/wp-content\/uploads\/2015\/03\/blogcafe1.jpg?resize=600%2C600&ssl=1","author_info":{"display_name":"Lyonel Kaufmann","author_link":"https:\/\/lyonelkaufmann.ch\/Blog\/author\/lyonelk\/"},"jetpack_featured_media_url":"https:\/\/i0.wp.com\/lyonelkaufmann.ch\/Blog\/wp-content\/uploads\/2015\/03\/blogcafe1.jpg?fit=1024%2C683&ssl=1","jetpack_sharing_enabled":true,"jetpack_shortlink":"https:\/\/wp.me\/p1qtF4-1if","jetpack-related-posts":[{"id":12752,"url":"https:\/\/lyonelkaufmann.ch\/Blog\/2012\/01\/28\/faire-le-choix-deduquer-ce-nest-pas-uniquement-reprimer-veille-et-analyse-tice-2\/","url_meta":{"origin":4975,"position":0},"title":"Faire le choix d\u2019\u00e9duquer ce n\u2019est pas uniquement r\u00e9primer | Veille et Analyse TICE","author":"Lyonel Kaufmann","date":"28 janvier 2012","format":"aside","excerpt":"Si pour la t\u00e9l\u00e9vision les contenus \u00e9taient \u00ab\u00a0impos\u00e9s\u00a0\u00bb dans le flux, avec l\u2019ordinateur le jeune peut aussi choisir les images, les contenus. Il est donc \u00e9tonnant d\u2019impliquer davantage les nouveaux \u00e9crans que les anciens en termes de violence. via Faire le choix d\u2019\u00e9duquer ce n\u2019est pas uniquement r\u00e9primer \u00ab Veille\u2026","rel":"","context":"Dans &quot;Blogcaf\u00e9&quot;","block_context":{"text":"Blogcaf\u00e9","link":"https:\/\/lyonelkaufmann.ch\/Blog\/category\/blogcafe-2\/"},"img":{"alt_text":"","src":"https:\/\/i0.wp.com\/lyonelkaufmann.ch\/Blog\/wp-content\/uploads\/2015\/03\/blogcafe1.jpg?fit=1024%2C683&ssl=1&resize=350%2C200","width":350,"height":200,"srcset":"https:\/\/i0.wp.com\/lyonelkaufmann.ch\/Blog\/wp-content\/uploads\/2015\/03\/blogcafe1.jpg?fit=1024%2C683&ssl=1&resize=350%2C200 1x, https:\/\/i0.wp.com\/lyonelkaufmann.ch\/Blog\/wp-content\/uploads\/2015\/03\/blogcafe1.jpg?fit=1024%2C683&ssl=1&resize=525%2C300 1.5x, https:\/\/i0.wp.com\/lyonelkaufmann.ch\/Blog\/wp-content\/uploads\/2015\/03\/blogcafe1.jpg?fit=1024%2C683&ssl=1&resize=700%2C400 2x"},"classes":[]},{"id":5384,"url":"https:\/\/lyonelkaufmann.ch\/Blog\/2012\/05\/11\/enferme-limite-mais-utilise-veille-et-analyse-tice\/","url_meta":{"origin":4975,"position":1},"title":"Enferm\u00e9, limit\u00e9, mais utilis\u00e9\u2026. | Veille et Analyse TICE","author":"Lyonel Kaufmann","date":"11 mai 2012","format":false,"excerpt":"Bruno Devauchelle nous gratifie \u00e0 nouveau d'un excellent article relativement \u00e0 l'int\u00e9gration des TICE \u00e0 l'\u00e9cole. Son point de d\u00e9part est la lecture du rapport fait par l\u2019inspection g\u00e9n\u00e9rale sur l\u2019exp\u00e9rience de Corr\u00e8ze ((http:\/\/www.ordicollege.cg19.fr\/index.php?option=com_content&view=frontpage&Itemid=2))\u00a0 et plus g\u00e9n\u00e9ralement des exp\u00e9riences des utilisateurs des TIC en classe. Il en ressort que la\u2026","rel":"","context":"Dans &quot;histoire&quot;","block_context":{"text":"histoire","link":"https:\/\/lyonelkaufmann.ch\/Blog\/category\/histoire-2\/"},"img":{"alt_text":"","src":"https:\/\/i0.wp.com\/lyonelkaufmann.ch\/Blog\/wp-content\/uploads\/2015\/03\/blogcafe1.jpg?fit=1024%2C683&ssl=1&resize=350%2C200","width":350,"height":200,"srcset":"https:\/\/i0.wp.com\/lyonelkaufmann.ch\/Blog\/wp-content\/uploads\/2015\/03\/blogcafe1.jpg?fit=1024%2C683&ssl=1&resize=350%2C200 1x, https:\/\/i0.wp.com\/lyonelkaufmann.ch\/Blog\/wp-content\/uploads\/2015\/03\/blogcafe1.jpg?fit=1024%2C683&ssl=1&resize=525%2C300 1.5x, https:\/\/i0.wp.com\/lyonelkaufmann.ch\/Blog\/wp-content\/uploads\/2015\/03\/blogcafe1.jpg?fit=1024%2C683&ssl=1&resize=700%2C400 2x"},"classes":[]},{"id":5912,"url":"https:\/\/lyonelkaufmann.ch\/Blog\/2012\/08\/13\/la-rentree-des-tablettes-veille-et-analyse-tice\/","url_meta":{"origin":4975,"position":2},"title":"La rentr\u00e9e des tablettes | Veille et Analyse TICE","author":"Lyonel Kaufmann","date":"13 ao\u00fbt 2012","format":false,"excerpt":"Ce texte de Bruno Devauchelle est une autre mani\u00e8re d'aborder la question du \u00abconservatisme dynamique\u00bb (notre billet \u00abConservatisme dynamique\u00bb et stabilit\u00e9 des pratiques enseignantes | Larry Cuban) a l'oeuvre lors du d\u00e9ploiement de projets d'int\u00e9gration des tice en milieu scolaire et leur \u00e9chec \u00e0 modifier v\u00e9ritablement et durablement la structure\u2026","rel":"","context":"Dans &quot;histoire&quot;","block_context":{"text":"histoire","link":"https:\/\/lyonelkaufmann.ch\/Blog\/category\/histoire-2\/"},"img":{"alt_text":"","src":"https:\/\/i0.wp.com\/lyonelkaufmann.ch\/Blog\/wp-content\/uploads\/2015\/03\/blogcafe1.jpg?fit=1024%2C683&ssl=1&resize=350%2C200","width":350,"height":200,"srcset":"https:\/\/i0.wp.com\/lyonelkaufmann.ch\/Blog\/wp-content\/uploads\/2015\/03\/blogcafe1.jpg?fit=1024%2C683&ssl=1&resize=350%2C200 1x, https:\/\/i0.wp.com\/lyonelkaufmann.ch\/Blog\/wp-content\/uploads\/2015\/03\/blogcafe1.jpg?fit=1024%2C683&ssl=1&resize=525%2C300 1.5x, https:\/\/i0.wp.com\/lyonelkaufmann.ch\/Blog\/wp-content\/uploads\/2015\/03\/blogcafe1.jpg?fit=1024%2C683&ssl=1&resize=700%2C400 2x"},"classes":[]},{"id":12718,"url":"https:\/\/lyonelkaufmann.ch\/Blog\/2011\/05\/13\/links-for-2011-05-12\/","url_meta":{"origin":4975,"position":3},"title":"Intention d\u2019apprendre ? | Veille et Analyse TICE","author":"Lyonel Kaufmann","date":"13 mai 2011","format":"aside","excerpt":"Intention d\u2019apprendre ? \u00ab Veille et Analyse TICE Pour\u00a0Bruno Devauchelle \u00abIl ne suffit pas d\u2019avoir l\u2019intention d\u2019enseigner, peut-\u00eatre faut il aussi avoir l\u2019intention d\u2019apprendre ? C\u2019est \u00e0 propos de r\u00e9cents articles publi\u00e9s sur les jeux s\u00e9rieux et apr\u00e8s avoir suivi des \u00e9changes sur les apprentissages informels organis\u00e9s par la revue\u2026","rel":"","context":"Dans &quot;L'Expresso&quot;","block_context":{"text":"L'Expresso","link":"https:\/\/lyonelkaufmann.ch\/Blog\/category\/breves\/"},"img":{"alt_text":"","src":"https:\/\/i0.wp.com\/lyonelkaufmann.ch\/Blog\/wp-content\/uploads\/2015\/03\/blogcafe1.jpg?fit=1024%2C683&ssl=1&resize=350%2C200","width":350,"height":200,"srcset":"https:\/\/i0.wp.com\/lyonelkaufmann.ch\/Blog\/wp-content\/uploads\/2015\/03\/blogcafe1.jpg?fit=1024%2C683&ssl=1&resize=350%2C200 1x, https:\/\/i0.wp.com\/lyonelkaufmann.ch\/Blog\/wp-content\/uploads\/2015\/03\/blogcafe1.jpg?fit=1024%2C683&ssl=1&resize=525%2C300 1.5x, https:\/\/i0.wp.com\/lyonelkaufmann.ch\/Blog\/wp-content\/uploads\/2015\/03\/blogcafe1.jpg?fit=1024%2C683&ssl=1&resize=700%2C400 2x"},"classes":[]},{"id":4908,"url":"https:\/\/lyonelkaufmann.ch\/Blog\/2012\/01\/21\/la-publicite-plus-dangereuse-que-les-reseaux-sociaux\/","url_meta":{"origin":4975,"position":4},"title":"La publicit\u00e9 plus dangereuse que les r\u00e9seaux sociaux?","author":"Lyonel Kaufmann","date":"21 janvier 2012","format":false,"excerpt":"On oublie trop souvent, rappelle Bruno Devauchelle, que ce qui sert d\u2019entr\u00e9e dans la culture pour les jeunes est couramment la publicit\u00e9 et son corollaire la consommation Or indique-t-il ce qui est impressionnant pour le p\u00e9dagogue de la transmission, c\u2019est la redoutable efficacit\u00e9 de ces industries de l\u2019information communication. Un\u2026","rel":"","context":"Dans &quot;histoire&quot;","block_context":{"text":"histoire","link":"https:\/\/lyonelkaufmann.ch\/Blog\/category\/histoire-2\/"},"img":{"alt_text":"","src":"https:\/\/i0.wp.com\/lyonelkaufmann.ch\/Blog\/wp-content\/uploads\/2015\/03\/blogcafe1.jpg?fit=1024%2C683&ssl=1&resize=350%2C200","width":350,"height":200,"srcset":"https:\/\/i0.wp.com\/lyonelkaufmann.ch\/Blog\/wp-content\/uploads\/2015\/03\/blogcafe1.jpg?fit=1024%2C683&ssl=1&resize=350%2C200 1x, https:\/\/i0.wp.com\/lyonelkaufmann.ch\/Blog\/wp-content\/uploads\/2015\/03\/blogcafe1.jpg?fit=1024%2C683&ssl=1&resize=525%2C300 1.5x, https:\/\/i0.wp.com\/lyonelkaufmann.ch\/Blog\/wp-content\/uploads\/2015\/03\/blogcafe1.jpg?fit=1024%2C683&ssl=1&resize=700%2C400 2x"},"classes":[]},{"id":3793,"url":"https:\/\/lyonelkaufmann.ch\/Blog\/2010\/10\/19\/manuel-scolaire-ou-support-dapprentissage\/","url_meta":{"origin":4975,"position":5},"title":"Manuel scolaire ou support d\u2019apprentissage ?","author":"Lyonel Kaufmann","date":"19 octobre 2010","format":"aside","excerpt":"via Veille et Analyse TICEN\u2019y aurait-il que le livre comme support pour les apprentissages ? C\u2019est le d\u00e9sarroi d\u2019un chef ... Read More >>","rel":"","context":"Dans &quot;L'Expresso&quot;","block_context":{"text":"L'Expresso","link":"https:\/\/lyonelkaufmann.ch\/Blog\/category\/breves\/"},"img":{"alt_text":"","src":"https:\/\/i0.wp.com\/lyonelkaufmann.ch\/Blog\/wp-content\/uploads\/2015\/03\/blogcafe1.jpg?fit=1024%2C683&ssl=1&resize=350%2C200","width":350,"height":200,"srcset":"https:\/\/i0.wp.com\/lyonelkaufmann.ch\/Blog\/wp-content\/uploads\/2015\/03\/blogcafe1.jpg?fit=1024%2C683&ssl=1&resize=350%2C200 1x, https:\/\/i0.wp.com\/lyonelkaufmann.ch\/Blog\/wp-content\/uploads\/2015\/03\/blogcafe1.jpg?fit=1024%2C683&ssl=1&resize=525%2C300 1.5x, https:\/\/i0.wp.com\/lyonelkaufmann.ch\/Blog\/wp-content\/uploads\/2015\/03\/blogcafe1.jpg?fit=1024%2C683&ssl=1&resize=700%2C400 2x"},"classes":[]}],"jetpack_likes_enabled":true,"_links":{"self":[{"href":"https:\/\/lyonelkaufmann.ch\/Blog\/wp-json\/wp\/v2\/posts\/4975","targetHints":{"allow":["GET"]}}],"collection":[{"href":"https:\/\/lyonelkaufmann.ch\/Blog\/wp-json\/wp\/v2\/posts"}],"about":[{"href":"https:\/\/lyonelkaufmann.ch\/Blog\/wp-json\/wp\/v2\/types\/post"}],"author":[{"embeddable":true,"href":"https:\/\/lyonelkaufmann.ch\/Blog\/wp-json\/wp\/v2\/users\/1"}],"replies":[{"embeddable":true,"href":"https:\/\/lyonelkaufmann.ch\/Blog\/wp-json\/wp\/v2\/comments?post=4975"}],"version-history":[{"count":0,"href":"https:\/\/lyonelkaufmann.ch\/Blog\/wp-json\/wp\/v2\/posts\/4975\/revisions"}],"wp:featuredmedia":[{"embeddable":true,"href":"https:\/\/lyonelkaufmann.ch\/Blog\/wp-json\/wp\/v2\/media\/14680"}],"wp:attachment":[{"href":"https:\/\/lyonelkaufmann.ch\/Blog\/wp-json\/wp\/v2\/media?parent=4975"}],"wp:term":[{"taxonomy":"category","embeddable":true,"href":"https:\/\/lyonelkaufmann.ch\/Blog\/wp-json\/wp\/v2\/categories?post=4975"},{"taxonomy":"post_tag","embeddable":true,"href":"https:\/\/lyonelkaufmann.ch\/Blog\/wp-json\/wp\/v2\/tags?post=4975"}],"curies":[{"name":"wp","href":"https:\/\/api.w.org\/{rel}","templated":true}]}}