{"id":4982,"date":"2012-01-28T17:12:38","date_gmt":"2012-01-28T17:12:38","guid":{"rendered":"http:\/\/lyonelkaufmann.ch\/histoire\/?p=4982"},"modified":"2012-01-28T17:12:38","modified_gmt":"2012-01-28T17:12:38","slug":"1848-quand-la-suisse-faisait-ladmiration-des-peuples-europeens-letemps-ch","status":"publish","type":"post","link":"https:\/\/lyonelkaufmann.ch\/Blog\/2012\/01\/28\/1848-quand-la-suisse-faisait-ladmiration-des-peuples-europeens-letemps-ch\/","title":{"rendered":"1848: quand la Suisse faisait l\u2019admiration des peuples europ\u00e9ens |\u00a0LeTemps.ch"},"content":{"rendered":"<blockquote><p>\u00abFinalement, j\u2019ai choisi 1848, qui a vu jeter les bases de la Suisse contemporaine. Parce que c\u2019est une ann\u00e9e enchant\u00e9e, dont l\u2019esprit d\u2019ouverture et l\u2019audace forment un contraste frappant avec le climat actuel. J\u2019ai choisi 1848 pour me consoler.\u00bb<\/p><\/blockquote>\n<p>Quelle serait votre ann\u00e9e id\u00e9ale? C\u2019est la question que le journal\u00a0<em style=\"color:inherit;font:normal normal normal 15px\/normal 'Helvetica Neue', Helvetica, Arial, sans-serif;font-style:italic;font-weight:inherit;line-height:1.625;\">Le Temps<\/em>\u00a0a pos\u00e9e \u00e0 six historiens. Hans-Ulrich Jost, professeur honoraire d\u2019histoire contemporaine \u00e0 l\u2019Universit\u00e9 de Lausanne, a choisi l\u2019ann\u00e9e du printemps des peuples, qui est aussi celle de la r\u00e9daction de la premi\u00e8re Constitution f\u00e9d\u00e9rale.<\/p>\n<p>via\u00a0<a href=\"http:\/\/www.letemps.ch\/Page\/Uuid\/39a5568a-48fb-11e1-aa08-9bd8a275884a\/1848_quand_la_Suisse_faisait_ladmiration_des_peuples_europ\u00e9ens\">LeTemps.ch | 1848: quand la Suisse faisait l\u2019admiration des peuples europ\u00e9ens<\/a>.<\/p>\n","protected":false},"excerpt":{"rendered":"<p>\u00abFinalement, j\u2019ai choisi 1848, qui a vu jeter les bases de la Suisse contemporaine. Parce que c\u2019est une ann\u00e9e enchant\u00e9e, dont l\u2019esprit d\u2019ouverture et l\u2019audace forment un contraste frappant avec le climat actuel. J\u2019ai choisi 1848 pour me consoler.\u00bb Quelle serait votre ann\u00e9e id\u00e9ale? C\u2019est la question que le journal\u00a0Le Temps\u00a0a pos\u00e9e \u00e0 six historiens. [&hellip;]<\/p>\n","protected":false},"author":1,"featured_media":14680,"comment_status":"open","ping_status":"open","sticky":false,"template":"","format":"aside","meta":{"_import_markdown_pro_load_document_selector":0,"_import_markdown_pro_submit_text_textarea":"","_genesis_hide_title":false,"_genesis_hide_breadcrumbs":false,"_genesis_hide_singular_image":false,"_genesis_hide_footer_widgets":false,"_genesis_custom_body_class":"","_genesis_custom_post_class":"","_genesis_layout":"","jetpack_post_was_ever_published":false,"_jetpack_newsletter_access":"","_jetpack_dont_email_post_to_subs":false,"_jetpack_newsletter_tier_id":0,"_jetpack_memberships_contains_paywalled_content":false,"_jetpack_memberships_contains_paid_content":false,"activitypub_content_warning":"","activitypub_content_visibility":"","activitypub_max_image_attachments":3,"activitypub_interaction_policy_quote":"anyone","activitypub_status":"","footnotes":"","jetpack_publicize_message":"","jetpack_publicize_feature_enabled":true,"jetpack_social_post_already_shared":true,"jetpack_social_options":{"image_generator_settings":{"template":"fullscreen","default_image_id":0,"font":"","enabled":false},"version":2}},"categories":[2],"tags":[],"class_list":{"0":"post-4982","1":"post","2":"type-post","3":"status-publish","4":"format-aside","5":"has-post-thumbnail","7":"category-histoire-2","8":"post_format-post-format-aside","9":"entry"},"jetpack_publicize_connections":[],"featured_image_src":"https:\/\/i0.wp.com\/lyonelkaufmann.ch\/Blog\/wp-content\/uploads\/2015\/03\/blogcafe1.jpg?resize=600%2C400&ssl=1","featured_image_src_square":"https:\/\/i0.wp.com\/lyonelkaufmann.ch\/Blog\/wp-content\/uploads\/2015\/03\/blogcafe1.jpg?resize=600%2C600&ssl=1","author_info":{"display_name":"Lyonel Kaufmann","author_link":"https:\/\/lyonelkaufmann.ch\/Blog\/author\/lyonelk\/"},"jetpack_featured_media_url":"https:\/\/i0.wp.com\/lyonelkaufmann.ch\/Blog\/wp-content\/uploads\/2015\/03\/blogcafe1.jpg?fit=1024%2C683&ssl=1","jetpack_sharing_enabled":true,"jetpack_shortlink":"https:\/\/wp.me\/p1qtF4-1im","jetpack-related-posts":[{"id":1712,"url":"https:\/\/lyonelkaufmann.ch\/Blog\/2009\/12\/16\/les-debats-du-parlement-suisse-disponibles-en-ligne-fragments-actuels\/","url_meta":{"origin":4982,"position":0},"title":"Les d\u00e9bats du Parlement suisse disponibles en ligne | Fragments actuels","author":"Lyonel Kaufmann","date":"16 d\u00e9cembre 2009","format":false,"excerpt":"Tous les d\u00e9bats du Conseil national et du Conseil des Etats depuis 1971 sont d\u00e9sormais disponibles en ligne. Les Services du Parlement et les Archives f\u00e9d\u00e9rales suisses ont proc\u00e9d\u00e9 \u00e0 la num\u00e9risation du Bulletin officiel de l\u2019Assembl\u00e9e f\u00e9d\u00e9rale de 1971 \u00e0 1995 et le publient aujourd\u2019hui sur www.amtsdruckschriften.bar.admin.ch. On y\u2026","rel":"","context":"Dans &quot;histoire&quot;","block_context":{"text":"histoire","link":"https:\/\/lyonelkaufmann.ch\/Blog\/category\/histoire-2\/"},"img":{"alt_text":"","src":"https:\/\/i0.wp.com\/lyonelkaufmann.ch\/Blog\/wp-content\/uploads\/2015\/03\/blogcafe1.jpg?fit=1024%2C683&ssl=1&resize=350%2C200","width":350,"height":200,"srcset":"https:\/\/i0.wp.com\/lyonelkaufmann.ch\/Blog\/wp-content\/uploads\/2015\/03\/blogcafe1.jpg?fit=1024%2C683&ssl=1&resize=350%2C200 1x, https:\/\/i0.wp.com\/lyonelkaufmann.ch\/Blog\/wp-content\/uploads\/2015\/03\/blogcafe1.jpg?fit=1024%2C683&ssl=1&resize=525%2C300 1.5x, https:\/\/i0.wp.com\/lyonelkaufmann.ch\/Blog\/wp-content\/uploads\/2015\/03\/blogcafe1.jpg?fit=1024%2C683&ssl=1&resize=700%2C400 2x"},"classes":[]},{"id":4383,"url":"https:\/\/lyonelkaufmann.ch\/Blog\/2011\/12\/02\/revue-de-presse-1-decembre-2011\/","url_meta":{"origin":4982,"position":1},"title":"La concordance est aussi ancienne que la Suisse moderne | Domaine Public","author":"Lyonel Kaufmann","date":"2 d\u00e9cembre 2011","format":false,"excerpt":"La concordance est aussi ancienne que la Suisse moderne | Domaine Public- La composition du Conseil f\u00e9d\u00e9ral ob\u00e9it \u00e0 la r\u00e8gle de la concordance depuis 1848 d\u00e9j\u00e0, rappelle l\u2019historien et homme de m\u00e9dias Roger Blum (NZZ, 21.11).De l\u2019observation du comportement \u00e9lectoral du Parlement depuis 1848, Roger Blum d\u00e9gage trois principes.\u2026","rel":"","context":"Dans &quot;histoire&quot;","block_context":{"text":"histoire","link":"https:\/\/lyonelkaufmann.ch\/Blog\/category\/histoire-2\/"},"img":{"alt_text":"","src":"https:\/\/i0.wp.com\/lyonelkaufmann.ch\/Blog\/wp-content\/uploads\/2015\/03\/blogcafe1.jpg?fit=1024%2C683&ssl=1&resize=350%2C200","width":350,"height":200,"srcset":"https:\/\/i0.wp.com\/lyonelkaufmann.ch\/Blog\/wp-content\/uploads\/2015\/03\/blogcafe1.jpg?fit=1024%2C683&ssl=1&resize=350%2C200 1x, https:\/\/i0.wp.com\/lyonelkaufmann.ch\/Blog\/wp-content\/uploads\/2015\/03\/blogcafe1.jpg?fit=1024%2C683&ssl=1&resize=525%2C300 1.5x, https:\/\/i0.wp.com\/lyonelkaufmann.ch\/Blog\/wp-content\/uploads\/2015\/03\/blogcafe1.jpg?fit=1024%2C683&ssl=1&resize=700%2C400 2x"},"classes":[]},{"id":4455,"url":"https:\/\/lyonelkaufmann.ch\/Blog\/2011\/02\/22\/pourquoi-parle-t-on-de-printemps-des-peuples-arabes\/","url_meta":{"origin":4982,"position":2},"title":"Pourquoi parle-t-on de printemps des peuples arabes? | Slate","author":"Lyonel Kaufmann","date":"22 f\u00e9vrier 2011","format":false,"excerpt":"\u00abPrintemps \u00e9gyptien\u00bb, \u00abprintemps arabe\u00bb, \u00abprintemps des peuples arabes\u00bb\u2026 \u00e0 force d\u2019entendre ces expressions printani\u00e8res fleurir dans la presse, on en oublierait presque que les r\u00e9voltes populaires du monde arabe se d\u00e9roulent en plein hiver. L\u2019agitation a commenc\u00e9 toute fin d\u00e9cembre en Tunisie, en janvier pour l\u2019Egypte, en f\u00e9vrier en Libye\u2026","rel":"","context":"Dans &quot;histoire&quot;","block_context":{"text":"histoire","link":"https:\/\/lyonelkaufmann.ch\/Blog\/category\/histoire-2\/"},"img":{"alt_text":"","src":"https:\/\/i0.wp.com\/lyonelkaufmann.ch\/Blog\/wp-content\/uploads\/2015\/03\/blogcafe1.jpg?fit=1024%2C683&ssl=1&resize=350%2C200","width":350,"height":200,"srcset":"https:\/\/i0.wp.com\/lyonelkaufmann.ch\/Blog\/wp-content\/uploads\/2015\/03\/blogcafe1.jpg?fit=1024%2C683&ssl=1&resize=350%2C200 1x, https:\/\/i0.wp.com\/lyonelkaufmann.ch\/Blog\/wp-content\/uploads\/2015\/03\/blogcafe1.jpg?fit=1024%2C683&ssl=1&resize=525%2C300 1.5x, https:\/\/i0.wp.com\/lyonelkaufmann.ch\/Blog\/wp-content\/uploads\/2015\/03\/blogcafe1.jpg?fit=1024%2C683&ssl=1&resize=700%2C400 2x"},"classes":[]},{"id":5285,"url":"https:\/\/lyonelkaufmann.ch\/Blog\/2012\/04\/13\/patrick-boucheron-un-historien-qui-bouscule-les-siecles-la-republique-des-livres\/","url_meta":{"origin":4982,"position":3},"title":"Patrick Boucheron, un historien qui bouscule les si\u00e8cles | La r\u00e9publique des livres","author":"Lyonel Kaufmann","date":"13 avril 2012","format":"quote","excerpt":"Et si Denys le Petit, ce moine du VI\u00e8me si\u00e8cle \u00e0 qui l'on doit l'invention de l'\u00e8re chr\u00e9tienne, avait choisi d\u2019adopter l\u2019\u00e8re de la Passion et non celle de l\u2019Incarnation pour faire d\u00e9buter notre \u00e8re? Alors notre chronologie s\u2019en trouverait d\u00e9cal\u00e9e de 33 ans. \u00ab A ce jeu, le XIX\u00e8me\u2026","rel":"","context":"Dans &quot;histoire&quot;","block_context":{"text":"histoire","link":"https:\/\/lyonelkaufmann.ch\/Blog\/category\/histoire-2\/"},"img":{"alt_text":"","src":"https:\/\/i0.wp.com\/lyonelkaufmann.ch\/Blog\/wp-content\/uploads\/2015\/03\/blogcafe1.jpg?fit=1024%2C683&ssl=1&resize=350%2C200","width":350,"height":200,"srcset":"https:\/\/i0.wp.com\/lyonelkaufmann.ch\/Blog\/wp-content\/uploads\/2015\/03\/blogcafe1.jpg?fit=1024%2C683&ssl=1&resize=350%2C200 1x, https:\/\/i0.wp.com\/lyonelkaufmann.ch\/Blog\/wp-content\/uploads\/2015\/03\/blogcafe1.jpg?fit=1024%2C683&ssl=1&resize=525%2C300 1.5x, https:\/\/i0.wp.com\/lyonelkaufmann.ch\/Blog\/wp-content\/uploads\/2015\/03\/blogcafe1.jpg?fit=1024%2C683&ssl=1&resize=700%2C400 2x"},"classes":[]},{"id":16184,"url":"https:\/\/lyonelkaufmann.ch\/Blog\/2016\/03\/27\/roadbook-st-urban-pfaffnau\/","url_meta":{"origin":4982,"position":4},"title":"Roadbook : St. Urban (Pfaffnau)","author":"Lyonel Kaufmann","date":"27 mars 2016","format":"image","excerpt":"Ma premi\u00e8re rencontre avec le monast\u00e8re de St. Urban \u00e9tait singuli\u00e8re. J'arrivais depuis Roggwil et me dirigeais vers Langenthal. A un carrefour, je l'ai aper\u00e7u au loin dans la direction oppos\u00e9e. Ensuite, je le voyais dans les r\u00e9troviseurs de ma moto. Arriv\u00e9 \u00e0 mon domicile, j'ai cherch\u00e9 \u00e0 savoir de\u2026","rel":"","context":"Dans &quot;Roadbook&quot;","block_context":{"text":"Roadbook","link":"https:\/\/lyonelkaufmann.ch\/Blog\/category\/roadbook\/"},"img":{"alt_text":"","src":"https:\/\/i0.wp.com\/lyonelkaufmann.ch\/Blog\/wp-content\/uploads\/2016\/03\/399c-6eb5-b699-ff61-2.jpg?fit=1200%2C797&ssl=1&resize=350%2C200","width":350,"height":200,"srcset":"https:\/\/i0.wp.com\/lyonelkaufmann.ch\/Blog\/wp-content\/uploads\/2016\/03\/399c-6eb5-b699-ff61-2.jpg?fit=1200%2C797&ssl=1&resize=350%2C200 1x, https:\/\/i0.wp.com\/lyonelkaufmann.ch\/Blog\/wp-content\/uploads\/2016\/03\/399c-6eb5-b699-ff61-2.jpg?fit=1200%2C797&ssl=1&resize=525%2C300 1.5x, https:\/\/i0.wp.com\/lyonelkaufmann.ch\/Blog\/wp-content\/uploads\/2016\/03\/399c-6eb5-b699-ff61-2.jpg?fit=1200%2C797&ssl=1&resize=700%2C400 2x, https:\/\/i0.wp.com\/lyonelkaufmann.ch\/Blog\/wp-content\/uploads\/2016\/03\/399c-6eb5-b699-ff61-2.jpg?fit=1200%2C797&ssl=1&resize=1050%2C600 3x"},"classes":[]},{"id":6965,"url":"https:\/\/lyonelkaufmann.ch\/Blog\/2013\/04\/16\/revue-de-presse-la-ronde-des-revolutions-la-vie-des-idees\/","url_meta":{"origin":4982,"position":5},"title":"Revue de presse : La ronde des r\u00e9volutions | La Vie des id\u00e9es","author":"Lyonel Kaufmann","date":"16 avril 2013","format":false,"excerpt":"Pourquoi la r\u00e9volution tunisienne de 2011 a-t-elle \u00e9t\u00e9 per\u00e7ue en France comme une r\u00e9\u00e9dition de 1789\u00a0? Pourquoi les r\u00e9volutionnaires tunisiens se sont-ils reconnus dans un \u00ab\u00a0printemps arabe\u00a0\u00bb, hommage aux r\u00e9volutions de 1848\u00a0? L\u2019historien Guillaume Mazeau enqu\u00eate sur ces constructions en miroir et sur nos rapports aux temporalit\u00e9s r\u00e9volutionnaires.La ronde des\u2026","rel":"","context":"Dans &quot;histoire&quot;","block_context":{"text":"histoire","link":"https:\/\/lyonelkaufmann.ch\/Blog\/category\/histoire-2\/"},"img":{"alt_text":"","src":"https:\/\/i0.wp.com\/lyonelkaufmann.ch\/Blog\/wp-content\/uploads\/2015\/03\/blogcafe1.jpg?fit=1024%2C683&ssl=1&resize=350%2C200","width":350,"height":200,"srcset":"https:\/\/i0.wp.com\/lyonelkaufmann.ch\/Blog\/wp-content\/uploads\/2015\/03\/blogcafe1.jpg?fit=1024%2C683&ssl=1&resize=350%2C200 1x, https:\/\/i0.wp.com\/lyonelkaufmann.ch\/Blog\/wp-content\/uploads\/2015\/03\/blogcafe1.jpg?fit=1024%2C683&ssl=1&resize=525%2C300 1.5x, https:\/\/i0.wp.com\/lyonelkaufmann.ch\/Blog\/wp-content\/uploads\/2015\/03\/blogcafe1.jpg?fit=1024%2C683&ssl=1&resize=700%2C400 2x"},"classes":[]}],"jetpack_likes_enabled":true,"_links":{"self":[{"href":"https:\/\/lyonelkaufmann.ch\/Blog\/wp-json\/wp\/v2\/posts\/4982","targetHints":{"allow":["GET"]}}],"collection":[{"href":"https:\/\/lyonelkaufmann.ch\/Blog\/wp-json\/wp\/v2\/posts"}],"about":[{"href":"https:\/\/lyonelkaufmann.ch\/Blog\/wp-json\/wp\/v2\/types\/post"}],"author":[{"embeddable":true,"href":"https:\/\/lyonelkaufmann.ch\/Blog\/wp-json\/wp\/v2\/users\/1"}],"replies":[{"embeddable":true,"href":"https:\/\/lyonelkaufmann.ch\/Blog\/wp-json\/wp\/v2\/comments?post=4982"}],"version-history":[{"count":0,"href":"https:\/\/lyonelkaufmann.ch\/Blog\/wp-json\/wp\/v2\/posts\/4982\/revisions"}],"wp:featuredmedia":[{"embeddable":true,"href":"https:\/\/lyonelkaufmann.ch\/Blog\/wp-json\/wp\/v2\/media\/14680"}],"wp:attachment":[{"href":"https:\/\/lyonelkaufmann.ch\/Blog\/wp-json\/wp\/v2\/media?parent=4982"}],"wp:term":[{"taxonomy":"category","embeddable":true,"href":"https:\/\/lyonelkaufmann.ch\/Blog\/wp-json\/wp\/v2\/categories?post=4982"},{"taxonomy":"post_tag","embeddable":true,"href":"https:\/\/lyonelkaufmann.ch\/Blog\/wp-json\/wp\/v2\/tags?post=4982"}],"curies":[{"name":"wp","href":"https:\/\/api.w.org\/{rel}","templated":true}]}}