{"id":4998,"date":"2012-02-03T09:57:14","date_gmt":"2012-02-03T09:57:14","guid":{"rendered":"http:\/\/lyonelkaufmann.ch\/histoire\/?p=4998"},"modified":"2012-02-03T09:57:14","modified_gmt":"2012-02-03T09:57:14","slug":"georges-duby-le-temps-des-cathedrales-ina","status":"publish","type":"post","link":"https:\/\/lyonelkaufmann.ch\/Blog\/2012\/02\/03\/georges-duby-le-temps-des-cathedrales-ina\/","title":{"rendered":"Georges Duby : Le temps des cath\u00e9drales |\u00a0Ina"},"content":{"rendered":"<p><strong>L\u2019INA met en ligne la collection <em>\u00ab Le temps des cath\u00e9drales \u00bb<\/em>, adaptation documentaire (1980) du livre de Georges Duby sur l\u2019art religieux au Moyen Age (2, 99 \u20ac chacun des 9 \u00e9pisodes de 50 minutes).<\/strong><br \/>\n<a href=\"http:\/\/www.ina.fr\/video\/embed\/CPB80053266\/102682\/8ee7ecd4469d2c6f9e754d8bf407506d\/512\/384\/0\">http:\/\/www.ina.fr\/video\/embed\/CPB80053266\/102682\/8ee7ecd4469d2c6f9e754d8bf407506d\/512\/384\/0<\/a><\/p>\n<p>C&rsquo;est l\u00e0 : <a href=\"http:\/\/www.ina.fr\/art-et-culture\/beaux-arts\/dossier\/2367\/le-temps-des-cathedrales.20090331.fr.html\" target=\"_blank\">http:\/\/www.ina.fr\/art-et-culture\/beaux-arts\/dossier\/2367\/le-temps-des-cathedrales.20090331.fr.html<\/a><\/p>\n","protected":false},"excerpt":{"rendered":"<p>L\u2019INA met en ligne la collection \u00ab Le temps des cath\u00e9drales \u00bb, adaptation documentaire (1980) du livre de Georges Duby sur l\u2019art religieux au Moyen Age (2, 99 \u20ac chacun des 9 \u00e9pisodes de 50 minutes). http:\/\/www.ina.fr\/video\/embed\/CPB80053266\/102682\/8ee7ecd4469d2c6f9e754d8bf407506d\/512\/384\/0 C&rsquo;est l\u00e0 : http:\/\/www.ina.fr\/art-et-culture\/beaux-arts\/dossier\/2367\/le-temps-des-cathedrales.20090331.fr.html<\/p>\n","protected":false},"author":1,"featured_media":14680,"comment_status":"open","ping_status":"open","sticky":false,"template":"","format":"standard","meta":{"_import_markdown_pro_load_document_selector":0,"_import_markdown_pro_submit_text_textarea":"","_genesis_hide_title":false,"_genesis_hide_breadcrumbs":false,"_genesis_hide_singular_image":false,"_genesis_hide_footer_widgets":false,"_genesis_custom_body_class":"","_genesis_custom_post_class":"","_genesis_layout":"","jetpack_post_was_ever_published":false,"_jetpack_newsletter_access":"","_jetpack_dont_email_post_to_subs":false,"_jetpack_newsletter_tier_id":0,"_jetpack_memberships_contains_paywalled_content":false,"_jetpack_memberships_contains_paid_content":false,"activitypub_content_warning":"","activitypub_content_visibility":"","activitypub_max_image_attachments":3,"activitypub_interaction_policy_quote":"anyone","activitypub_status":"","footnotes":"","jetpack_publicize_message":"","jetpack_publicize_feature_enabled":true,"jetpack_social_post_already_shared":true,"jetpack_social_options":{"image_generator_settings":{"template":"fullscreen","default_image_id":0,"font":"","enabled":false},"version":2}},"categories":[2],"tags":[],"class_list":{"0":"post-4998","1":"post","2":"type-post","3":"status-publish","4":"format-standard","5":"has-post-thumbnail","7":"category-histoire-2","8":"entry"},"jetpack_publicize_connections":[],"featured_image_src":"https:\/\/i0.wp.com\/lyonelkaufmann.ch\/Blog\/wp-content\/uploads\/2015\/03\/blogcafe1.jpg?resize=600%2C400&ssl=1","featured_image_src_square":"https:\/\/i0.wp.com\/lyonelkaufmann.ch\/Blog\/wp-content\/uploads\/2015\/03\/blogcafe1.jpg?resize=600%2C600&ssl=1","author_info":{"display_name":"Lyonel Kaufmann","author_link":"https:\/\/lyonelkaufmann.ch\/Blog\/author\/lyonelk\/"},"jetpack_featured_media_url":"https:\/\/i0.wp.com\/lyonelkaufmann.ch\/Blog\/wp-content\/uploads\/2015\/03\/blogcafe1.jpg?fit=1024%2C683&ssl=1","jetpack_sharing_enabled":true,"jetpack_shortlink":"https:\/\/wp.me\/p1qtF4-1iC","jetpack-related-posts":[{"id":820,"url":"https:\/\/lyonelkaufmann.ch\/Blog\/2009\/01\/09\/video-internet-lanticipation-ina\/","url_meta":{"origin":4998,"position":0},"title":"Video &#8211; Internet, l&rsquo;anticipation (INA)","author":"Lyonel Kaufmann","date":"9 janvier 2009","format":false,"excerpt":"Video - Internet, l'anticipation (INA): Internet\u00a0: sujet d\u2019anticipation \u00e9voquant un...","rel":"","context":"Dans &quot;histoire&quot;","block_context":{"text":"histoire","link":"https:\/\/lyonelkaufmann.ch\/Blog\/category\/histoire-2\/"},"img":{"alt_text":"","src":"https:\/\/i0.wp.com\/lyonelkaufmann.ch\/Blog\/wp-content\/uploads\/2015\/03\/blogcafe1.jpg?fit=1024%2C683&ssl=1&resize=350%2C200","width":350,"height":200,"srcset":"https:\/\/i0.wp.com\/lyonelkaufmann.ch\/Blog\/wp-content\/uploads\/2015\/03\/blogcafe1.jpg?fit=1024%2C683&ssl=1&resize=350%2C200 1x, https:\/\/i0.wp.com\/lyonelkaufmann.ch\/Blog\/wp-content\/uploads\/2015\/03\/blogcafe1.jpg?fit=1024%2C683&ssl=1&resize=525%2C300 1.5x, https:\/\/i0.wp.com\/lyonelkaufmann.ch\/Blog\/wp-content\/uploads\/2015\/03\/blogcafe1.jpg?fit=1024%2C683&ssl=1&resize=700%2C400 2x"},"classes":[]},{"id":11884,"url":"https:\/\/lyonelkaufmann.ch\/Blog\/2014\/08\/03\/freiburger-munster-allemagne-2014\/","url_meta":{"origin":4998,"position":1},"title":"Freiburger M\u00fanster | Allemagne 2014","author":"Lyonel Kaufmann","date":"3 ao\u00fbt 2014","format":false,"excerpt":"Avec sa tour de 116m, la cath\u00e9drale est l'embl\u00e8me de Fribourg-en-Brisgau. Il faut lui associer toute la place et les b\u00e2timent qui l'entourent. Depuis la Schlossbergturm, on distingue bien la cath\u00e9drale et sa place La cath\u00e9drale est une composition de l'art gothique et romane de plus de 700 ans. Une\u2026","rel":"","context":"Dans &quot;Roadbook&quot;","block_context":{"text":"Roadbook","link":"https:\/\/lyonelkaufmann.ch\/Blog\/category\/roadbook\/"},"img":{"alt_text":"","src":"https:\/\/i0.wp.com\/lyonelkaufmann.ch\/Blog\/wp-content\/uploads\/2015\/02\/20140803-085540-32140219.jpg?fit=722%2C480&ssl=1&resize=350%2C200","width":350,"height":200,"srcset":"https:\/\/i0.wp.com\/lyonelkaufmann.ch\/Blog\/wp-content\/uploads\/2015\/02\/20140803-085540-32140219.jpg?fit=722%2C480&ssl=1&resize=350%2C200 1x, https:\/\/i0.wp.com\/lyonelkaufmann.ch\/Blog\/wp-content\/uploads\/2015\/02\/20140803-085540-32140219.jpg?fit=722%2C480&ssl=1&resize=525%2C300 1.5x, https:\/\/i0.wp.com\/lyonelkaufmann.ch\/Blog\/wp-content\/uploads\/2015\/02\/20140803-085540-32140219.jpg?fit=722%2C480&ssl=1&resize=700%2C400 2x"},"classes":[]},{"id":15056,"url":"https:\/\/lyonelkaufmann.ch\/Blog\/2015\/07\/19\/villefranche-de-rouergue-roadbook\/","url_meta":{"origin":4998,"position":2},"title":"Villefranche-de-Rouergue | Roadbook","author":"Lyonel Kaufmann","date":"19 juillet 2015","format":false,"excerpt":"Lors de la pause de l'apr\u00e8s-midi, nous d\u00e9couvrons Villefranche-de-Rouergue. Une nouvelle tr\u00e8s grande d\u00e9couverte d'une ville qui vaut le d\u00e9tour avec sa cath\u00e9drale et sa place qui n'a rien \u00e0 envier aux villes italiennes... La cath\u00e9drale de Villefranche-de-Rouergue Villefranche-de-Rouergue est une commune fran\u00e7aise, situ\u00e9e dans le d\u00e9partement de l'Aveyron, dont\u2026","rel":"","context":"Dans &quot;Blogcaf\u00e9&quot;","block_context":{"text":"Blogcaf\u00e9","link":"https:\/\/lyonelkaufmann.ch\/Blog\/category\/blogcafe-2\/"},"img":{"alt_text":"","src":"https:\/\/i0.wp.com\/lyonelkaufmann.ch\/Blog\/wp-content\/uploads\/2015\/07\/IMG_0644.jpg?fit=900%2C1200&ssl=1&resize=350%2C200","width":350,"height":200,"srcset":"https:\/\/i0.wp.com\/lyonelkaufmann.ch\/Blog\/wp-content\/uploads\/2015\/07\/IMG_0644.jpg?fit=900%2C1200&ssl=1&resize=350%2C200 1x, https:\/\/i0.wp.com\/lyonelkaufmann.ch\/Blog\/wp-content\/uploads\/2015\/07\/IMG_0644.jpg?fit=900%2C1200&ssl=1&resize=525%2C300 1.5x, https:\/\/i0.wp.com\/lyonelkaufmann.ch\/Blog\/wp-content\/uploads\/2015\/07\/IMG_0644.jpg?fit=900%2C1200&ssl=1&resize=700%2C400 2x"},"classes":[]},{"id":18420,"url":"https:\/\/lyonelkaufmann.ch\/Blog\/2017\/08\/20\/cathedrale-clermont-ferrand-sur-la-route-de-ludovia14\/","url_meta":{"origin":4998,"position":3},"title":"Cath\u00e9drale Clermont-Ferrand. Sur la route de #Ludovia#14","author":"Lyonel Kaufmann","date":"20 ao\u00fbt 2017","format":false,"excerpt":"from Instagram: http:\/\/ift.tt\/2fVy81v","rel":"","context":"Dans &quot;Blogcaf\u00e9&quot;","block_context":{"text":"Blogcaf\u00e9","link":"https:\/\/lyonelkaufmann.ch\/Blog\/category\/blogcafe-2\/"},"img":{"alt_text":"","src":"","width":0,"height":0},"classes":[]},{"id":18333,"url":"https:\/\/lyonelkaufmann.ch\/Blog\/2017\/07\/25\/cathedrale-san-lorenzo-palazzo-dei-priori-perrugia-italie-summer2017\/","url_meta":{"origin":4998,"position":4},"title":"Cath\u00e9drale San Lorenzo &#038; Palazzo dei Priori #Perrugia #Italie #summer2017","author":"Lyonel Kaufmann","date":"25 juillet 2017","format":false,"excerpt":"from Instagram: http:\/\/ift.tt\/2vGeLgr","rel":"","context":"Dans &quot;Blogcaf\u00e9&quot;","block_context":{"text":"Blogcaf\u00e9","link":"https:\/\/lyonelkaufmann.ch\/Blog\/category\/blogcafe-2\/"},"img":{"alt_text":"","src":"","width":0,"height":0},"classes":[]},{"id":20493,"url":"https:\/\/lyonelkaufmann.ch\/Blog\/2019\/10\/27\/ludoviabe-en-route-vers-un-untouristic-bruxelles\/","url_meta":{"origin":4998,"position":5},"title":"Ludovia#BE : en route vers un \u201cuntouristic\u201d Bruxelles","author":"Lyonel Kaufmann","date":"27 octobre 2019","format":false,"excerpt":"Alors que la premi\u00e8re \u00e9dition de Ludovia#BE d\u00e9bute mardi soir, je d\u00e9colle ce samedi pour Bruxelles \u00e0 l\u2019invitation de Fran\u00e7ois Jourde, merci \u00e0 lui ! L\u2019embarquement \u00e0 Gen\u00e8ve-A\u00e9roport se d\u00e9roule dans les r\u00e8gles et d'une rapidit\u00e9 tout \u00e0 l\u2019honneur d\u2019EasyJet. A 9h20, tout le monde est install\u00e9 pour un vol\u2026","rel":"","context":"Dans &quot;Blogcaf\u00e9&quot;","block_context":{"text":"Blogcaf\u00e9","link":"https:\/\/lyonelkaufmann.ch\/Blog\/category\/blogcafe-2\/"},"img":{"alt_text":"","src":"https:\/\/i0.wp.com\/lyonelkaufmann.ch\/Blog\/wp-content\/uploads\/2019\/10\/R0031003-1.jpeg?fit=1200%2C794&ssl=1&resize=350%2C200","width":350,"height":200,"srcset":"https:\/\/i0.wp.com\/lyonelkaufmann.ch\/Blog\/wp-content\/uploads\/2019\/10\/R0031003-1.jpeg?fit=1200%2C794&ssl=1&resize=350%2C200 1x, https:\/\/i0.wp.com\/lyonelkaufmann.ch\/Blog\/wp-content\/uploads\/2019\/10\/R0031003-1.jpeg?fit=1200%2C794&ssl=1&resize=525%2C300 1.5x, https:\/\/i0.wp.com\/lyonelkaufmann.ch\/Blog\/wp-content\/uploads\/2019\/10\/R0031003-1.jpeg?fit=1200%2C794&ssl=1&resize=700%2C400 2x, https:\/\/i0.wp.com\/lyonelkaufmann.ch\/Blog\/wp-content\/uploads\/2019\/10\/R0031003-1.jpeg?fit=1200%2C794&ssl=1&resize=1050%2C600 3x"},"classes":[]}],"jetpack_likes_enabled":true,"_links":{"self":[{"href":"https:\/\/lyonelkaufmann.ch\/Blog\/wp-json\/wp\/v2\/posts\/4998","targetHints":{"allow":["GET"]}}],"collection":[{"href":"https:\/\/lyonelkaufmann.ch\/Blog\/wp-json\/wp\/v2\/posts"}],"about":[{"href":"https:\/\/lyonelkaufmann.ch\/Blog\/wp-json\/wp\/v2\/types\/post"}],"author":[{"embeddable":true,"href":"https:\/\/lyonelkaufmann.ch\/Blog\/wp-json\/wp\/v2\/users\/1"}],"replies":[{"embeddable":true,"href":"https:\/\/lyonelkaufmann.ch\/Blog\/wp-json\/wp\/v2\/comments?post=4998"}],"version-history":[{"count":0,"href":"https:\/\/lyonelkaufmann.ch\/Blog\/wp-json\/wp\/v2\/posts\/4998\/revisions"}],"wp:featuredmedia":[{"embeddable":true,"href":"https:\/\/lyonelkaufmann.ch\/Blog\/wp-json\/wp\/v2\/media\/14680"}],"wp:attachment":[{"href":"https:\/\/lyonelkaufmann.ch\/Blog\/wp-json\/wp\/v2\/media?parent=4998"}],"wp:term":[{"taxonomy":"category","embeddable":true,"href":"https:\/\/lyonelkaufmann.ch\/Blog\/wp-json\/wp\/v2\/categories?post=4998"},{"taxonomy":"post_tag","embeddable":true,"href":"https:\/\/lyonelkaufmann.ch\/Blog\/wp-json\/wp\/v2\/tags?post=4998"}],"curies":[{"name":"wp","href":"https:\/\/api.w.org\/{rel}","templated":true}]}}