{"id":5056,"date":"2012-02-17T07:01:36","date_gmt":"2012-02-17T07:01:36","guid":{"rendered":"http:\/\/lyonelkaufmann.ch\/histoire\/?p=5056"},"modified":"2012-02-17T07:01:36","modified_gmt":"2012-02-17T07:01:36","slug":"la-generation-y-a-lepreuve-des-cliches-educpros-fr","status":"publish","type":"post","link":"https:\/\/lyonelkaufmann.ch\/Blog\/2012\/02\/17\/la-generation-y-a-lepreuve-des-cliches-educpros-fr\/","title":{"rendered":"La g\u00e9n\u00e9ration Y \u00e0 l&rsquo;\u00e9preuve des clich\u00e9s | educpros.fr\/"},"content":{"rendered":"<p>Via <a style='font-weight:bold;font-size:18px;' href='http:\/\/www.scoop.it\/t\/histoire\/p\/1223753090\/la-generation-y-a-l-epreuve-des-cliches-educpros-fr'>Scoop.it<\/a> &#8211; <a href='http:\/\/www.scoop.it\/t\/histoire'>histoire<\/a><br \/><img src='http:\/\/img.scoop.it\/8Q27vntGEy2PtSg_RyM6_jl72eJkfbmt4t8yenImKBXEejxNn4ZJNZ2ss5Ku7Cxt' \/><br \/>La G\u00e9n\u00e9ration X croyait encore au m\u00e9rite, pensait pouvoir gravir les \u00e9chelons, r\u00eavait d\u2019une vie meilleure que celle de leurs parents\u2026 La G\u00e9n\u00e9ration Y n\u2019a jamais eu l\u2019occasion d\u2019y croire\u2026<br \/><a href='http:\/\/www.educpros.fr\/nc\/rss\/article-rss\/a\/la-generation-y-a-l-epreuve-des-cliches.html'>Via www.educpros.fr<\/a><\/p>\n","protected":false},"excerpt":{"rendered":"<p>Via Scoop.it &#8211; histoireLa G\u00e9n\u00e9ration X croyait encore au m\u00e9rite, pensait pouvoir gravir les \u00e9chelons, r\u00eavait d\u2019une vie meilleure que celle de leurs parents\u2026 La G\u00e9n\u00e9ration Y n\u2019a jamais eu l\u2019occasion d\u2019y croire\u2026Via www.educpros.fr<\/p>\n","protected":false},"author":1,"featured_media":14050,"comment_status":"open","ping_status":"open","sticky":false,"template":"","format":"standard","meta":{"_import_markdown_pro_load_document_selector":0,"_import_markdown_pro_submit_text_textarea":"","_genesis_hide_title":false,"_genesis_hide_breadcrumbs":false,"_genesis_hide_singular_image":false,"_genesis_hide_footer_widgets":false,"_genesis_custom_body_class":"","_genesis_custom_post_class":"","_genesis_layout":"","jetpack_post_was_ever_published":false,"_jetpack_newsletter_access":"","_jetpack_dont_email_post_to_subs":false,"_jetpack_newsletter_tier_id":0,"_jetpack_memberships_contains_paywalled_content":false,"_jetpack_memberships_contains_paid_content":false,"activitypub_content_warning":"","activitypub_content_visibility":"","activitypub_max_image_attachments":3,"activitypub_interaction_policy_quote":"anyone","activitypub_status":"","footnotes":"","jetpack_publicize_message":"","jetpack_publicize_feature_enabled":true,"jetpack_social_post_already_shared":true,"jetpack_social_options":{"image_generator_settings":{"template":"fullscreen","default_image_id":0,"font":"","enabled":false},"version":2}},"categories":[2],"tags":[],"class_list":{"0":"post-5056","1":"post","2":"type-post","3":"status-publish","4":"format-standard","5":"has-post-thumbnail","7":"category-histoire-2","8":"entry"},"jetpack_publicize_connections":[],"featured_image_src":"https:\/\/i0.wp.com\/lyonelkaufmann.ch\/Blog\/wp-content\/uploads\/2015\/03\/8Q27vntGEy2PtSg_RyM6_jl72eJkfbmt4t8yenImKBXEejxNn4ZJNZ2ss5Ku7Cxt.jpg?resize=292%2C146&ssl=1","featured_image_src_square":"https:\/\/i0.wp.com\/lyonelkaufmann.ch\/Blog\/wp-content\/uploads\/2015\/03\/8Q27vntGEy2PtSg_RyM6_jl72eJkfbmt4t8yenImKBXEejxNn4ZJNZ2ss5Ku7Cxt.jpg?resize=292%2C146&ssl=1","author_info":{"display_name":"Lyonel Kaufmann","author_link":"https:\/\/lyonelkaufmann.ch\/Blog\/author\/lyonelk\/"},"jetpack_featured_media_url":"https:\/\/i0.wp.com\/lyonelkaufmann.ch\/Blog\/wp-content\/uploads\/2015\/03\/8Q27vntGEy2PtSg_RyM6_jl72eJkfbmt4t8yenImKBXEejxNn4ZJNZ2ss5Ku7Cxt.jpg?fit=292%2C146&ssl=1","jetpack_sharing_enabled":true,"jetpack_shortlink":"https:\/\/wp.me\/p1qtF4-1jy","jetpack-related-posts":[{"id":3786,"url":"https:\/\/lyonelkaufmann.ch\/Blog\/2010\/10\/18\/la-2eme-generation-deleves-tweeteurs-un-public-different-une-approche-differente-de-loutil\/","url_meta":{"origin":5056,"position":0},"title":"La 2\u00e8me g\u00e9n\u00e9ration d\u2019\u00e9l\u00e8ves tweeteurs: un public diff\u00e9rent, une approche diff\u00e9rente de l\u2019outil","author":"Lyonel Kaufmann","date":"18 octobre 2010","format":"aside","excerpt":"via Ma onzi\u00e8me ann\u00e9e \u00bb La 2\u00e8me g\u00e9n\u00e9ration d\u2019\u00e9l\u00e8ves tweeteurs: un public diff\u00e9rent, une approche diff\u00e9rente de l\u2019outil\u00ab\u00a0Twitter en classe\u00a0\u00bb, pour cette deuxi\u00e8me ann\u00e9e, fonctionne diff\u00e9remment de ce que j\u2019avais pu actionner et constater ... Read More >>","rel":"","context":"Dans &quot;L'Expresso&quot;","block_context":{"text":"L'Expresso","link":"https:\/\/lyonelkaufmann.ch\/Blog\/category\/breves\/"},"img":{"alt_text":"","src":"https:\/\/i0.wp.com\/lyonelkaufmann.ch\/Blog\/wp-content\/uploads\/2015\/03\/blogcafe1.jpg?fit=1024%2C683&ssl=1&resize=350%2C200","width":350,"height":200,"srcset":"https:\/\/i0.wp.com\/lyonelkaufmann.ch\/Blog\/wp-content\/uploads\/2015\/03\/blogcafe1.jpg?fit=1024%2C683&ssl=1&resize=350%2C200 1x, https:\/\/i0.wp.com\/lyonelkaufmann.ch\/Blog\/wp-content\/uploads\/2015\/03\/blogcafe1.jpg?fit=1024%2C683&ssl=1&resize=525%2C300 1.5x, https:\/\/i0.wp.com\/lyonelkaufmann.ch\/Blog\/wp-content\/uploads\/2015\/03\/blogcafe1.jpg?fit=1024%2C683&ssl=1&resize=700%2C400 2x"},"classes":[]},{"id":16746,"url":"https:\/\/lyonelkaufmann.ch\/Blog\/2016\/06\/28\/10-choses-que-vous-ignorez-sur-la-beat-generation\/","url_meta":{"origin":5056,"position":1},"title":"10 choses que vous ignorez sur la Beat Generation","author":"Lyonel Kaufmann","date":"28 juin 2016","format":false,"excerpt":"La Beat Generation fait l'objet, jusqu'au 3 juillet, d'une exposition riche en d\u00e9couvertes au Centre Pompidou, \u00e0 Paris. Des t\u00e9l\u00e9phones qui r\u00e9citent des po\u00e8mes, le fameux tapuscrit de Jack Kerouac, des photos de Burroughs en petite tenue, mais l'exposition rec\u00e8le \u00e9galement de d\u00e9couvertes qui, au moment de se coucher, font\u2026","rel":"","context":"Dans &quot;Blogcaf\u00e9&quot;","block_context":{"text":"Blogcaf\u00e9","link":"https:\/\/lyonelkaufmann.ch\/Blog\/category\/blogcafe-2\/"},"img":{"alt_text":"","src":"https:\/\/i0.wp.com\/lyonelkaufmann.ch\/Blog\/wp-content\/uploads\/2016\/06\/Image-28.06.16-21-40.jpeg?fit=640%2C554&ssl=1&resize=350%2C200","width":350,"height":200,"srcset":"https:\/\/i0.wp.com\/lyonelkaufmann.ch\/Blog\/wp-content\/uploads\/2016\/06\/Image-28.06.16-21-40.jpeg?fit=640%2C554&ssl=1&resize=350%2C200 1x, https:\/\/i0.wp.com\/lyonelkaufmann.ch\/Blog\/wp-content\/uploads\/2016\/06\/Image-28.06.16-21-40.jpeg?fit=640%2C554&ssl=1&resize=525%2C300 1.5x"},"classes":[]},{"id":7625,"url":"https:\/\/lyonelkaufmann.ch\/Blog\/2012\/11\/04\/la-generation-y-en-video\/","url_meta":{"origin":5056,"position":2},"title":"La G\u00e9n\u00e9ration Y en vid\u00e9o","author":"Lyonel Kaufmann","date":"4 novembre 2012","format":false,"excerpt":"Simple, dr\u00f4le et efficace : la g\u00e9n\u00e9ration Y d\u00e9crypt\u00e9e en vid\u00e9o et en fran\u00e7ais. La g\u00e9n\u00e9ration Y, d\u00e9crypt\u00e9e par Adesias!","rel":"","context":"Dans &quot;Blogcaf\u00e9&quot;","block_context":{"text":"Blogcaf\u00e9","link":"https:\/\/lyonelkaufmann.ch\/Blog\/category\/blogcafe-2\/"},"img":{"alt_text":"","src":"https:\/\/i0.wp.com\/lyonelkaufmann.ch\/Blog\/wp-content\/uploads\/2015\/03\/blogcafe1.jpg?fit=1024%2C683&ssl=1&resize=350%2C200","width":350,"height":200,"srcset":"https:\/\/i0.wp.com\/lyonelkaufmann.ch\/Blog\/wp-content\/uploads\/2015\/03\/blogcafe1.jpg?fit=1024%2C683&ssl=1&resize=350%2C200 1x, https:\/\/i0.wp.com\/lyonelkaufmann.ch\/Blog\/wp-content\/uploads\/2015\/03\/blogcafe1.jpg?fit=1024%2C683&ssl=1&resize=525%2C300 1.5x, https:\/\/i0.wp.com\/lyonelkaufmann.ch\/Blog\/wp-content\/uploads\/2015\/03\/blogcafe1.jpg?fit=1024%2C683&ssl=1&resize=700%2C400 2x"},"classes":[]},{"id":1538,"url":"https:\/\/lyonelkaufmann.ch\/Blog\/2009\/09\/08\/preparez-vous-la-generation-y-va-grave-vous-secouer\/","url_meta":{"origin":5056,"position":3},"title":"Pr\u00e9parez-vous! La G\u00e9n\u00e9ration Y va grave vous secouer","author":"Lyonel Kaufmann","date":"8 septembre 2009","format":false,"excerpt":"La rentr\u00e9e acad\u00e9mique approche pour mes prochain-e-s \u00e9tudiant-e-s et futur-e-s enseignant-e-s. Dans une semaine, ils d\u00e9buteront leur formation et pour certains autres la poursuivront. Ils y entrent avec dans leur esprit tout un ensemble de repr\u00e9sentations, d'attente, voire de certitude sur le m\u00e9tier qui les attend.\u00a0Peut-\u00eatre serait-il bon qu'ils per\u00e7oivent\u2026","rel":"","context":"Dans &quot;histoire&quot;","block_context":{"text":"histoire","link":"https:\/\/lyonelkaufmann.ch\/Blog\/category\/histoire-2\/"},"img":{"alt_text":"","src":"https:\/\/i0.wp.com\/lyonelkaufmann.ch\/Blog\/wp-content\/uploads\/2015\/03\/blogcafe1.jpg?fit=1024%2C683&ssl=1&resize=350%2C200","width":350,"height":200,"srcset":"https:\/\/i0.wp.com\/lyonelkaufmann.ch\/Blog\/wp-content\/uploads\/2015\/03\/blogcafe1.jpg?fit=1024%2C683&ssl=1&resize=350%2C200 1x, https:\/\/i0.wp.com\/lyonelkaufmann.ch\/Blog\/wp-content\/uploads\/2015\/03\/blogcafe1.jpg?fit=1024%2C683&ssl=1&resize=525%2C300 1.5x, https:\/\/i0.wp.com\/lyonelkaufmann.ch\/Blog\/wp-content\/uploads\/2015\/03\/blogcafe1.jpg?fit=1024%2C683&ssl=1&resize=700%2C400 2x"},"classes":[]},{"id":12553,"url":"https:\/\/lyonelkaufmann.ch\/Blog\/2006\/08\/19\/generateur-de-logo-web-20\/","url_meta":{"origin":5056,"position":4},"title":"G\u00e9n\u00e9rateur de logo web 2.0","author":"Lyonel Kaufmann","date":"19 ao\u00fbt 2006","format":"aside","excerpt":"Un exemple valant mieux que 10'000 mots, voici le r\u00e9sultat : Pour en faire de m\u00eame ? C'est par ici : WebV2LogoCreatrMerci au\u00a0 Le blog \u00e0 Ollie et \u00e0 ses liens du jour pour le site ! Technorati Tags: Web2.0","rel":"","context":"Dans &quot;Blogcaf\u00e9&quot;","block_context":{"text":"Blogcaf\u00e9","link":"https:\/\/lyonelkaufmann.ch\/Blog\/category\/blogcafe-2\/"},"img":{"alt_text":"","src":"","width":0,"height":0},"classes":[]},{"id":1868,"url":"https:\/\/lyonelkaufmann.ch\/Blog\/2010\/01\/13\/culture-web-la-force-de-lutopie-sciences-humaines\/","url_meta":{"origin":5056,"position":5},"title":"Culture web: La force de l&rsquo;utopie | Sciences humaines","author":"Lyonel Kaufmann","date":"13 janvier 2010","format":false,"excerpt":"Depuis sa naissance, Internet a \u00e9t\u00e9 porteur des r\u00eaves de ses concepteurs. A travers le r\u00e9seau devait \u00e9merger une soci\u00e9t\u00e9 du partage du savoir, pacifique et \u00e9galitaire. Ces id\u00e9aux survivent malgr\u00e9 la banalisation du Web. La Revue Sciences humaines consacre une partie de son grand \u00a0dossier sur les Villes mondiales\u2026","rel":"","context":"Dans &quot;histoire&quot;","block_context":{"text":"histoire","link":"https:\/\/lyonelkaufmann.ch\/Blog\/category\/histoire-2\/"},"img":{"alt_text":"","src":"https:\/\/i0.wp.com\/lyonelkaufmann.ch\/Blog\/wp-content\/uploads\/2015\/03\/blogcafe1.jpg?fit=1024%2C683&ssl=1&resize=350%2C200","width":350,"height":200,"srcset":"https:\/\/i0.wp.com\/lyonelkaufmann.ch\/Blog\/wp-content\/uploads\/2015\/03\/blogcafe1.jpg?fit=1024%2C683&ssl=1&resize=350%2C200 1x, https:\/\/i0.wp.com\/lyonelkaufmann.ch\/Blog\/wp-content\/uploads\/2015\/03\/blogcafe1.jpg?fit=1024%2C683&ssl=1&resize=525%2C300 1.5x, https:\/\/i0.wp.com\/lyonelkaufmann.ch\/Blog\/wp-content\/uploads\/2015\/03\/blogcafe1.jpg?fit=1024%2C683&ssl=1&resize=700%2C400 2x"},"classes":[]}],"jetpack_likes_enabled":true,"_links":{"self":[{"href":"https:\/\/lyonelkaufmann.ch\/Blog\/wp-json\/wp\/v2\/posts\/5056","targetHints":{"allow":["GET"]}}],"collection":[{"href":"https:\/\/lyonelkaufmann.ch\/Blog\/wp-json\/wp\/v2\/posts"}],"about":[{"href":"https:\/\/lyonelkaufmann.ch\/Blog\/wp-json\/wp\/v2\/types\/post"}],"author":[{"embeddable":true,"href":"https:\/\/lyonelkaufmann.ch\/Blog\/wp-json\/wp\/v2\/users\/1"}],"replies":[{"embeddable":true,"href":"https:\/\/lyonelkaufmann.ch\/Blog\/wp-json\/wp\/v2\/comments?post=5056"}],"version-history":[{"count":0,"href":"https:\/\/lyonelkaufmann.ch\/Blog\/wp-json\/wp\/v2\/posts\/5056\/revisions"}],"wp:featuredmedia":[{"embeddable":true,"href":"https:\/\/lyonelkaufmann.ch\/Blog\/wp-json\/wp\/v2\/media\/14050"}],"wp:attachment":[{"href":"https:\/\/lyonelkaufmann.ch\/Blog\/wp-json\/wp\/v2\/media?parent=5056"}],"wp:term":[{"taxonomy":"category","embeddable":true,"href":"https:\/\/lyonelkaufmann.ch\/Blog\/wp-json\/wp\/v2\/categories?post=5056"},{"taxonomy":"post_tag","embeddable":true,"href":"https:\/\/lyonelkaufmann.ch\/Blog\/wp-json\/wp\/v2\/tags?post=5056"}],"curies":[{"name":"wp","href":"https:\/\/api.w.org\/{rel}","templated":true}]}}