{"id":5074,"date":"2004-11-05T02:52:00","date_gmt":"2004-11-05T01:52:00","guid":{"rendered":"http:\/\/lyonelkaufmann.ch\/histoire\/?p=26"},"modified":"2004-11-05T02:52:00","modified_gmt":"2004-11-05T01:52:00","slug":"rapport-bergier-il-d%ef%bf%bdrange","status":"publish","type":"post","link":"https:\/\/lyonelkaufmann.ch\/Blog\/2004\/11\/05\/rapport-bergier-il-d%ef%bf%bdrange\/","title":{"rendered":"Rapport Bergier : il d\u00e9range"},"content":{"rendered":"<p>Le rapport Bergier continue de d\u00e9ranger (24 Heures, 4.11.2004)<\/p>\n<p>Selon le professeur, certains milieux font pression pour ne pas toucher \u00e0 l\u2019image de la Suisse.<\/p>\n<p>Jean-Fran\u00e7ois Bergier raconte le changement d\u2019attitude du milieu politique \u00e0 l\u2019\u00e9gard de sa commission.\n<\/p>\n<p>LES FAITS\n<\/p>\n<p>\u00abAu d\u00e9part nous \u00e9tions des sauveurs. Puis nous sommes devenus des d\u00e9rangeurs\u00bb, explique Jean-Fran\u00e7ois Bergier, qui a donn\u00e9 son nom au rapport concernant le r\u00f4le de la Suisse durant la Seconde Guerre mondiale. Le professeur d\u2019histoire confirme un changement d\u2019atmosph\u00e8re durant les cinq ans qu\u2019ont dur\u00e9s les travaux de la commission qu\u2019il a pr\u00e9sid\u00e9e. Qu\u2019en est-il aujourd\u2019hui? \u00abDes groupes pas tr\u00e8s nombreux, mais bien organis\u00e9s, exercent toujours des pressions pour emp\u00eacher la diffusion de nos recherches.\u00bb Jean-Fran\u00e7ois Bergier prend pour preuve la publication probl\u00e9matique du livre de Pietro Boschetti, pr\u00e9sent\u00e9 aujourd\u2019hui \u00e0 Prangins.<\/p>\n","protected":false},"excerpt":{"rendered":"<p>Le rapport Bergier continue de d\u00e9ranger (24 Heures, 4.11.2004) Selon le professeur, certains milieux font pression pour ne pas toucher \u00e0 l\u2019image de la Suisse. Jean-Fran\u00e7ois Bergier raconte le changement d\u2019attitude du milieu politique \u00e0 l\u2019\u00e9gard de sa commission. LES FAITS \u00abAu d\u00e9part nous \u00e9tions des sauveurs. Puis nous sommes devenus des d\u00e9rangeurs\u00bb, explique Jean-Fran\u00e7ois [&hellip;]<\/p>\n","protected":false},"author":1,"featured_media":14680,"comment_status":"open","ping_status":"open","sticky":false,"template":"","format":"standard","meta":{"_import_markdown_pro_load_document_selector":0,"_import_markdown_pro_submit_text_textarea":"","_genesis_hide_title":false,"_genesis_hide_breadcrumbs":false,"_genesis_hide_singular_image":false,"_genesis_hide_footer_widgets":false,"_genesis_custom_body_class":"","_genesis_custom_post_class":"","_genesis_layout":"","jetpack_post_was_ever_published":false,"_jetpack_newsletter_access":"","_jetpack_dont_email_post_to_subs":false,"_jetpack_newsletter_tier_id":0,"_jetpack_memberships_contains_paywalled_content":false,"_jetpack_memberships_contains_paid_content":false,"activitypub_content_warning":"","activitypub_content_visibility":"","activitypub_max_image_attachments":3,"activitypub_interaction_policy_quote":"anyone","activitypub_status":"","footnotes":"","jetpack_publicize_message":"","jetpack_publicize_feature_enabled":true,"jetpack_social_post_already_shared":true,"jetpack_social_options":{"image_generator_settings":{"template":"fullscreen","default_image_id":0,"font":"","enabled":false},"version":2}},"categories":[2],"tags":[],"class_list":{"0":"post-5074","1":"post","2":"type-post","3":"status-publish","4":"format-standard","5":"has-post-thumbnail","7":"category-histoire-2","8":"entry"},"jetpack_publicize_connections":[],"featured_image_src":"https:\/\/i0.wp.com\/lyonelkaufmann.ch\/Blog\/wp-content\/uploads\/2015\/03\/blogcafe1.jpg?resize=600%2C400&ssl=1","featured_image_src_square":"https:\/\/i0.wp.com\/lyonelkaufmann.ch\/Blog\/wp-content\/uploads\/2015\/03\/blogcafe1.jpg?resize=600%2C600&ssl=1","author_info":{"display_name":"Lyonel Kaufmann","author_link":"https:\/\/lyonelkaufmann.ch\/Blog\/author\/lyonelk\/"},"jetpack_featured_media_url":"https:\/\/i0.wp.com\/lyonelkaufmann.ch\/Blog\/wp-content\/uploads\/2015\/03\/blogcafe1.jpg?fit=1024%2C683&ssl=1","jetpack_sharing_enabled":true,"jetpack_shortlink":"https:\/\/wp.me\/p1qtF4-1jQ","jetpack-related-posts":[{"id":5245,"url":"https:\/\/lyonelkaufmann.ch\/Blog\/2012\/04\/04\/revue-de-presse-le-rapport-bergier-10-ans-apres-infoclio-ch\/","url_meta":{"origin":5074,"position":0},"title":"Revue de presse : Le rapport Bergier 10 ans apr\u00e8s | infoclio.ch","author":"Lyonel Kaufmann","date":"4 avril 2012","format":false,"excerpt":"Ces 21 et 22 mars se tenaient \u00e0 l'Universit\u00e9 de Lausanne une s\u00e9rie de conf\u00e9rences suite aux dix ans de la publication du rapport Bergier. Si la deuxi\u00e8me journ\u00e9e \u00e9tait consacr\u00e9e \u00e0 l'enseignement au niveau gymnasial des acquis du rapport Bergier, la premi\u00e8re journ\u00e9e, ou plut\u00f4t soir\u00e9e, a pris la\u2026","rel":"","context":"Dans &quot;histoire&quot;","block_context":{"text":"histoire","link":"https:\/\/lyonelkaufmann.ch\/Blog\/category\/histoire-2\/"},"img":{"alt_text":"","src":"https:\/\/i0.wp.com\/lyonelkaufmann.ch\/Blog\/wp-content\/uploads\/2015\/03\/blogcafe1.jpg?fit=1024%2C683&ssl=1&resize=350%2C200","width":350,"height":200,"srcset":"https:\/\/i0.wp.com\/lyonelkaufmann.ch\/Blog\/wp-content\/uploads\/2015\/03\/blogcafe1.jpg?fit=1024%2C683&ssl=1&resize=350%2C200 1x, https:\/\/i0.wp.com\/lyonelkaufmann.ch\/Blog\/wp-content\/uploads\/2015\/03\/blogcafe1.jpg?fit=1024%2C683&ssl=1&resize=525%2C300 1.5x, https:\/\/i0.wp.com\/lyonelkaufmann.ch\/Blog\/wp-content\/uploads\/2015\/03\/blogcafe1.jpg?fit=1024%2C683&ssl=1&resize=700%2C400 2x"},"classes":[]},{"id":7754,"url":"https:\/\/lyonelkaufmann.ch\/Blog\/2006\/11\/03\/usages-politiques-du-passe-en-france-publication-et-compte-rendu\/","url_meta":{"origin":5074,"position":1},"title":"Usages politiques du pass\u00e9 en France (publication et compte-rendu)","author":"Lyonel Kaufmann","date":"3 novembre 2006","format":false,"excerpt":"En septembre 2003, un colloque \u00e9tait organis\u00e9 \u00e0 Paris par le Centre d'Histoire sociale sur le th\u00e8me des Usages politiques du pass\u00e9 dans la France contemporaine. Aujourd'hui, deux ouvrages rendent compte de la richesses des interventions : Collectif, Usages politiques du pass\u00e9 dans la France contemporaine (2006).\u00a0 Presses universitaires de\u2026","rel":"","context":"Dans &quot;histoire&quot;","block_context":{"text":"histoire","link":"https:\/\/lyonelkaufmann.ch\/Blog\/category\/histoire-2\/"},"img":{"alt_text":"","src":"https:\/\/i0.wp.com\/lyonelkaufmann.ch\/Blog\/wp-content\/uploads\/2015\/03\/blogcafe1.jpg?fit=1024%2C683&ssl=1&resize=350%2C200","width":350,"height":200,"srcset":"https:\/\/i0.wp.com\/lyonelkaufmann.ch\/Blog\/wp-content\/uploads\/2015\/03\/blogcafe1.jpg?fit=1024%2C683&ssl=1&resize=350%2C200 1x, https:\/\/i0.wp.com\/lyonelkaufmann.ch\/Blog\/wp-content\/uploads\/2015\/03\/blogcafe1.jpg?fit=1024%2C683&ssl=1&resize=525%2C300 1.5x, https:\/\/i0.wp.com\/lyonelkaufmann.ch\/Blog\/wp-content\/uploads\/2015\/03\/blogcafe1.jpg?fit=1024%2C683&ssl=1&resize=700%2C400 2x"},"classes":[]},{"id":334,"url":"https:\/\/lyonelkaufmann.ch\/Blog\/2008\/08\/01\/histoire-suisse-et-si-le-pacte-de-1291-etait-un-faux\/","url_meta":{"origin":5074,"position":2},"title":"Histoire suisse: Et si le Pacte de 1291 \u00e9tait un faux?","author":"Lyonel Kaufmann","date":"1 ao\u00fbt 2008","format":false,"excerpt":"Hier soir, c'\u00e9tait l'heure du cort\u00e8ge aux flambeaux \u00e0 La Tour-de-Peilz. Soudain, la question pos\u00e9e \u00e0 l'historien: que s'est-il pass\u00e9 le 1er ao\u00fbt 1291? que f\u00eate-t-on? Question \u00e9minement pi\u00e8ge entre la mythologie politique et la r\u00e9alit\u00e9 historique. D'autant que le journal Le Temps du 31.07.2008 se fait l'\u00e9cho des th\u00e8ses\u2026","rel":"","context":"Dans &quot;histoire&quot;","block_context":{"text":"histoire","link":"https:\/\/lyonelkaufmann.ch\/Blog\/category\/histoire-2\/"},"img":{"alt_text":"","src":"https:\/\/i0.wp.com\/lyonelkaufmann.ch\/Blog\/wp-content\/uploads\/2008\/08\/bundesbrief.gif?fit=296%2C267&ssl=1&resize=350%2C200","width":350,"height":200},"classes":[]},{"id":7119,"url":"https:\/\/lyonelkaufmann.ch\/Blog\/2013\/06\/03\/apprendre-a-lere-numerique-jeff-tvernier\/","url_meta":{"origin":5074,"position":3},"title":"Apprendre \u00e0 l\u2019\u00e8re num\u00e9rique | JEFF T@VERNIER","author":"Lyonel Kaufmann","date":"3 juin 2013","format":false,"excerpt":"Professeur d\u2019Histoire-G\u00e9ographie et charg\u00e9 de mission FOAD (Formation Ouverte \u00e0 Distance), Jean-Fran\u00e7ois Tavernier propose un blog ressource tr\u00e8s int\u00e9ressant qui comprend des billets sur des dispositifs p\u00e9dagogiques innovants avec les MOOC, une p\u00e9dagogie ouverte et hybride, l\u2019\u00e9criture hypertextuelle... Le 20 mai 2013, il a consacr\u00e9 un dossier sur apprendre \u00e0\u2026","rel":"","context":"Dans &quot;histoire&quot;","block_context":{"text":"histoire","link":"https:\/\/lyonelkaufmann.ch\/Blog\/category\/histoire-2\/"},"img":{"alt_text":"","src":"https:\/\/i0.wp.com\/lyonelkaufmann.ch\/Blog\/wp-content\/uploads\/2015\/03\/capture_d_c3a9cran_20_05_13_15_321.jpg?fit=470%2C352&ssl=1&resize=350%2C200","width":350,"height":200},"classes":[]},{"id":1261,"url":"https:\/\/lyonelkaufmann.ch\/Blog\/2009\/04\/03\/lhistoire-au-present-brigitte-studer-swissinfo\/","url_meta":{"origin":5074,"position":4},"title":"L&rsquo;Histoire au pr\u00e9sent | Brigitte Studer (swissinfo)","author":"Lyonel Kaufmann","date":"3 avril 2009","format":false,"excerpt":"http:\/\/www.swissinfo.ch\/08\/flash\/videoplayers\/vp_standalone22.swf?sid=9929508 Les hommes et les femmes plus que les vieilles pierres. N\u00e9e \u00e0 B\u00e2le, professeure d'histoire contemporaine \u00e0 l'Universit\u00e9 de Berne, Brigitte Studer se concentre en particulier sur l'histoire des rapports entre les sexes, sur la citoyennet\u00e9, sur la construction des identit\u00e9s collectives et sur l'histoire sociale. Elle est fascin\u00e9e\u2026","rel":"","context":"Dans &quot;histoire&quot;","block_context":{"text":"histoire","link":"https:\/\/lyonelkaufmann.ch\/Blog\/category\/histoire-2\/"},"img":{"alt_text":"","src":"https:\/\/i0.wp.com\/lyonelkaufmann.ch\/Blog\/wp-content\/uploads\/2015\/03\/blogcafe1.jpg?fit=1024%2C683&ssl=1&resize=350%2C200","width":350,"height":200,"srcset":"https:\/\/i0.wp.com\/lyonelkaufmann.ch\/Blog\/wp-content\/uploads\/2015\/03\/blogcafe1.jpg?fit=1024%2C683&ssl=1&resize=350%2C200 1x, https:\/\/i0.wp.com\/lyonelkaufmann.ch\/Blog\/wp-content\/uploads\/2015\/03\/blogcafe1.jpg?fit=1024%2C683&ssl=1&resize=525%2C300 1.5x, https:\/\/i0.wp.com\/lyonelkaufmann.ch\/Blog\/wp-content\/uploads\/2015\/03\/blogcafe1.jpg?fit=1024%2C683&ssl=1&resize=700%2C400 2x"},"classes":[]},{"id":16677,"url":"https:\/\/lyonelkaufmann.ch\/Blog\/2016\/06\/15\/super-cadeau-et-atttention-recue-ce-midi-par-les-membres-de-la-commission-intercommunale-de-sejour-de-la-riviera-et-de-villeneuve-pour-lavoir-presidee-durant-5-ans-notamment-une-bouteille-par-commu\/","url_meta":{"origin":5074,"position":5},"title":"Super cadeau et atttention re\u00e7ue ce midi par les membres de la Commission intercommunale de s\u00e9jour de la Riviera et de Villeneuve pour l&rsquo;avoir pr\u00e9sid\u00e9e durant 5 ans. Notamment une bouteille par commune membre de la Commission. Moment d&rsquo;\u00e9motion. Merci \u00e0 eux ??","author":"Lyonel Kaufmann","date":"15 juin 2016","format":false,"excerpt":"via Instagram http:\/\/ift.tt\/1YrEe70","rel":"","context":"Dans &quot;Blogcaf\u00e9&quot;","block_context":{"text":"Blogcaf\u00e9","link":"https:\/\/lyonelkaufmann.ch\/Blog\/category\/blogcafe-2\/"},"img":{"alt_text":"","src":"https:\/\/i0.wp.com\/lyonelkaufmann.ch\/Blog\/wp-content\/uploads\/2016\/06\/13402145_800446886759407_1512590141_n.jpg?fit=1080%2C1080&ssl=1&resize=350%2C200","width":350,"height":200,"srcset":"https:\/\/i0.wp.com\/lyonelkaufmann.ch\/Blog\/wp-content\/uploads\/2016\/06\/13402145_800446886759407_1512590141_n.jpg?fit=1080%2C1080&ssl=1&resize=350%2C200 1x, https:\/\/i0.wp.com\/lyonelkaufmann.ch\/Blog\/wp-content\/uploads\/2016\/06\/13402145_800446886759407_1512590141_n.jpg?fit=1080%2C1080&ssl=1&resize=525%2C300 1.5x, https:\/\/i0.wp.com\/lyonelkaufmann.ch\/Blog\/wp-content\/uploads\/2016\/06\/13402145_800446886759407_1512590141_n.jpg?fit=1080%2C1080&ssl=1&resize=700%2C400 2x, https:\/\/i0.wp.com\/lyonelkaufmann.ch\/Blog\/wp-content\/uploads\/2016\/06\/13402145_800446886759407_1512590141_n.jpg?fit=1080%2C1080&ssl=1&resize=1050%2C600 3x"},"classes":[]}],"jetpack_likes_enabled":true,"_links":{"self":[{"href":"https:\/\/lyonelkaufmann.ch\/Blog\/wp-json\/wp\/v2\/posts\/5074","targetHints":{"allow":["GET"]}}],"collection":[{"href":"https:\/\/lyonelkaufmann.ch\/Blog\/wp-json\/wp\/v2\/posts"}],"about":[{"href":"https:\/\/lyonelkaufmann.ch\/Blog\/wp-json\/wp\/v2\/types\/post"}],"author":[{"embeddable":true,"href":"https:\/\/lyonelkaufmann.ch\/Blog\/wp-json\/wp\/v2\/users\/1"}],"replies":[{"embeddable":true,"href":"https:\/\/lyonelkaufmann.ch\/Blog\/wp-json\/wp\/v2\/comments?post=5074"}],"version-history":[{"count":0,"href":"https:\/\/lyonelkaufmann.ch\/Blog\/wp-json\/wp\/v2\/posts\/5074\/revisions"}],"wp:featuredmedia":[{"embeddable":true,"href":"https:\/\/lyonelkaufmann.ch\/Blog\/wp-json\/wp\/v2\/media\/14680"}],"wp:attachment":[{"href":"https:\/\/lyonelkaufmann.ch\/Blog\/wp-json\/wp\/v2\/media?parent=5074"}],"wp:term":[{"taxonomy":"category","embeddable":true,"href":"https:\/\/lyonelkaufmann.ch\/Blog\/wp-json\/wp\/v2\/categories?post=5074"},{"taxonomy":"post_tag","embeddable":true,"href":"https:\/\/lyonelkaufmann.ch\/Blog\/wp-json\/wp\/v2\/tags?post=5074"}],"curies":[{"name":"wp","href":"https:\/\/api.w.org\/{rel}","templated":true}]}}