{"id":5075,"date":"2005-01-24T01:39:00","date_gmt":"2005-01-24T00:39:00","guid":{"rendered":"http:\/\/lyonelkaufmann.ch\/histoire\/?p=28"},"modified":"2005-01-24T01:39:00","modified_gmt":"2005-01-24T00:39:00","slug":"commmorations-auschwitz","status":"publish","type":"post","link":"https:\/\/lyonelkaufmann.ch\/Blog\/2005\/01\/24\/commmorations-auschwitz\/","title":{"rendered":"Comm\u00e9morations Auschwitz"},"content":{"rendered":"<p>Cette semaine une place tr&#232;s importante est faite aux comm&#233;morations de la lib&#233;ration il y a 60 ans du Camp d&rsquo;Auschwitz.<br \/>\nToutes les t&#233;l&#233;visions offrent l&rsquo;un ou l&rsquo;autre des principaux films, t&#233;l&#233;films ou documentaires traitant de l&rsquo;horreur absolue qu&rsquo;on repr&#233;sent&#233; les camps d&rsquo;extermination et Auschwitz plus particuli&#232;rement, symbole de l&rsquo;horreur absolue.<br \/>\nTous les journaux nationaux ou internationaux en font leur couverture.<br \/>\nL&rsquo;ONU pour la premi&#232;re fois comm&#233;more &#233;galement la lib&#233;ration des camps nazis. Une d&#233;p&#234;che de l&rsquo;AFP nous indique que\n<\/p>\n<p><em>\u00ab\u00a0dans son allocution, le secr&#233;taire g&#233;n&#233;ral de l&rsquo;Onu, Kofi Annan, a appel&#233; le monde &#224; \u00ab\u00a0d&#233;montrer son respect\u00a0\u00bb pour les victimes des camps de la mort nazis en \u00ab\u00a0prot&#233;geant toutes les communaut&#233;s semblablement menac&#233;es et vuln&#233;rables, maintenant et &#224; l&rsquo;avenir\u00a0\u00bb. Relevant que depuis l&rsquo;Holocauste, \u00ab\u00a0le monde a &#233;chou&#233;, &#224; sa grande honte, &#224; emp&#234;cher d&rsquo;autres g&#233;nocides, par exemple au Cambodge, au Rwanda et dans l&rsquo;ancienne Yougoslavie\u00a0\u00bb, M. Annan a invit&#233; la communaut&#233; mondiale &#224; la \u00ab\u00a0vigilance\u00a0\u00bb et la \u00ab\u00a0responsabilit&#233;\u00a0\u00bb.\u00a0\u00bb<\/p>\n<p><\/em>A l&rsquo;usage des enseignants, je ne saurais que trop recommander le livre, &#224; mon avis indispensable pour tout enseignant souhaitant abord&#233; la question de Auschwitz, de Georges Bensoussan, <em>Auschwitz en h&#233;ritage? D&rsquo;un bon usage de la m&#233;moire<\/em>, Mille et une nuit, 1998, 3,50 Euros.<br \/>\nM&#234;me pas l&rsquo;excuse qu&rsquo;il serait trop cher en plus.<br \/>\nPour Bensoussan, il faut &#233;duquer apr&#232;s Auschwitz et non pas contre Auschwitz. Et juste pour finir le texte de la jaquette :<br \/>\n<em>\u00ab\u00a0Selon certains, on parle trop de la shoah. A moins que l&rsquo;on en parle mal, &#224; coup de comm&#233;morations larmoyantes in&#233;vitablement conclue par le rituel : &#171;Plus jamais &#231;a&#8230;&#187; Comme si la seule invocation d&rsquo;un nom pouvait &#233;duquer les jeunes g&#233;n&#233;rations contre cette barbarie qu&rsquo;on sent (re)venir.<br \/>\nCe n&rsquo;est pas d&rsquo;un &#171;devoir de m&#233;moire&#187; que nous avons besoin, mais d&rsquo;un devoir d&rsquo;histoire.\u00a0\u00bb<br \/>\n<\/em>A m&#233;diter et surtout &#224; lire en entier.<\/p>\n","protected":false},"excerpt":{"rendered":"<p>Cette semaine une place tr&#232;s importante est faite aux comm&#233;morations de la lib&#233;ration il y a 60 ans du Camp d&rsquo;Auschwitz. Toutes les t&#233;l&#233;visions offrent l&rsquo;un ou l&rsquo;autre des principaux films, t&#233;l&#233;films ou documentaires traitant de l&rsquo;horreur absolue qu&rsquo;on repr&#233;sent&#233; les camps d&rsquo;extermination et Auschwitz plus particuli&#232;rement, symbole de l&rsquo;horreur absolue. Tous les journaux nationaux [&hellip;]<\/p>\n","protected":false},"author":1,"featured_media":14680,"comment_status":"open","ping_status":"open","sticky":false,"template":"","format":"standard","meta":{"_import_markdown_pro_load_document_selector":0,"_import_markdown_pro_submit_text_textarea":"","_genesis_hide_title":false,"_genesis_hide_breadcrumbs":false,"_genesis_hide_singular_image":false,"_genesis_hide_footer_widgets":false,"_genesis_custom_body_class":"","_genesis_custom_post_class":"","_genesis_layout":"","jetpack_post_was_ever_published":false,"_jetpack_newsletter_access":"","_jetpack_dont_email_post_to_subs":false,"_jetpack_newsletter_tier_id":0,"_jetpack_memberships_contains_paywalled_content":false,"_jetpack_memberships_contains_paid_content":false,"activitypub_content_warning":"","activitypub_content_visibility":"","activitypub_max_image_attachments":3,"activitypub_interaction_policy_quote":"anyone","activitypub_status":"","footnotes":"","jetpack_publicize_message":"","jetpack_publicize_feature_enabled":true,"jetpack_social_post_already_shared":true,"jetpack_social_options":{"image_generator_settings":{"template":"fullscreen","default_image_id":0,"font":"","enabled":false},"version":2}},"categories":[2],"tags":[],"class_list":{"0":"post-5075","1":"post","2":"type-post","3":"status-publish","4":"format-standard","5":"has-post-thumbnail","7":"category-histoire-2","8":"entry"},"jetpack_publicize_connections":[],"featured_image_src":"https:\/\/i0.wp.com\/lyonelkaufmann.ch\/Blog\/wp-content\/uploads\/2015\/03\/blogcafe1.jpg?resize=600%2C400&ssl=1","featured_image_src_square":"https:\/\/i0.wp.com\/lyonelkaufmann.ch\/Blog\/wp-content\/uploads\/2015\/03\/blogcafe1.jpg?resize=600%2C600&ssl=1","author_info":{"display_name":"Lyonel Kaufmann","author_link":"https:\/\/lyonelkaufmann.ch\/Blog\/author\/lyonelk\/"},"jetpack_featured_media_url":"https:\/\/i0.wp.com\/lyonelkaufmann.ch\/Blog\/wp-content\/uploads\/2015\/03\/blogcafe1.jpg?fit=1024%2C683&ssl=1","jetpack_sharing_enabled":true,"jetpack_shortlink":"https:\/\/wp.me\/p1qtF4-1jR","jetpack-related-posts":[{"id":6328,"url":"https:\/\/lyonelkaufmann.ch\/Blog\/2012\/10\/25\/revue-de-presse-deces-de-wilhelm-brasse-photographe-qui-fixa-pour-leternite-les-horreurs-dauschwitz\/","url_meta":{"origin":5075,"position":0},"title":"Revue de presse : D\u00e9c\u00e8s de Wilhelm Brasse, photographe qui fixa pour l&rsquo;\u00e9ternit\u00e9 les horreurs d&rsquo;Auschwitz","author":"Lyonel Kaufmann","date":"25 octobre 2012","format":false,"excerpt":"Wilhelm Brasse, ancien prisonnier du camp d'extermination nazi d'Auschwitz-Birkenau qui sur ordre des autorit\u00e9s, avait pris en photo des dizaines de milliers de ses compagnons, est d\u00e9c\u00e9d\u00e9 mardi \u00e0 l'\u00e2ge de 95 ans \u00e0 Zywiec, dans le sud de la Pologne, a d\u00e9clar\u00e9 \u00e0 l'AFP Pawel Sawicki, un porte-parole du\u2026","rel":"","context":"Dans &quot;histoire&quot;","block_context":{"text":"histoire","link":"https:\/\/lyonelkaufmann.ch\/Blog\/category\/histoire-2\/"},"img":{"alt_text":"","src":"https:\/\/i0.wp.com\/lyonelkaufmann.ch\/Blog\/wp-content\/uploads\/2015\/03\/blogcafe1.jpg?fit=1024%2C683&ssl=1&resize=350%2C200","width":350,"height":200,"srcset":"https:\/\/i0.wp.com\/lyonelkaufmann.ch\/Blog\/wp-content\/uploads\/2015\/03\/blogcafe1.jpg?fit=1024%2C683&ssl=1&resize=350%2C200 1x, https:\/\/i0.wp.com\/lyonelkaufmann.ch\/Blog\/wp-content\/uploads\/2015\/03\/blogcafe1.jpg?fit=1024%2C683&ssl=1&resize=525%2C300 1.5x, https:\/\/i0.wp.com\/lyonelkaufmann.ch\/Blog\/wp-content\/uploads\/2015\/03\/blogcafe1.jpg?fit=1024%2C683&ssl=1&resize=700%2C400 2x"},"classes":[]},{"id":4937,"url":"https:\/\/lyonelkaufmann.ch\/Blog\/2012\/01\/24\/e-dossier-la-suisse-les-refugies-et-la-shoah-dodis-ch\/","url_meta":{"origin":5075,"position":1},"title":"e-Dossier: La Suisse, les r\u00e9fugi\u00e9s et la Shoah | dodis.ch","author":"Lyonel Kaufmann","date":"24 janvier 2012","format":false,"excerpt":"Les Documents diplomatiques suisses (dodis.ch) publient un dossier d'archives qui fera date relativement \u00e0 l'histoire de la Suisse\u00a0durant la Deuxi\u00e8me Guerre mondiale En effet, ce dossier retraee les relations internationales de la Suisse entre 1933 et 1945. Pour les auteurs, le dossier doit permettre notamment de trouver des \u00e9l\u00e9ments de\u2026","rel":"","context":"Dans &quot;histoire&quot;","block_context":{"text":"histoire","link":"https:\/\/lyonelkaufmann.ch\/Blog\/category\/histoire-2\/"},"img":{"alt_text":"","src":"https:\/\/i0.wp.com\/lyonelkaufmann.ch\/Blog\/wp-content\/uploads\/2015\/03\/blogcafe1.jpg?fit=1024%2C683&ssl=1&resize=350%2C200","width":350,"height":200,"srcset":"https:\/\/i0.wp.com\/lyonelkaufmann.ch\/Blog\/wp-content\/uploads\/2015\/03\/blogcafe1.jpg?fit=1024%2C683&ssl=1&resize=350%2C200 1x, https:\/\/i0.wp.com\/lyonelkaufmann.ch\/Blog\/wp-content\/uploads\/2015\/03\/blogcafe1.jpg?fit=1024%2C683&ssl=1&resize=525%2C300 1.5x, https:\/\/i0.wp.com\/lyonelkaufmann.ch\/Blog\/wp-content\/uploads\/2015\/03\/blogcafe1.jpg?fit=1024%2C683&ssl=1&resize=700%2C400 2x"},"classes":[]},{"id":8884,"url":"https:\/\/lyonelkaufmann.ch\/Blog\/2015\/02\/18\/revue-de-presse-auschwitz-aggiormento\/","url_meta":{"origin":5075,"position":2},"title":"Revue de Presse : Auschwitz | Aggiormento","author":"Lyonel Kaufmann","date":"18 f\u00e9vrier 2015","format":false,"excerpt":"Tal Bruttmann, Auschwitz, Paris, La D\u00e9couverte, Rep\u00e8res, 2015, 128 p., 10\u20ac. A partir de l\u2019ouvrage de Tal Bruttmann, Samuel Kuhn pr\u00e9sente la particularit\u00e9 des t\u00e9moignages des survivants de l\u2019univers concentrationnaire qui ne peuvent dire l\u2019indicible qu\u2019indirectement, soit le massacre de 6 millions de Juifs, majoritairement mort \u00e0 leur arriv\u00e9e et\u2026","rel":"","context":"Dans &quot;histoire&quot;","block_context":{"text":"histoire","link":"https:\/\/lyonelkaufmann.ch\/Blog\/category\/histoire-2\/"},"img":{"alt_text":"images","src":"https:\/\/i0.wp.com\/f.hypotheses.org\/wp-content\/blogs.dir\/357\/files\/2015\/02\/images.jpg?resize=350%2C200","width":350,"height":200},"classes":[]},{"id":7805,"url":"https:\/\/lyonelkaufmann.ch\/Blog\/2007\/04\/18\/differend-autour-du-souvenir-des-victimes-du-camp-dauschwitz-eurotopics\/","url_meta":{"origin":5075,"position":3},"title":"Diff\u00e9rend autour du souvenir des victimes du camp d&rsquo;Auschwitz (Euro|topics)","author":"Lyonel Kaufmann","date":"18 avril 2007","format":false,"excerpt":"Le journal hongrois N\u00e9pszabads\u00e1g nous apprend que le mus\u00e9e d'Auschwitz a repouss\u00e9 l'ouverture d'une exposition consacr\u00e9e au r\u00f4le de l'Arm\u00e9e rouge dans la lib\u00e9ration de ce camp de la mort. Le motif de cette d\u00e9cision? un diff\u00e9rend autour de la nationalit\u00e9 des victimes. Beaucoup \u00e9taient issues des territoires annex\u00e9s par\u2026","rel":"","context":"Dans &quot;histoire&quot;","block_context":{"text":"histoire","link":"https:\/\/lyonelkaufmann.ch\/Blog\/category\/histoire-2\/"},"img":{"alt_text":"","src":"https:\/\/i0.wp.com\/lyonelkaufmann.ch\/Blog\/wp-content\/uploads\/2015\/03\/blogcafe1.jpg?fit=1024%2C683&ssl=1&resize=350%2C200","width":350,"height":200,"srcset":"https:\/\/i0.wp.com\/lyonelkaufmann.ch\/Blog\/wp-content\/uploads\/2015\/03\/blogcafe1.jpg?fit=1024%2C683&ssl=1&resize=350%2C200 1x, https:\/\/i0.wp.com\/lyonelkaufmann.ch\/Blog\/wp-content\/uploads\/2015\/03\/blogcafe1.jpg?fit=1024%2C683&ssl=1&resize=525%2C300 1.5x, https:\/\/i0.wp.com\/lyonelkaufmann.ch\/Blog\/wp-content\/uploads\/2015\/03\/blogcafe1.jpg?fit=1024%2C683&ssl=1&resize=700%2C400 2x"},"classes":[]},{"id":23285,"url":"https:\/\/lyonelkaufmann.ch\/Blog\/2022\/05\/23\/elie-buzyn-lun-des-derniers-grands-temoins-francais-dauschwitz-est-mort\/","url_meta":{"origin":5075,"position":4},"title":"Elie Buzyn, l\u2019un des derniers grands t\u00e9moins fran\u00e7ais d\u2019Auschwitz, est mort","author":"Lyonel Kaufmann","date":"23 mai 2022","format":false,"excerpt":"Disparition D\u00e9port\u00e9 depuis la Pologne, Elie Buzyn, p\u00e8re de l\u2019ancienne ministre de la Sant\u00e9, Agn\u00e8s Buzyn, s\u2019est employ\u00e9 \u00e0 transmettre la m\u00e9moire de la Shoah. Il appelait les jeunes \u00e0 \u00eatre \u00abdes t\u00e9moins des t\u00e9moins\u00bb. Il est mort lundi matin, \u00e0 93 ans. Un demi-si\u00e8cle apr\u00e8s le g\u00e9nocide, son fils\u2026","rel":"","context":"Dans &quot;histoire&quot;","block_context":{"text":"histoire","link":"https:\/\/lyonelkaufmann.ch\/Blog\/category\/histoire-2\/"},"img":{"alt_text":"","src":"https:\/\/i0.wp.com\/lyonelkaufmann.ch\/Blog\/wp-content\/uploads\/2022\/05\/PT35WCBX4ZHXFMXUBIV57XDWWA-scaled.jpg?fit=1200%2C799&ssl=1&resize=350%2C200","width":350,"height":200,"srcset":"https:\/\/i0.wp.com\/lyonelkaufmann.ch\/Blog\/wp-content\/uploads\/2022\/05\/PT35WCBX4ZHXFMXUBIV57XDWWA-scaled.jpg?fit=1200%2C799&ssl=1&resize=350%2C200 1x, https:\/\/i0.wp.com\/lyonelkaufmann.ch\/Blog\/wp-content\/uploads\/2022\/05\/PT35WCBX4ZHXFMXUBIV57XDWWA-scaled.jpg?fit=1200%2C799&ssl=1&resize=525%2C300 1.5x, https:\/\/i0.wp.com\/lyonelkaufmann.ch\/Blog\/wp-content\/uploads\/2022\/05\/PT35WCBX4ZHXFMXUBIV57XDWWA-scaled.jpg?fit=1200%2C799&ssl=1&resize=700%2C400 2x, https:\/\/i0.wp.com\/lyonelkaufmann.ch\/Blog\/wp-content\/uploads\/2022\/05\/PT35WCBX4ZHXFMXUBIV57XDWWA-scaled.jpg?fit=1200%2C799&ssl=1&resize=1050%2C600 3x"},"classes":[]},{"id":7898,"url":"https:\/\/lyonelkaufmann.ch\/Blog\/2014\/01\/12\/un-documentaire-dhitchcock-sur-lholocauste-nazi-sorti-dun-long-silence-histoireetsociete\/","url_meta":{"origin":5075,"position":5},"title":"Un documentaire d\u2019Hitchcock sur l\u2019holocauste nazi sorti d\u2019un long silence \u2026 | histoireetsociete","author":"Lyonel Kaufmann","date":"12 janvier 2014","format":false,"excerpt":"Le Mus\u00e9e imp\u00e9rial de la guerre de Londres a restaur\u00e9 num\u00e9riquement le documentaire, r\u00e9alis\u00e9 en 1945 par le futur ma\u00eetre du suspense, Memory of the camps sur le g\u00e9nocide hitl\u00e9rien. Il sera pr\u00e9sent\u00e9 en 2015, \u00e0 l\u2019occasion du 70e anniversaire de la fin de la Deuxi\u00e8me Guerre mondiale. http:\/\/youtu.be\/xI_6oLPC-S0 Entre\u2026","rel":"","context":"Dans &quot;histoire&quot;","block_context":{"text":"histoire","link":"https:\/\/lyonelkaufmann.ch\/Blog\/category\/histoire-2\/"},"img":{"alt_text":"","src":"https:\/\/i0.wp.com\/img.youtube.com\/vi\/xI_6oLPC-S0\/0.jpg?resize=350%2C200","width":350,"height":200},"classes":[]}],"jetpack_likes_enabled":true,"_links":{"self":[{"href":"https:\/\/lyonelkaufmann.ch\/Blog\/wp-json\/wp\/v2\/posts\/5075","targetHints":{"allow":["GET"]}}],"collection":[{"href":"https:\/\/lyonelkaufmann.ch\/Blog\/wp-json\/wp\/v2\/posts"}],"about":[{"href":"https:\/\/lyonelkaufmann.ch\/Blog\/wp-json\/wp\/v2\/types\/post"}],"author":[{"embeddable":true,"href":"https:\/\/lyonelkaufmann.ch\/Blog\/wp-json\/wp\/v2\/users\/1"}],"replies":[{"embeddable":true,"href":"https:\/\/lyonelkaufmann.ch\/Blog\/wp-json\/wp\/v2\/comments?post=5075"}],"version-history":[{"count":0,"href":"https:\/\/lyonelkaufmann.ch\/Blog\/wp-json\/wp\/v2\/posts\/5075\/revisions"}],"wp:featuredmedia":[{"embeddable":true,"href":"https:\/\/lyonelkaufmann.ch\/Blog\/wp-json\/wp\/v2\/media\/14680"}],"wp:attachment":[{"href":"https:\/\/lyonelkaufmann.ch\/Blog\/wp-json\/wp\/v2\/media?parent=5075"}],"wp:term":[{"taxonomy":"category","embeddable":true,"href":"https:\/\/lyonelkaufmann.ch\/Blog\/wp-json\/wp\/v2\/categories?post=5075"},{"taxonomy":"post_tag","embeddable":true,"href":"https:\/\/lyonelkaufmann.ch\/Blog\/wp-json\/wp\/v2\/tags?post=5075"}],"curies":[{"name":"wp","href":"https:\/\/api.w.org\/{rel}","templated":true}]}}