{"id":5078,"date":"2005-03-29T12:34:00","date_gmt":"2005-03-29T11:34:00","guid":{"rendered":"http:\/\/lyonelkaufmann.ch\/histoire\/?p=32"},"modified":"2005-03-29T12:34:00","modified_gmt":"2005-03-29T11:34:00","slug":"retour-du-bon-temps-des-colonies","status":"publish","type":"post","link":"https:\/\/lyonelkaufmann.ch\/Blog\/2005\/03\/29\/retour-du-bon-temps-des-colonies\/","title":{"rendered":"Retour du bon temps des colonies"},"content":{"rendered":"<p>Lors de sa s&#233;ance du 23 f&#233;vrier 2005, l&rsquo;Assembl&#233;e nationale fran&#231;aise a vot&#233; une loi portant sur <i>&#171;la reconnaissance de la Nation et contribution nationale en faveur des Fran&#231;ais rapatri&#233;s.&#187;<\/i>\n<\/p>\n<p>Rien de particulier en apparence. A tel point qu&rsquo;elle ne suscite de r&#233;action qu&rsquo;une fois sa publication dans le journal officiel. La raison ? Elle est simple. En effet, apr&#232;s une entr&#233;e en mati&#232;re bateau (<i>&#171;les programmes de recherche universitaire accordent &#224; l&rsquo;histoire de la pr&#233;sence fran&#231;aise outre-mer, notamment en Afrique du Nord, la place qu&rsquo;elle m&#233;rite&#187;<\/i>), son article 4 bascule alors dans l&rsquo;hagiographie coloniale :\n<\/p>\n<p><i>&#171;Les programmes scolaires reconnaissent en particulier le r&#244;le positif de la pr&#233;sence fran&#231;aise outre-mer, notamment en Afrique du Nord, et accordent &#224; l&rsquo;histoire et aux sacrifices des combattants et aux sacrifices des combattants de l&rsquo;arm&#233;e fran&#231;aise issus de ces territoires la place &#233;minente &#224; laquelle ils ont droit.&#187; <\/i>\n<\/p>\n<p>R&#244;le positif ? comme le massacre de S&#233;tif de 1945? On cro&#238;t r&#234;ver !<br \/>\nComme l&rsquo;indique l&rsquo;historien d\u00a0\u00bborigine pied noir Claude Liauzu dans le journal <i>Lib&#233;ration<\/i> du 26 mars :\n<\/p>\n<p><i>&#171;en ne retenant que le \u00ab\u00a0r&#244;le positif\u00a0\u00bb de la colonisation, [cette loi] impose un mensonge officiel sur les crimes, sur les massacres allant parfois jusqu&rsquo;au g&#233;nocide, sur l&rsquo;esclavage, sur le racisme h&#233;rit&#233; de ce pass&#233; ; parce qu&rsquo;elle l&#233;galise un communautarisme nationaliste suscitant en r&#233;action le communautarisme de groupes ainsi interdits de tout pass&#233;.&#187;<\/i>\n<\/p>\n<p>D&#232;s lors, Claude Liauzu alerte ses pairs et ils r&#233;digent le texte d&rsquo;une p&#233;tition : <i>&#171;Il faut abroger cette loi, &#233;crivent-ils, parce qu&rsquo;elle impose une histoire officielle contraire &#224; la neutralit&#233; scolaire et au respect de la libert&#233; de pens&#233;e qui sont au coeur de la la&#239;cit&#233;.&#187;<br \/>\n<\/i>\n<\/p>\n<p>L&rsquo;&#233;cho est imm&#233;diat : la p&#233;tition est diffus&#233;e sur le site de la section de Toulon de la Ligue des droits de l&rsquo;homme et un appel &#224; signature est publi&#233; dans le journal <i>Le Monde<\/i> (24 mars 2005).\n<\/p>\n<p>L&rsquo;article complet de <i>Lib&#233;ration<\/i> : <a href=\"http:\/\/www.liberation.fr\/page.php?Article=285319\">http:\/\/www.liberation.fr\/page.php?Article=285319<\/a><\/p>\n","protected":false},"excerpt":{"rendered":"<p>Lors de sa s&#233;ance du 23 f&#233;vrier 2005, l&rsquo;Assembl&#233;e nationale fran&#231;aise a vot&#233; une loi portant sur &#171;la reconnaissance de la Nation et contribution nationale en faveur des Fran&#231;ais rapatri&#233;s.&#187; Rien de particulier en apparence. A tel point qu&rsquo;elle ne suscite de r&#233;action qu&rsquo;une fois sa publication dans le journal officiel. La raison ? Elle [&hellip;]<\/p>\n","protected":false},"author":1,"featured_media":14680,"comment_status":"open","ping_status":"open","sticky":false,"template":"","format":"standard","meta":{"_import_markdown_pro_load_document_selector":0,"_import_markdown_pro_submit_text_textarea":"","_genesis_hide_title":false,"_genesis_hide_breadcrumbs":false,"_genesis_hide_singular_image":false,"_genesis_hide_footer_widgets":false,"_genesis_custom_body_class":"","_genesis_custom_post_class":"","_genesis_layout":"","jetpack_post_was_ever_published":false,"_jetpack_newsletter_access":"","_jetpack_dont_email_post_to_subs":false,"_jetpack_newsletter_tier_id":0,"_jetpack_memberships_contains_paywalled_content":false,"_jetpack_memberships_contains_paid_content":false,"activitypub_content_warning":"","activitypub_content_visibility":"","activitypub_max_image_attachments":3,"activitypub_interaction_policy_quote":"anyone","activitypub_status":"","footnotes":"","jetpack_publicize_message":"","jetpack_publicize_feature_enabled":true,"jetpack_social_post_already_shared":true,"jetpack_social_options":{"image_generator_settings":{"template":"fullscreen","default_image_id":0,"font":"","enabled":false},"version":2}},"categories":[2],"tags":[],"class_list":{"0":"post-5078","1":"post","2":"type-post","3":"status-publish","4":"format-standard","5":"has-post-thumbnail","7":"category-histoire-2","8":"entry"},"jetpack_publicize_connections":[],"featured_image_src":"https:\/\/i0.wp.com\/lyonelkaufmann.ch\/Blog\/wp-content\/uploads\/2015\/03\/blogcafe1.jpg?resize=600%2C400&ssl=1","featured_image_src_square":"https:\/\/i0.wp.com\/lyonelkaufmann.ch\/Blog\/wp-content\/uploads\/2015\/03\/blogcafe1.jpg?resize=600%2C600&ssl=1","author_info":{"display_name":"Lyonel Kaufmann","author_link":"https:\/\/lyonelkaufmann.ch\/Blog\/author\/lyonelk\/"},"jetpack_featured_media_url":"https:\/\/i0.wp.com\/lyonelkaufmann.ch\/Blog\/wp-content\/uploads\/2015\/03\/blogcafe1.jpg?fit=1024%2C683&ssl=1","jetpack_sharing_enabled":true,"jetpack_shortlink":"https:\/\/wp.me\/p1qtF4-1jU","jetpack-related-posts":[{"id":14546,"url":"https:\/\/lyonelkaufmann.ch\/Blog\/2015\/02\/12\/revue-de-presse-1959-le-retour-aux-verites-des-combattants\/","url_meta":{"origin":5078,"position":0},"title":"Revue de Presse : 1959 : le retour aux v\u00e9rit\u00e9s des combattants","author":"Lyonel Kaufmann","date":"12 f\u00e9vrier 2015","format":false,"excerpt":"Andr\u00e9 Ducasse, Jacques Meyer et Gabriel Perreux, Vie et Mort des Fran\u00e7ais 1914-1918. Couverture.\u00a0\u00a9 D.R. \u00abQuarante ans apr\u00e8s la fin de la Premi\u00e8re Guerre mondiale, Hachette publiait Vie et Mort des Fran\u00e7ais, un livre qui racontait l\u2019histoire de 1914-1918 en donnant une large place aux t\u00e9moins. Les trois auteurs (Andr\u00e9\u2026","rel":"","context":"Dans &quot;histoire&quot;","block_context":{"text":"histoire","link":"https:\/\/lyonelkaufmann.ch\/Blog\/category\/histoire-2\/"},"img":{"alt_text":"VieMortFrancais","src":"https:\/\/i0.wp.com\/lyonelkaufmann.ch\/histoire\/wp-content\/uploads\/2015\/02\/VieMortFrancais.png?resize=350%2C200","width":350,"height":200},"classes":[]},{"id":7708,"url":"https:\/\/lyonelkaufmann.ch\/Blog\/2006\/05\/28\/le-fascisme-francais-a-t-il-existe\/","url_meta":{"origin":5078,"position":1},"title":"Le fascisme fran\u00e7ais a-t-il exist\u00e9 ?","author":"Lyonel Kaufmann","date":"28 mai 2006","format":false,"excerpt":"La R\u00e9publique des livres de Pierre Assouline offre un compte-rendu int\u00e9ressant d'un article de Michel Winock dans la revue Vingti\u00e8me si\u00e8cle (No 90, avril-juin 2006, 18,50 euros, Presses de Science Po). L'article de Winock est consacr\u00e9 au colonel Fran\u00e7ois de La Rocque, chef charismatique des Croix-de-Feu, ligue d'anciens combattants devenue\u2026","rel":"","context":"Dans &quot;histoire&quot;","block_context":{"text":"histoire","link":"https:\/\/lyonelkaufmann.ch\/Blog\/category\/histoire-2\/"},"img":{"alt_text":"","src":"https:\/\/i0.wp.com\/lyonelkaufmann.ch\/Blog\/wp-content\/uploads\/2015\/03\/blogcafe1.jpg?fit=1024%2C683&ssl=1&resize=350%2C200","width":350,"height":200,"srcset":"https:\/\/i0.wp.com\/lyonelkaufmann.ch\/Blog\/wp-content\/uploads\/2015\/03\/blogcafe1.jpg?fit=1024%2C683&ssl=1&resize=350%2C200 1x, https:\/\/i0.wp.com\/lyonelkaufmann.ch\/Blog\/wp-content\/uploads\/2015\/03\/blogcafe1.jpg?fit=1024%2C683&ssl=1&resize=525%2C300 1.5x, https:\/\/i0.wp.com\/lyonelkaufmann.ch\/Blog\/wp-content\/uploads\/2015\/03\/blogcafe1.jpg?fit=1024%2C683&ssl=1&resize=700%2C400 2x"},"classes":[]},{"id":6010,"url":"https:\/\/lyonelkaufmann.ch\/Blog\/2012\/08\/22\/un-nouveau-manuel-dhistoire-geographie-a-la-mode-ornaise\/","url_meta":{"origin":5078,"position":2},"title":"Un nouveau manuel d&rsquo;histoire g\u00e9ographie \u00e0 la mode ornaise","author":"Lyonel Kaufmann","date":"22 ao\u00fbt 2012","format":false,"excerpt":"Le Conseil g\u00e9n\u00e9ral de l'Orne diffusera d\u00e8s la rentr\u00e9e un nouveau manuel d'histoire g\u00e9ographie destin\u00e9 aux \u00e9l\u00e8ves des classes de 6\u00e8me \u00e0 la 3\u00e8me, scolaris\u00e9s dans l'Orne. Le manuel s'intitule L'Orne, des territoires, une histoire. Pour les initiants, il s'agit de pr\u00e9senter un double programme compos\u00e9 du contenu officiel national,\u2026","rel":"","context":"Dans &quot;histoire&quot;","block_context":{"text":"histoire","link":"https:\/\/lyonelkaufmann.ch\/Blog\/category\/histoire-2\/"},"img":{"alt_text":"","src":"https:\/\/i0.wp.com\/lyonelkaufmann.ch\/histoire\/wp-content\/uploads\/2012\/08\/orne_manuel_histoire.jpg?resize=350%2C200","width":350,"height":200},"classes":[]},{"id":7728,"url":"https:\/\/lyonelkaufmann.ch\/Blog\/2006\/08\/27\/lecriture-marque-t-elle-le-passage-a-lhistoire\/","url_meta":{"origin":5078,"position":3},"title":"L&rsquo;\u00e9criture marque-t-elle le passage \u00e0 l&rsquo;histoire ?","author":"Lyonel Kaufmann","date":"27 ao\u00fbt 2006","format":false,"excerpt":"\"Tout comme les hommes pr\u00e9historiques , les populations non europ\u00e9ennes ont longtemps \u00e9t\u00e9 per\u00e7ues comme arri\u00e9r\u00e9es . En effet, l'\u00e9criture repr\u00e9sentant pour les historiens occidentaux, la condition pour passer de la pr\u00e9histoire \u00e0 l'histoire, on a pr\u00e9tendu que les peuples qui ne l'utilisaient pas stagnaient dans une p\u00e9riode ant\u00e9rieure \u00e0\u2026","rel":"","context":"Dans &quot;histoire&quot;","block_context":{"text":"histoire","link":"https:\/\/lyonelkaufmann.ch\/Blog\/category\/histoire-2\/"},"img":{"alt_text":"","src":"https:\/\/i0.wp.com\/lyonelkaufmann.ch\/Blog\/wp-content\/uploads\/2015\/03\/blogcafe1.jpg?fit=1024%2C683&ssl=1&resize=350%2C200","width":350,"height":200,"srcset":"https:\/\/i0.wp.com\/lyonelkaufmann.ch\/Blog\/wp-content\/uploads\/2015\/03\/blogcafe1.jpg?fit=1024%2C683&ssl=1&resize=350%2C200 1x, https:\/\/i0.wp.com\/lyonelkaufmann.ch\/Blog\/wp-content\/uploads\/2015\/03\/blogcafe1.jpg?fit=1024%2C683&ssl=1&resize=525%2C300 1.5x, https:\/\/i0.wp.com\/lyonelkaufmann.ch\/Blog\/wp-content\/uploads\/2015\/03\/blogcafe1.jpg?fit=1024%2C683&ssl=1&resize=700%2C400 2x"},"classes":[]},{"id":7731,"url":"https:\/\/lyonelkaufmann.ch\/Blog\/2006\/09\/02\/indigenes-de-rachid-bouchareb-2\/","url_meta":{"origin":5078,"position":4},"title":"Indig\u00e8nes de Rachid Bouchareb","author":"Lyonel Kaufmann","date":"2 septembre 2006","format":false,"excerpt":"Tract en arabe et en fran\u00e7ais diffus\u00e9 dans la nuit du 7 au 8 novembre 1942Source : http:\/\/tadrart.com\/tessalit\/indigenes\/espacehistoire2.htmlIndig\u00e8nes de Rachid Bouchareb est certainement le film \u00e9v\u00e9nement de la rentr\u00e9e (scolaire) en France. Au travers de l'histoire quatre personnages, il narre l'histoire des 130'000 \"indig\u00e8nes\" (Maghr\u00e9bins et Noirs africains) qui vont\u2026","rel":"","context":"Dans &quot;histoire&quot;","block_context":{"text":"histoire","link":"https:\/\/lyonelkaufmann.ch\/Blog\/category\/histoire-2\/"},"img":{"alt_text":"","src":"https:\/\/i0.wp.com\/lyonelkaufmann.ch\/Blog\/wp-content\/uploads\/2015\/03\/item9.gif?fit=510%2C437&ssl=1&resize=350%2C200","width":350,"height":200},"classes":[]},{"id":4792,"url":"https:\/\/lyonelkaufmann.ch\/Blog\/2012\/01\/02\/lhistoire-par-le-bas-contre-le-recit-national-dune-configuration-des-annees-68-et-de-sa-deliaison-aggiornamento-hist-geo\/","url_meta":{"origin":5078,"position":5},"title":"L\u2019histoire par le bas contre le r\u00e9cit national ? d\u2019une configuration des ann\u00e9es 68 et de sa d\u00e9liaison | aggiornamento hist-geo","author":"Lyonel Kaufmann","date":"2 janvier 2012","format":false,"excerpt":"Cet article pose les termes du d\u00e9bat sur l'enseignement de l'histoire en France sous l'\u00e9clairage des d\u00e9bats post-1968 et ceux issus de la fameuse pol\u00e9mique initi\u00e9e par Alain Decaux dans le Figaro :\u00a0Fran\u00e7ais, on n\u2019apprend plus l\u2019histoire \u00e0 vos enfants\u00a0! D'un c\u00f4t\u00e9, de 1984 \u00e0 1992, la parution \u00e9chelonn\u00e9e des\u2026","rel":"","context":"Dans &quot;histoire&quot;","block_context":{"text":"histoire","link":"https:\/\/lyonelkaufmann.ch\/Blog\/category\/histoire-2\/"},"img":{"alt_text":"","src":"https:\/\/i0.wp.com\/lyonelkaufmann.ch\/Blog\/wp-content\/uploads\/2015\/03\/blogcafe1.jpg?fit=1024%2C683&ssl=1&resize=350%2C200","width":350,"height":200,"srcset":"https:\/\/i0.wp.com\/lyonelkaufmann.ch\/Blog\/wp-content\/uploads\/2015\/03\/blogcafe1.jpg?fit=1024%2C683&ssl=1&resize=350%2C200 1x, https:\/\/i0.wp.com\/lyonelkaufmann.ch\/Blog\/wp-content\/uploads\/2015\/03\/blogcafe1.jpg?fit=1024%2C683&ssl=1&resize=525%2C300 1.5x, https:\/\/i0.wp.com\/lyonelkaufmann.ch\/Blog\/wp-content\/uploads\/2015\/03\/blogcafe1.jpg?fit=1024%2C683&ssl=1&resize=700%2C400 2x"},"classes":[]}],"jetpack_likes_enabled":true,"_links":{"self":[{"href":"https:\/\/lyonelkaufmann.ch\/Blog\/wp-json\/wp\/v2\/posts\/5078","targetHints":{"allow":["GET"]}}],"collection":[{"href":"https:\/\/lyonelkaufmann.ch\/Blog\/wp-json\/wp\/v2\/posts"}],"about":[{"href":"https:\/\/lyonelkaufmann.ch\/Blog\/wp-json\/wp\/v2\/types\/post"}],"author":[{"embeddable":true,"href":"https:\/\/lyonelkaufmann.ch\/Blog\/wp-json\/wp\/v2\/users\/1"}],"replies":[{"embeddable":true,"href":"https:\/\/lyonelkaufmann.ch\/Blog\/wp-json\/wp\/v2\/comments?post=5078"}],"version-history":[{"count":0,"href":"https:\/\/lyonelkaufmann.ch\/Blog\/wp-json\/wp\/v2\/posts\/5078\/revisions"}],"wp:featuredmedia":[{"embeddable":true,"href":"https:\/\/lyonelkaufmann.ch\/Blog\/wp-json\/wp\/v2\/media\/14680"}],"wp:attachment":[{"href":"https:\/\/lyonelkaufmann.ch\/Blog\/wp-json\/wp\/v2\/media?parent=5078"}],"wp:term":[{"taxonomy":"category","embeddable":true,"href":"https:\/\/lyonelkaufmann.ch\/Blog\/wp-json\/wp\/v2\/categories?post=5078"},{"taxonomy":"post_tag","embeddable":true,"href":"https:\/\/lyonelkaufmann.ch\/Blog\/wp-json\/wp\/v2\/tags?post=5078"}],"curies":[{"name":"wp","href":"https:\/\/api.w.org\/{rel}","templated":true}]}}