{"id":5079,"date":"2005-04-11T01:08:00","date_gmt":"2005-04-11T00:08:00","guid":{"rendered":"http:\/\/lyonelkaufmann.ch\/histoire\/?p=34"},"modified":"2005-04-11T01:08:00","modified_gmt":"2005-04-11T00:08:00","slug":"le-mondefr-schroeder-buchenwald-lpoque-nazie-est-une-partie-de-notre-identit","status":"publish","type":"post","link":"https:\/\/lyonelkaufmann.ch\/Blog\/2005\/04\/11\/le-mondefr-schroeder-buchenwald-lpoque-nazie-est-une-partie-de-notre-identit\/","title":{"rendered":"Le Monde.fr : Schroeder \u00e0 Buchenwald : \u00ab\u00a0l&rsquo;\u00e9poque nazie est une partie de notre identit\u00e9\u00a0\u00bb"},"content":{"rendered":"<p><img data-recalc-dims=\"1\" src=\"https:\/\/i0.wp.com\/medias.lemonde.fr\/mmpub\/edt\/ill\/2005\/04\/10\/h_9_ill_637520_buchenwald1004.jpg\"   BORDER=\"0\"><\/p>\n<div>\n<em>Le souvenir de l&rsquo;&#233;poque du national-socialisme, de la guerre, du g&#233;nocide et des crimes est une partie de notre identit&#233; nationale. Et c&rsquo;est une responsabilit&#233; morale constante\u00a0\u00bb<\/em>, a d&#233;clar&#233; le chancelier social-d&#233;mocrate devant un parterre de personnalit&#233;s et quelque 550 anciens prisonniers de 26 pays qui furent intern&#233;s dans ce camp o&#249; p&#233;rirent environ 56 000 personnes.<br \/>\n<em>\u00ab\u00a0Nous voulons et nous ne permettrons pas que l&rsquo;injustice et la violence, l&rsquo;antis&#233;mitisme, le racisme et la haine des &#233;trangers aient un jour &#224; nouveau une chance\u00a0\u00bb<\/em>, a ajout&#233; M. Schroeder dans un discours au ton grave.<br \/>\nEnviron 250 000 personnes de tous les pays d&rsquo;Europe furent intern&#233;es de juillet 1937 &#224; avril 1945 dans ce camp de concentration. Au total, 34 375 d&#233;c&#232;s sont enregistr&#233;s dans les dossiers du camp.<br \/>\nMais ne sont officiellement pas recens&#233;s les prisonniers de guerre sovi&#233;tiques, assassin&#233;s d&rsquo;une balle dans la nuque, les prisonniers de la Gestapo achev&#233;s dans le cr&#233;matoire de Buchenwald (estim&#233;s &#224; 1 100), les victimes des convois d&rsquo;&#233;vacuation des camps de l&rsquo;Est arriv&#233;es &#224; Buchenwald ou celles &#233;vacu&#233;es du camp dans des marches de la mort par les SS au printemps 1945.<br \/>\nLe Monde avec l&rsquo;AFP<br \/>\n<a href=\"http:\/\/www.lemonde.fr\/web\/article\/0,1-0@2-3214,36-637518,0.html\">Le Monde.fr : Schroeder &#224; Buchenwald : \u00ab\u00a0l&rsquo;&#233;poque nazie est une partie de notre identit&#233;\u00a0\u00bb<\/a>:\n<\/div>\n","protected":false},"excerpt":{"rendered":"<p>Le souvenir de l&rsquo;&#233;poque du national-socialisme, de la guerre, du g&#233;nocide et des crimes est une partie de notre identit&#233; nationale. Et c&rsquo;est une responsabilit&#233; morale constante\u00a0\u00bb, a d&#233;clar&#233; le chancelier social-d&#233;mocrate devant un parterre de personnalit&#233;s et quelque 550 anciens prisonniers de 26 pays qui furent intern&#233;s dans ce camp o&#249; p&#233;rirent environ 56 [&hellip;]<\/p>\n","protected":false},"author":1,"featured_media":13463,"comment_status":"open","ping_status":"open","sticky":false,"template":"","format":"standard","meta":{"_import_markdown_pro_load_document_selector":0,"_import_markdown_pro_submit_text_textarea":"","_genesis_hide_title":false,"_genesis_hide_breadcrumbs":false,"_genesis_hide_singular_image":false,"_genesis_hide_footer_widgets":false,"_genesis_custom_body_class":"","_genesis_custom_post_class":"","_genesis_layout":"","jetpack_post_was_ever_published":false,"_jetpack_newsletter_access":"","_jetpack_dont_email_post_to_subs":false,"_jetpack_newsletter_tier_id":0,"_jetpack_memberships_contains_paywalled_content":false,"_jetpack_memberships_contains_paid_content":false,"activitypub_content_warning":"","activitypub_content_visibility":"","activitypub_max_image_attachments":3,"activitypub_interaction_policy_quote":"anyone","activitypub_status":"","footnotes":"","jetpack_publicize_message":"","jetpack_publicize_feature_enabled":true,"jetpack_social_post_already_shared":true,"jetpack_social_options":{"image_generator_settings":{"template":"fullscreen","default_image_id":0,"font":"","enabled":false},"version":2}},"categories":[2],"tags":[],"class_list":{"0":"post-5079","1":"post","2":"type-post","3":"status-publish","4":"format-standard","5":"has-post-thumbnail","7":"category-histoire-2","8":"entry"},"jetpack_publicize_connections":[],"featured_image_src":"https:\/\/i0.wp.com\/lyonelkaufmann.ch\/Blog\/wp-content\/uploads\/2015\/03\/h_9_ill_637520_buchenwald1004.jpg?resize=288%2C192&ssl=1","featured_image_src_square":"https:\/\/i0.wp.com\/lyonelkaufmann.ch\/Blog\/wp-content\/uploads\/2015\/03\/h_9_ill_637520_buchenwald1004.jpg?resize=288%2C192&ssl=1","author_info":{"display_name":"Lyonel Kaufmann","author_link":"https:\/\/lyonelkaufmann.ch\/Blog\/author\/lyonelk\/"},"jetpack_featured_media_url":"https:\/\/i0.wp.com\/lyonelkaufmann.ch\/Blog\/wp-content\/uploads\/2015\/03\/h_9_ill_637520_buchenwald1004.jpg?fit=288%2C192&ssl=1","jetpack_sharing_enabled":true,"jetpack_shortlink":"https:\/\/wp.me\/p1qtF4-1jV","jetpack-related-posts":[{"id":18122,"url":"https:\/\/lyonelkaufmann.ch\/Blog\/2017\/05\/26\/camp-celtique-de-la-bure-vosges\/","url_meta":{"origin":5079,"position":0},"title":"Camp celtique de la Bure (Vosges)","author":"Lyonel Kaufmann","date":"26 mai 2017","format":false,"excerpt":"Le\u00a0camp celtique de la Bure\u00a0fait partie des nombreux sites de hauteur fortifi\u00e9s bordant la vall\u00e9e de la\u00a0Haute-Meurthe, dans le\u00a0Grand-Est\u00a0de la\u00a0France. Le plateau, aujourd'hui sous couvert forestier, est partag\u00e9 entre la commune de\u00a0Saint-Di\u00e9-des-Vosges\u00a0et celle d'Hurbache\u00a0\u00e0 l\u2019extr\u00e9mit\u00e9 occidentale du\u00a0massif de l'Ormont.\u00a0 Cet habitat perch\u00e9, de type\u00a0\u00e9peron-barr\u00e9 fortifi\u00e9 \u00e0 l\u2019Est, se situe sur\u2026","rel":"","context":"Dans &quot;Blogcaf\u00e9&quot;","block_context":{"text":"Blogcaf\u00e9","link":"https:\/\/lyonelkaufmann.ch\/Blog\/category\/blogcafe-2\/"},"img":{"alt_text":"","src":"https:\/\/i0.wp.com\/lyonelkaufmann.ch\/Blog\/wp-content\/uploads\/2017\/05\/p5250561.jpg?fit=1200%2C800&ssl=1&resize=350%2C200","width":350,"height":200,"srcset":"https:\/\/i0.wp.com\/lyonelkaufmann.ch\/Blog\/wp-content\/uploads\/2017\/05\/p5250561.jpg?fit=1200%2C800&ssl=1&resize=350%2C200 1x, https:\/\/i0.wp.com\/lyonelkaufmann.ch\/Blog\/wp-content\/uploads\/2017\/05\/p5250561.jpg?fit=1200%2C800&ssl=1&resize=525%2C300 1.5x, https:\/\/i0.wp.com\/lyonelkaufmann.ch\/Blog\/wp-content\/uploads\/2017\/05\/p5250561.jpg?fit=1200%2C800&ssl=1&resize=700%2C400 2x, https:\/\/i0.wp.com\/lyonelkaufmann.ch\/Blog\/wp-content\/uploads\/2017\/05\/p5250561.jpg?fit=1200%2C800&ssl=1&resize=1050%2C600 3x"},"classes":[]},{"id":7989,"url":"https:\/\/lyonelkaufmann.ch\/Blog\/2014\/05\/02\/14-18-la-grande-guerre-des-canadiens\/","url_meta":{"origin":5079,"position":1},"title":"14-18 : La Grande Guerre des Canadiens","author":"Lyonel Kaufmann","date":"2 mai 2014","format":false,"excerpt":"D\u00e9couvrez la s\u00e9rie radio et le site web sur la guerre de 1914-1918 v\u00e9cue par les Canadiens fran\u00e7ais. Regardez les photos et \u00e9coutez les r\u00e9cits in\u00e9dits fournis par les familles et des collectionneurs qui ont r\u00e9pondu \u00e0 un appel au public d'ICI Radio-Canada. L\u2019histoire officielle c\u00f4toie les histoires personnelles d\u2019hommes\u2026","rel":"","context":"Dans &quot;histoire&quot;","block_context":{"text":"histoire","link":"https:\/\/lyonelkaufmann.ch\/Blog\/category\/histoire-2\/"},"img":{"alt_text":"","src":"https:\/\/i0.wp.com\/lyonelkaufmann.ch\/Blog\/wp-content\/uploads\/2015\/03\/IJoSrXibEXec0_uurBDyEzl72eJkfbmt4t8yenImKBXEejxNn4ZJNZ2ss5Ku7Cxt.jpg?fit=255%2C255&ssl=1&resize=350%2C200","width":350,"height":200},"classes":[]},{"id":8884,"url":"https:\/\/lyonelkaufmann.ch\/Blog\/2015\/02\/18\/revue-de-presse-auschwitz-aggiormento\/","url_meta":{"origin":5079,"position":2},"title":"Revue de Presse : Auschwitz | Aggiormento","author":"Lyonel Kaufmann","date":"18 f\u00e9vrier 2015","format":false,"excerpt":"Tal Bruttmann, Auschwitz, Paris, La D\u00e9couverte, Rep\u00e8res, 2015, 128 p., 10\u20ac. A partir de l\u2019ouvrage de Tal Bruttmann, Samuel Kuhn pr\u00e9sente la particularit\u00e9 des t\u00e9moignages des survivants de l\u2019univers concentrationnaire qui ne peuvent dire l\u2019indicible qu\u2019indirectement, soit le massacre de 6 millions de Juifs, majoritairement mort \u00e0 leur arriv\u00e9e et\u2026","rel":"","context":"Dans &quot;histoire&quot;","block_context":{"text":"histoire","link":"https:\/\/lyonelkaufmann.ch\/Blog\/category\/histoire-2\/"},"img":{"alt_text":"images","src":"https:\/\/i0.wp.com\/f.hypotheses.org\/wp-content\/blogs.dir\/357\/files\/2015\/02\/images.jpg?resize=350%2C200","width":350,"height":200},"classes":[]},{"id":19733,"url":"https:\/\/lyonelkaufmann.ch\/Blog\/2018\/12\/01\/livre-adolfo-kaminsky-une-vie-de-faussaire-de-sarah-kaminsky\/","url_meta":{"origin":5079,"position":3},"title":"Livre : Adolfo Kaminsky, une vie de faussaire de Sarah Kaminsky","author":"Lyonel Kaufmann","date":"1 d\u00e9cembre 2018","format":false,"excerpt":"Adolfo Kaminsky, une vie de faussaire de Sarah Kaminsky (Le Livre de Poche), 264\u00a0p., 7,20\u2009\u20ac Pr\u00e9sentation de l\u2019\u00e9diteur : \u00ab Le calcul est simple. En une heure, je fabrique trente faux papiers. Si je dors une heure, trente personnes mourront... \u00bb Quand, \u00e0 17 ans, Adolfo Kaminsky devient l'expert en\u2026","rel":"","context":"Dans &quot;Blogcaf\u00e9&quot;","block_context":{"text":"Blogcaf\u00e9","link":"https:\/\/lyonelkaufmann.ch\/Blog\/category\/blogcafe-2\/"},"img":{"alt_text":"","src":"https:\/\/i0.wp.com\/lyonelkaufmann.ch\/Blog\/wp-content\/uploads\/2018\/12\/9D6536A7-2BF8-499E-8E59-4539B14A0AF2.jpeg?fit=269%2C435&ssl=1&resize=350%2C200","width":350,"height":200},"classes":[]},{"id":7879,"url":"https:\/\/lyonelkaufmann.ch\/Blog\/2013\/11\/07\/identite-suisse-mythe-ou-realite\/","url_meta":{"origin":5079,"position":4},"title":"Identit\u00e9 suisse : mythe ou r\u00e9alit\u00e9 ?","author":"Lyonel Kaufmann","date":"7 novembre 2013","format":false,"excerpt":"Qu'est-ce qui fait la sp\u00e9cificit\u00e9 de la Suisse et des Suisses? Pourquoi Guillaume Tell est-il le symbole de notre ind\u00e9pendance? Dans le cadre du mois suisse de la SSR, la RTS proposait le 6 novembre une soir\u00e9e sp\u00e9ciale autour de notre identit\u00e9 nationale. Apr\u00e8s la diffusion d\u00e8s 20h15 du premier\u2026","rel":"","context":"Dans &quot;histoire&quot;","block_context":{"text":"histoire","link":"https:\/\/lyonelkaufmann.ch\/Blog\/category\/histoire-2\/"},"img":{"alt_text":"","src":"https:\/\/i0.wp.com\/lyonelkaufmann.ch\/Blog\/wp-content\/uploads\/2015\/03\/blogcafe1.jpg?fit=1024%2C683&ssl=1&resize=350%2C200","width":350,"height":200,"srcset":"https:\/\/i0.wp.com\/lyonelkaufmann.ch\/Blog\/wp-content\/uploads\/2015\/03\/blogcafe1.jpg?fit=1024%2C683&ssl=1&resize=350%2C200 1x, https:\/\/i0.wp.com\/lyonelkaufmann.ch\/Blog\/wp-content\/uploads\/2015\/03\/blogcafe1.jpg?fit=1024%2C683&ssl=1&resize=525%2C300 1.5x, https:\/\/i0.wp.com\/lyonelkaufmann.ch\/Blog\/wp-content\/uploads\/2015\/03\/blogcafe1.jpg?fit=1024%2C683&ssl=1&resize=700%2C400 2x"},"classes":[]},{"id":5362,"url":"https:\/\/lyonelkaufmann.ch\/Blog\/2012\/05\/03\/its-arolsen-org-press\/","url_meta":{"origin":5079,"position":5},"title":"Conserving documents from the Buchenwald and Dachau concentration camps","author":"Lyonel Kaufmann","date":"3 mai 2012","format":false,"excerpt":"See on Scoop.it - histoireThe International Tracing Service (ITS) in Bad Arolsen will conserve about 300 000 original documents from the Dachau concentration camp this year using the process of mass deacidification. The records in question were created between 1934 and 1945 and relate to the registration of prisoners. The\u2026","rel":"","context":"Dans &quot;histoire&quot;","block_context":{"text":"histoire","link":"https:\/\/lyonelkaufmann.ch\/Blog\/category\/histoire-2\/"},"img":{"alt_text":"","src":"","width":0,"height":0},"classes":[]}],"jetpack_likes_enabled":true,"_links":{"self":[{"href":"https:\/\/lyonelkaufmann.ch\/Blog\/wp-json\/wp\/v2\/posts\/5079","targetHints":{"allow":["GET"]}}],"collection":[{"href":"https:\/\/lyonelkaufmann.ch\/Blog\/wp-json\/wp\/v2\/posts"}],"about":[{"href":"https:\/\/lyonelkaufmann.ch\/Blog\/wp-json\/wp\/v2\/types\/post"}],"author":[{"embeddable":true,"href":"https:\/\/lyonelkaufmann.ch\/Blog\/wp-json\/wp\/v2\/users\/1"}],"replies":[{"embeddable":true,"href":"https:\/\/lyonelkaufmann.ch\/Blog\/wp-json\/wp\/v2\/comments?post=5079"}],"version-history":[{"count":0,"href":"https:\/\/lyonelkaufmann.ch\/Blog\/wp-json\/wp\/v2\/posts\/5079\/revisions"}],"wp:featuredmedia":[{"embeddable":true,"href":"https:\/\/lyonelkaufmann.ch\/Blog\/wp-json\/wp\/v2\/media\/13463"}],"wp:attachment":[{"href":"https:\/\/lyonelkaufmann.ch\/Blog\/wp-json\/wp\/v2\/media?parent=5079"}],"wp:term":[{"taxonomy":"category","embeddable":true,"href":"https:\/\/lyonelkaufmann.ch\/Blog\/wp-json\/wp\/v2\/categories?post=5079"},{"taxonomy":"post_tag","embeddable":true,"href":"https:\/\/lyonelkaufmann.ch\/Blog\/wp-json\/wp\/v2\/tags?post=5079"}],"curies":[{"name":"wp","href":"https:\/\/api.w.org\/{rel}","templated":true}]}}