{"id":5080,"date":"2005-04-11T18:14:00","date_gmt":"2005-04-11T17:14:00","guid":{"rendered":"http:\/\/lyonelkaufmann.ch\/histoire\/?p=35"},"modified":"2005-04-11T18:14:00","modified_gmt":"2005-04-11T17:14:00","slug":"le-bassin-minier-du-nord-pas-de-calais-candidat-au-patrimoine-de-lunesco","status":"publish","type":"post","link":"https:\/\/lyonelkaufmann.ch\/Blog\/2005\/04\/11\/le-bassin-minier-du-nord-pas-de-calais-candidat-au-patrimoine-de-lunesco\/","title":{"rendered":"Le bassin minier du Nord-Pas-de-Calais candidat au patrimoine de l&rsquo;Unesco"},"content":{"rendered":"<div ALIGN=\"justify\">Avec ses deux si&#xe8;cles et demi d&rsquo;histoire industrielle et ouvri&#xe8;re, le bassin minier du Nord &#8211; Pas-de-Calais esp&#xe8;re &#xea;tre class&#xe9; au patrimoine mondial de l&rsquo;Unesco. L&rsquo;association Bassin minier 2005 (BMU 2005), cr&#xe9;&#xe9;e en septembre 2002, et dont le comit&#xe9; de soutien est pr&#xe9;sid&#xe9; par Pierre Mauroy, pr&#xe9;pare le dossier. La r&#xe9;ponse devrait tomber entre mai 2005 et septembre 2006. L&rsquo;association travaille avec la Mission bassin minier (MBM), cr&#xe9;&#xe9;e dans le cadre du contrat de plan 2000-2006.<\/div>\n<div ALIGN=\"center\"><img data-recalc-dims=\"1\" src=\"https:\/\/i0.wp.com\/medias.lemonde.fr\/mmpub\/edt\/ill\/2005\/04\/11\/h_9_ill_637917_tourisme-mines-31.jpg\"   BORDER=\"0\"><\/div>\n<div ALIGN=\"justify\">Source: Le Monde.fr<br \/>\n<a href=\"http:\/\/abonnes.lemonde.fr\/web\/imprimer_element\/0,40-0@2-3228,50-637687,0.html\">article du Monde<\/a><\/div>\n","protected":false},"excerpt":{"rendered":"<p>Avec ses deux si&#xe8;cles et demi d&rsquo;histoire industrielle et ouvri&#xe8;re, le bassin minier du Nord &#8211; Pas-de-Calais esp&#xe8;re &#xea;tre class&#xe9; au patrimoine mondial de l&rsquo;Unesco. L&rsquo;association Bassin minier 2005 (BMU 2005), cr&#xe9;&#xe9;e en septembre 2002, et dont le comit&#xe9; de soutien est pr&#xe9;sid&#xe9; par Pierre Mauroy, pr&#xe9;pare le dossier. La r&#xe9;ponse devrait tomber entre mai [&hellip;]<\/p>\n","protected":false},"author":1,"featured_media":13464,"comment_status":"open","ping_status":"open","sticky":false,"template":"","format":"standard","meta":{"_import_markdown_pro_load_document_selector":0,"_import_markdown_pro_submit_text_textarea":"","_genesis_hide_title":false,"_genesis_hide_breadcrumbs":false,"_genesis_hide_singular_image":false,"_genesis_hide_footer_widgets":false,"_genesis_custom_body_class":"","_genesis_custom_post_class":"","_genesis_layout":"","jetpack_post_was_ever_published":false,"_jetpack_newsletter_access":"","_jetpack_dont_email_post_to_subs":false,"_jetpack_newsletter_tier_id":0,"_jetpack_memberships_contains_paywalled_content":false,"_jetpack_memberships_contains_paid_content":false,"activitypub_content_warning":"","activitypub_content_visibility":"","activitypub_max_image_attachments":3,"activitypub_interaction_policy_quote":"anyone","activitypub_status":"","footnotes":"","jetpack_publicize_message":"","jetpack_publicize_feature_enabled":true,"jetpack_social_post_already_shared":true,"jetpack_social_options":{"image_generator_settings":{"template":"fullscreen","default_image_id":0,"font":"","enabled":false},"version":2}},"categories":[2],"tags":[],"class_list":{"0":"post-5080","1":"post","2":"type-post","3":"status-publish","4":"format-standard","5":"has-post-thumbnail","7":"category-histoire-2","8":"entry"},"jetpack_publicize_connections":[],"featured_image_src":"https:\/\/i0.wp.com\/lyonelkaufmann.ch\/Blog\/wp-content\/uploads\/2015\/03\/h_9_ill_637917_tourisme-mines-31.jpg?resize=288%2C192&ssl=1","featured_image_src_square":"https:\/\/i0.wp.com\/lyonelkaufmann.ch\/Blog\/wp-content\/uploads\/2015\/03\/h_9_ill_637917_tourisme-mines-31.jpg?resize=288%2C192&ssl=1","author_info":{"display_name":"Lyonel Kaufmann","author_link":"https:\/\/lyonelkaufmann.ch\/Blog\/author\/lyonelk\/"},"jetpack_featured_media_url":"https:\/\/i0.wp.com\/lyonelkaufmann.ch\/Blog\/wp-content\/uploads\/2015\/03\/h_9_ill_637917_tourisme-mines-31.jpg?fit=288%2C192&ssl=1","jetpack_sharing_enabled":true,"jetpack_shortlink":"https:\/\/wp.me\/p1qtF4-1jW","jetpack-related-posts":[{"id":1389,"url":"https:\/\/lyonelkaufmann.ch\/Blog\/2009\/07\/02\/lurbanite-suisse-enfin-reconnue-la-chaux-de-fondsle-locle-au-patrimoine-mondial-de-lunesco\/","url_meta":{"origin":5080,"position":0},"title":"L&rsquo;urbanit\u00e9 suisse (enfin) reconnue : La Chaux-de-Fonds\/Le Locle au Patrimoine mondial de l&rsquo;Unesco","author":"Lyonel Kaufmann","date":"2 juillet 2009","format":false,"excerpt":"L'inscription des villes de La Chaux-de-Fonds et Le Locle au Patrimoine mondial de l'Unesco 2009 a surpris celles et ceux nombreux qui m\u00e9connaissent l'importance du ph\u00e9nom\u00e8ne urbain dans le d\u00e9veloppement et l'histoire de la Suisse. Mais comme le dit Jo\u00eblle Kuntz dans son remarquable (petit) ouvrage La Suisse en un\u2026","rel":"","context":"Dans &quot;histoire&quot;","block_context":{"text":"histoire","link":"https:\/\/lyonelkaufmann.ch\/Blog\/category\/histoire-2\/"},"img":{"alt_text":"","src":"https:\/\/i0.wp.com\/lyonelkaufmann.ch\/Blog\/wp-content\/uploads\/2015\/03\/blogcafe1.jpg?fit=1024%2C683&ssl=1&resize=350%2C200","width":350,"height":200,"srcset":"https:\/\/i0.wp.com\/lyonelkaufmann.ch\/Blog\/wp-content\/uploads\/2015\/03\/blogcafe1.jpg?fit=1024%2C683&ssl=1&resize=350%2C200 1x, https:\/\/i0.wp.com\/lyonelkaufmann.ch\/Blog\/wp-content\/uploads\/2015\/03\/blogcafe1.jpg?fit=1024%2C683&ssl=1&resize=525%2C300 1.5x, https:\/\/i0.wp.com\/lyonelkaufmann.ch\/Blog\/wp-content\/uploads\/2015\/03\/blogcafe1.jpg?fit=1024%2C683&ssl=1&resize=700%2C400 2x"},"classes":[]},{"id":3678,"url":"https:\/\/lyonelkaufmann.ch\/Blog\/2010\/08\/10\/heritage-le-patrimoine-mondial-sur-votre-ipad\/","url_meta":{"origin":5080,"position":1},"title":"H\u00e9ritage : le patrimoine mondial sur votre iPad","author":"Lyonel Kaufmann","date":"10 ao\u00fbt 2010","format":"aside","excerpt":"La base de donn\u00e9es photographiques libre Fotopedia vient de rendre disponible Heritage, une application gratuite pour iPad qui contient plus de 20.000 photos dont 890 lieux class\u00e9s au patrimoine mondial de l'humanit\u00e9 (UNESCO). Fotop\u00e9dia : un livre num\u00e9rique de photos.","rel":"","context":"Dans &quot;Blogcaf\u00e9&quot;","block_context":{"text":"Blogcaf\u00e9","link":"https:\/\/lyonelkaufmann.ch\/Blog\/category\/blogcafe-2\/"},"img":{"alt_text":"","src":"","width":0,"height":0},"classes":[]},{"id":23773,"url":"https:\/\/lyonelkaufmann.ch\/Blog\/2023\/09\/23\/canada-lile-danticosti-a-lunesco-jen-ai-des-frissons-reagit-le-chef-dekuanitshit-radio-canada-ca\/","url_meta":{"origin":5080,"position":2},"title":"Canada : L\u2019\u00eele d\u2019Anticosti \u00e0 l\u2019UNESCO : \u00ab J\u2019en ai des frissons \u00bb, r\u00e9agit le chef d\u2019Ekuanitshit | Radio-Canada.ca","author":"Lyonel Kaufmann","date":"23 septembre 2023","format":false,"excerpt":"\u00ab J'en ai des frissons parce qu\u2019on vient de prot\u00e9ger la nature, des humains et surtout l\u2019histoire de 450 millions d\u2019ann\u00e9es \u00bb Jean-Charles Pi\u00e9tacho, chef de la communaut\u00e9 innue d\u2019Ekuanitshit, \u00e0 la suite de l'inscription de l'\u00eele d'Anticosti au patrimoine mondial de l'UNESCO. La chute Vaur\u00e9al, sur l'\u00eele d'Anticosti. (Photo\u2026","rel":"","context":"Dans &quot;Blogcaf\u00e9&quot;","block_context":{"text":"Blogcaf\u00e9","link":"https:\/\/lyonelkaufmann.ch\/Blog\/category\/blogcafe-2\/"},"img":{"alt_text":"","src":"https:\/\/i0.wp.com\/lyonelkaufmann.ch\/Blog\/wp-content\/uploads\/2023\/09\/img_6499.jpg?fit=1200%2C675&ssl=1&resize=350%2C200","width":350,"height":200,"srcset":"https:\/\/i0.wp.com\/lyonelkaufmann.ch\/Blog\/wp-content\/uploads\/2023\/09\/img_6499.jpg?fit=1200%2C675&ssl=1&resize=350%2C200 1x, https:\/\/i0.wp.com\/lyonelkaufmann.ch\/Blog\/wp-content\/uploads\/2023\/09\/img_6499.jpg?fit=1200%2C675&ssl=1&resize=525%2C300 1.5x, https:\/\/i0.wp.com\/lyonelkaufmann.ch\/Blog\/wp-content\/uploads\/2023\/09\/img_6499.jpg?fit=1200%2C675&ssl=1&resize=700%2C400 2x, https:\/\/i0.wp.com\/lyonelkaufmann.ch\/Blog\/wp-content\/uploads\/2023\/09\/img_6499.jpg?fit=1200%2C675&ssl=1&resize=1050%2C600 3x"},"classes":[]},{"id":3844,"url":"https:\/\/lyonelkaufmann.ch\/Blog\/2011\/06\/27\/les-sites-palafittiques-suisses-inscrits-au-patrimoine-tsrinfo-ch\/","url_meta":{"origin":5080,"position":3},"title":"Les sites palafittiques suisses inscrits au patrimoine de l&rsquo;Unesco | tsrinfo.ch","author":"Lyonel Kaufmann","date":"27 juin 2011","format":false,"excerpt":"Le site des trois lacs (ici Sutz-Lattrigen, lac de Bienne) fait partie de la liste d\u00e9pos\u00e9e \u00e0 l'UNESCO. [Keystone] La Suisse doit \u00e0 ses sites palafittiques, pr\u00e9sents sur son territoire depuis des mill\u00e9naires, son onzi\u00e8me lieu inscrit au patrimoine mondial de lUNESCO. Sit\u00f4t la d\u00e9cision rendue, lOffice f\u00e9d\u00e9ral de la\u2026","rel":"","context":"Dans &quot;histoire&quot;","block_context":{"text":"histoire","link":"https:\/\/lyonelkaufmann.ch\/Blog\/category\/histoire-2\/"},"img":{"alt_text":"","src":"https:\/\/i0.wp.com\/lyonelkaufmann.ch\/Blog\/wp-content\/uploads\/2015\/03\/20110627-114126.jpg?fit=480%2C270&ssl=1&resize=350%2C200","width":350,"height":200},"classes":[]},{"id":12486,"url":"https:\/\/lyonelkaufmann.ch\/Blog\/2006\/04\/06\/etats-unis-les-ecoles-se-mettent-au-wiki\/","url_meta":{"origin":5080,"position":4},"title":"Etats-Unis : Les \u00e9coles se mettent au wiki","author":"Lyonel Kaufmann","date":"6 avril 2006","format":false,"excerpt":"Trouv\u00e9 sur Le Caf\u00e9 P\u00e9dagogique - N\u00b0 71: Etats-Unis : Les \u00e9coles se mettent au wiki\"C'est plus collaboratif qu'un blog et c'est un outil tr\u00e8s efficace\". Will Richardson, chef de travaux dans un lyc\u00e9e de Flemington, N.J., en recommande l'usage. Education Week recense ainsi plusieurs wikis d\u00e9velopp\u00e9s par des \u00e9coles.\u2026","rel":"","context":"Dans &quot;Blogcaf\u00e9&quot;","block_context":{"text":"Blogcaf\u00e9","link":"https:\/\/lyonelkaufmann.ch\/Blog\/category\/blogcafe-2\/"},"img":{"alt_text":"","src":"https:\/\/i0.wp.com\/lyonelkaufmann.ch\/Blog\/wp-content\/uploads\/2015\/03\/blogcafe1.jpg?fit=1024%2C683&ssl=1&resize=350%2C200","width":350,"height":200,"srcset":"https:\/\/i0.wp.com\/lyonelkaufmann.ch\/Blog\/wp-content\/uploads\/2015\/03\/blogcafe1.jpg?fit=1024%2C683&ssl=1&resize=350%2C200 1x, https:\/\/i0.wp.com\/lyonelkaufmann.ch\/Blog\/wp-content\/uploads\/2015\/03\/blogcafe1.jpg?fit=1024%2C683&ssl=1&resize=525%2C300 1.5x, https:\/\/i0.wp.com\/lyonelkaufmann.ch\/Blog\/wp-content\/uploads\/2015\/03\/blogcafe1.jpg?fit=1024%2C683&ssl=1&resize=700%2C400 2x"},"classes":[]},{"id":7810,"url":"https:\/\/lyonelkaufmann.ch\/Blog\/2007\/05\/18\/quel-mahomet-dans-les-manuels\/","url_meta":{"origin":5080,"position":5},"title":"Quel Mahomet dans les manuels?","author":"Lyonel Kaufmann","date":"18 mai 2007","format":false,"excerpt":"En mai 2005, les \u00e9ditions Belin publient un manuel d'histoire pour les \u00e9l\u00e8ves de 5e (version d'\u00e9valuation pour les enseignants). Dans le sujet concernant l'Islam une miniature du XIIIe si\u00e8cle pr\u00e9sente le visage de Mahomet: Dans la version d\u00e9finitive d'ao\u00fbt 2005, surprise la miniature figure toujours dans le manuel, mais\u2026","rel":"","context":"Dans &quot;histoire&quot;","block_context":{"text":"histoire","link":"https:\/\/lyonelkaufmann.ch\/Blog\/category\/histoire-2\/"},"img":{"alt_text":"","src":"https:\/\/i0.wp.com\/lyonelkaufmann.ch\/Blog\/wp-content\/uploads\/2015\/03\/blogcafe1.jpg?fit=1024%2C683&ssl=1&resize=350%2C200","width":350,"height":200,"srcset":"https:\/\/i0.wp.com\/lyonelkaufmann.ch\/Blog\/wp-content\/uploads\/2015\/03\/blogcafe1.jpg?fit=1024%2C683&ssl=1&resize=350%2C200 1x, https:\/\/i0.wp.com\/lyonelkaufmann.ch\/Blog\/wp-content\/uploads\/2015\/03\/blogcafe1.jpg?fit=1024%2C683&ssl=1&resize=525%2C300 1.5x, https:\/\/i0.wp.com\/lyonelkaufmann.ch\/Blog\/wp-content\/uploads\/2015\/03\/blogcafe1.jpg?fit=1024%2C683&ssl=1&resize=700%2C400 2x"},"classes":[]}],"jetpack_likes_enabled":true,"_links":{"self":[{"href":"https:\/\/lyonelkaufmann.ch\/Blog\/wp-json\/wp\/v2\/posts\/5080","targetHints":{"allow":["GET"]}}],"collection":[{"href":"https:\/\/lyonelkaufmann.ch\/Blog\/wp-json\/wp\/v2\/posts"}],"about":[{"href":"https:\/\/lyonelkaufmann.ch\/Blog\/wp-json\/wp\/v2\/types\/post"}],"author":[{"embeddable":true,"href":"https:\/\/lyonelkaufmann.ch\/Blog\/wp-json\/wp\/v2\/users\/1"}],"replies":[{"embeddable":true,"href":"https:\/\/lyonelkaufmann.ch\/Blog\/wp-json\/wp\/v2\/comments?post=5080"}],"version-history":[{"count":0,"href":"https:\/\/lyonelkaufmann.ch\/Blog\/wp-json\/wp\/v2\/posts\/5080\/revisions"}],"wp:featuredmedia":[{"embeddable":true,"href":"https:\/\/lyonelkaufmann.ch\/Blog\/wp-json\/wp\/v2\/media\/13464"}],"wp:attachment":[{"href":"https:\/\/lyonelkaufmann.ch\/Blog\/wp-json\/wp\/v2\/media?parent=5080"}],"wp:term":[{"taxonomy":"category","embeddable":true,"href":"https:\/\/lyonelkaufmann.ch\/Blog\/wp-json\/wp\/v2\/categories?post=5080"},{"taxonomy":"post_tag","embeddable":true,"href":"https:\/\/lyonelkaufmann.ch\/Blog\/wp-json\/wp\/v2\/tags?post=5080"}],"curies":[{"name":"wp","href":"https:\/\/api.w.org\/{rel}","templated":true}]}}